{"id":285828,"date":"2022-05-18T06:40:42","date_gmt":"2022-05-18T09:40:42","guid":{"rendered":"https:\/\/www.notibras.com\/site\/?p=285828"},"modified":"2022-05-18T06:40:57","modified_gmt":"2022-05-18T09:40:57","slug":"ira-acusa-eua-de-jogar-gasolina-na-fogo-da-guerra","status":"publish","type":"post","link":"https:\/\/www.notibras.com\/site\/ira-acusa-eua-de-jogar-gasolina-na-fogo-da-guerra\/","title":{"rendered":"Ir\u00e3 acusa EUA de jogar gasolina no fogo da guerra"},"content":{"rendered":"<p>A alian\u00e7a ocidental realizou v\u00e1rias ondas de expans\u00e3o para o leste, engolindo todos os ex-membros do extinto Pacto de Vars\u00f3via, tr\u00eas rep\u00fablicas da antiga Uni\u00e3o Sovi\u00e9tica e quatro ex-rep\u00fablicas iugoslavas. Antes da escalada da crise em fevereiro, autoridades do bloco haviam dito repetidamente que a ades\u00e3o ucraniana era um acordo fechado.<\/p>\n<p>Essa expans\u00e3o incessante da Otan em dire\u00e7\u00e3o \u00e0 R\u00fassia e o desrespeito do Ocidente pelas considera\u00e7\u00f5es de seguran\u00e7a de Moscou s\u00e3o respons\u00e1veis \u200b\u200bpela crise na Ucr\u00e2nia, disse o porta-voz do Minist\u00e9rio das Rela\u00e7\u00f5es Exteriores do Ir\u00e3, Saeed Khatibzadeh.<\/p>\n<p>\u201cAchamos que a raiz do que vemos hoje est\u00e1 na expans\u00e3o [da OTAN] e na ignor\u00e2ncia das realidades da Europa \u2013 ignor\u00e2ncia das considera\u00e7\u00f5es pol\u00edticas e de seguran\u00e7a de v\u00e1rios pa\u00edses, especialmente a R\u00fassia, bem como acordos que foram conclu\u00eddos d\u00e9cadas atr\u00e1s\u201d, disse Khatibzadeh ao <em>Sputnik<\/em>.<\/p>\n<p>O porta-voz disse que o Ir\u00e3 pretende retomar seu esfor\u00e7o de media\u00e7\u00e3o entre Moscou e Kiev, observando que Teer\u00e3 \u201cpoder\u00e1 contribuir tanto quanto pudermos e na medida em que ambos os lados estiverem preparados. A Rep\u00fablica Isl\u00e2mica do Ir\u00e3, se Deus quiser, come\u00e7ar\u00e1 uma nova rodada de seus esfor\u00e7os&#8221; para resolver o conflito.<\/p>\n<p>Khatibzadeh enfatizou que tanto Moscou quanto Kiev levam a s\u00e9rio a ideia da media\u00e7\u00e3o iraniana. Ao mesmo tempo, ele observou que a crise na Ucr\u00e2nia n\u00e3o destruiu os la\u00e7os \u201cestrat\u00e9gicos\u201d entre Moscou e Teer\u00e3.<\/p>\n<p>\u201cAs rela\u00e7\u00f5es entre o Ir\u00e3 e a R\u00fassia s\u00e3o de natureza estrat\u00e9gica e n\u00e3o permitiremos que nenhum problema destrua esse relacionamento. Tentaremos usar essas rela\u00e7\u00f5es estrat\u00e9gicas com Moscou e nossas boas rela\u00e7\u00f5es com Kiev para acabar com este conflito e os danos que os povos desta regi\u00e3o e a pr\u00f3pria regi\u00e3o est\u00e3o sofrendo\u201d, disse Khatibzadeh.<\/p>\n<p>O Ir\u00e3 vem pressionando por um cessar-fogo e uma solu\u00e7\u00e3o &#8220;pol\u00edtica e democr\u00e1tica&#8221; para a crise na Ucr\u00e2nia desde fevereiro, ao mesmo tempo em que expressa um firme acordo com as preocupa\u00e7\u00f5es de Moscou sobre a expans\u00e3o da Otan.<\/p>\n<p>Em mar\u00e7o, o l\u00edder supremo Ali Khamenei disse que a Rep\u00fablica Isl\u00e2mica gostaria de ver uma suspens\u00e3o imediata dos combates, mas criticou o &#8220;regime mafioso&#8221; dos EUA por se intrometer nos assuntos da Ucr\u00e2nia, dizendo que era a &#8220;causa raiz&#8221; da crise atual.<\/p>\n","protected":false},"excerpt":{"rendered":"<p>A alian\u00e7a ocidental realizou v\u00e1rias ondas de expans\u00e3o para o leste, engolindo todos os ex-membros do extinto Pacto de Vars\u00f3via, tr\u00eas rep\u00fablicas da antiga Uni\u00e3o Sovi\u00e9tica e quatro ex-rep\u00fablicas iugoslavas. Antes da escalada da crise em fevereiro, autoridades do bloco haviam dito repetidamente que a ades\u00e3o ucraniana era um acordo fechado. Essa expans\u00e3o incessante da [&hellip;]<\/p>\n","protected":false},"author":2,"featured_media":284075,"comment_status":"closed","ping_status":"closed","sticky":false,"template":"","format":"standard","meta":{"_acf_changed":false,"footnotes":""},"categories":[159],"tags":[],"class_list":["post-285828","post","type-post","status-publish","format-standard","has-post-thumbnail","hentry","category-apocalipse"],"acf":[],"yoast_head":"<!-- This site is optimized with the Yoast SEO plugin v27.2 - https:\/\/yoast.com\/product\/yoast-seo-wordpress\/ -->\n<title>Ir\u00e3 acusa EUA de jogar gasolina no fogo da guerra - Notibras<\/title>\n<meta name=\"robots\" content=\"index, follow, max-snippet:-1, max-image-preview:large, max-video-preview:-1\" \/>\n<link rel=\"canonical\" href=\"https:\/\/www.notibras.com\/site\/ira-acusa-eua-de-jogar-gasolina-na-fogo-da-guerra\/\" \/>\n<meta property=\"og:locale\" content=\"pt_BR\" \/>\n<meta property=\"og:type\" content=\"article\" \/>\n<meta property=\"og:title\" content=\"Ir\u00e3 acusa EUA de jogar gasolina no fogo da guerra - Notibras\" \/>\n<meta property=\"og:description\" content=\"A alian\u00e7a ocidental realizou v\u00e1rias ondas de expans\u00e3o para o leste, engolindo todos os ex-membros do extinto Pacto de Vars\u00f3via, tr\u00eas rep\u00fablicas da antiga Uni\u00e3o Sovi\u00e9tica e quatro ex-rep\u00fablicas iugoslavas. Antes da escalada da crise em fevereiro, autoridades do bloco haviam dito repetidamente que a ades\u00e3o ucraniana era um acordo fechado. Essa expans\u00e3o incessante da [&hellip;]\" \/>\n<meta property=\"og:url\" content=\"https:\/\/www.notibras.com\/site\/ira-acusa-eua-de-jogar-gasolina-na-fogo-da-guerra\/\" \/>\n<meta property=\"og:site_name\" content=\"Notibras\" \/>\n<meta property=\"article:publisher\" content=\"https:\/\/www.facebook.com\/notibras\/\" \/>\n<meta property=\"article:published_time\" content=\"2022-05-18T09:40:42+00:00\" \/>\n<meta property=\"article:modified_time\" content=\"2022-05-18T09:40:57+00:00\" \/>\n<meta property=\"og:image\" content=\"https:\/\/www.notibras.com\/site\/wp-content\/uploads\/2022\/04\/maquina.guerra.webp\" \/>\n\t<meta property=\"og:image:width\" content=\"1920\" \/>\n\t<meta property=\"og:image:height\" content=\"1080\" \/>\n\t<meta property=\"og:image:type\" content=\"image\/webp\" \/>\n<meta name=\"author\" content=\"Reda\u00e7\u00e3o\" \/>\n<meta name=\"twitter:card\" content=\"summary_large_image\" \/>\n<meta name=\"twitter:creator\" content=\"@Notibras\" \/>\n<meta name=\"twitter:site\" content=\"@Notibras\" \/>\n<meta name=\"twitter:label1\" content=\"Escrito por\" \/>\n\t<meta name=\"twitter:data1\" content=\"Reda\u00e7\u00e3o\" \/>\n\t<meta name=\"twitter:label2\" content=\"Est. tempo de leitura\" \/>\n\t<meta name=\"twitter:data2\" content=\"2 minutos\" \/>\n<script type=\"application\/ld+json\" class=\"yoast-schema-graph\">{\"@context\":\"https:\/\/schema.org\",\"@graph\":[{\"@type\":\"Article\",\"@id\":\"https:\/\/www.notibras.com\/site\/ira-acusa-eua-de-jogar-gasolina-na-fogo-da-guerra\/#article\",\"isPartOf\":{\"@id\":\"https:\/\/www.notibras.com\/site\/ira-acusa-eua-de-jogar-gasolina-na-fogo-da-guerra\/\"},\"author\":{\"name\":\"Reda\u00e7\u00e3o\",\"@id\":\"https:\/\/www.notibras.com\/site\/#\/schema\/person\/36ab0979449956132d3e5b517ea76ac8\"},\"headline\":\"Ir\u00e3 acusa EUA de jogar gasolina no fogo da guerra\",\"datePublished\":\"2022-05-18T09:40:42+00:00\",\"dateModified\":\"2022-05-18T09:40:57+00:00\",\"mainEntityOfPage\":{\"@id\":\"https:\/\/www.notibras.com\/site\/ira-acusa-eua-de-jogar-gasolina-na-fogo-da-guerra\/\"},\"wordCount\":435,\"publisher\":{\"@id\":\"https:\/\/www.notibras.com\/site\/#organization\"},\"image\":{\"@id\":\"https:\/\/www.notibras.com\/site\/ira-acusa-eua-de-jogar-gasolina-na-fogo-da-guerra\/#primaryimage\"},\"thumbnailUrl\":\"https:\/\/www.notibras.com\/site\/wp-content\/uploads\/2022\/04\/maquina.guerra.webp\",\"articleSection\":[\"Apocalipse\"],\"inLanguage\":\"pt-BR\"},{\"@type\":\"WebPage\",\"@id\":\"https:\/\/www.notibras.com\/site\/ira-acusa-eua-de-jogar-gasolina-na-fogo-da-guerra\/\",\"url\":\"https:\/\/www.notibras.com\/site\/ira-acusa-eua-de-jogar-gasolina-na-fogo-da-guerra\/\",\"name\":\"Ir\u00e3 acusa EUA de jogar gasolina no fogo da guerra - Notibras\",\"isPartOf\":{\"@id\":\"https:\/\/www.notibras.com\/site\/#website\"},\"primaryImageOfPage\":{\"@id\":\"https:\/\/www.notibras.com\/site\/ira-acusa-eua-de-jogar-gasolina-na-fogo-da-guerra\/#primaryimage\"},\"image\":{\"@id\":\"https:\/\/www.notibras.com\/site\/ira-acusa-eua-de-jogar-gasolina-na-fogo-da-guerra\/#primaryimage\"},\"thumbnailUrl\":\"https:\/\/www.notibras.com\/site\/wp-content\/uploads\/2022\/04\/maquina.guerra.webp\",\"datePublished\":\"2022-05-18T09:40:42+00:00\",\"dateModified\":\"2022-05-18T09:40:57+00:00\",\"breadcrumb\":{\"@id\":\"https:\/\/www.notibras.com\/site\/ira-acusa-eua-de-jogar-gasolina-na-fogo-da-guerra\/#breadcrumb\"},\"inLanguage\":\"pt-BR\",\"potentialAction\":[{\"@type\":\"ReadAction\",\"target\":[\"https:\/\/www.notibras.com\/site\/ira-acusa-eua-de-jogar-gasolina-na-fogo-da-guerra\/\"]}]},{\"@type\":\"ImageObject\",\"inLanguage\":\"pt-BR\",\"@id\":\"https:\/\/www.notibras.com\/site\/ira-acusa-eua-de-jogar-gasolina-na-fogo-da-guerra\/#primaryimage\",\"url\":\"https:\/\/www.notibras.com\/site\/wp-content\/uploads\/2022\/04\/maquina.guerra.webp\",\"contentUrl\":\"https:\/\/www.notibras.com\/site\/wp-content\/uploads\/2022\/04\/maquina.guerra.webp\",\"width\":1920,\"height\":1080},{\"@type\":\"BreadcrumbList\",\"@id\":\"https:\/\/www.notibras.com\/site\/ira-acusa-eua-de-jogar-gasolina-na-fogo-da-guerra\/#breadcrumb\",\"itemListElement\":[{\"@type\":\"ListItem\",\"position\":1,\"name\":\"In\u00edcio\",\"item\":\"https:\/\/www.notibras.com\/site\/\"},{\"@type\":\"ListItem\",\"position\":2,\"name\":\"Ir\u00e3 acusa EUA de jogar gasolina no fogo da guerra\"}]},{\"@type\":\"WebSite\",\"@id\":\"https:\/\/www.notibras.com\/site\/#website\",\"url\":\"https:\/\/www.notibras.com\/site\/\",\"name\":\"Notibras\",\"description\":\"Not\u00edcias de Bras\u00edlia, do Brasil e do Mundo\",\"publisher\":{\"@id\":\"https:\/\/www.notibras.com\/site\/#organization\"},\"potentialAction\":[{\"@type\":\"SearchAction\",\"target\":{\"@type\":\"EntryPoint\",\"urlTemplate\":\"https:\/\/www.notibras.com\/site\/?s={search_term_string}\"},\"query-input\":{\"@type\":\"PropertyValueSpecification\",\"valueRequired\":true,\"valueName\":\"search_term_string\"}}],\"inLanguage\":\"pt-BR\"},{\"@type\":\"Organization\",\"@id\":\"https:\/\/www.notibras.com\/site\/#organization\",\"name\":\"Grupo Notibras de Comunica\u00e7\u00e3o\",\"url\":\"https:\/\/www.notibras.com\/site\/\",\"logo\":{\"@type\":\"ImageObject\",\"inLanguage\":\"pt-BR\",\"@id\":\"https:\/\/www.notibras.com\/site\/#\/schema\/logo\/image\/\",\"url\":\"https:\/\/www.notibras.com\/site\/wp-content\/uploads\/2023\/01\/notibras23.png\",\"contentUrl\":\"https:\/\/www.notibras.com\/site\/wp-content\/uploads\/2023\/01\/notibras23.png\",\"width\":350,\"height\":87,\"caption\":\"Grupo Notibras de Comunica\u00e7\u00e3o\"},\"image\":{\"@id\":\"https:\/\/www.notibras.com\/site\/#\/schema\/logo\/image\/\"},\"sameAs\":[\"https:\/\/www.facebook.com\/notibras\/\",\"https:\/\/x.com\/Notibras\",\"https:\/\/www.instagram.com\/notibras\/\"]},{\"@type\":\"Person\",\"@id\":\"https:\/\/www.notibras.com\/site\/#\/schema\/person\/36ab0979449956132d3e5b517ea76ac8\",\"name\":\"Reda\u00e7\u00e3o\",\"image\":{\"@type\":\"ImageObject\",\"inLanguage\":\"pt-BR\",\"@id\":\"https:\/\/secure.gravatar.com\/avatar\/e0a867bdedb85fd243eadf09663511f96fc81e0720a4a42581f334ad4303aa6b?s=96&d=mm&r=g\",\"url\":\"https:\/\/secure.gravatar.com\/avatar\/e0a867bdedb85fd243eadf09663511f96fc81e0720a4a42581f334ad4303aa6b?s=96&d=mm&r=g\",\"contentUrl\":\"https:\/\/secure.gravatar.com\/avatar\/e0a867bdedb85fd243eadf09663511f96fc81e0720a4a42581f334ad4303aa6b?s=96&d=mm&r=g\",\"caption\":\"Reda\u00e7\u00e3o\"}}]}<\/script>\n<!-- \/ Yoast SEO plugin. -->","yoast_head_json":{"title":"Ir\u00e3 acusa EUA de jogar gasolina no fogo da guerra - Notibras","robots":{"index":"index","follow":"follow","max-snippet":"max-snippet:-1","max-image-preview":"max-image-preview:large","max-video-preview":"max-video-preview:-1"},"canonical":"https:\/\/www.notibras.com\/site\/ira-acusa-eua-de-jogar-gasolina-na-fogo-da-guerra\/","og_locale":"pt_BR","og_type":"article","og_title":"Ir\u00e3 acusa EUA de jogar gasolina no fogo da guerra - Notibras","og_description":"A alian\u00e7a ocidental realizou v\u00e1rias ondas de expans\u00e3o para o leste, engolindo todos os ex-membros do extinto Pacto de Vars\u00f3via, tr\u00eas rep\u00fablicas da antiga Uni\u00e3o Sovi\u00e9tica e quatro ex-rep\u00fablicas iugoslavas. Antes da escalada da crise em fevereiro, autoridades do bloco haviam dito repetidamente que a ades\u00e3o ucraniana era um acordo fechado. Essa expans\u00e3o incessante da [&hellip;]","og_url":"https:\/\/www.notibras.com\/site\/ira-acusa-eua-de-jogar-gasolina-na-fogo-da-guerra\/","og_site_name":"Notibras","article_publisher":"https:\/\/www.facebook.com\/notibras\/","article_published_time":"2022-05-18T09:40:42+00:00","article_modified_time":"2022-05-18T09:40:57+00:00","og_image":[{"width":1920,"height":1080,"url":"https:\/\/www.notibras.com\/site\/wp-content\/uploads\/2022\/04\/maquina.guerra.webp","type":"image\/webp"}],"author":"Reda\u00e7\u00e3o","twitter_card":"summary_large_image","twitter_creator":"@Notibras","twitter_site":"@Notibras","twitter_misc":{"Escrito por":"Reda\u00e7\u00e3o","Est. tempo de leitura":"2 minutos"},"schema":{"@context":"https:\/\/schema.org","@graph":[{"@type":"Article","@id":"https:\/\/www.notibras.com\/site\/ira-acusa-eua-de-jogar-gasolina-na-fogo-da-guerra\/#article","isPartOf":{"@id":"https:\/\/www.notibras.com\/site\/ira-acusa-eua-de-jogar-gasolina-na-fogo-da-guerra\/"},"author":{"name":"Reda\u00e7\u00e3o","@id":"https:\/\/www.notibras.com\/site\/#\/schema\/person\/36ab0979449956132d3e5b517ea76ac8"},"headline":"Ir\u00e3 acusa EUA de jogar gasolina no fogo da guerra","datePublished":"2022-05-18T09:40:42+00:00","dateModified":"2022-05-18T09:40:57+00:00","mainEntityOfPage":{"@id":"https:\/\/www.notibras.com\/site\/ira-acusa-eua-de-jogar-gasolina-na-fogo-da-guerra\/"},"wordCount":435,"publisher":{"@id":"https:\/\/www.notibras.com\/site\/#organization"},"image":{"@id":"https:\/\/www.notibras.com\/site\/ira-acusa-eua-de-jogar-gasolina-na-fogo-da-guerra\/#primaryimage"},"thumbnailUrl":"https:\/\/www.notibras.com\/site\/wp-content\/uploads\/2022\/04\/maquina.guerra.webp","articleSection":["Apocalipse"],"inLanguage":"pt-BR"},{"@type":"WebPage","@id":"https:\/\/www.notibras.com\/site\/ira-acusa-eua-de-jogar-gasolina-na-fogo-da-guerra\/","url":"https:\/\/www.notibras.com\/site\/ira-acusa-eua-de-jogar-gasolina-na-fogo-da-guerra\/","name":"Ir\u00e3 acusa EUA de jogar gasolina no fogo da guerra - Notibras","isPartOf":{"@id":"https:\/\/www.notibras.com\/site\/#website"},"primaryImageOfPage":{"@id":"https:\/\/www.notibras.com\/site\/ira-acusa-eua-de-jogar-gasolina-na-fogo-da-guerra\/#primaryimage"},"image":{"@id":"https:\/\/www.notibras.com\/site\/ira-acusa-eua-de-jogar-gasolina-na-fogo-da-guerra\/#primaryimage"},"thumbnailUrl":"https:\/\/www.notibras.com\/site\/wp-content\/uploads\/2022\/04\/maquina.guerra.webp","datePublished":"2022-05-18T09:40:42+00:00","dateModified":"2022-05-18T09:40:57+00:00","breadcrumb":{"@id":"https:\/\/www.notibras.com\/site\/ira-acusa-eua-de-jogar-gasolina-na-fogo-da-guerra\/#breadcrumb"},"inLanguage":"pt-BR","potentialAction":[{"@type":"ReadAction","target":["https:\/\/www.notibras.com\/site\/ira-acusa-eua-de-jogar-gasolina-na-fogo-da-guerra\/"]}]},{"@type":"ImageObject","inLanguage":"pt-BR","@id":"https:\/\/www.notibras.com\/site\/ira-acusa-eua-de-jogar-gasolina-na-fogo-da-guerra\/#primaryimage","url":"https:\/\/www.notibras.com\/site\/wp-content\/uploads\/2022\/04\/maquina.guerra.webp","contentUrl":"https:\/\/www.notibras.com\/site\/wp-content\/uploads\/2022\/04\/maquina.guerra.webp","width":1920,"height":1080},{"@type":"BreadcrumbList","@id":"https:\/\/www.notibras.com\/site\/ira-acusa-eua-de-jogar-gasolina-na-fogo-da-guerra\/#breadcrumb","itemListElement":[{"@type":"ListItem","position":1,"name":"In\u00edcio","item":"https:\/\/www.notibras.com\/site\/"},{"@type":"ListItem","position":2,"name":"Ir\u00e3 acusa EUA de jogar gasolina no fogo da guerra"}]},{"@type":"WebSite","@id":"https:\/\/www.notibras.com\/site\/#website","url":"https:\/\/www.notibras.com\/site\/","name":"Notibras","description":"Not\u00edcias de Bras\u00edlia, do Brasil e do Mundo","publisher":{"@id":"https:\/\/www.notibras.com\/site\/#organization"},"potentialAction":[{"@type":"SearchAction","target":{"@type":"EntryPoint","urlTemplate":"https:\/\/www.notibras.com\/site\/?s={search_term_string}"},"query-input":{"@type":"PropertyValueSpecification","valueRequired":true,"valueName":"search_term_string"}}],"inLanguage":"pt-BR"},{"@type":"Organization","@id":"https:\/\/www.notibras.com\/site\/#organization","name":"Grupo Notibras de Comunica\u00e7\u00e3o","url":"https:\/\/www.notibras.com\/site\/","logo":{"@type":"ImageObject","inLanguage":"pt-BR","@id":"https:\/\/www.notibras.com\/site\/#\/schema\/logo\/image\/","url":"https:\/\/www.notibras.com\/site\/wp-content\/uploads\/2023\/01\/notibras23.png","contentUrl":"https:\/\/www.notibras.com\/site\/wp-content\/uploads\/2023\/01\/notibras23.png","width":350,"height":87,"caption":"Grupo Notibras de Comunica\u00e7\u00e3o"},"image":{"@id":"https:\/\/www.notibras.com\/site\/#\/schema\/logo\/image\/"},"sameAs":["https:\/\/www.facebook.com\/notibras\/","https:\/\/x.com\/Notibras","https:\/\/www.instagram.com\/notibras\/"]},{"@type":"Person","@id":"https:\/\/www.notibras.com\/site\/#\/schema\/person\/36ab0979449956132d3e5b517ea76ac8","name":"Reda\u00e7\u00e3o","image":{"@type":"ImageObject","inLanguage":"pt-BR","@id":"https:\/\/secure.gravatar.com\/avatar\/e0a867bdedb85fd243eadf09663511f96fc81e0720a4a42581f334ad4303aa6b?s=96&d=mm&r=g","url":"https:\/\/secure.gravatar.com\/avatar\/e0a867bdedb85fd243eadf09663511f96fc81e0720a4a42581f334ad4303aa6b?s=96&d=mm&r=g","contentUrl":"https:\/\/secure.gravatar.com\/avatar\/e0a867bdedb85fd243eadf09663511f96fc81e0720a4a42581f334ad4303aa6b?s=96&d=mm&r=g","caption":"Reda\u00e7\u00e3o"}}]}},"amp_enabled":true,"_links":{"self":[{"href":"https:\/\/www.notibras.com\/site\/wp-json\/wp\/v2\/posts\/285828","targetHints":{"allow":["GET"]}}],"collection":[{"href":"https:\/\/www.notibras.com\/site\/wp-json\/wp\/v2\/posts"}],"about":[{"href":"https:\/\/www.notibras.com\/site\/wp-json\/wp\/v2\/types\/post"}],"author":[{"embeddable":true,"href":"https:\/\/www.notibras.com\/site\/wp-json\/wp\/v2\/users\/2"}],"replies":[{"embeddable":true,"href":"https:\/\/www.notibras.com\/site\/wp-json\/wp\/v2\/comments?post=285828"}],"version-history":[{"count":2,"href":"https:\/\/www.notibras.com\/site\/wp-json\/wp\/v2\/posts\/285828\/revisions"}],"predecessor-version":[{"id":285830,"href":"https:\/\/www.notibras.com\/site\/wp-json\/wp\/v2\/posts\/285828\/revisions\/285830"}],"wp:featuredmedia":[{"embeddable":true,"href":"https:\/\/www.notibras.com\/site\/wp-json\/wp\/v2\/media\/284075"}],"wp:attachment":[{"href":"https:\/\/www.notibras.com\/site\/wp-json\/wp\/v2\/media?parent=285828"}],"wp:term":[{"taxonomy":"category","embeddable":true,"href":"https:\/\/www.notibras.com\/site\/wp-json\/wp\/v2\/categories?post=285828"},{"taxonomy":"post_tag","embeddable":true,"href":"https:\/\/www.notibras.com\/site\/wp-json\/wp\/v2\/tags?post=285828"}],"curies":[{"name":"wp","href":"https:\/\/api.w.org\/{rel}","templated":true}]}}