{"id":285977,"date":"2022-05-20T02:23:59","date_gmt":"2022-05-20T05:23:59","guid":{"rendered":"https:\/\/www.notibras.com\/site\/?p=285977"},"modified":"2022-05-20T03:00:30","modified_gmt":"2022-05-20T06:00:30","slug":"grupo-americano-cria-laser-infalivel-contra-drones","status":"publish","type":"post","link":"https:\/\/www.notibras.com\/site\/grupo-americano-cria-laser-infalivel-contra-drones\/","title":{"rendered":"Grupo americano cria &#8216;laser infal\u00edvel&#8217; contra drones"},"content":{"rendered":"<p>A norte-americana Raytheon, que produz equipamentos militares, associou-se \u00e0 KBR, que atua no mesmo ramo, para desenvolver uma arma de defesa a laser. Os testes s\u00e3o animadores. A arma usa energia direcionada de 50 quilowatts montada sobre um ve\u00edculo de combate Stryker. O sistema demonstrou a capacidade de derrubar drones pequenos, m\u00e9dios e grandes, al\u00e9m de m\u00edsseis de curto alcance.<\/p>\n<p>\u201cOs soldados em campo enfrentam amea\u00e7as cada vez mais complexas, e nossos sensores, software e lasers comprovados em combate est\u00e3o prontos para dar a eles um novo n\u00edvel de prote\u00e7\u00e3o\u201d, disse Annabel Flores, presidente de Sistemas de Guerra Eletr\u00f4nica da Raytheon Intelligence &amp; Space, em um comunicado de imprensa .<\/p>\n<p>&#8220;O Ex\u00e9rcito nos deu nosso desafio mais dif\u00edcil at\u00e9 agora &#8211; combater foguetes, artilharia e morteiros &#8211; e demos um passo essencial no caminho para fornecer a defesa a\u00e9rea manobr\u00e1vel e de curto alcance que os soldados precisam&#8221;, sublinhou a nota.<\/p>\n<p>De acordo com o comunicado, o sistema foi desenvolvido tendo em mente a defesa de \u201cativos militares ou civis de alto valor\u201d, mencionando n\u00e3o apenas bases e aeroportos, mas tamb\u00e9m est\u00e1dios.<\/p>\n<p>Animado com os testes, o Pent\u00e1gono come\u00e7ou a patrocinar o desenvolvimento de v\u00e1rias armas a laser em aeronaves, navios de guerra e ve\u00edculos terrestres, com a inten\u00e7\u00e3o de us\u00e1-las para abater drones e m\u00edsseis inimigos de v\u00e1rios tipos. Outros pa\u00edses desenvolveram sistemas semelhantes , incluindo Israel e R\u00fassia.<\/p>\n","protected":false},"excerpt":{"rendered":"<p>A norte-americana Raytheon, que produz equipamentos militares, associou-se \u00e0 KBR, que atua no mesmo ramo, para desenvolver uma arma de defesa a laser. Os testes s\u00e3o animadores. A arma usa energia direcionada de 50 quilowatts montada sobre um ve\u00edculo de combate Stryker. O sistema demonstrou a capacidade de derrubar drones pequenos, m\u00e9dios e grandes, al\u00e9m [&hellip;]<\/p>\n","protected":false},"author":2,"featured_media":285978,"comment_status":"closed","ping_status":"closed","sticky":false,"template":"","format":"standard","meta":{"_acf_changed":false,"footnotes":""},"categories":[159],"tags":[95],"class_list":["post-285977","post","type-post","status-publish","format-standard","has-post-thumbnail","hentry","category-apocalipse","tag-capa"],"acf":[],"yoast_head":"<!-- This site is optimized with the Yoast SEO plugin v27.2 - https:\/\/yoast.com\/product\/yoast-seo-wordpress\/ -->\n<title>Grupo americano cria &#039;laser infal\u00edvel&#039; contra drones - Notibras<\/title>\n<meta name=\"robots\" content=\"index, follow, max-snippet:-1, max-image-preview:large, max-video-preview:-1\" \/>\n<link rel=\"canonical\" href=\"https:\/\/www.notibras.com\/site\/grupo-americano-cria-laser-infalivel-contra-drones\/\" \/>\n<meta property=\"og:locale\" content=\"pt_BR\" \/>\n<meta property=\"og:type\" content=\"article\" \/>\n<meta property=\"og:title\" content=\"Grupo americano cria &#039;laser infal\u00edvel&#039; contra drones - Notibras\" \/>\n<meta property=\"og:description\" content=\"A norte-americana Raytheon, que produz equipamentos militares, associou-se \u00e0 KBR, que atua no mesmo ramo, para desenvolver uma arma de defesa a laser. Os testes s\u00e3o animadores. A arma usa energia direcionada de 50 quilowatts montada sobre um ve\u00edculo de combate Stryker. O sistema demonstrou a capacidade de derrubar drones pequenos, m\u00e9dios e grandes, al\u00e9m [&hellip;]\" \/>\n<meta property=\"og:url\" content=\"https:\/\/www.notibras.com\/site\/grupo-americano-cria-laser-infalivel-contra-drones\/\" \/>\n<meta property=\"og:site_name\" content=\"Notibras\" \/>\n<meta property=\"article:publisher\" content=\"https:\/\/www.facebook.com\/notibras\/\" \/>\n<meta property=\"article:published_time\" content=\"2022-05-20T05:23:59+00:00\" \/>\n<meta property=\"article:modified_time\" content=\"2022-05-20T06:00:30+00:00\" \/>\n<meta property=\"og:image\" content=\"https:\/\/www.notibras.com\/site\/wp-content\/uploads\/2022\/05\/arma.laser_.webp\" \/>\n\t<meta property=\"og:image:width\" content=\"1920\" \/>\n\t<meta property=\"og:image:height\" content=\"1080\" \/>\n\t<meta property=\"og:image:type\" content=\"image\/webp\" \/>\n<meta name=\"author\" content=\"Reda\u00e7\u00e3o\" \/>\n<meta name=\"twitter:card\" content=\"summary_large_image\" \/>\n<meta name=\"twitter:creator\" content=\"@Notibras\" \/>\n<meta name=\"twitter:site\" content=\"@Notibras\" \/>\n<meta name=\"twitter:label1\" content=\"Escrito por\" \/>\n\t<meta name=\"twitter:data1\" content=\"Reda\u00e7\u00e3o\" \/>\n\t<meta name=\"twitter:label2\" content=\"Est. tempo de leitura\" \/>\n\t<meta name=\"twitter:data2\" content=\"2 minutos\" \/>\n<script type=\"application\/ld+json\" class=\"yoast-schema-graph\">{\"@context\":\"https:\/\/schema.org\",\"@graph\":[{\"@type\":\"Article\",\"@id\":\"https:\/\/www.notibras.com\/site\/grupo-americano-cria-laser-infalivel-contra-drones\/#article\",\"isPartOf\":{\"@id\":\"https:\/\/www.notibras.com\/site\/grupo-americano-cria-laser-infalivel-contra-drones\/\"},\"author\":{\"name\":\"Reda\u00e7\u00e3o\",\"@id\":\"https:\/\/www.notibras.com\/site\/#\/schema\/person\/36ab0979449956132d3e5b517ea76ac8\"},\"headline\":\"Grupo americano cria &#8216;laser infal\u00edvel&#8217; contra drones\",\"datePublished\":\"2022-05-20T05:23:59+00:00\",\"dateModified\":\"2022-05-20T06:00:30+00:00\",\"mainEntityOfPage\":{\"@id\":\"https:\/\/www.notibras.com\/site\/grupo-americano-cria-laser-infalivel-contra-drones\/\"},\"wordCount\":261,\"publisher\":{\"@id\":\"https:\/\/www.notibras.com\/site\/#organization\"},\"image\":{\"@id\":\"https:\/\/www.notibras.com\/site\/grupo-americano-cria-laser-infalivel-contra-drones\/#primaryimage\"},\"thumbnailUrl\":\"https:\/\/www.notibras.com\/site\/wp-content\/uploads\/2022\/05\/arma.laser_.webp\",\"keywords\":[\"capa\"],\"articleSection\":[\"Apocalipse\"],\"inLanguage\":\"pt-BR\"},{\"@type\":\"WebPage\",\"@id\":\"https:\/\/www.notibras.com\/site\/grupo-americano-cria-laser-infalivel-contra-drones\/\",\"url\":\"https:\/\/www.notibras.com\/site\/grupo-americano-cria-laser-infalivel-contra-drones\/\",\"name\":\"Grupo americano cria 'laser infal\u00edvel' contra drones - Notibras\",\"isPartOf\":{\"@id\":\"https:\/\/www.notibras.com\/site\/#website\"},\"primaryImageOfPage\":{\"@id\":\"https:\/\/www.notibras.com\/site\/grupo-americano-cria-laser-infalivel-contra-drones\/#primaryimage\"},\"image\":{\"@id\":\"https:\/\/www.notibras.com\/site\/grupo-americano-cria-laser-infalivel-contra-drones\/#primaryimage\"},\"thumbnailUrl\":\"https:\/\/www.notibras.com\/site\/wp-content\/uploads\/2022\/05\/arma.laser_.webp\",\"datePublished\":\"2022-05-20T05:23:59+00:00\",\"dateModified\":\"2022-05-20T06:00:30+00:00\",\"breadcrumb\":{\"@id\":\"https:\/\/www.notibras.com\/site\/grupo-americano-cria-laser-infalivel-contra-drones\/#breadcrumb\"},\"inLanguage\":\"pt-BR\",\"potentialAction\":[{\"@type\":\"ReadAction\",\"target\":[\"https:\/\/www.notibras.com\/site\/grupo-americano-cria-laser-infalivel-contra-drones\/\"]}]},{\"@type\":\"ImageObject\",\"inLanguage\":\"pt-BR\",\"@id\":\"https:\/\/www.notibras.com\/site\/grupo-americano-cria-laser-infalivel-contra-drones\/#primaryimage\",\"url\":\"https:\/\/www.notibras.com\/site\/wp-content\/uploads\/2022\/05\/arma.laser_.webp\",\"contentUrl\":\"https:\/\/www.notibras.com\/site\/wp-content\/uploads\/2022\/05\/arma.laser_.webp\",\"width\":1920,\"height\":1080},{\"@type\":\"BreadcrumbList\",\"@id\":\"https:\/\/www.notibras.com\/site\/grupo-americano-cria-laser-infalivel-contra-drones\/#breadcrumb\",\"itemListElement\":[{\"@type\":\"ListItem\",\"position\":1,\"name\":\"In\u00edcio\",\"item\":\"https:\/\/www.notibras.com\/site\/\"},{\"@type\":\"ListItem\",\"position\":2,\"name\":\"Grupo americano cria &#8216;laser infal\u00edvel&#8217; contra drones\"}]},{\"@type\":\"WebSite\",\"@id\":\"https:\/\/www.notibras.com\/site\/#website\",\"url\":\"https:\/\/www.notibras.com\/site\/\",\"name\":\"Notibras\",\"description\":\"Not\u00edcias de Bras\u00edlia, do Brasil e do Mundo\",\"publisher\":{\"@id\":\"https:\/\/www.notibras.com\/site\/#organization\"},\"potentialAction\":[{\"@type\":\"SearchAction\",\"target\":{\"@type\":\"EntryPoint\",\"urlTemplate\":\"https:\/\/www.notibras.com\/site\/?s={search_term_string}\"},\"query-input\":{\"@type\":\"PropertyValueSpecification\",\"valueRequired\":true,\"valueName\":\"search_term_string\"}}],\"inLanguage\":\"pt-BR\"},{\"@type\":\"Organization\",\"@id\":\"https:\/\/www.notibras.com\/site\/#organization\",\"name\":\"Grupo Notibras de Comunica\u00e7\u00e3o\",\"url\":\"https:\/\/www.notibras.com\/site\/\",\"logo\":{\"@type\":\"ImageObject\",\"inLanguage\":\"pt-BR\",\"@id\":\"https:\/\/www.notibras.com\/site\/#\/schema\/logo\/image\/\",\"url\":\"https:\/\/www.notibras.com\/site\/wp-content\/uploads\/2023\/01\/notibras23.png\",\"contentUrl\":\"https:\/\/www.notibras.com\/site\/wp-content\/uploads\/2023\/01\/notibras23.png\",\"width\":350,\"height\":87,\"caption\":\"Grupo Notibras de Comunica\u00e7\u00e3o\"},\"image\":{\"@id\":\"https:\/\/www.notibras.com\/site\/#\/schema\/logo\/image\/\"},\"sameAs\":[\"https:\/\/www.facebook.com\/notibras\/\",\"https:\/\/x.com\/Notibras\",\"https:\/\/www.instagram.com\/notibras\/\"]},{\"@type\":\"Person\",\"@id\":\"https:\/\/www.notibras.com\/site\/#\/schema\/person\/36ab0979449956132d3e5b517ea76ac8\",\"name\":\"Reda\u00e7\u00e3o\",\"image\":{\"@type\":\"ImageObject\",\"inLanguage\":\"pt-BR\",\"@id\":\"https:\/\/secure.gravatar.com\/avatar\/e0a867bdedb85fd243eadf09663511f96fc81e0720a4a42581f334ad4303aa6b?s=96&d=mm&r=g\",\"url\":\"https:\/\/secure.gravatar.com\/avatar\/e0a867bdedb85fd243eadf09663511f96fc81e0720a4a42581f334ad4303aa6b?s=96&d=mm&r=g\",\"contentUrl\":\"https:\/\/secure.gravatar.com\/avatar\/e0a867bdedb85fd243eadf09663511f96fc81e0720a4a42581f334ad4303aa6b?s=96&d=mm&r=g\",\"caption\":\"Reda\u00e7\u00e3o\"}}]}<\/script>\n<!-- \/ Yoast SEO plugin. -->","yoast_head_json":{"title":"Grupo americano cria 'laser infal\u00edvel' contra drones - Notibras","robots":{"index":"index","follow":"follow","max-snippet":"max-snippet:-1","max-image-preview":"max-image-preview:large","max-video-preview":"max-video-preview:-1"},"canonical":"https:\/\/www.notibras.com\/site\/grupo-americano-cria-laser-infalivel-contra-drones\/","og_locale":"pt_BR","og_type":"article","og_title":"Grupo americano cria 'laser infal\u00edvel' contra drones - Notibras","og_description":"A norte-americana Raytheon, que produz equipamentos militares, associou-se \u00e0 KBR, que atua no mesmo ramo, para desenvolver uma arma de defesa a laser. Os testes s\u00e3o animadores. A arma usa energia direcionada de 50 quilowatts montada sobre um ve\u00edculo de combate Stryker. O sistema demonstrou a capacidade de derrubar drones pequenos, m\u00e9dios e grandes, al\u00e9m [&hellip;]","og_url":"https:\/\/www.notibras.com\/site\/grupo-americano-cria-laser-infalivel-contra-drones\/","og_site_name":"Notibras","article_publisher":"https:\/\/www.facebook.com\/notibras\/","article_published_time":"2022-05-20T05:23:59+00:00","article_modified_time":"2022-05-20T06:00:30+00:00","og_image":[{"width":1920,"height":1080,"url":"https:\/\/www.notibras.com\/site\/wp-content\/uploads\/2022\/05\/arma.laser_.webp","type":"image\/webp"}],"author":"Reda\u00e7\u00e3o","twitter_card":"summary_large_image","twitter_creator":"@Notibras","twitter_site":"@Notibras","twitter_misc":{"Escrito por":"Reda\u00e7\u00e3o","Est. tempo de leitura":"2 minutos"},"schema":{"@context":"https:\/\/schema.org","@graph":[{"@type":"Article","@id":"https:\/\/www.notibras.com\/site\/grupo-americano-cria-laser-infalivel-contra-drones\/#article","isPartOf":{"@id":"https:\/\/www.notibras.com\/site\/grupo-americano-cria-laser-infalivel-contra-drones\/"},"author":{"name":"Reda\u00e7\u00e3o","@id":"https:\/\/www.notibras.com\/site\/#\/schema\/person\/36ab0979449956132d3e5b517ea76ac8"},"headline":"Grupo americano cria &#8216;laser infal\u00edvel&#8217; contra drones","datePublished":"2022-05-20T05:23:59+00:00","dateModified":"2022-05-20T06:00:30+00:00","mainEntityOfPage":{"@id":"https:\/\/www.notibras.com\/site\/grupo-americano-cria-laser-infalivel-contra-drones\/"},"wordCount":261,"publisher":{"@id":"https:\/\/www.notibras.com\/site\/#organization"},"image":{"@id":"https:\/\/www.notibras.com\/site\/grupo-americano-cria-laser-infalivel-contra-drones\/#primaryimage"},"thumbnailUrl":"https:\/\/www.notibras.com\/site\/wp-content\/uploads\/2022\/05\/arma.laser_.webp","keywords":["capa"],"articleSection":["Apocalipse"],"inLanguage":"pt-BR"},{"@type":"WebPage","@id":"https:\/\/www.notibras.com\/site\/grupo-americano-cria-laser-infalivel-contra-drones\/","url":"https:\/\/www.notibras.com\/site\/grupo-americano-cria-laser-infalivel-contra-drones\/","name":"Grupo americano cria 'laser infal\u00edvel' contra drones - Notibras","isPartOf":{"@id":"https:\/\/www.notibras.com\/site\/#website"},"primaryImageOfPage":{"@id":"https:\/\/www.notibras.com\/site\/grupo-americano-cria-laser-infalivel-contra-drones\/#primaryimage"},"image":{"@id":"https:\/\/www.notibras.com\/site\/grupo-americano-cria-laser-infalivel-contra-drones\/#primaryimage"},"thumbnailUrl":"https:\/\/www.notibras.com\/site\/wp-content\/uploads\/2022\/05\/arma.laser_.webp","datePublished":"2022-05-20T05:23:59+00:00","dateModified":"2022-05-20T06:00:30+00:00","breadcrumb":{"@id":"https:\/\/www.notibras.com\/site\/grupo-americano-cria-laser-infalivel-contra-drones\/#breadcrumb"},"inLanguage":"pt-BR","potentialAction":[{"@type":"ReadAction","target":["https:\/\/www.notibras.com\/site\/grupo-americano-cria-laser-infalivel-contra-drones\/"]}]},{"@type":"ImageObject","inLanguage":"pt-BR","@id":"https:\/\/www.notibras.com\/site\/grupo-americano-cria-laser-infalivel-contra-drones\/#primaryimage","url":"https:\/\/www.notibras.com\/site\/wp-content\/uploads\/2022\/05\/arma.laser_.webp","contentUrl":"https:\/\/www.notibras.com\/site\/wp-content\/uploads\/2022\/05\/arma.laser_.webp","width":1920,"height":1080},{"@type":"BreadcrumbList","@id":"https:\/\/www.notibras.com\/site\/grupo-americano-cria-laser-infalivel-contra-drones\/#breadcrumb","itemListElement":[{"@type":"ListItem","position":1,"name":"In\u00edcio","item":"https:\/\/www.notibras.com\/site\/"},{"@type":"ListItem","position":2,"name":"Grupo americano cria &#8216;laser infal\u00edvel&#8217; contra drones"}]},{"@type":"WebSite","@id":"https:\/\/www.notibras.com\/site\/#website","url":"https:\/\/www.notibras.com\/site\/","name":"Notibras","description":"Not\u00edcias de Bras\u00edlia, do Brasil e do Mundo","publisher":{"@id":"https:\/\/www.notibras.com\/site\/#organization"},"potentialAction":[{"@type":"SearchAction","target":{"@type":"EntryPoint","urlTemplate":"https:\/\/www.notibras.com\/site\/?s={search_term_string}"},"query-input":{"@type":"PropertyValueSpecification","valueRequired":true,"valueName":"search_term_string"}}],"inLanguage":"pt-BR"},{"@type":"Organization","@id":"https:\/\/www.notibras.com\/site\/#organization","name":"Grupo Notibras de Comunica\u00e7\u00e3o","url":"https:\/\/www.notibras.com\/site\/","logo":{"@type":"ImageObject","inLanguage":"pt-BR","@id":"https:\/\/www.notibras.com\/site\/#\/schema\/logo\/image\/","url":"https:\/\/www.notibras.com\/site\/wp-content\/uploads\/2023\/01\/notibras23.png","contentUrl":"https:\/\/www.notibras.com\/site\/wp-content\/uploads\/2023\/01\/notibras23.png","width":350,"height":87,"caption":"Grupo Notibras de Comunica\u00e7\u00e3o"},"image":{"@id":"https:\/\/www.notibras.com\/site\/#\/schema\/logo\/image\/"},"sameAs":["https:\/\/www.facebook.com\/notibras\/","https:\/\/x.com\/Notibras","https:\/\/www.instagram.com\/notibras\/"]},{"@type":"Person","@id":"https:\/\/www.notibras.com\/site\/#\/schema\/person\/36ab0979449956132d3e5b517ea76ac8","name":"Reda\u00e7\u00e3o","image":{"@type":"ImageObject","inLanguage":"pt-BR","@id":"https:\/\/secure.gravatar.com\/avatar\/e0a867bdedb85fd243eadf09663511f96fc81e0720a4a42581f334ad4303aa6b?s=96&d=mm&r=g","url":"https:\/\/secure.gravatar.com\/avatar\/e0a867bdedb85fd243eadf09663511f96fc81e0720a4a42581f334ad4303aa6b?s=96&d=mm&r=g","contentUrl":"https:\/\/secure.gravatar.com\/avatar\/e0a867bdedb85fd243eadf09663511f96fc81e0720a4a42581f334ad4303aa6b?s=96&d=mm&r=g","caption":"Reda\u00e7\u00e3o"}}]}},"amp_enabled":true,"_links":{"self":[{"href":"https:\/\/www.notibras.com\/site\/wp-json\/wp\/v2\/posts\/285977","targetHints":{"allow":["GET"]}}],"collection":[{"href":"https:\/\/www.notibras.com\/site\/wp-json\/wp\/v2\/posts"}],"about":[{"href":"https:\/\/www.notibras.com\/site\/wp-json\/wp\/v2\/types\/post"}],"author":[{"embeddable":true,"href":"https:\/\/www.notibras.com\/site\/wp-json\/wp\/v2\/users\/2"}],"replies":[{"embeddable":true,"href":"https:\/\/www.notibras.com\/site\/wp-json\/wp\/v2\/comments?post=285977"}],"version-history":[{"count":2,"href":"https:\/\/www.notibras.com\/site\/wp-json\/wp\/v2\/posts\/285977\/revisions"}],"predecessor-version":[{"id":285987,"href":"https:\/\/www.notibras.com\/site\/wp-json\/wp\/v2\/posts\/285977\/revisions\/285987"}],"wp:featuredmedia":[{"embeddable":true,"href":"https:\/\/www.notibras.com\/site\/wp-json\/wp\/v2\/media\/285978"}],"wp:attachment":[{"href":"https:\/\/www.notibras.com\/site\/wp-json\/wp\/v2\/media?parent=285977"}],"wp:term":[{"taxonomy":"category","embeddable":true,"href":"https:\/\/www.notibras.com\/site\/wp-json\/wp\/v2\/categories?post=285977"},{"taxonomy":"post_tag","embeddable":true,"href":"https:\/\/www.notibras.com\/site\/wp-json\/wp\/v2\/tags?post=285977"}],"curies":[{"name":"wp","href":"https:\/\/api.w.org\/{rel}","templated":true}]}}