{"id":286027,"date":"2022-05-20T06:15:47","date_gmt":"2022-05-20T09:15:47","guid":{"rendered":"https:\/\/www.notibras.com\/site\/?p=286027"},"modified":"2022-05-20T06:15:47","modified_gmt":"2022-05-20T09:15:47","slug":"fator-russia-pesa-na-tomada-de-posicao-da-turquia","status":"publish","type":"post","link":"https:\/\/www.notibras.com\/site\/fator-russia-pesa-na-tomada-de-posicao-da-turquia\/","title":{"rendered":"Fator R\u00fassia pesa na tomada de posi\u00e7\u00e3o da Turquia"},"content":{"rendered":"<p>As obje\u00e7\u00f5es turcas \u00e0 entrada da Su\u00e9cia e Finl\u00e2ndia na OTAN levaram a uma semana de intensa atividade diplom\u00e1tica em Washington, Ancara, Estocolmo e Helsinque. A Sputnik explica por que a Turquia n\u00e3o quer os escandinavos na alian\u00e7a militar ocidental.<\/p>\n<p>Na quarta-feira (18), durante reuni\u00e3o de embaixadores da OTAN, a Turquia bloqueou o debate sobre a ades\u00e3o da Finl\u00e2ndia e Su\u00e9cia na alian\u00e7a militar do Atl\u00e2ntico Norte, relatou o jornal Financial Times. De acordo com o secret\u00e1rio-geral da organiza\u00e7\u00e3o, Jens Stoltenberg, a posi\u00e7\u00e3o turca pode atrasar o processo de ades\u00e3o em uma ou duas semanas.<\/p>\n<p>Membro da OTAN desde 1952, a Turquia alega que a Finl\u00e2ndia e Su\u00e9cia garantem abrigo a organiza\u00e7\u00f5es consideradas terroristas por Ancara, como o Partido dos Trabalhadores Curdos (PKK na sigla em curdo) e o movimento Gulen.<\/p>\n<p>\u201cN\u00f3s explicamos aos pa\u00edses-membros da OTAN [\u2026] que h\u00e1 apoio por parte da Su\u00e9cia e Finl\u00e2ndia a organiza\u00e7\u00f5es terroristas. Elucidamos nossa posi\u00e7\u00e3o abertamente, em especial em rela\u00e7\u00e3o ao envio de armas por parte da Su\u00e9cia\u201d, disse o ministro das Rela\u00e7\u00f5es Exteriores da Turquia, Mevlut Cavusoglu, a rep\u00f3rteres neste domingo (15).<\/p>\n<p>De acordo com a ag\u00eancia turca Anadolu, sistemas antitanque de fabrica\u00e7\u00e3o sueca AT-4 foram encontrados em poder de grupos curdos durante opera\u00e7\u00f5es antiterroristas conduzidas por Ancara entre 2017 e 2021. \u201cAs declara\u00e7\u00f5es do ministro das Rela\u00e7\u00f5es Exteriores da Su\u00e9cia at\u00e9 agora n\u00e3o t\u00eam sido construtivas, mas provocadoras\u201d, disse Cavusoglu.<br \/>\nO imbr\u00f3glio gerou intensa atividade diplom\u00e1tica entre Turquia, EUA, Su\u00e9cia, Finl\u00e2ndia e OTAN nesta semana.<\/p>\n<p>Na quarta-feira (18), o secret\u00e1rio de Estado dos EUA, Antony Blinken, se reuniu com seu hom\u00f3logo turco \u00e0s margens de um encontro das Na\u00e7\u00f5es Unidas em Nova York.<\/p>\n<p>Apesar de o di\u00e1logo ter sido classificado como \u201cextremamente positivo\u201d por Cavusoglu, a declara\u00e7\u00e3o conjunta emitida pelas partes n\u00e3o cita a entrada da Su\u00e9cia e Finl\u00e2ndia na OTAN.<\/p>\n<p>No mesmo dia, o ministro da Defesa da Su\u00e9cia, Peter Hultqvist, se encontrou com o seu hom\u00f3logo norte-americano, Lloyd Austin, no Pent\u00e1gono, para discutir a ades\u00e3o de Estocolmo ao bloco.<\/p>\n<p>\u201cPrecisamos lembrar que essas s\u00e3o For\u00e7as Armadas que n\u00e3o s\u00e3o estranhas para n\u00f3s\u201d, disse o porta-voz do Pent\u00e1gono, John Kirby, ap\u00f3s o encontro dos ministros da Defesa. \u201cN\u00f3s os conhecemos bem, operamos e conduzimos exerc\u00edcios militares com eles.\u201d<\/p>\n<p>O conselheiro de Defesa Nacional da Casa Branca, Jake Sullivan, se mostrou otimista quanto \u00e0 possibilidade de um acordo entre Finl\u00e2ndia, Su\u00e9cia e Turquia. \u201cA Finl\u00e2ndia e a Su\u00e9cia est\u00e3o trabalhando diretamente com a Turquia para isso, mas n\u00f3s tamb\u00e9m estamos em contato com os turcos para facilitar\u201c, disse Sullivan.<\/p>\n<p><strong>Movimentos curdos<\/strong><br \/>\nPara o pesquisador em Economia e Rela\u00e7\u00f5es Internacionais da Universidade Federal Fluminense (UFF) Jonuel Gon\u00e7alves, o momento \u00e9 prop\u00edcio para a Turquia minar o apoio de pa\u00edses europeus aos movimentos pr\u00f3-curdos.<\/p>\n<p>\u201cO problema do governo turco n\u00e3o \u00e9 a entrada de mais dois pa\u00edses na OTAN, mas sim a entrada de um pa\u00eds que d\u00e1 apoio a um grande advers\u00e1rio interno desse governo, que \u00e9 o movimento curdo\u201d, disse Jonuel Gon\u00e7alves. \u201cA impress\u00e3o que ficamos \u00e9 que o governo turco est\u00e1 aproveitando a situa\u00e7\u00e3o para negociar atrav\u00e9s da OTAN uma redu\u00e7\u00e3o desse apoio da Su\u00e9cia aos movimentos curdos.\u201d<\/p>\n<p>O pesquisador aponta que o Partido Social Democrata sueco tradicionalmente fornece apoio a grupos que buscam a autodetermina\u00e7\u00e3o ou lutam em favor da democracia. \u201cO Partido Social Democrata sueco tem apoiado os curdos n\u00e3o s\u00f3 na Turquia, mas tamb\u00e9m no Iraque e na S\u00edria\u201d, sustenta.<\/p>\n<p>De fato, em 27 de abril deste ano, por exemplo, membros do partido sueco se reuniram com apoiadores do PKK para debater a possibilidade de retirar a organiza\u00e7\u00e3o curda da lista de movimentos terroristas da Uni\u00e3o Europeia.<br \/>\nPara Gon\u00e7alves, ser\u00e1 dif\u00edcil garantir um recuo do apoio aos curdos por parte das for\u00e7as pol\u00edticas suecas.<\/p>\n<p>\u201cPelo que conhe\u00e7o do Partido Social Democrata sueco, n\u00e3o acho que eles v\u00e3o abrir m\u00e3o de nada. Para eles, estes assuntos s\u00e3o quest\u00f5es de princ\u00edpio\u201d, considerou Gon\u00e7alves.<\/p>\n<p>De acordo com o jornal turco Sabah, Ancara teria elencado uma s\u00e9rie de demandas aos pa\u00edses escandinavos, como designar os PKK como uma organiza\u00e7\u00e3o terrorista, interromper apoio financeiro e encerrar atividades do PKK e do movimento Gulen em territ\u00f3rio finland\u00eas e sueco.<\/p>\n<p><strong>Posi\u00e7\u00e3o no Ocidente<\/strong><br \/>\nO presidente turco, Recep Tayyip Erdogan, expressou ressentimento em rela\u00e7\u00e3o a seus aliados militares, que n\u00e3o seriam sens\u00edveis aos interesses e demandas turcos.<\/p>\n<p>\u201cEsperamos que nossos aliados entendam, respeitem e apoiem as nossas sensibilidades. Temos uma sensibilidade em rela\u00e7\u00e3o \u00e0 prote\u00e7\u00e3o de nossas fronteiras do terrorismo. Nenhum de nossos aliados tem demonstrado o respeito que esper\u00e1vamos em rela\u00e7\u00e3o a essas sensibilidades\u201d, disse Erdogan.<\/p>\n<p>Para Gon\u00e7alves, al\u00e9m da quest\u00e3o curda, a Turquia tem interesse de renegociar a sua posi\u00e7\u00e3o no Ocidente. \u201cA Turquia quer renegociar a sua posi\u00e7\u00e3o em rela\u00e7\u00e3o ao Ocidente de forma geral. Quer mais destaque e acredita que pode recuperar a sua fun\u00e7\u00e3o hist\u00f3rica\u201d, frisou o pesquisador.<\/p>\n<p>De acordo com a professora do Instituto Brasileiro de Ensino, Desenvolvimento e Pesquisa (IDP) Monique Sochaczewski, o contexto geopol\u00edtico atual devolve \u00e0 Turquia a \u201crelev\u00e2ncia internacional que ela tinha perdido h\u00e1 muito tempo\u201d.<\/p>\n<p>\u201cO primeiro intuito \u00e9 fazer barulho, chamar a aten\u00e7\u00e3o para essa relev\u00e2ncia internacional\u201d, revelou a especialista. \u201cAl\u00e9m disso, a Turquia quer deixar a sua marca, j\u00e1 que se ressente muito de dificuldades para aderir \u00e0 Uni\u00e3o Europeia.\u201d<\/p>\n<p>Ancara tem v\u00e1rias arestas a aparar com seus aliados ocidentais, e em particular com os EUA, que impuseram san\u00e7\u00f5es contra Ancara em fun\u00e7\u00e3o da compra de sistemas de defesa antia\u00e9rea S-400.<\/p>\n<p>De acordo com a ag\u00eancia Bloomberg, a Turquia quer ser readmitida no programa avan\u00e7ado de opera\u00e7\u00e3o de ca\u00e7as F-35 da OTAN, da qual foi retirada em fun\u00e7\u00e3o da compra dos S-400. Os turcos tamb\u00e9m demandam a entrega dos ca\u00e7as F-35 norte-americanos pelos quais j\u00e1 pagaram, mas nunca receberam.<\/p>\n<p>\u201cPor incr\u00edvel que pare\u00e7a, eu acho mais f\u00e1cil garantir maior margem de manobra para a Turquia nos acordos ocidentais, sejam econ\u00f4micos, pol\u00edticos ou militares, do que garantir que a Su\u00e9cia recue em rela\u00e7\u00e3o ao apoio a movimentos curdos\u201d, avalia Gon\u00e7alves.<\/p>\n<p><strong>Fator R\u00fassia<\/strong><br \/>\nO vice-ministro das Rela\u00e7\u00f5es Exteriores da R\u00fassia, Sergei Ryabkov, disse que a estrutura de seguran\u00e7a europeia ser\u00e1 prejudicada com a entrada da Finl\u00e2ndia e Su\u00e9cia na OTAN.<\/p>\n<p>\u201cEm Washington, em Bruxelas e outras capitais da OTAN [\u2026] eles n\u00e3o devem ter nenhuma ilus\u00e3o de que a gente vai simplesmente aceitar isso calados\u201d, disse Ryabkov a rep\u00f3rteres. \u201cO n\u00edvel total de tens\u00f5es militares vai aumentar e haver\u00e1 menos previsibilidade na regi\u00e3o.\u201d<\/p>\n<p>Gon\u00e7alves, autor do livro \u2018\u201dAs Imposturas Identit\u00e1rias\u201d, aponta que a resist\u00eancia turca em rela\u00e7\u00e3o \u00e0 entrada dos escandinavos na OTAN pode enviar um sinal positivo para Moscou e refor\u00e7ar sua posi\u00e7\u00e3o de mediadora no conflito ucraniano.<\/p>\n<p>\u201cA Turquia pode estar fazendo um gesto em dire\u00e7\u00e3o \u00e0 R\u00fassia, dizendo que n\u00e3o assina sem questionamentos a amplia\u00e7\u00e3o da OTAN\u201d, indica Gon\u00e7alves.<\/p>\n<p>Sochaczewski concorda, e diz que \u201cesse tipo de movimento mostra alguma retic\u00eancia que possa ser entendida pela R\u00fassia como algo positivo\u201c.<\/p>\n<p>A presidente do Senado russo, Valentina Matvienko, declarou que a rea\u00e7\u00e3o de Moscou \u00e0 nova expans\u00e3o da alian\u00e7a militar ocidental vai depender das armas a serem instaladas em Estocolmo e Helsinque.<\/p>\n<p>\u201cA resposta das For\u00e7as Armadas russas ser\u00e1 proporcional e de acordo com a presen\u00e7a da OTAN nesses pa\u00edses, com quais armas ser\u00e3o instaladas l\u00e1. Mas eu posso te garantir que a seguran\u00e7a russa ser\u00e1 assegurada\u201d, disse Matvienko ao jornal Izvestia.<\/p>\n<p><strong>P\u00fablico interno<\/strong><br \/>\nApesar dos fatores geopol\u00edticos estarem em alta, Monique Sochaczewski nota que ret\u00f3rica das autoridades turcas pode estar voltada para o p\u00fablico dom\u00e9stico.<\/p>\n<p>\u201cAcho que esse barulho todo tem o intuito de desviar a aten\u00e7\u00e3o da grande crise econ\u00f4mica e social que existe dentro da Turquia nos \u00faltimos tempos\u201d, declarou a especialista.<\/p>\n<p>Segundo ela, \u201ca partir do momento que voc\u00ea fala grosso e tenta chamar para si um papel importante\u201d, acaba seguindo \u201caquele velho esquema de desviar a aten\u00e7\u00e3o das dificuldades internas\u201c.<\/p>\n<p>Al\u00e9m disso, a luta contra o movimento pela independ\u00eancia curdo pode consolidar o apoio do eleitorado nacionalista ao presidente Recep Tayyip Erdogan, que enfrenta elei\u00e7\u00f5es no ano que vem.<\/p>\n<p>Apesar da barganha turca ser complexa, ela \u00e9 natural e \u201cfaz parte do jogo pol\u00edtico normal\u201d, acredita Gon\u00e7alves. Sochaczewski concorda, lembrando que a Turquia tem \u201cvoz forte na OTAN e deve fazer uso dela\u201d.<\/p>\n","protected":false},"excerpt":{"rendered":"<p>As obje\u00e7\u00f5es turcas \u00e0 entrada da Su\u00e9cia e Finl\u00e2ndia na OTAN levaram a uma semana de intensa atividade diplom\u00e1tica em Washington, Ancara, Estocolmo e Helsinque. A Sputnik explica por que a Turquia n\u00e3o quer os escandinavos na alian\u00e7a militar ocidental. Na quarta-feira (18), durante reuni\u00e3o de embaixadores da OTAN, a Turquia bloqueou o debate sobre [&hellip;]<\/p>\n","protected":false},"author":2,"featured_media":286028,"comment_status":"closed","ping_status":"closed","sticky":false,"template":"","format":"standard","meta":{"_acf_changed":false,"footnotes":""},"categories":[159],"tags":[],"class_list":["post-286027","post","type-post","status-publish","format-standard","has-post-thumbnail","hentry","category-apocalipse"],"acf":[],"yoast_head":"<!-- This site is optimized with the Yoast SEO plugin v27.2 - https:\/\/yoast.com\/product\/yoast-seo-wordpress\/ -->\n<title>Fator R\u00fassia pesa na tomada de posi\u00e7\u00e3o da Turquia - Notibras<\/title>\n<meta name=\"robots\" content=\"index, follow, max-snippet:-1, max-image-preview:large, max-video-preview:-1\" \/>\n<link rel=\"canonical\" href=\"https:\/\/www.notibras.com\/site\/fator-russia-pesa-na-tomada-de-posicao-da-turquia\/\" \/>\n<meta property=\"og:locale\" content=\"pt_BR\" \/>\n<meta property=\"og:type\" content=\"article\" \/>\n<meta property=\"og:title\" content=\"Fator R\u00fassia pesa na tomada de posi\u00e7\u00e3o da Turquia - Notibras\" \/>\n<meta property=\"og:description\" content=\"As obje\u00e7\u00f5es turcas \u00e0 entrada da Su\u00e9cia e Finl\u00e2ndia na OTAN levaram a uma semana de intensa atividade diplom\u00e1tica em Washington, Ancara, Estocolmo e Helsinque. A Sputnik explica por que a Turquia n\u00e3o quer os escandinavos na alian\u00e7a militar ocidental. Na quarta-feira (18), durante reuni\u00e3o de embaixadores da OTAN, a Turquia bloqueou o debate sobre [&hellip;]\" \/>\n<meta property=\"og:url\" content=\"https:\/\/www.notibras.com\/site\/fator-russia-pesa-na-tomada-de-posicao-da-turquia\/\" \/>\n<meta property=\"og:site_name\" content=\"Notibras\" \/>\n<meta property=\"article:publisher\" content=\"https:\/\/www.facebook.com\/notibras\/\" \/>\n<meta property=\"article:published_time\" content=\"2022-05-20T09:15:47+00:00\" \/>\n<meta property=\"og:image\" content=\"https:\/\/www.notibras.com\/site\/wp-content\/uploads\/2022\/05\/putin-e-erdogan.20.webp\" \/>\n\t<meta property=\"og:image:width\" content=\"1920\" \/>\n\t<meta property=\"og:image:height\" content=\"1281\" \/>\n\t<meta property=\"og:image:type\" content=\"image\/webp\" \/>\n<meta name=\"author\" content=\"Reda\u00e7\u00e3o\" \/>\n<meta name=\"twitter:card\" content=\"summary_large_image\" \/>\n<meta name=\"twitter:creator\" content=\"@Notibras\" \/>\n<meta name=\"twitter:site\" content=\"@Notibras\" \/>\n<meta name=\"twitter:label1\" content=\"Escrito por\" \/>\n\t<meta name=\"twitter:data1\" content=\"Reda\u00e7\u00e3o\" \/>\n\t<meta name=\"twitter:label2\" content=\"Est. tempo de leitura\" \/>\n\t<meta name=\"twitter:data2\" content=\"8 minutos\" \/>\n<script type=\"application\/ld+json\" class=\"yoast-schema-graph\">{\"@context\":\"https:\/\/schema.org\",\"@graph\":[{\"@type\":\"Article\",\"@id\":\"https:\/\/www.notibras.com\/site\/fator-russia-pesa-na-tomada-de-posicao-da-turquia\/#article\",\"isPartOf\":{\"@id\":\"https:\/\/www.notibras.com\/site\/fator-russia-pesa-na-tomada-de-posicao-da-turquia\/\"},\"author\":{\"name\":\"Reda\u00e7\u00e3o\",\"@id\":\"https:\/\/www.notibras.com\/site\/#\/schema\/person\/36ab0979449956132d3e5b517ea76ac8\"},\"headline\":\"Fator R\u00fassia pesa na tomada de posi\u00e7\u00e3o da Turquia\",\"datePublished\":\"2022-05-20T09:15:47+00:00\",\"mainEntityOfPage\":{\"@id\":\"https:\/\/www.notibras.com\/site\/fator-russia-pesa-na-tomada-de-posicao-da-turquia\/\"},\"wordCount\":1539,\"publisher\":{\"@id\":\"https:\/\/www.notibras.com\/site\/#organization\"},\"image\":{\"@id\":\"https:\/\/www.notibras.com\/site\/fator-russia-pesa-na-tomada-de-posicao-da-turquia\/#primaryimage\"},\"thumbnailUrl\":\"https:\/\/www.notibras.com\/site\/wp-content\/uploads\/2022\/05\/putin-e-erdogan.20.webp\",\"articleSection\":[\"Apocalipse\"],\"inLanguage\":\"pt-BR\"},{\"@type\":\"WebPage\",\"@id\":\"https:\/\/www.notibras.com\/site\/fator-russia-pesa-na-tomada-de-posicao-da-turquia\/\",\"url\":\"https:\/\/www.notibras.com\/site\/fator-russia-pesa-na-tomada-de-posicao-da-turquia\/\",\"name\":\"Fator R\u00fassia pesa na tomada de posi\u00e7\u00e3o da Turquia - Notibras\",\"isPartOf\":{\"@id\":\"https:\/\/www.notibras.com\/site\/#website\"},\"primaryImageOfPage\":{\"@id\":\"https:\/\/www.notibras.com\/site\/fator-russia-pesa-na-tomada-de-posicao-da-turquia\/#primaryimage\"},\"image\":{\"@id\":\"https:\/\/www.notibras.com\/site\/fator-russia-pesa-na-tomada-de-posicao-da-turquia\/#primaryimage\"},\"thumbnailUrl\":\"https:\/\/www.notibras.com\/site\/wp-content\/uploads\/2022\/05\/putin-e-erdogan.20.webp\",\"datePublished\":\"2022-05-20T09:15:47+00:00\",\"breadcrumb\":{\"@id\":\"https:\/\/www.notibras.com\/site\/fator-russia-pesa-na-tomada-de-posicao-da-turquia\/#breadcrumb\"},\"inLanguage\":\"pt-BR\",\"potentialAction\":[{\"@type\":\"ReadAction\",\"target\":[\"https:\/\/www.notibras.com\/site\/fator-russia-pesa-na-tomada-de-posicao-da-turquia\/\"]}]},{\"@type\":\"ImageObject\",\"inLanguage\":\"pt-BR\",\"@id\":\"https:\/\/www.notibras.com\/site\/fator-russia-pesa-na-tomada-de-posicao-da-turquia\/#primaryimage\",\"url\":\"https:\/\/www.notibras.com\/site\/wp-content\/uploads\/2022\/05\/putin-e-erdogan.20.webp\",\"contentUrl\":\"https:\/\/www.notibras.com\/site\/wp-content\/uploads\/2022\/05\/putin-e-erdogan.20.webp\",\"width\":1920,\"height\":1281},{\"@type\":\"BreadcrumbList\",\"@id\":\"https:\/\/www.notibras.com\/site\/fator-russia-pesa-na-tomada-de-posicao-da-turquia\/#breadcrumb\",\"itemListElement\":[{\"@type\":\"ListItem\",\"position\":1,\"name\":\"In\u00edcio\",\"item\":\"https:\/\/www.notibras.com\/site\/\"},{\"@type\":\"ListItem\",\"position\":2,\"name\":\"Fator R\u00fassia pesa na tomada de posi\u00e7\u00e3o da Turquia\"}]},{\"@type\":\"WebSite\",\"@id\":\"https:\/\/www.notibras.com\/site\/#website\",\"url\":\"https:\/\/www.notibras.com\/site\/\",\"name\":\"Notibras\",\"description\":\"Not\u00edcias de Bras\u00edlia, do Brasil e do Mundo\",\"publisher\":{\"@id\":\"https:\/\/www.notibras.com\/site\/#organization\"},\"potentialAction\":[{\"@type\":\"SearchAction\",\"target\":{\"@type\":\"EntryPoint\",\"urlTemplate\":\"https:\/\/www.notibras.com\/site\/?s={search_term_string}\"},\"query-input\":{\"@type\":\"PropertyValueSpecification\",\"valueRequired\":true,\"valueName\":\"search_term_string\"}}],\"inLanguage\":\"pt-BR\"},{\"@type\":\"Organization\",\"@id\":\"https:\/\/www.notibras.com\/site\/#organization\",\"name\":\"Grupo Notibras de Comunica\u00e7\u00e3o\",\"url\":\"https:\/\/www.notibras.com\/site\/\",\"logo\":{\"@type\":\"ImageObject\",\"inLanguage\":\"pt-BR\",\"@id\":\"https:\/\/www.notibras.com\/site\/#\/schema\/logo\/image\/\",\"url\":\"https:\/\/www.notibras.com\/site\/wp-content\/uploads\/2023\/01\/notibras23.png\",\"contentUrl\":\"https:\/\/www.notibras.com\/site\/wp-content\/uploads\/2023\/01\/notibras23.png\",\"width\":350,\"height\":87,\"caption\":\"Grupo Notibras de Comunica\u00e7\u00e3o\"},\"image\":{\"@id\":\"https:\/\/www.notibras.com\/site\/#\/schema\/logo\/image\/\"},\"sameAs\":[\"https:\/\/www.facebook.com\/notibras\/\",\"https:\/\/x.com\/Notibras\",\"https:\/\/www.instagram.com\/notibras\/\"]},{\"@type\":\"Person\",\"@id\":\"https:\/\/www.notibras.com\/site\/#\/schema\/person\/36ab0979449956132d3e5b517ea76ac8\",\"name\":\"Reda\u00e7\u00e3o\",\"image\":{\"@type\":\"ImageObject\",\"inLanguage\":\"pt-BR\",\"@id\":\"https:\/\/secure.gravatar.com\/avatar\/e0a867bdedb85fd243eadf09663511f96fc81e0720a4a42581f334ad4303aa6b?s=96&d=mm&r=g\",\"url\":\"https:\/\/secure.gravatar.com\/avatar\/e0a867bdedb85fd243eadf09663511f96fc81e0720a4a42581f334ad4303aa6b?s=96&d=mm&r=g\",\"contentUrl\":\"https:\/\/secure.gravatar.com\/avatar\/e0a867bdedb85fd243eadf09663511f96fc81e0720a4a42581f334ad4303aa6b?s=96&d=mm&r=g\",\"caption\":\"Reda\u00e7\u00e3o\"}}]}<\/script>\n<!-- \/ Yoast SEO plugin. -->","yoast_head_json":{"title":"Fator R\u00fassia pesa na tomada de posi\u00e7\u00e3o da Turquia - Notibras","robots":{"index":"index","follow":"follow","max-snippet":"max-snippet:-1","max-image-preview":"max-image-preview:large","max-video-preview":"max-video-preview:-1"},"canonical":"https:\/\/www.notibras.com\/site\/fator-russia-pesa-na-tomada-de-posicao-da-turquia\/","og_locale":"pt_BR","og_type":"article","og_title":"Fator R\u00fassia pesa na tomada de posi\u00e7\u00e3o da Turquia - Notibras","og_description":"As obje\u00e7\u00f5es turcas \u00e0 entrada da Su\u00e9cia e Finl\u00e2ndia na OTAN levaram a uma semana de intensa atividade diplom\u00e1tica em Washington, Ancara, Estocolmo e Helsinque. A Sputnik explica por que a Turquia n\u00e3o quer os escandinavos na alian\u00e7a militar ocidental. Na quarta-feira (18), durante reuni\u00e3o de embaixadores da OTAN, a Turquia bloqueou o debate sobre [&hellip;]","og_url":"https:\/\/www.notibras.com\/site\/fator-russia-pesa-na-tomada-de-posicao-da-turquia\/","og_site_name":"Notibras","article_publisher":"https:\/\/www.facebook.com\/notibras\/","article_published_time":"2022-05-20T09:15:47+00:00","og_image":[{"width":1920,"height":1281,"url":"https:\/\/www.notibras.com\/site\/wp-content\/uploads\/2022\/05\/putin-e-erdogan.20.webp","type":"image\/webp"}],"author":"Reda\u00e7\u00e3o","twitter_card":"summary_large_image","twitter_creator":"@Notibras","twitter_site":"@Notibras","twitter_misc":{"Escrito por":"Reda\u00e7\u00e3o","Est. tempo de leitura":"8 minutos"},"schema":{"@context":"https:\/\/schema.org","@graph":[{"@type":"Article","@id":"https:\/\/www.notibras.com\/site\/fator-russia-pesa-na-tomada-de-posicao-da-turquia\/#article","isPartOf":{"@id":"https:\/\/www.notibras.com\/site\/fator-russia-pesa-na-tomada-de-posicao-da-turquia\/"},"author":{"name":"Reda\u00e7\u00e3o","@id":"https:\/\/www.notibras.com\/site\/#\/schema\/person\/36ab0979449956132d3e5b517ea76ac8"},"headline":"Fator R\u00fassia pesa na tomada de posi\u00e7\u00e3o da Turquia","datePublished":"2022-05-20T09:15:47+00:00","mainEntityOfPage":{"@id":"https:\/\/www.notibras.com\/site\/fator-russia-pesa-na-tomada-de-posicao-da-turquia\/"},"wordCount":1539,"publisher":{"@id":"https:\/\/www.notibras.com\/site\/#organization"},"image":{"@id":"https:\/\/www.notibras.com\/site\/fator-russia-pesa-na-tomada-de-posicao-da-turquia\/#primaryimage"},"thumbnailUrl":"https:\/\/www.notibras.com\/site\/wp-content\/uploads\/2022\/05\/putin-e-erdogan.20.webp","articleSection":["Apocalipse"],"inLanguage":"pt-BR"},{"@type":"WebPage","@id":"https:\/\/www.notibras.com\/site\/fator-russia-pesa-na-tomada-de-posicao-da-turquia\/","url":"https:\/\/www.notibras.com\/site\/fator-russia-pesa-na-tomada-de-posicao-da-turquia\/","name":"Fator R\u00fassia pesa na tomada de posi\u00e7\u00e3o da Turquia - Notibras","isPartOf":{"@id":"https:\/\/www.notibras.com\/site\/#website"},"primaryImageOfPage":{"@id":"https:\/\/www.notibras.com\/site\/fator-russia-pesa-na-tomada-de-posicao-da-turquia\/#primaryimage"},"image":{"@id":"https:\/\/www.notibras.com\/site\/fator-russia-pesa-na-tomada-de-posicao-da-turquia\/#primaryimage"},"thumbnailUrl":"https:\/\/www.notibras.com\/site\/wp-content\/uploads\/2022\/05\/putin-e-erdogan.20.webp","datePublished":"2022-05-20T09:15:47+00:00","breadcrumb":{"@id":"https:\/\/www.notibras.com\/site\/fator-russia-pesa-na-tomada-de-posicao-da-turquia\/#breadcrumb"},"inLanguage":"pt-BR","potentialAction":[{"@type":"ReadAction","target":["https:\/\/www.notibras.com\/site\/fator-russia-pesa-na-tomada-de-posicao-da-turquia\/"]}]},{"@type":"ImageObject","inLanguage":"pt-BR","@id":"https:\/\/www.notibras.com\/site\/fator-russia-pesa-na-tomada-de-posicao-da-turquia\/#primaryimage","url":"https:\/\/www.notibras.com\/site\/wp-content\/uploads\/2022\/05\/putin-e-erdogan.20.webp","contentUrl":"https:\/\/www.notibras.com\/site\/wp-content\/uploads\/2022\/05\/putin-e-erdogan.20.webp","width":1920,"height":1281},{"@type":"BreadcrumbList","@id":"https:\/\/www.notibras.com\/site\/fator-russia-pesa-na-tomada-de-posicao-da-turquia\/#breadcrumb","itemListElement":[{"@type":"ListItem","position":1,"name":"In\u00edcio","item":"https:\/\/www.notibras.com\/site\/"},{"@type":"ListItem","position":2,"name":"Fator R\u00fassia pesa na tomada de posi\u00e7\u00e3o da Turquia"}]},{"@type":"WebSite","@id":"https:\/\/www.notibras.com\/site\/#website","url":"https:\/\/www.notibras.com\/site\/","name":"Notibras","description":"Not\u00edcias de Bras\u00edlia, do Brasil e do Mundo","publisher":{"@id":"https:\/\/www.notibras.com\/site\/#organization"},"potentialAction":[{"@type":"SearchAction","target":{"@type":"EntryPoint","urlTemplate":"https:\/\/www.notibras.com\/site\/?s={search_term_string}"},"query-input":{"@type":"PropertyValueSpecification","valueRequired":true,"valueName":"search_term_string"}}],"inLanguage":"pt-BR"},{"@type":"Organization","@id":"https:\/\/www.notibras.com\/site\/#organization","name":"Grupo Notibras de Comunica\u00e7\u00e3o","url":"https:\/\/www.notibras.com\/site\/","logo":{"@type":"ImageObject","inLanguage":"pt-BR","@id":"https:\/\/www.notibras.com\/site\/#\/schema\/logo\/image\/","url":"https:\/\/www.notibras.com\/site\/wp-content\/uploads\/2023\/01\/notibras23.png","contentUrl":"https:\/\/www.notibras.com\/site\/wp-content\/uploads\/2023\/01\/notibras23.png","width":350,"height":87,"caption":"Grupo Notibras de Comunica\u00e7\u00e3o"},"image":{"@id":"https:\/\/www.notibras.com\/site\/#\/schema\/logo\/image\/"},"sameAs":["https:\/\/www.facebook.com\/notibras\/","https:\/\/x.com\/Notibras","https:\/\/www.instagram.com\/notibras\/"]},{"@type":"Person","@id":"https:\/\/www.notibras.com\/site\/#\/schema\/person\/36ab0979449956132d3e5b517ea76ac8","name":"Reda\u00e7\u00e3o","image":{"@type":"ImageObject","inLanguage":"pt-BR","@id":"https:\/\/secure.gravatar.com\/avatar\/e0a867bdedb85fd243eadf09663511f96fc81e0720a4a42581f334ad4303aa6b?s=96&d=mm&r=g","url":"https:\/\/secure.gravatar.com\/avatar\/e0a867bdedb85fd243eadf09663511f96fc81e0720a4a42581f334ad4303aa6b?s=96&d=mm&r=g","contentUrl":"https:\/\/secure.gravatar.com\/avatar\/e0a867bdedb85fd243eadf09663511f96fc81e0720a4a42581f334ad4303aa6b?s=96&d=mm&r=g","caption":"Reda\u00e7\u00e3o"}}]}},"amp_enabled":true,"_links":{"self":[{"href":"https:\/\/www.notibras.com\/site\/wp-json\/wp\/v2\/posts\/286027","targetHints":{"allow":["GET"]}}],"collection":[{"href":"https:\/\/www.notibras.com\/site\/wp-json\/wp\/v2\/posts"}],"about":[{"href":"https:\/\/www.notibras.com\/site\/wp-json\/wp\/v2\/types\/post"}],"author":[{"embeddable":true,"href":"https:\/\/www.notibras.com\/site\/wp-json\/wp\/v2\/users\/2"}],"replies":[{"embeddable":true,"href":"https:\/\/www.notibras.com\/site\/wp-json\/wp\/v2\/comments?post=286027"}],"version-history":[{"count":1,"href":"https:\/\/www.notibras.com\/site\/wp-json\/wp\/v2\/posts\/286027\/revisions"}],"predecessor-version":[{"id":286029,"href":"https:\/\/www.notibras.com\/site\/wp-json\/wp\/v2\/posts\/286027\/revisions\/286029"}],"wp:featuredmedia":[{"embeddable":true,"href":"https:\/\/www.notibras.com\/site\/wp-json\/wp\/v2\/media\/286028"}],"wp:attachment":[{"href":"https:\/\/www.notibras.com\/site\/wp-json\/wp\/v2\/media?parent=286027"}],"wp:term":[{"taxonomy":"category","embeddable":true,"href":"https:\/\/www.notibras.com\/site\/wp-json\/wp\/v2\/categories?post=286027"},{"taxonomy":"post_tag","embeddable":true,"href":"https:\/\/www.notibras.com\/site\/wp-json\/wp\/v2\/tags?post=286027"}],"curies":[{"name":"wp","href":"https:\/\/api.w.org\/{rel}","templated":true}]}}