{"id":286189,"date":"2022-05-23T04:15:38","date_gmt":"2022-05-23T07:15:38","guid":{"rendered":"https:\/\/www.notibras.com\/site\/?p=286189"},"modified":"2022-05-23T04:39:24","modified_gmt":"2022-05-23T07:39:24","slug":"lider-checheno-ironiza-poder-de-neonazistas-de-mariupol","status":"publish","type":"post","link":"https:\/\/www.notibras.com\/site\/lider-checheno-ironiza-poder-de-neonazistas-de-mariupol\/","title":{"rendered":"L\u00edder checheno ironiza &#8216;poder&#8217; de neonazistas de Mariupol"},"content":{"rendered":"<p>Na sexta-feira, 20, o ex\u00e9rcito russo anunciou que os \u00faltimos combatentes do batalh\u00e3o neonazista Azov deixaram a f\u00e1brica de Azovstal e se renderam depois de quase dois meses escondidos nos por\u00f5es da sider\u00fargica. A rendi\u00e7\u00e3o de quase 2.500 militantes, que j\u00e1 haviam amea\u00e7ado russos e chechenos em particular, marcou a liberta\u00e7\u00e3o completa de Mariupol.<\/p>\n<p>No domingo, 22, o chefe da regi\u00e3o russa da Chech\u00eania, Ramzan Kadyrov, foi ao seu canal Telegram para postar um v\u00eddeo que o mostrava transportando militantes da Azov.<\/p>\n<p>O v\u00eddeo apresenta Kadyrov assistindo aos pedidos dos militantes Azov e reagindo sem gra\u00e7a aos notici\u00e1rios nos quais eles est\u00e3o pedindo ajuda. No entanto, mais tarde tamb\u00e9m mostra Kadyrov dirigindo um \u00f4nibus que transportava militantes capturados para Grozny.<\/p>\n<p>A filmagem, com a legenda &#8220;E eu avisei&#8221; com um emoji rindo, mostra como militar estava dizendo aos presos: &#8220;A pr\u00f3xima parada \u00e9 Grozny&#8221;.<\/p>\n<p>Anteriormente, Kadyrov expressou sua posi\u00e7\u00e3o sobre a possibilidade de troca de prisioneiros de guerra do batalh\u00e3o Azov. Segundo ele, os militares podem ser trocados, mas &#8220;aqueles seguidores ideol\u00f3gicos do fascismo, n\u00e3o podem ser trocados em nenhuma circunst\u00e2ncia&#8221;.<\/p>\n<p>De acordo com Kadyrov, eles deveriam &#8220;ser punidos de acordo com a lei&#8221;. Sobre o destino dos militantes, o l\u00edder checheno escreveu em um post anterior no Telegram que os nacionalistas que se renderam deveriam sofrer &#8220;uma puni\u00e7\u00e3o merecida por todas as atrocidades cometidas contra a popula\u00e7\u00e3o civil&#8221;.<\/p>\n<p>Mais cedo, a m\u00eddia russa tamb\u00e9m informou que um dos nacionalistas do batalh\u00e3o Azov se rendeu voluntariamente, mas antes disso ele conseguiu amea\u00e7ar Kadyrov com repres\u00e1lias, prometendo abusar de sua fam\u00edlia, incluindo suas filhas.<\/p>\n<p><strong>Rendi\u00e7\u00e3o e vit\u00f3ria<\/strong><br \/>\nAt\u00e9 o momento de sua rendi\u00e7\u00e3o, os l\u00edderes do batalh\u00e3o e simpatizantes pediram \u00e0s autoridades de Kiev, \u00e0 comunidade internacional e estados individuais, incluindo Turquia, Israel e Vaticano, que ajudassem a retirar os combatentes da unidade neonazista da Guarda Nacional Ucraniana. O presidente ucraniano Volodymyr Zelensky, como outros oficiais de Kiev, afirmou v\u00e1rias vezes que n\u00e3o permitiria o cerco e a rendi\u00e7\u00e3o dos combatentes do batalh\u00e3o.<\/p>\n<p>O l\u00edder do batalh\u00e3o, Denis Prokopenko, afirmou anteriormente que o povo ucraniano n\u00e3o deve glorificar &#8220;desertores e traidores&#8221; que se rendem. No entanto, ele teria se rendido \u00e0s tropas russas nesta semana e foi evacuado \u00e0s pressas do territ\u00f3rio de Mariupol para evitar repres\u00e1lias contra ele por moradores locais pelos crimes cometidos pelo batalh\u00e3o sob seu comando.<\/p>\n<p>No final de abril, as tropas russas libertaram a maior parte da cidade, e os militares e civis ucranianos com eles foram bloqueados na f\u00e1brica de Azovstal. Tanques, artilharia pesada e avi\u00f5es foram lan\u00e7ados contra os militantes, mas a resist\u00eancia continuou.<\/p>\n<p>Em meados de abril, no entanto, mais de 1.000 soldados da 36\u00aa Brigada de Fuzileiros Navais, que tamb\u00e9m participaram das batalhas por Mariupol, se renderam \u00e0s tropas russas, tendo escrito anteriormente um amplo post nas m\u00eddias sociais sobre como sua pr\u00f3pria lideran\u00e7a os descartou.<\/p>\n<p>Segundo relatos, havia cerca de 600 feridos nas masmorras da usina em condi\u00e7\u00f5es insalubres, sem rem\u00e9dios, \u00e1gua e alimentos, al\u00e9m de centenas de civis proibidos de deixar o territ\u00f3rio independentemente dos corredores humanit\u00e1rios abertos pelo lado russo.<\/p>\n<p>O Minist\u00e9rio da Defesa russo afirmou na sexta-feira que o territ\u00f3rio da usina metal\u00fargica Mariupol &#8220;Azovstal&#8221; foi completamente liberado, pois as instala\u00e7\u00f5es subterr\u00e2neas da usina, nas quais os militares ucranianos e militantes do batalh\u00e3o Azov estavam escondidos, ficaram sob controle total das for\u00e7as russas.<\/p>\n<p>No total, segundo os militares, mais de 3.000 militantes do Regimento Azov e dos militares ucranianos, que estavam bloqueados no territ\u00f3rio da usina por cerca de um m\u00eas, depuseram as armas e se renderam.<\/p>\n<p>Quando os membros do batalh\u00e3o Azov se renderam e deixaram todos os civis livres, Zelensky comentou em um discurso que esperava salvar as vidas dos militantes Azov, e que &#8220;a Ucr\u00e2nia precisa de her\u00f3is ucranianos vivos&#8221;, e o trabalho para devolv\u00ea-los &#8220;requer delicadeza e tempo.&#8221;<\/p>\n<p>A m\u00eddia ucraniana pegou a narrativa dos estadistas, declarando o &#8220;cativeiro condicional&#8221; dos militares ucranianos. As autoridades russas dizem que n\u00e3o t\u00eam planos de trocar neonazistas de Azov por ningu\u00e9m, pois eles devem ser processados \u200b\u200bna devida ordem.<\/p>\n","protected":false},"excerpt":{"rendered":"<p>Na sexta-feira, 20, o ex\u00e9rcito russo anunciou que os \u00faltimos combatentes do batalh\u00e3o neonazista Azov deixaram a f\u00e1brica de Azovstal e se renderam depois de quase dois meses escondidos nos por\u00f5es da sider\u00fargica. A rendi\u00e7\u00e3o de quase 2.500 militantes, que j\u00e1 haviam amea\u00e7ado russos e chechenos em particular, marcou a liberta\u00e7\u00e3o completa de Mariupol. No [&hellip;]<\/p>\n","protected":false},"author":2,"featured_media":286190,"comment_status":"closed","ping_status":"closed","sticky":false,"template":"","format":"standard","meta":{"_acf_changed":false,"footnotes":""},"categories":[159],"tags":[95],"class_list":["post-286189","post","type-post","status-publish","format-standard","has-post-thumbnail","hentry","category-apocalipse","tag-capa"],"acf":[],"yoast_head":"<!-- This site is optimized with the Yoast SEO plugin v27.2 - https:\/\/yoast.com\/product\/yoast-seo-wordpress\/ -->\n<title>L\u00edder checheno ironiza &#039;poder&#039; de neonazistas de Mariupol - Notibras<\/title>\n<meta name=\"robots\" content=\"index, follow, max-snippet:-1, max-image-preview:large, max-video-preview:-1\" \/>\n<link rel=\"canonical\" href=\"https:\/\/www.notibras.com\/site\/lider-checheno-ironiza-poder-de-neonazistas-de-mariupol\/\" \/>\n<meta property=\"og:locale\" content=\"pt_BR\" \/>\n<meta property=\"og:type\" content=\"article\" \/>\n<meta property=\"og:title\" content=\"L\u00edder checheno ironiza &#039;poder&#039; de neonazistas de Mariupol - Notibras\" \/>\n<meta property=\"og:description\" content=\"Na sexta-feira, 20, o ex\u00e9rcito russo anunciou que os \u00faltimos combatentes do batalh\u00e3o neonazista Azov deixaram a f\u00e1brica de Azovstal e se renderam depois de quase dois meses escondidos nos por\u00f5es da sider\u00fargica. A rendi\u00e7\u00e3o de quase 2.500 militantes, que j\u00e1 haviam amea\u00e7ado russos e chechenos em particular, marcou a liberta\u00e7\u00e3o completa de Mariupol. No [&hellip;]\" \/>\n<meta property=\"og:url\" content=\"https:\/\/www.notibras.com\/site\/lider-checheno-ironiza-poder-de-neonazistas-de-mariupol\/\" \/>\n<meta property=\"og:site_name\" content=\"Notibras\" \/>\n<meta property=\"article:publisher\" content=\"https:\/\/www.facebook.com\/notibras\/\" \/>\n<meta property=\"article:published_time\" content=\"2022-05-23T07:15:38+00:00\" \/>\n<meta property=\"article:modified_time\" content=\"2022-05-23T07:39:24+00:00\" \/>\n<meta property=\"og:image\" content=\"https:\/\/www.notibras.com\/site\/wp-content\/uploads\/2022\/05\/liderchecheno.webp\" \/>\n\t<meta property=\"og:image:width\" content=\"1920\" \/>\n\t<meta property=\"og:image:height\" content=\"1079\" \/>\n\t<meta property=\"og:image:type\" content=\"image\/webp\" \/>\n<meta name=\"author\" content=\"Reda\u00e7\u00e3o\" \/>\n<meta name=\"twitter:card\" content=\"summary_large_image\" \/>\n<meta name=\"twitter:creator\" content=\"@Notibras\" \/>\n<meta name=\"twitter:site\" content=\"@Notibras\" \/>\n<meta name=\"twitter:label1\" content=\"Escrito por\" \/>\n\t<meta name=\"twitter:data1\" content=\"Reda\u00e7\u00e3o\" \/>\n\t<meta name=\"twitter:label2\" content=\"Est. tempo de leitura\" \/>\n\t<meta name=\"twitter:data2\" content=\"4 minutos\" \/>\n<script type=\"application\/ld+json\" class=\"yoast-schema-graph\">{\"@context\":\"https:\/\/schema.org\",\"@graph\":[{\"@type\":\"Article\",\"@id\":\"https:\/\/www.notibras.com\/site\/lider-checheno-ironiza-poder-de-neonazistas-de-mariupol\/#article\",\"isPartOf\":{\"@id\":\"https:\/\/www.notibras.com\/site\/lider-checheno-ironiza-poder-de-neonazistas-de-mariupol\/\"},\"author\":{\"name\":\"Reda\u00e7\u00e3o\",\"@id\":\"https:\/\/www.notibras.com\/site\/#\/schema\/person\/36ab0979449956132d3e5b517ea76ac8\"},\"headline\":\"L\u00edder checheno ironiza &#8216;poder&#8217; de neonazistas de Mariupol\",\"datePublished\":\"2022-05-23T07:15:38+00:00\",\"dateModified\":\"2022-05-23T07:39:24+00:00\",\"mainEntityOfPage\":{\"@id\":\"https:\/\/www.notibras.com\/site\/lider-checheno-ironiza-poder-de-neonazistas-de-mariupol\/\"},\"wordCount\":748,\"publisher\":{\"@id\":\"https:\/\/www.notibras.com\/site\/#organization\"},\"image\":{\"@id\":\"https:\/\/www.notibras.com\/site\/lider-checheno-ironiza-poder-de-neonazistas-de-mariupol\/#primaryimage\"},\"thumbnailUrl\":\"https:\/\/www.notibras.com\/site\/wp-content\/uploads\/2022\/05\/liderchecheno.webp\",\"keywords\":[\"capa\"],\"articleSection\":[\"Apocalipse\"],\"inLanguage\":\"pt-BR\"},{\"@type\":\"WebPage\",\"@id\":\"https:\/\/www.notibras.com\/site\/lider-checheno-ironiza-poder-de-neonazistas-de-mariupol\/\",\"url\":\"https:\/\/www.notibras.com\/site\/lider-checheno-ironiza-poder-de-neonazistas-de-mariupol\/\",\"name\":\"L\u00edder checheno ironiza 'poder' de neonazistas de Mariupol - Notibras\",\"isPartOf\":{\"@id\":\"https:\/\/www.notibras.com\/site\/#website\"},\"primaryImageOfPage\":{\"@id\":\"https:\/\/www.notibras.com\/site\/lider-checheno-ironiza-poder-de-neonazistas-de-mariupol\/#primaryimage\"},\"image\":{\"@id\":\"https:\/\/www.notibras.com\/site\/lider-checheno-ironiza-poder-de-neonazistas-de-mariupol\/#primaryimage\"},\"thumbnailUrl\":\"https:\/\/www.notibras.com\/site\/wp-content\/uploads\/2022\/05\/liderchecheno.webp\",\"datePublished\":\"2022-05-23T07:15:38+00:00\",\"dateModified\":\"2022-05-23T07:39:24+00:00\",\"breadcrumb\":{\"@id\":\"https:\/\/www.notibras.com\/site\/lider-checheno-ironiza-poder-de-neonazistas-de-mariupol\/#breadcrumb\"},\"inLanguage\":\"pt-BR\",\"potentialAction\":[{\"@type\":\"ReadAction\",\"target\":[\"https:\/\/www.notibras.com\/site\/lider-checheno-ironiza-poder-de-neonazistas-de-mariupol\/\"]}]},{\"@type\":\"ImageObject\",\"inLanguage\":\"pt-BR\",\"@id\":\"https:\/\/www.notibras.com\/site\/lider-checheno-ironiza-poder-de-neonazistas-de-mariupol\/#primaryimage\",\"url\":\"https:\/\/www.notibras.com\/site\/wp-content\/uploads\/2022\/05\/liderchecheno.webp\",\"contentUrl\":\"https:\/\/www.notibras.com\/site\/wp-content\/uploads\/2022\/05\/liderchecheno.webp\",\"width\":1920,\"height\":1079},{\"@type\":\"BreadcrumbList\",\"@id\":\"https:\/\/www.notibras.com\/site\/lider-checheno-ironiza-poder-de-neonazistas-de-mariupol\/#breadcrumb\",\"itemListElement\":[{\"@type\":\"ListItem\",\"position\":1,\"name\":\"In\u00edcio\",\"item\":\"https:\/\/www.notibras.com\/site\/\"},{\"@type\":\"ListItem\",\"position\":2,\"name\":\"L\u00edder checheno ironiza &#8216;poder&#8217; de neonazistas de Mariupol\"}]},{\"@type\":\"WebSite\",\"@id\":\"https:\/\/www.notibras.com\/site\/#website\",\"url\":\"https:\/\/www.notibras.com\/site\/\",\"name\":\"Notibras\",\"description\":\"Not\u00edcias de Bras\u00edlia, do Brasil e do Mundo\",\"publisher\":{\"@id\":\"https:\/\/www.notibras.com\/site\/#organization\"},\"potentialAction\":[{\"@type\":\"SearchAction\",\"target\":{\"@type\":\"EntryPoint\",\"urlTemplate\":\"https:\/\/www.notibras.com\/site\/?s={search_term_string}\"},\"query-input\":{\"@type\":\"PropertyValueSpecification\",\"valueRequired\":true,\"valueName\":\"search_term_string\"}}],\"inLanguage\":\"pt-BR\"},{\"@type\":\"Organization\",\"@id\":\"https:\/\/www.notibras.com\/site\/#organization\",\"name\":\"Grupo Notibras de Comunica\u00e7\u00e3o\",\"url\":\"https:\/\/www.notibras.com\/site\/\",\"logo\":{\"@type\":\"ImageObject\",\"inLanguage\":\"pt-BR\",\"@id\":\"https:\/\/www.notibras.com\/site\/#\/schema\/logo\/image\/\",\"url\":\"https:\/\/www.notibras.com\/site\/wp-content\/uploads\/2023\/01\/notibras23.png\",\"contentUrl\":\"https:\/\/www.notibras.com\/site\/wp-content\/uploads\/2023\/01\/notibras23.png\",\"width\":350,\"height\":87,\"caption\":\"Grupo Notibras de Comunica\u00e7\u00e3o\"},\"image\":{\"@id\":\"https:\/\/www.notibras.com\/site\/#\/schema\/logo\/image\/\"},\"sameAs\":[\"https:\/\/www.facebook.com\/notibras\/\",\"https:\/\/x.com\/Notibras\",\"https:\/\/www.instagram.com\/notibras\/\"]},{\"@type\":\"Person\",\"@id\":\"https:\/\/www.notibras.com\/site\/#\/schema\/person\/36ab0979449956132d3e5b517ea76ac8\",\"name\":\"Reda\u00e7\u00e3o\",\"image\":{\"@type\":\"ImageObject\",\"inLanguage\":\"pt-BR\",\"@id\":\"https:\/\/secure.gravatar.com\/avatar\/e0a867bdedb85fd243eadf09663511f96fc81e0720a4a42581f334ad4303aa6b?s=96&d=mm&r=g\",\"url\":\"https:\/\/secure.gravatar.com\/avatar\/e0a867bdedb85fd243eadf09663511f96fc81e0720a4a42581f334ad4303aa6b?s=96&d=mm&r=g\",\"contentUrl\":\"https:\/\/secure.gravatar.com\/avatar\/e0a867bdedb85fd243eadf09663511f96fc81e0720a4a42581f334ad4303aa6b?s=96&d=mm&r=g\",\"caption\":\"Reda\u00e7\u00e3o\"}}]}<\/script>\n<!-- \/ Yoast SEO plugin. -->","yoast_head_json":{"title":"L\u00edder checheno ironiza 'poder' de neonazistas de Mariupol - Notibras","robots":{"index":"index","follow":"follow","max-snippet":"max-snippet:-1","max-image-preview":"max-image-preview:large","max-video-preview":"max-video-preview:-1"},"canonical":"https:\/\/www.notibras.com\/site\/lider-checheno-ironiza-poder-de-neonazistas-de-mariupol\/","og_locale":"pt_BR","og_type":"article","og_title":"L\u00edder checheno ironiza 'poder' de neonazistas de Mariupol - Notibras","og_description":"Na sexta-feira, 20, o ex\u00e9rcito russo anunciou que os \u00faltimos combatentes do batalh\u00e3o neonazista Azov deixaram a f\u00e1brica de Azovstal e se renderam depois de quase dois meses escondidos nos por\u00f5es da sider\u00fargica. A rendi\u00e7\u00e3o de quase 2.500 militantes, que j\u00e1 haviam amea\u00e7ado russos e chechenos em particular, marcou a liberta\u00e7\u00e3o completa de Mariupol. No [&hellip;]","og_url":"https:\/\/www.notibras.com\/site\/lider-checheno-ironiza-poder-de-neonazistas-de-mariupol\/","og_site_name":"Notibras","article_publisher":"https:\/\/www.facebook.com\/notibras\/","article_published_time":"2022-05-23T07:15:38+00:00","article_modified_time":"2022-05-23T07:39:24+00:00","og_image":[{"width":1920,"height":1079,"url":"https:\/\/www.notibras.com\/site\/wp-content\/uploads\/2022\/05\/liderchecheno.webp","type":"image\/webp"}],"author":"Reda\u00e7\u00e3o","twitter_card":"summary_large_image","twitter_creator":"@Notibras","twitter_site":"@Notibras","twitter_misc":{"Escrito por":"Reda\u00e7\u00e3o","Est. tempo de leitura":"4 minutos"},"schema":{"@context":"https:\/\/schema.org","@graph":[{"@type":"Article","@id":"https:\/\/www.notibras.com\/site\/lider-checheno-ironiza-poder-de-neonazistas-de-mariupol\/#article","isPartOf":{"@id":"https:\/\/www.notibras.com\/site\/lider-checheno-ironiza-poder-de-neonazistas-de-mariupol\/"},"author":{"name":"Reda\u00e7\u00e3o","@id":"https:\/\/www.notibras.com\/site\/#\/schema\/person\/36ab0979449956132d3e5b517ea76ac8"},"headline":"L\u00edder checheno ironiza &#8216;poder&#8217; de neonazistas de Mariupol","datePublished":"2022-05-23T07:15:38+00:00","dateModified":"2022-05-23T07:39:24+00:00","mainEntityOfPage":{"@id":"https:\/\/www.notibras.com\/site\/lider-checheno-ironiza-poder-de-neonazistas-de-mariupol\/"},"wordCount":748,"publisher":{"@id":"https:\/\/www.notibras.com\/site\/#organization"},"image":{"@id":"https:\/\/www.notibras.com\/site\/lider-checheno-ironiza-poder-de-neonazistas-de-mariupol\/#primaryimage"},"thumbnailUrl":"https:\/\/www.notibras.com\/site\/wp-content\/uploads\/2022\/05\/liderchecheno.webp","keywords":["capa"],"articleSection":["Apocalipse"],"inLanguage":"pt-BR"},{"@type":"WebPage","@id":"https:\/\/www.notibras.com\/site\/lider-checheno-ironiza-poder-de-neonazistas-de-mariupol\/","url":"https:\/\/www.notibras.com\/site\/lider-checheno-ironiza-poder-de-neonazistas-de-mariupol\/","name":"L\u00edder checheno ironiza 'poder' de neonazistas de Mariupol - Notibras","isPartOf":{"@id":"https:\/\/www.notibras.com\/site\/#website"},"primaryImageOfPage":{"@id":"https:\/\/www.notibras.com\/site\/lider-checheno-ironiza-poder-de-neonazistas-de-mariupol\/#primaryimage"},"image":{"@id":"https:\/\/www.notibras.com\/site\/lider-checheno-ironiza-poder-de-neonazistas-de-mariupol\/#primaryimage"},"thumbnailUrl":"https:\/\/www.notibras.com\/site\/wp-content\/uploads\/2022\/05\/liderchecheno.webp","datePublished":"2022-05-23T07:15:38+00:00","dateModified":"2022-05-23T07:39:24+00:00","breadcrumb":{"@id":"https:\/\/www.notibras.com\/site\/lider-checheno-ironiza-poder-de-neonazistas-de-mariupol\/#breadcrumb"},"inLanguage":"pt-BR","potentialAction":[{"@type":"ReadAction","target":["https:\/\/www.notibras.com\/site\/lider-checheno-ironiza-poder-de-neonazistas-de-mariupol\/"]}]},{"@type":"ImageObject","inLanguage":"pt-BR","@id":"https:\/\/www.notibras.com\/site\/lider-checheno-ironiza-poder-de-neonazistas-de-mariupol\/#primaryimage","url":"https:\/\/www.notibras.com\/site\/wp-content\/uploads\/2022\/05\/liderchecheno.webp","contentUrl":"https:\/\/www.notibras.com\/site\/wp-content\/uploads\/2022\/05\/liderchecheno.webp","width":1920,"height":1079},{"@type":"BreadcrumbList","@id":"https:\/\/www.notibras.com\/site\/lider-checheno-ironiza-poder-de-neonazistas-de-mariupol\/#breadcrumb","itemListElement":[{"@type":"ListItem","position":1,"name":"In\u00edcio","item":"https:\/\/www.notibras.com\/site\/"},{"@type":"ListItem","position":2,"name":"L\u00edder checheno ironiza &#8216;poder&#8217; de neonazistas de Mariupol"}]},{"@type":"WebSite","@id":"https:\/\/www.notibras.com\/site\/#website","url":"https:\/\/www.notibras.com\/site\/","name":"Notibras","description":"Not\u00edcias de Bras\u00edlia, do Brasil e do Mundo","publisher":{"@id":"https:\/\/www.notibras.com\/site\/#organization"},"potentialAction":[{"@type":"SearchAction","target":{"@type":"EntryPoint","urlTemplate":"https:\/\/www.notibras.com\/site\/?s={search_term_string}"},"query-input":{"@type":"PropertyValueSpecification","valueRequired":true,"valueName":"search_term_string"}}],"inLanguage":"pt-BR"},{"@type":"Organization","@id":"https:\/\/www.notibras.com\/site\/#organization","name":"Grupo Notibras de Comunica\u00e7\u00e3o","url":"https:\/\/www.notibras.com\/site\/","logo":{"@type":"ImageObject","inLanguage":"pt-BR","@id":"https:\/\/www.notibras.com\/site\/#\/schema\/logo\/image\/","url":"https:\/\/www.notibras.com\/site\/wp-content\/uploads\/2023\/01\/notibras23.png","contentUrl":"https:\/\/www.notibras.com\/site\/wp-content\/uploads\/2023\/01\/notibras23.png","width":350,"height":87,"caption":"Grupo Notibras de Comunica\u00e7\u00e3o"},"image":{"@id":"https:\/\/www.notibras.com\/site\/#\/schema\/logo\/image\/"},"sameAs":["https:\/\/www.facebook.com\/notibras\/","https:\/\/x.com\/Notibras","https:\/\/www.instagram.com\/notibras\/"]},{"@type":"Person","@id":"https:\/\/www.notibras.com\/site\/#\/schema\/person\/36ab0979449956132d3e5b517ea76ac8","name":"Reda\u00e7\u00e3o","image":{"@type":"ImageObject","inLanguage":"pt-BR","@id":"https:\/\/secure.gravatar.com\/avatar\/e0a867bdedb85fd243eadf09663511f96fc81e0720a4a42581f334ad4303aa6b?s=96&d=mm&r=g","url":"https:\/\/secure.gravatar.com\/avatar\/e0a867bdedb85fd243eadf09663511f96fc81e0720a4a42581f334ad4303aa6b?s=96&d=mm&r=g","contentUrl":"https:\/\/secure.gravatar.com\/avatar\/e0a867bdedb85fd243eadf09663511f96fc81e0720a4a42581f334ad4303aa6b?s=96&d=mm&r=g","caption":"Reda\u00e7\u00e3o"}}]}},"amp_enabled":true,"_links":{"self":[{"href":"https:\/\/www.notibras.com\/site\/wp-json\/wp\/v2\/posts\/286189","targetHints":{"allow":["GET"]}}],"collection":[{"href":"https:\/\/www.notibras.com\/site\/wp-json\/wp\/v2\/posts"}],"about":[{"href":"https:\/\/www.notibras.com\/site\/wp-json\/wp\/v2\/types\/post"}],"author":[{"embeddable":true,"href":"https:\/\/www.notibras.com\/site\/wp-json\/wp\/v2\/users\/2"}],"replies":[{"embeddable":true,"href":"https:\/\/www.notibras.com\/site\/wp-json\/wp\/v2\/comments?post=286189"}],"version-history":[{"count":1,"href":"https:\/\/www.notibras.com\/site\/wp-json\/wp\/v2\/posts\/286189\/revisions"}],"predecessor-version":[{"id":286191,"href":"https:\/\/www.notibras.com\/site\/wp-json\/wp\/v2\/posts\/286189\/revisions\/286191"}],"wp:featuredmedia":[{"embeddable":true,"href":"https:\/\/www.notibras.com\/site\/wp-json\/wp\/v2\/media\/286190"}],"wp:attachment":[{"href":"https:\/\/www.notibras.com\/site\/wp-json\/wp\/v2\/media?parent=286189"}],"wp:term":[{"taxonomy":"category","embeddable":true,"href":"https:\/\/www.notibras.com\/site\/wp-json\/wp\/v2\/categories?post=286189"},{"taxonomy":"post_tag","embeddable":true,"href":"https:\/\/www.notibras.com\/site\/wp-json\/wp\/v2\/tags?post=286189"}],"curies":[{"name":"wp","href":"https:\/\/api.w.org\/{rel}","templated":true}]}}