{"id":286192,"date":"2022-05-23T04:35:38","date_gmt":"2022-05-23T07:35:38","guid":{"rendered":"https:\/\/www.notibras.com\/site\/?p=286192"},"modified":"2022-05-24T05:40:14","modified_gmt":"2022-05-24T08:40:14","slug":"biden-diz-a-xi-que-invasao-de-taiwan-tera-resposta-militar","status":"publish","type":"post","link":"https:\/\/www.notibras.com\/site\/biden-diz-a-xi-que-invasao-de-taiwan-tera-resposta-militar\/","title":{"rendered":"Biden diz a Xi que invas\u00e3o de Taiwan ter\u00e1 resposta dura"},"content":{"rendered":"<p>O presidente dos Estados Unidos, Joe Biden, advertiu na madrugada desta segunda, 23, para que Pequim deixe de &#8220;flertar com o perigo&#8221;, \u00e0 medida que as tens\u00f5es em torno de Taiwan est\u00e3o aumentando.<\/p>\n<p>&#8220;Esse \u00e9 o compromisso que assumimos&#8221;, disse ele quando perguntado se Washington interviria militarmente contra uma poss\u00edvel tentativa de Pequim de assumir o controle de Taiwan. &#8220;Concordamos com a pol\u00edtica de Uma China, aderimos a ela&#8230; mas a ideia de que pode ser tomada \u00e0 for\u00e7a n\u00e3o \u00e9 apropriada&#8221;.<\/p>\n<p>Ao mesmo tempo, a China expressou protesto contra v\u00e1rias pol\u00edticas dos EUA sobre a quest\u00e3o de Taiwan: mais recentemente, o Departamento de Estado dos EUA editou seu site, omitindo a frase &#8220;os Estados Unidos n\u00e3o apoiam a independ\u00eancia de Taiwan&#8221;.<\/p>\n<p>Em resposta, Pequim instou os EUA a &#8220;pararem de se envolver em manipula\u00e7\u00e3o pol\u00edtica&#8221;, enfatizando que &#8220;h\u00e1 apenas uma China no mundo&#8221;.<\/p>\n<p>Taiwan, que formalmente se autodenomina &#8220;Rep\u00fablica da China&#8221;, \u00e9 governada separadamente do resto do pa\u00eds desde o fim da guerra civil em 1949. Pequim considera a ilha parte da Rep\u00fablica Popular da China e, embora os EUA n\u00e3o reconhe\u00e7am Taiwan como uma na\u00e7\u00e3o independente, Washington mant\u00e9m rela\u00e7\u00f5es estreitas com Taipei, entregando armas e prometendo proteger a ilha.<\/p>\n<p>No m\u00eas passado, no entanto, a m\u00eddia dos EUA sugeriu que os setores de defesa americanos tinham uma reserva de US $ 14,2 bilh\u00f5es em equipamentos militares que Taiwan comprou em 2019. De acordo com as informa\u00e7\u00f5es, menos de 20% do armamento encomendado foi entregue a Taipei.<\/p>\n","protected":false},"excerpt":{"rendered":"<p>O presidente dos Estados Unidos, Joe Biden, advertiu na madrugada desta segunda, 23, para que Pequim deixe de &#8220;flertar com o perigo&#8221;, \u00e0 medida que as tens\u00f5es em torno de Taiwan est\u00e3o aumentando. &#8220;Esse \u00e9 o compromisso que assumimos&#8221;, disse ele quando perguntado se Washington interviria militarmente contra uma poss\u00edvel tentativa de Pequim de assumir [&hellip;]<\/p>\n","protected":false},"author":2,"featured_media":286196,"comment_status":"closed","ping_status":"closed","sticky":false,"template":"","format":"standard","meta":{"_acf_changed":false,"footnotes":""},"categories":[159],"tags":[95],"class_list":["post-286192","post","type-post","status-publish","format-standard","has-post-thumbnail","hentry","category-apocalipse","tag-capa"],"acf":[],"yoast_head":"<!-- This site is optimized with the Yoast SEO plugin v27.2 - https:\/\/yoast.com\/product\/yoast-seo-wordpress\/ -->\n<title>Biden diz a Xi que invas\u00e3o de Taiwan ter\u00e1 resposta dura - Notibras<\/title>\n<meta name=\"robots\" content=\"index, follow, max-snippet:-1, max-image-preview:large, max-video-preview:-1\" \/>\n<link rel=\"canonical\" href=\"https:\/\/www.notibras.com\/site\/biden-diz-a-xi-que-invasao-de-taiwan-tera-resposta-militar\/\" \/>\n<meta property=\"og:locale\" content=\"pt_BR\" \/>\n<meta property=\"og:type\" content=\"article\" \/>\n<meta property=\"og:title\" content=\"Biden diz a Xi que invas\u00e3o de Taiwan ter\u00e1 resposta dura - Notibras\" \/>\n<meta property=\"og:description\" content=\"O presidente dos Estados Unidos, Joe Biden, advertiu na madrugada desta segunda, 23, para que Pequim deixe de &#8220;flertar com o perigo&#8221;, \u00e0 medida que as tens\u00f5es em torno de Taiwan est\u00e3o aumentando. &#8220;Esse \u00e9 o compromisso que assumimos&#8221;, disse ele quando perguntado se Washington interviria militarmente contra uma poss\u00edvel tentativa de Pequim de assumir [&hellip;]\" \/>\n<meta property=\"og:url\" content=\"https:\/\/www.notibras.com\/site\/biden-diz-a-xi-que-invasao-de-taiwan-tera-resposta-militar\/\" \/>\n<meta property=\"og:site_name\" content=\"Notibras\" \/>\n<meta property=\"article:publisher\" content=\"https:\/\/www.facebook.com\/notibras\/\" \/>\n<meta property=\"article:published_time\" content=\"2022-05-23T07:35:38+00:00\" \/>\n<meta property=\"article:modified_time\" content=\"2022-05-24T08:40:14+00:00\" \/>\n<meta property=\"og:image\" content=\"https:\/\/www.notibras.com\/site\/wp-content\/uploads\/2022\/05\/eua.china_.taiwan.webp\" \/>\n\t<meta property=\"og:image:width\" content=\"600\" \/>\n\t<meta property=\"og:image:height\" content=\"337\" \/>\n\t<meta property=\"og:image:type\" content=\"image\/webp\" \/>\n<meta name=\"author\" content=\"Reda\u00e7\u00e3o\" \/>\n<meta name=\"twitter:card\" content=\"summary_large_image\" \/>\n<meta name=\"twitter:creator\" content=\"@Notibras\" \/>\n<meta name=\"twitter:site\" content=\"@Notibras\" \/>\n<meta name=\"twitter:label1\" content=\"Escrito por\" \/>\n\t<meta name=\"twitter:data1\" content=\"Reda\u00e7\u00e3o\" \/>\n\t<meta name=\"twitter:label2\" content=\"Est. tempo de leitura\" \/>\n\t<meta name=\"twitter:data2\" content=\"1 minuto\" \/>\n<script type=\"application\/ld+json\" class=\"yoast-schema-graph\">{\"@context\":\"https:\/\/schema.org\",\"@graph\":[{\"@type\":\"Article\",\"@id\":\"https:\/\/www.notibras.com\/site\/biden-diz-a-xi-que-invasao-de-taiwan-tera-resposta-militar\/#article\",\"isPartOf\":{\"@id\":\"https:\/\/www.notibras.com\/site\/biden-diz-a-xi-que-invasao-de-taiwan-tera-resposta-militar\/\"},\"author\":{\"name\":\"Reda\u00e7\u00e3o\",\"@id\":\"https:\/\/www.notibras.com\/site\/#\/schema\/person\/36ab0979449956132d3e5b517ea76ac8\"},\"headline\":\"Biden diz a Xi que invas\u00e3o de Taiwan ter\u00e1 resposta dura\",\"datePublished\":\"2022-05-23T07:35:38+00:00\",\"dateModified\":\"2022-05-24T08:40:14+00:00\",\"mainEntityOfPage\":{\"@id\":\"https:\/\/www.notibras.com\/site\/biden-diz-a-xi-que-invasao-de-taiwan-tera-resposta-militar\/\"},\"wordCount\":274,\"publisher\":{\"@id\":\"https:\/\/www.notibras.com\/site\/#organization\"},\"image\":{\"@id\":\"https:\/\/www.notibras.com\/site\/biden-diz-a-xi-que-invasao-de-taiwan-tera-resposta-militar\/#primaryimage\"},\"thumbnailUrl\":\"https:\/\/www.notibras.com\/site\/wp-content\/uploads\/2022\/05\/eua.china_.taiwan.webp\",\"keywords\":[\"capa\"],\"articleSection\":[\"Apocalipse\"],\"inLanguage\":\"pt-BR\"},{\"@type\":\"WebPage\",\"@id\":\"https:\/\/www.notibras.com\/site\/biden-diz-a-xi-que-invasao-de-taiwan-tera-resposta-militar\/\",\"url\":\"https:\/\/www.notibras.com\/site\/biden-diz-a-xi-que-invasao-de-taiwan-tera-resposta-militar\/\",\"name\":\"Biden diz a Xi que invas\u00e3o de Taiwan ter\u00e1 resposta dura - Notibras\",\"isPartOf\":{\"@id\":\"https:\/\/www.notibras.com\/site\/#website\"},\"primaryImageOfPage\":{\"@id\":\"https:\/\/www.notibras.com\/site\/biden-diz-a-xi-que-invasao-de-taiwan-tera-resposta-militar\/#primaryimage\"},\"image\":{\"@id\":\"https:\/\/www.notibras.com\/site\/biden-diz-a-xi-que-invasao-de-taiwan-tera-resposta-militar\/#primaryimage\"},\"thumbnailUrl\":\"https:\/\/www.notibras.com\/site\/wp-content\/uploads\/2022\/05\/eua.china_.taiwan.webp\",\"datePublished\":\"2022-05-23T07:35:38+00:00\",\"dateModified\":\"2022-05-24T08:40:14+00:00\",\"breadcrumb\":{\"@id\":\"https:\/\/www.notibras.com\/site\/biden-diz-a-xi-que-invasao-de-taiwan-tera-resposta-militar\/#breadcrumb\"},\"inLanguage\":\"pt-BR\",\"potentialAction\":[{\"@type\":\"ReadAction\",\"target\":[\"https:\/\/www.notibras.com\/site\/biden-diz-a-xi-que-invasao-de-taiwan-tera-resposta-militar\/\"]}]},{\"@type\":\"ImageObject\",\"inLanguage\":\"pt-BR\",\"@id\":\"https:\/\/www.notibras.com\/site\/biden-diz-a-xi-que-invasao-de-taiwan-tera-resposta-militar\/#primaryimage\",\"url\":\"https:\/\/www.notibras.com\/site\/wp-content\/uploads\/2022\/05\/eua.china_.taiwan.webp\",\"contentUrl\":\"https:\/\/www.notibras.com\/site\/wp-content\/uploads\/2022\/05\/eua.china_.taiwan.webp\",\"width\":600,\"height\":337},{\"@type\":\"BreadcrumbList\",\"@id\":\"https:\/\/www.notibras.com\/site\/biden-diz-a-xi-que-invasao-de-taiwan-tera-resposta-militar\/#breadcrumb\",\"itemListElement\":[{\"@type\":\"ListItem\",\"position\":1,\"name\":\"In\u00edcio\",\"item\":\"https:\/\/www.notibras.com\/site\/\"},{\"@type\":\"ListItem\",\"position\":2,\"name\":\"Biden diz a Xi que invas\u00e3o de Taiwan ter\u00e1 resposta dura\"}]},{\"@type\":\"WebSite\",\"@id\":\"https:\/\/www.notibras.com\/site\/#website\",\"url\":\"https:\/\/www.notibras.com\/site\/\",\"name\":\"Notibras\",\"description\":\"Not\u00edcias de Bras\u00edlia, do Brasil e do Mundo\",\"publisher\":{\"@id\":\"https:\/\/www.notibras.com\/site\/#organization\"},\"potentialAction\":[{\"@type\":\"SearchAction\",\"target\":{\"@type\":\"EntryPoint\",\"urlTemplate\":\"https:\/\/www.notibras.com\/site\/?s={search_term_string}\"},\"query-input\":{\"@type\":\"PropertyValueSpecification\",\"valueRequired\":true,\"valueName\":\"search_term_string\"}}],\"inLanguage\":\"pt-BR\"},{\"@type\":\"Organization\",\"@id\":\"https:\/\/www.notibras.com\/site\/#organization\",\"name\":\"Grupo Notibras de Comunica\u00e7\u00e3o\",\"url\":\"https:\/\/www.notibras.com\/site\/\",\"logo\":{\"@type\":\"ImageObject\",\"inLanguage\":\"pt-BR\",\"@id\":\"https:\/\/www.notibras.com\/site\/#\/schema\/logo\/image\/\",\"url\":\"https:\/\/www.notibras.com\/site\/wp-content\/uploads\/2023\/01\/notibras23.png\",\"contentUrl\":\"https:\/\/www.notibras.com\/site\/wp-content\/uploads\/2023\/01\/notibras23.png\",\"width\":350,\"height\":87,\"caption\":\"Grupo Notibras de Comunica\u00e7\u00e3o\"},\"image\":{\"@id\":\"https:\/\/www.notibras.com\/site\/#\/schema\/logo\/image\/\"},\"sameAs\":[\"https:\/\/www.facebook.com\/notibras\/\",\"https:\/\/x.com\/Notibras\",\"https:\/\/www.instagram.com\/notibras\/\"]},{\"@type\":\"Person\",\"@id\":\"https:\/\/www.notibras.com\/site\/#\/schema\/person\/36ab0979449956132d3e5b517ea76ac8\",\"name\":\"Reda\u00e7\u00e3o\",\"image\":{\"@type\":\"ImageObject\",\"inLanguage\":\"pt-BR\",\"@id\":\"https:\/\/secure.gravatar.com\/avatar\/e0a867bdedb85fd243eadf09663511f96fc81e0720a4a42581f334ad4303aa6b?s=96&d=mm&r=g\",\"url\":\"https:\/\/secure.gravatar.com\/avatar\/e0a867bdedb85fd243eadf09663511f96fc81e0720a4a42581f334ad4303aa6b?s=96&d=mm&r=g\",\"contentUrl\":\"https:\/\/secure.gravatar.com\/avatar\/e0a867bdedb85fd243eadf09663511f96fc81e0720a4a42581f334ad4303aa6b?s=96&d=mm&r=g\",\"caption\":\"Reda\u00e7\u00e3o\"}}]}<\/script>\n<!-- \/ Yoast SEO plugin. -->","yoast_head_json":{"title":"Biden diz a Xi que invas\u00e3o de Taiwan ter\u00e1 resposta dura - Notibras","robots":{"index":"index","follow":"follow","max-snippet":"max-snippet:-1","max-image-preview":"max-image-preview:large","max-video-preview":"max-video-preview:-1"},"canonical":"https:\/\/www.notibras.com\/site\/biden-diz-a-xi-que-invasao-de-taiwan-tera-resposta-militar\/","og_locale":"pt_BR","og_type":"article","og_title":"Biden diz a Xi que invas\u00e3o de Taiwan ter\u00e1 resposta dura - Notibras","og_description":"O presidente dos Estados Unidos, Joe Biden, advertiu na madrugada desta segunda, 23, para que Pequim deixe de &#8220;flertar com o perigo&#8221;, \u00e0 medida que as tens\u00f5es em torno de Taiwan est\u00e3o aumentando. &#8220;Esse \u00e9 o compromisso que assumimos&#8221;, disse ele quando perguntado se Washington interviria militarmente contra uma poss\u00edvel tentativa de Pequim de assumir [&hellip;]","og_url":"https:\/\/www.notibras.com\/site\/biden-diz-a-xi-que-invasao-de-taiwan-tera-resposta-militar\/","og_site_name":"Notibras","article_publisher":"https:\/\/www.facebook.com\/notibras\/","article_published_time":"2022-05-23T07:35:38+00:00","article_modified_time":"2022-05-24T08:40:14+00:00","og_image":[{"width":600,"height":337,"url":"https:\/\/www.notibras.com\/site\/wp-content\/uploads\/2022\/05\/eua.china_.taiwan.webp","type":"image\/webp"}],"author":"Reda\u00e7\u00e3o","twitter_card":"summary_large_image","twitter_creator":"@Notibras","twitter_site":"@Notibras","twitter_misc":{"Escrito por":"Reda\u00e7\u00e3o","Est. tempo de leitura":"1 minuto"},"schema":{"@context":"https:\/\/schema.org","@graph":[{"@type":"Article","@id":"https:\/\/www.notibras.com\/site\/biden-diz-a-xi-que-invasao-de-taiwan-tera-resposta-militar\/#article","isPartOf":{"@id":"https:\/\/www.notibras.com\/site\/biden-diz-a-xi-que-invasao-de-taiwan-tera-resposta-militar\/"},"author":{"name":"Reda\u00e7\u00e3o","@id":"https:\/\/www.notibras.com\/site\/#\/schema\/person\/36ab0979449956132d3e5b517ea76ac8"},"headline":"Biden diz a Xi que invas\u00e3o de Taiwan ter\u00e1 resposta dura","datePublished":"2022-05-23T07:35:38+00:00","dateModified":"2022-05-24T08:40:14+00:00","mainEntityOfPage":{"@id":"https:\/\/www.notibras.com\/site\/biden-diz-a-xi-que-invasao-de-taiwan-tera-resposta-militar\/"},"wordCount":274,"publisher":{"@id":"https:\/\/www.notibras.com\/site\/#organization"},"image":{"@id":"https:\/\/www.notibras.com\/site\/biden-diz-a-xi-que-invasao-de-taiwan-tera-resposta-militar\/#primaryimage"},"thumbnailUrl":"https:\/\/www.notibras.com\/site\/wp-content\/uploads\/2022\/05\/eua.china_.taiwan.webp","keywords":["capa"],"articleSection":["Apocalipse"],"inLanguage":"pt-BR"},{"@type":"WebPage","@id":"https:\/\/www.notibras.com\/site\/biden-diz-a-xi-que-invasao-de-taiwan-tera-resposta-militar\/","url":"https:\/\/www.notibras.com\/site\/biden-diz-a-xi-que-invasao-de-taiwan-tera-resposta-militar\/","name":"Biden diz a Xi que invas\u00e3o de Taiwan ter\u00e1 resposta dura - Notibras","isPartOf":{"@id":"https:\/\/www.notibras.com\/site\/#website"},"primaryImageOfPage":{"@id":"https:\/\/www.notibras.com\/site\/biden-diz-a-xi-que-invasao-de-taiwan-tera-resposta-militar\/#primaryimage"},"image":{"@id":"https:\/\/www.notibras.com\/site\/biden-diz-a-xi-que-invasao-de-taiwan-tera-resposta-militar\/#primaryimage"},"thumbnailUrl":"https:\/\/www.notibras.com\/site\/wp-content\/uploads\/2022\/05\/eua.china_.taiwan.webp","datePublished":"2022-05-23T07:35:38+00:00","dateModified":"2022-05-24T08:40:14+00:00","breadcrumb":{"@id":"https:\/\/www.notibras.com\/site\/biden-diz-a-xi-que-invasao-de-taiwan-tera-resposta-militar\/#breadcrumb"},"inLanguage":"pt-BR","potentialAction":[{"@type":"ReadAction","target":["https:\/\/www.notibras.com\/site\/biden-diz-a-xi-que-invasao-de-taiwan-tera-resposta-militar\/"]}]},{"@type":"ImageObject","inLanguage":"pt-BR","@id":"https:\/\/www.notibras.com\/site\/biden-diz-a-xi-que-invasao-de-taiwan-tera-resposta-militar\/#primaryimage","url":"https:\/\/www.notibras.com\/site\/wp-content\/uploads\/2022\/05\/eua.china_.taiwan.webp","contentUrl":"https:\/\/www.notibras.com\/site\/wp-content\/uploads\/2022\/05\/eua.china_.taiwan.webp","width":600,"height":337},{"@type":"BreadcrumbList","@id":"https:\/\/www.notibras.com\/site\/biden-diz-a-xi-que-invasao-de-taiwan-tera-resposta-militar\/#breadcrumb","itemListElement":[{"@type":"ListItem","position":1,"name":"In\u00edcio","item":"https:\/\/www.notibras.com\/site\/"},{"@type":"ListItem","position":2,"name":"Biden diz a Xi que invas\u00e3o de Taiwan ter\u00e1 resposta dura"}]},{"@type":"WebSite","@id":"https:\/\/www.notibras.com\/site\/#website","url":"https:\/\/www.notibras.com\/site\/","name":"Notibras","description":"Not\u00edcias de Bras\u00edlia, do Brasil e do Mundo","publisher":{"@id":"https:\/\/www.notibras.com\/site\/#organization"},"potentialAction":[{"@type":"SearchAction","target":{"@type":"EntryPoint","urlTemplate":"https:\/\/www.notibras.com\/site\/?s={search_term_string}"},"query-input":{"@type":"PropertyValueSpecification","valueRequired":true,"valueName":"search_term_string"}}],"inLanguage":"pt-BR"},{"@type":"Organization","@id":"https:\/\/www.notibras.com\/site\/#organization","name":"Grupo Notibras de Comunica\u00e7\u00e3o","url":"https:\/\/www.notibras.com\/site\/","logo":{"@type":"ImageObject","inLanguage":"pt-BR","@id":"https:\/\/www.notibras.com\/site\/#\/schema\/logo\/image\/","url":"https:\/\/www.notibras.com\/site\/wp-content\/uploads\/2023\/01\/notibras23.png","contentUrl":"https:\/\/www.notibras.com\/site\/wp-content\/uploads\/2023\/01\/notibras23.png","width":350,"height":87,"caption":"Grupo Notibras de Comunica\u00e7\u00e3o"},"image":{"@id":"https:\/\/www.notibras.com\/site\/#\/schema\/logo\/image\/"},"sameAs":["https:\/\/www.facebook.com\/notibras\/","https:\/\/x.com\/Notibras","https:\/\/www.instagram.com\/notibras\/"]},{"@type":"Person","@id":"https:\/\/www.notibras.com\/site\/#\/schema\/person\/36ab0979449956132d3e5b517ea76ac8","name":"Reda\u00e7\u00e3o","image":{"@type":"ImageObject","inLanguage":"pt-BR","@id":"https:\/\/secure.gravatar.com\/avatar\/e0a867bdedb85fd243eadf09663511f96fc81e0720a4a42581f334ad4303aa6b?s=96&d=mm&r=g","url":"https:\/\/secure.gravatar.com\/avatar\/e0a867bdedb85fd243eadf09663511f96fc81e0720a4a42581f334ad4303aa6b?s=96&d=mm&r=g","contentUrl":"https:\/\/secure.gravatar.com\/avatar\/e0a867bdedb85fd243eadf09663511f96fc81e0720a4a42581f334ad4303aa6b?s=96&d=mm&r=g","caption":"Reda\u00e7\u00e3o"}}]}},"amp_enabled":true,"_links":{"self":[{"href":"https:\/\/www.notibras.com\/site\/wp-json\/wp\/v2\/posts\/286192","targetHints":{"allow":["GET"]}}],"collection":[{"href":"https:\/\/www.notibras.com\/site\/wp-json\/wp\/v2\/posts"}],"about":[{"href":"https:\/\/www.notibras.com\/site\/wp-json\/wp\/v2\/types\/post"}],"author":[{"embeddable":true,"href":"https:\/\/www.notibras.com\/site\/wp-json\/wp\/v2\/users\/2"}],"replies":[{"embeddable":true,"href":"https:\/\/www.notibras.com\/site\/wp-json\/wp\/v2\/comments?post=286192"}],"version-history":[{"count":4,"href":"https:\/\/www.notibras.com\/site\/wp-json\/wp\/v2\/posts\/286192\/revisions"}],"predecessor-version":[{"id":286303,"href":"https:\/\/www.notibras.com\/site\/wp-json\/wp\/v2\/posts\/286192\/revisions\/286303"}],"wp:featuredmedia":[{"embeddable":true,"href":"https:\/\/www.notibras.com\/site\/wp-json\/wp\/v2\/media\/286196"}],"wp:attachment":[{"href":"https:\/\/www.notibras.com\/site\/wp-json\/wp\/v2\/media?parent=286192"}],"wp:term":[{"taxonomy":"category","embeddable":true,"href":"https:\/\/www.notibras.com\/site\/wp-json\/wp\/v2\/categories?post=286192"},{"taxonomy":"post_tag","embeddable":true,"href":"https:\/\/www.notibras.com\/site\/wp-json\/wp\/v2\/tags?post=286192"}],"curies":[{"name":"wp","href":"https:\/\/api.w.org\/{rel}","templated":true}]}}