{"id":286198,"date":"2022-05-23T04:22:57","date_gmt":"2022-05-23T07:22:57","guid":{"rendered":"https:\/\/www.notibras.com\/site\/?p=286198"},"modified":"2022-05-23T04:57:04","modified_gmt":"2022-05-23T07:57:04","slug":"americanos-ocupam-groenlandia-sem-avisar-aliados","status":"publish","type":"post","link":"https:\/\/www.notibras.com\/site\/americanos-ocupam-groenlandia-sem-avisar-aliados\/","title":{"rendered":"Americanos ocupam Groenl\u00e2ndia sem avisar aliados"},"content":{"rendered":"<p>Os Estados Unidos t\u00eam amplos planos para um aumento militar no \u00c1rtico e investir\u00e3o na base de Thule, no norte da Groenl\u00e2ndia, afirmou o jornal dinamarqu\u00eas <em>Berlingske<\/em>, citando um relat\u00f3rio de uma autoridade de supervis\u00e3o dos EUA.<\/p>\n<p>Segundo o jornal, as partes n\u00e3o classificadas do relat\u00f3rio sugerem que bilh\u00f5es de d\u00f3lares ser\u00e3o gastos no \u00c1rtico, incluindo a base de Thule, que foi estabelecida na Groenl\u00e2ndia durante a Segunda Guerra Mundial.<\/p>\n<p>A base tem uma infraestrutura antiga que os EUA est\u00e3o interessados \u200b\u200bem atualizar, confirmou a For\u00e7a A\u00e9rea dos EUA ao jornal, sem dar mais detalhes.<\/p>\n<p>De acordo com o <em>Berlingske<\/em>, por\u00e9m, nem as autoridades groenlandesas nem o parlamento dinamarqu\u00eas est\u00e3o familiarizados com as atualiza\u00e7\u00f5es exatas que os EUA planejam implementar.<\/p>\n<p>Pipaluk Lynge Rasmussen, presidente do Comit\u00ea de Pol\u00edtica Externa e de Seguran\u00e7a do parlamento da Groenl\u00e2ndia e membro do partido governista IA, n\u00e3o ouviu falar de nenhum plano de atualiza\u00e7\u00e3o. \u201cQueremos participar quando se trata de n\u00f3s. Est\u00e1 em nosso pa\u00eds, ent\u00e3o queremos saber quando algo est\u00e1 acontecendo\u201d, disse ela ao jornal.<\/p>\n<p>A atualiza\u00e7\u00e3o da base de Thule tamb\u00e9m n\u00e3o est\u00e1 na agenda do Comit\u00ea da Groenl\u00e2ndia do Parlamento dinamarqu\u00eas ou do Comit\u00ea de Defesa.<\/p>\n<p>A deputada da AI Aaja Chemnitz Larsen, que representa a Groenl\u00e2ndia na Dinamarca, enfatizou a import\u00e2ncia primordial de manter o governo groenland\u00eas informado. De acordo com os acordos existentes entre os EUA, a Groenl\u00e2ndia e a Dinamarca, Washington deve consultar e informar os governos dinamarqu\u00eas e groenland\u00eas sobre qualquer mudan\u00e7a significativa nas opera\u00e7\u00f5es militares dos EUA na Groenl\u00e2ndia, que datam de d\u00e9cadas.<\/p>\n<p>Localizada a 1.210 km ao norte do C\u00edrculo Polar \u00c1rtico e a 1.524 km do P\u00f3lo Norte, a Base A\u00e9rea de Thule abriga partes da rede global de sensores de alerta de m\u00edsseis e vigil\u00e2ncia espacial.<\/p>\n<p>A Groenl\u00e2ndia, uma parte remota e est\u00e9ril do reino dinamarqu\u00eas com uma popula\u00e7\u00e3o de menos de 57.000 habitantes, foi uma col\u00f4nia at\u00e9 1953 e tornou-se um territ\u00f3rio semiaut\u00f4nomo em 1979. Goza de consider\u00e1vel autonomia e tem voz na maioria das quest\u00f5es, no entanto, continua amplamente dependente dos subs\u00eddios de Copenhaga, que representam cerca de um ter\u00e7o do seu or\u00e7amento.<\/p>\n<p>Embora a Groenl\u00e2ndia continue sendo parte do reino dinamarqu\u00eas, apesar do crescente desejo de independ\u00eancia total manifestado por v\u00e1rias partes, um tratado de 1951 d\u00e1 aos EUA um controle consider\u00e1vel sobre a maior ilha do mundo. No geral, desde 1867 os EUA consideraram, ou at\u00e9 fizeram, v\u00e1rias propostas para comprar a ilha da Dinamarca, a recente das quais durante a era Trump. O pedido foi categoricamente negado; azedou as rela\u00e7\u00f5es entre Washington e Copenhague e resultou em visitas de estado canceladas.<\/p>\n<p>As rela\u00e7\u00f5es da Groenl\u00e2ndia com os EUA t\u00eam sido marcadas pelos ecos do passado militar da era da Guerra Fria. Nos \u00faltimos anos, o governo da Groenl\u00e2ndia instou repetidamente os EUA a limpar 30 instala\u00e7\u00f5es militares enferrujadas, citando riscos de vazamento radioativo e qu\u00edmico.<\/p>\n","protected":false},"excerpt":{"rendered":"<p>Os Estados Unidos t\u00eam amplos planos para um aumento militar no \u00c1rtico e investir\u00e3o na base de Thule, no norte da Groenl\u00e2ndia, afirmou o jornal dinamarqu\u00eas Berlingske, citando um relat\u00f3rio de uma autoridade de supervis\u00e3o dos EUA. Segundo o jornal, as partes n\u00e3o classificadas do relat\u00f3rio sugerem que bilh\u00f5es de d\u00f3lares ser\u00e3o gastos no \u00c1rtico, [&hellip;]<\/p>\n","protected":false},"author":2,"featured_media":286199,"comment_status":"closed","ping_status":"closed","sticky":false,"template":"","format":"standard","meta":{"_acf_changed":false,"footnotes":""},"categories":[159],"tags":[95],"class_list":["post-286198","post","type-post","status-publish","format-standard","has-post-thumbnail","hentry","category-apocalipse","tag-capa"],"acf":[],"yoast_head":"<!-- This site is optimized with the Yoast SEO plugin v27.2 - https:\/\/yoast.com\/product\/yoast-seo-wordpress\/ -->\n<title>Americanos ocupam Groenl\u00e2ndia sem avisar aliados - Notibras<\/title>\n<meta name=\"robots\" content=\"index, follow, max-snippet:-1, max-image-preview:large, max-video-preview:-1\" \/>\n<link rel=\"canonical\" href=\"https:\/\/www.notibras.com\/site\/americanos-ocupam-groenlandia-sem-avisar-aliados\/\" \/>\n<meta property=\"og:locale\" content=\"pt_BR\" \/>\n<meta property=\"og:type\" content=\"article\" \/>\n<meta property=\"og:title\" content=\"Americanos ocupam Groenl\u00e2ndia sem avisar aliados - Notibras\" \/>\n<meta property=\"og:description\" content=\"Os Estados Unidos t\u00eam amplos planos para um aumento militar no \u00c1rtico e investir\u00e3o na base de Thule, no norte da Groenl\u00e2ndia, afirmou o jornal dinamarqu\u00eas Berlingske, citando um relat\u00f3rio de uma autoridade de supervis\u00e3o dos EUA. Segundo o jornal, as partes n\u00e3o classificadas do relat\u00f3rio sugerem que bilh\u00f5es de d\u00f3lares ser\u00e3o gastos no \u00c1rtico, [&hellip;]\" \/>\n<meta property=\"og:url\" content=\"https:\/\/www.notibras.com\/site\/americanos-ocupam-groenlandia-sem-avisar-aliados\/\" \/>\n<meta property=\"og:site_name\" content=\"Notibras\" \/>\n<meta property=\"article:publisher\" content=\"https:\/\/www.facebook.com\/notibras\/\" \/>\n<meta property=\"article:published_time\" content=\"2022-05-23T07:22:57+00:00\" \/>\n<meta property=\"article:modified_time\" content=\"2022-05-23T07:57:04+00:00\" \/>\n<meta property=\"og:image\" content=\"https:\/\/www.notibras.com\/site\/wp-content\/uploads\/2022\/05\/groenlandia.eua_.webp\" \/>\n\t<meta property=\"og:image:width\" content=\"1920\" \/>\n\t<meta property=\"og:image:height\" content=\"1080\" \/>\n\t<meta property=\"og:image:type\" content=\"image\/webp\" \/>\n<meta name=\"author\" content=\"Reda\u00e7\u00e3o\" \/>\n<meta name=\"twitter:card\" content=\"summary_large_image\" \/>\n<meta name=\"twitter:creator\" content=\"@Notibras\" \/>\n<meta name=\"twitter:site\" content=\"@Notibras\" \/>\n<meta name=\"twitter:label1\" content=\"Escrito por\" \/>\n\t<meta name=\"twitter:data1\" content=\"Reda\u00e7\u00e3o\" \/>\n\t<meta name=\"twitter:label2\" content=\"Est. tempo de leitura\" \/>\n\t<meta name=\"twitter:data2\" content=\"3 minutos\" \/>\n<script type=\"application\/ld+json\" class=\"yoast-schema-graph\">{\"@context\":\"https:\/\/schema.org\",\"@graph\":[{\"@type\":\"Article\",\"@id\":\"https:\/\/www.notibras.com\/site\/americanos-ocupam-groenlandia-sem-avisar-aliados\/#article\",\"isPartOf\":{\"@id\":\"https:\/\/www.notibras.com\/site\/americanos-ocupam-groenlandia-sem-avisar-aliados\/\"},\"author\":{\"name\":\"Reda\u00e7\u00e3o\",\"@id\":\"https:\/\/www.notibras.com\/site\/#\/schema\/person\/36ab0979449956132d3e5b517ea76ac8\"},\"headline\":\"Americanos ocupam Groenl\u00e2ndia sem avisar aliados\",\"datePublished\":\"2022-05-23T07:22:57+00:00\",\"dateModified\":\"2022-05-23T07:57:04+00:00\",\"mainEntityOfPage\":{\"@id\":\"https:\/\/www.notibras.com\/site\/americanos-ocupam-groenlandia-sem-avisar-aliados\/\"},\"wordCount\":548,\"publisher\":{\"@id\":\"https:\/\/www.notibras.com\/site\/#organization\"},\"image\":{\"@id\":\"https:\/\/www.notibras.com\/site\/americanos-ocupam-groenlandia-sem-avisar-aliados\/#primaryimage\"},\"thumbnailUrl\":\"https:\/\/www.notibras.com\/site\/wp-content\/uploads\/2022\/05\/groenlandia.eua_.webp\",\"keywords\":[\"capa\"],\"articleSection\":[\"Apocalipse\"],\"inLanguage\":\"pt-BR\"},{\"@type\":\"WebPage\",\"@id\":\"https:\/\/www.notibras.com\/site\/americanos-ocupam-groenlandia-sem-avisar-aliados\/\",\"url\":\"https:\/\/www.notibras.com\/site\/americanos-ocupam-groenlandia-sem-avisar-aliados\/\",\"name\":\"Americanos ocupam Groenl\u00e2ndia sem avisar aliados - Notibras\",\"isPartOf\":{\"@id\":\"https:\/\/www.notibras.com\/site\/#website\"},\"primaryImageOfPage\":{\"@id\":\"https:\/\/www.notibras.com\/site\/americanos-ocupam-groenlandia-sem-avisar-aliados\/#primaryimage\"},\"image\":{\"@id\":\"https:\/\/www.notibras.com\/site\/americanos-ocupam-groenlandia-sem-avisar-aliados\/#primaryimage\"},\"thumbnailUrl\":\"https:\/\/www.notibras.com\/site\/wp-content\/uploads\/2022\/05\/groenlandia.eua_.webp\",\"datePublished\":\"2022-05-23T07:22:57+00:00\",\"dateModified\":\"2022-05-23T07:57:04+00:00\",\"breadcrumb\":{\"@id\":\"https:\/\/www.notibras.com\/site\/americanos-ocupam-groenlandia-sem-avisar-aliados\/#breadcrumb\"},\"inLanguage\":\"pt-BR\",\"potentialAction\":[{\"@type\":\"ReadAction\",\"target\":[\"https:\/\/www.notibras.com\/site\/americanos-ocupam-groenlandia-sem-avisar-aliados\/\"]}]},{\"@type\":\"ImageObject\",\"inLanguage\":\"pt-BR\",\"@id\":\"https:\/\/www.notibras.com\/site\/americanos-ocupam-groenlandia-sem-avisar-aliados\/#primaryimage\",\"url\":\"https:\/\/www.notibras.com\/site\/wp-content\/uploads\/2022\/05\/groenlandia.eua_.webp\",\"contentUrl\":\"https:\/\/www.notibras.com\/site\/wp-content\/uploads\/2022\/05\/groenlandia.eua_.webp\",\"width\":1920,\"height\":1080},{\"@type\":\"BreadcrumbList\",\"@id\":\"https:\/\/www.notibras.com\/site\/americanos-ocupam-groenlandia-sem-avisar-aliados\/#breadcrumb\",\"itemListElement\":[{\"@type\":\"ListItem\",\"position\":1,\"name\":\"In\u00edcio\",\"item\":\"https:\/\/www.notibras.com\/site\/\"},{\"@type\":\"ListItem\",\"position\":2,\"name\":\"Americanos ocupam Groenl\u00e2ndia sem avisar aliados\"}]},{\"@type\":\"WebSite\",\"@id\":\"https:\/\/www.notibras.com\/site\/#website\",\"url\":\"https:\/\/www.notibras.com\/site\/\",\"name\":\"Notibras\",\"description\":\"Not\u00edcias de Bras\u00edlia, do Brasil e do Mundo\",\"publisher\":{\"@id\":\"https:\/\/www.notibras.com\/site\/#organization\"},\"potentialAction\":[{\"@type\":\"SearchAction\",\"target\":{\"@type\":\"EntryPoint\",\"urlTemplate\":\"https:\/\/www.notibras.com\/site\/?s={search_term_string}\"},\"query-input\":{\"@type\":\"PropertyValueSpecification\",\"valueRequired\":true,\"valueName\":\"search_term_string\"}}],\"inLanguage\":\"pt-BR\"},{\"@type\":\"Organization\",\"@id\":\"https:\/\/www.notibras.com\/site\/#organization\",\"name\":\"Grupo Notibras de Comunica\u00e7\u00e3o\",\"url\":\"https:\/\/www.notibras.com\/site\/\",\"logo\":{\"@type\":\"ImageObject\",\"inLanguage\":\"pt-BR\",\"@id\":\"https:\/\/www.notibras.com\/site\/#\/schema\/logo\/image\/\",\"url\":\"https:\/\/www.notibras.com\/site\/wp-content\/uploads\/2023\/01\/notibras23.png\",\"contentUrl\":\"https:\/\/www.notibras.com\/site\/wp-content\/uploads\/2023\/01\/notibras23.png\",\"width\":350,\"height\":87,\"caption\":\"Grupo Notibras de Comunica\u00e7\u00e3o\"},\"image\":{\"@id\":\"https:\/\/www.notibras.com\/site\/#\/schema\/logo\/image\/\"},\"sameAs\":[\"https:\/\/www.facebook.com\/notibras\/\",\"https:\/\/x.com\/Notibras\",\"https:\/\/www.instagram.com\/notibras\/\"]},{\"@type\":\"Person\",\"@id\":\"https:\/\/www.notibras.com\/site\/#\/schema\/person\/36ab0979449956132d3e5b517ea76ac8\",\"name\":\"Reda\u00e7\u00e3o\",\"image\":{\"@type\":\"ImageObject\",\"inLanguage\":\"pt-BR\",\"@id\":\"https:\/\/secure.gravatar.com\/avatar\/e0a867bdedb85fd243eadf09663511f96fc81e0720a4a42581f334ad4303aa6b?s=96&d=mm&r=g\",\"url\":\"https:\/\/secure.gravatar.com\/avatar\/e0a867bdedb85fd243eadf09663511f96fc81e0720a4a42581f334ad4303aa6b?s=96&d=mm&r=g\",\"contentUrl\":\"https:\/\/secure.gravatar.com\/avatar\/e0a867bdedb85fd243eadf09663511f96fc81e0720a4a42581f334ad4303aa6b?s=96&d=mm&r=g\",\"caption\":\"Reda\u00e7\u00e3o\"}}]}<\/script>\n<!-- \/ Yoast SEO plugin. -->","yoast_head_json":{"title":"Americanos ocupam Groenl\u00e2ndia sem avisar aliados - Notibras","robots":{"index":"index","follow":"follow","max-snippet":"max-snippet:-1","max-image-preview":"max-image-preview:large","max-video-preview":"max-video-preview:-1"},"canonical":"https:\/\/www.notibras.com\/site\/americanos-ocupam-groenlandia-sem-avisar-aliados\/","og_locale":"pt_BR","og_type":"article","og_title":"Americanos ocupam Groenl\u00e2ndia sem avisar aliados - Notibras","og_description":"Os Estados Unidos t\u00eam amplos planos para um aumento militar no \u00c1rtico e investir\u00e3o na base de Thule, no norte da Groenl\u00e2ndia, afirmou o jornal dinamarqu\u00eas Berlingske, citando um relat\u00f3rio de uma autoridade de supervis\u00e3o dos EUA. Segundo o jornal, as partes n\u00e3o classificadas do relat\u00f3rio sugerem que bilh\u00f5es de d\u00f3lares ser\u00e3o gastos no \u00c1rtico, [&hellip;]","og_url":"https:\/\/www.notibras.com\/site\/americanos-ocupam-groenlandia-sem-avisar-aliados\/","og_site_name":"Notibras","article_publisher":"https:\/\/www.facebook.com\/notibras\/","article_published_time":"2022-05-23T07:22:57+00:00","article_modified_time":"2022-05-23T07:57:04+00:00","og_image":[{"width":1920,"height":1080,"url":"https:\/\/www.notibras.com\/site\/wp-content\/uploads\/2022\/05\/groenlandia.eua_.webp","type":"image\/webp"}],"author":"Reda\u00e7\u00e3o","twitter_card":"summary_large_image","twitter_creator":"@Notibras","twitter_site":"@Notibras","twitter_misc":{"Escrito por":"Reda\u00e7\u00e3o","Est. tempo de leitura":"3 minutos"},"schema":{"@context":"https:\/\/schema.org","@graph":[{"@type":"Article","@id":"https:\/\/www.notibras.com\/site\/americanos-ocupam-groenlandia-sem-avisar-aliados\/#article","isPartOf":{"@id":"https:\/\/www.notibras.com\/site\/americanos-ocupam-groenlandia-sem-avisar-aliados\/"},"author":{"name":"Reda\u00e7\u00e3o","@id":"https:\/\/www.notibras.com\/site\/#\/schema\/person\/36ab0979449956132d3e5b517ea76ac8"},"headline":"Americanos ocupam Groenl\u00e2ndia sem avisar aliados","datePublished":"2022-05-23T07:22:57+00:00","dateModified":"2022-05-23T07:57:04+00:00","mainEntityOfPage":{"@id":"https:\/\/www.notibras.com\/site\/americanos-ocupam-groenlandia-sem-avisar-aliados\/"},"wordCount":548,"publisher":{"@id":"https:\/\/www.notibras.com\/site\/#organization"},"image":{"@id":"https:\/\/www.notibras.com\/site\/americanos-ocupam-groenlandia-sem-avisar-aliados\/#primaryimage"},"thumbnailUrl":"https:\/\/www.notibras.com\/site\/wp-content\/uploads\/2022\/05\/groenlandia.eua_.webp","keywords":["capa"],"articleSection":["Apocalipse"],"inLanguage":"pt-BR"},{"@type":"WebPage","@id":"https:\/\/www.notibras.com\/site\/americanos-ocupam-groenlandia-sem-avisar-aliados\/","url":"https:\/\/www.notibras.com\/site\/americanos-ocupam-groenlandia-sem-avisar-aliados\/","name":"Americanos ocupam Groenl\u00e2ndia sem avisar aliados - Notibras","isPartOf":{"@id":"https:\/\/www.notibras.com\/site\/#website"},"primaryImageOfPage":{"@id":"https:\/\/www.notibras.com\/site\/americanos-ocupam-groenlandia-sem-avisar-aliados\/#primaryimage"},"image":{"@id":"https:\/\/www.notibras.com\/site\/americanos-ocupam-groenlandia-sem-avisar-aliados\/#primaryimage"},"thumbnailUrl":"https:\/\/www.notibras.com\/site\/wp-content\/uploads\/2022\/05\/groenlandia.eua_.webp","datePublished":"2022-05-23T07:22:57+00:00","dateModified":"2022-05-23T07:57:04+00:00","breadcrumb":{"@id":"https:\/\/www.notibras.com\/site\/americanos-ocupam-groenlandia-sem-avisar-aliados\/#breadcrumb"},"inLanguage":"pt-BR","potentialAction":[{"@type":"ReadAction","target":["https:\/\/www.notibras.com\/site\/americanos-ocupam-groenlandia-sem-avisar-aliados\/"]}]},{"@type":"ImageObject","inLanguage":"pt-BR","@id":"https:\/\/www.notibras.com\/site\/americanos-ocupam-groenlandia-sem-avisar-aliados\/#primaryimage","url":"https:\/\/www.notibras.com\/site\/wp-content\/uploads\/2022\/05\/groenlandia.eua_.webp","contentUrl":"https:\/\/www.notibras.com\/site\/wp-content\/uploads\/2022\/05\/groenlandia.eua_.webp","width":1920,"height":1080},{"@type":"BreadcrumbList","@id":"https:\/\/www.notibras.com\/site\/americanos-ocupam-groenlandia-sem-avisar-aliados\/#breadcrumb","itemListElement":[{"@type":"ListItem","position":1,"name":"In\u00edcio","item":"https:\/\/www.notibras.com\/site\/"},{"@type":"ListItem","position":2,"name":"Americanos ocupam Groenl\u00e2ndia sem avisar aliados"}]},{"@type":"WebSite","@id":"https:\/\/www.notibras.com\/site\/#website","url":"https:\/\/www.notibras.com\/site\/","name":"Notibras","description":"Not\u00edcias de Bras\u00edlia, do Brasil e do Mundo","publisher":{"@id":"https:\/\/www.notibras.com\/site\/#organization"},"potentialAction":[{"@type":"SearchAction","target":{"@type":"EntryPoint","urlTemplate":"https:\/\/www.notibras.com\/site\/?s={search_term_string}"},"query-input":{"@type":"PropertyValueSpecification","valueRequired":true,"valueName":"search_term_string"}}],"inLanguage":"pt-BR"},{"@type":"Organization","@id":"https:\/\/www.notibras.com\/site\/#organization","name":"Grupo Notibras de Comunica\u00e7\u00e3o","url":"https:\/\/www.notibras.com\/site\/","logo":{"@type":"ImageObject","inLanguage":"pt-BR","@id":"https:\/\/www.notibras.com\/site\/#\/schema\/logo\/image\/","url":"https:\/\/www.notibras.com\/site\/wp-content\/uploads\/2023\/01\/notibras23.png","contentUrl":"https:\/\/www.notibras.com\/site\/wp-content\/uploads\/2023\/01\/notibras23.png","width":350,"height":87,"caption":"Grupo Notibras de Comunica\u00e7\u00e3o"},"image":{"@id":"https:\/\/www.notibras.com\/site\/#\/schema\/logo\/image\/"},"sameAs":["https:\/\/www.facebook.com\/notibras\/","https:\/\/x.com\/Notibras","https:\/\/www.instagram.com\/notibras\/"]},{"@type":"Person","@id":"https:\/\/www.notibras.com\/site\/#\/schema\/person\/36ab0979449956132d3e5b517ea76ac8","name":"Reda\u00e7\u00e3o","image":{"@type":"ImageObject","inLanguage":"pt-BR","@id":"https:\/\/secure.gravatar.com\/avatar\/e0a867bdedb85fd243eadf09663511f96fc81e0720a4a42581f334ad4303aa6b?s=96&d=mm&r=g","url":"https:\/\/secure.gravatar.com\/avatar\/e0a867bdedb85fd243eadf09663511f96fc81e0720a4a42581f334ad4303aa6b?s=96&d=mm&r=g","contentUrl":"https:\/\/secure.gravatar.com\/avatar\/e0a867bdedb85fd243eadf09663511f96fc81e0720a4a42581f334ad4303aa6b?s=96&d=mm&r=g","caption":"Reda\u00e7\u00e3o"}}]}},"amp_enabled":true,"_links":{"self":[{"href":"https:\/\/www.notibras.com\/site\/wp-json\/wp\/v2\/posts\/286198","targetHints":{"allow":["GET"]}}],"collection":[{"href":"https:\/\/www.notibras.com\/site\/wp-json\/wp\/v2\/posts"}],"about":[{"href":"https:\/\/www.notibras.com\/site\/wp-json\/wp\/v2\/types\/post"}],"author":[{"embeddable":true,"href":"https:\/\/www.notibras.com\/site\/wp-json\/wp\/v2\/users\/2"}],"replies":[{"embeddable":true,"href":"https:\/\/www.notibras.com\/site\/wp-json\/wp\/v2\/comments?post=286198"}],"version-history":[{"count":1,"href":"https:\/\/www.notibras.com\/site\/wp-json\/wp\/v2\/posts\/286198\/revisions"}],"predecessor-version":[{"id":286200,"href":"https:\/\/www.notibras.com\/site\/wp-json\/wp\/v2\/posts\/286198\/revisions\/286200"}],"wp:featuredmedia":[{"embeddable":true,"href":"https:\/\/www.notibras.com\/site\/wp-json\/wp\/v2\/media\/286199"}],"wp:attachment":[{"href":"https:\/\/www.notibras.com\/site\/wp-json\/wp\/v2\/media?parent=286198"}],"wp:term":[{"taxonomy":"category","embeddable":true,"href":"https:\/\/www.notibras.com\/site\/wp-json\/wp\/v2\/categories?post=286198"},{"taxonomy":"post_tag","embeddable":true,"href":"https:\/\/www.notibras.com\/site\/wp-json\/wp\/v2\/tags?post=286198"}],"curies":[{"name":"wp","href":"https:\/\/api.w.org\/{rel}","templated":true}]}}