{"id":286387,"date":"2022-05-25T09:22:21","date_gmt":"2022-05-25T12:22:21","guid":{"rendered":"https:\/\/www.notibras.com\/site\/?p=286387"},"modified":"2022-05-25T09:22:21","modified_gmt":"2022-05-25T12:22:21","slug":"brasileiro-antecipa-o-pesadelo-de-uma-catastrofe-politica","status":"publish","type":"post","link":"https:\/\/www.notibras.com\/site\/brasileiro-antecipa-o-pesadelo-de-uma-catastrofe-politica\/","title":{"rendered":"Brasileiro antecipa o pesadelo de uma cat\u00e1strofe pol\u00edtica"},"content":{"rendered":"<p>Num conto de fadas \u00e0s avessas, o malfeitor, travestido de pr\u00edncipe, se casa em alto estilo com a plebeia oportunista que o visitava na masmorra e a promove \u00e0 condi\u00e7\u00e3o de novo \u00e1libi, com direito a viver numa mans\u00e3o alugada com dinheiro roubado.<\/p>\n<p>Enquanto aguarda ser ressarcido dos \u201cpreju\u00edzos\u201d que a verdadeira justi\u00e7a lhe imp\u00f4s, sonha desfilar em carro aberto com sua terceira dama, coroado sob os ausp\u00edcios da Corte pol\u00edtica que deveria fazer justi\u00e7a aos seus crimes hediondos cometidos contra a Na\u00e7\u00e3o.<\/p>\n<p>O que causa mais indigna\u00e7\u00e3o nos s\u00faditos subjugados \u00e9 que as senten\u00e7as anuladas por seus lacaios de toga vermelha e que o trouxeram a essa condi\u00e7\u00e3o s\u00e3o apenas roubos de galinha, comparados \u00e0 pilhagem de todos os stores da administra\u00e7\u00e3o p\u00fablica e os crimes hediondos cometidos contra os valores e a fam\u00edlia, que sequer foram ou ser\u00e3o julgados.<\/p>\n<p>Ainda somos obrigados a ouvir suas blasf\u00eamias: \u201cN\u00e3o existe uma viva alma mais honesta do que eu. Em honestidade, s\u00f3 Jesus ganha de mim.\u201d<\/p>\n<p>Assim, como na lenda de Peter Pan, o Brasil se recusa a crescer e aceita esse aviltamento jur\u00eddico. Vive aprisionado ao nunca, essa palavra maldita que incorporou sua maldi\u00e7\u00e3o \u00e0 hist\u00f3ria e aos costumes dos brasileiros.<\/p>\n<p>\u201cO gigante adormecido\u201d, \u201cdeitado eternamente em ber\u00e7o espl\u00eandido\u201d, \u201co Pa\u00eds do futuro\u201d que parece que nunca vamos ser, tudo conspira para que um povo criativo e empreendedor nunca tenha recebido um Pr\u00eamio Nobel; a maior Na\u00e7\u00e3o cat\u00f3lica nunca elegeu um Papa; a dona das maiores reservas de bens naturais nunca conseguiu usufruir convenientemente suas riquezas. Nunca, nunca, nunca.<\/p>\n<p>Nunca na hist\u00f3ria deste Pa\u00eds a Na\u00e7\u00e3o e seus cidad\u00e3os foram t\u00e3o afrontados por uma justi\u00e7a t\u00e3o venal e desmoralizada e por uma criminalidade t\u00e3o protegida por essa Corte de mentirinha, onde seus membros sem \u201cnot\u00e1vel saber jur\u00eddico e reputa\u00e7\u00e3o ilibada\u201d julgam sem ser ju\u00edzes; governam sem ser eleitos; condenam por crimes fict\u00edcios; divagam em rebuscados conceitos sem bases legais para libertar e proteger criminosos, tudo na base do \u201cfalei t\u00e1 falado\u201d.<\/p>\n<p>Assim, v\u00e3o fazendo sua justi\u00e7a de mentirinha e promovendo uma tirania de verdade, porque o povo e as institui\u00e7\u00f5es n\u00e3o encontram vontade suficiente para reagir.<\/p>\n<p>O Brasil est\u00e1 vivendo um pesadelo daqueles em que estamos prestes a ser v\u00edtimas de uma grande cat\u00e1strofe e n\u00e3o parece haver nada ou ningu\u00e9m capaz fazer-nos despertar e estancar essa barb\u00e1rie.<\/p>\n<p>Estamos sendo levados de rold\u00e3o rumo a um precip\u00edcio, cantando o Hino e enrolados no Pavilh\u00e3o Nacional.<\/p>\n","protected":false},"excerpt":{"rendered":"<p>Num conto de fadas \u00e0s avessas, o malfeitor, travestido de pr\u00edncipe, se casa em alto estilo com a plebeia oportunista que o visitava na masmorra e a promove \u00e0 condi\u00e7\u00e3o de novo \u00e1libi, com direito a viver numa mans\u00e3o alugada com dinheiro roubado. Enquanto aguarda ser ressarcido dos \u201cpreju\u00edzos\u201d que a verdadeira justi\u00e7a lhe imp\u00f4s, [&hellip;]<\/p>\n","protected":false},"author":2,"featured_media":127443,"comment_status":"closed","ping_status":"closed","sticky":false,"template":"","format":"standard","meta":{"_acf_changed":false,"footnotes":""},"categories":[26],"tags":[],"class_list":["post-286387","post","type-post","status-publish","format-standard","has-post-thumbnail","hentry","category-eleicoes-2022"],"acf":[],"_links":{"self":[{"href":"https:\/\/www.notibras.com\/site\/wp-json\/wp\/v2\/posts\/286387","targetHints":{"allow":["GET"]}}],"collection":[{"href":"https:\/\/www.notibras.com\/site\/wp-json\/wp\/v2\/posts"}],"about":[{"href":"https:\/\/www.notibras.com\/site\/wp-json\/wp\/v2\/types\/post"}],"author":[{"embeddable":true,"href":"https:\/\/www.notibras.com\/site\/wp-json\/wp\/v2\/users\/2"}],"replies":[{"embeddable":true,"href":"https:\/\/www.notibras.com\/site\/wp-json\/wp\/v2\/comments?post=286387"}],"version-history":[{"count":1,"href":"https:\/\/www.notibras.com\/site\/wp-json\/wp\/v2\/posts\/286387\/revisions"}],"predecessor-version":[{"id":286388,"href":"https:\/\/www.notibras.com\/site\/wp-json\/wp\/v2\/posts\/286387\/revisions\/286388"}],"wp:featuredmedia":[{"embeddable":true,"href":"https:\/\/www.notibras.com\/site\/wp-json\/wp\/v2\/media\/127443"}],"wp:attachment":[{"href":"https:\/\/www.notibras.com\/site\/wp-json\/wp\/v2\/media?parent=286387"}],"wp:term":[{"taxonomy":"category","embeddable":true,"href":"https:\/\/www.notibras.com\/site\/wp-json\/wp\/v2\/categories?post=286387"},{"taxonomy":"post_tag","embeddable":true,"href":"https:\/\/www.notibras.com\/site\/wp-json\/wp\/v2\/tags?post=286387"}],"curies":[{"name":"wp","href":"https:\/\/api.w.org\/{rel}","templated":true}]}}