{"id":286389,"date":"2022-05-25T09:30:13","date_gmt":"2022-05-25T12:30:13","guid":{"rendered":"https:\/\/www.notibras.com\/site\/?p=286389"},"modified":"2022-05-25T09:31:38","modified_gmt":"2022-05-25T12:31:38","slug":"deus-brasileiro-precisa-salvar-o-povo-do-fanatismo","status":"publish","type":"post","link":"https:\/\/www.notibras.com\/site\/deus-brasileiro-precisa-salvar-o-povo-do-fanatismo\/","title":{"rendered":"Deus, brasileiro, precisa salvar o povo do fanatismo"},"content":{"rendered":"<p>Exibi\u00e7\u00e3o de bandeiras, algumas com mensagens amea\u00e7adoras, discursos pat\u00e9ticos e gritos estridentes em apoio ao mito marcaram a 28\u00aa Marcha para Jesus, realizada no \u00faltimo fim de semana, em Curitiba. Para sorte do Brasil e de expressiva parcela de brasileiros, a aus\u00eancia mais sentida foi a de Deus. Certamente ocupado com coisas mais s\u00e9rias, o Mestre dos mestres n\u00e3o participou, tampouco mandou representante. Provavelmente Ele foi informado a tempo que a divindade menor havia preparado um improviso, por meio do qual repetiria aos evang\u00e9licos fanatizados o mantra herege de que somente Ele (Deus) o tira do Pal\u00e1cio do Planalto.<\/p>\n<p>Pedindo perd\u00e3o antecipado por tamb\u00e9m profanar o nome divino, n\u00e3o custa lembrar aos seguidores, inclusive \u00e0queles que, a exemplo da maioria dos brasileiros, vivem no perrengue, que o intr\u00e9pido mito de barro marcha com quem estiver ao seu alcance, mas pelo voto e n\u00e3o por Jesus, que n\u00e3o tolera vendilh\u00f5es dos templos, mentirosos, pastores de p\u00e9ssima conduta, bem como renega cobradores de d\u00edzimos em minist\u00e9rios e defensores da tirania. Todos sabem disso, mas naturalmente esquecem que os falsos profetas s\u00e3o treinados na arte de iludir com palavras suaves antes de proferir xingamentos, amea\u00e7as e maldi\u00e7\u00f5es contra quem se meter em seus caminhos.<\/p>\n<p>O problema \u00e9 que eles se traem. Os pseudos vision\u00e1rios t\u00eam o interesse ego\u00edsta como marca registrada. Exemplo disso \u00e9 o Deus que, sem consulta pr\u00e9via, o Messias da Esplanada dos Minist\u00e9rios incluiu no slogan de governo. Interessante s\u00e3o os admiradores do presidente evang\u00e9lico de ocasi\u00e3o. Eles n\u00e3o aceitam as imagens da Igreja Cat\u00f3lica, mas idolatram um ser imagin\u00e1rio que nunca fez nada por eles. Na verdade, nunca fez nada por ningu\u00e9m que n\u00e3o fosse da fam\u00edlia. \u00c9 bom que se diga que o termo mito \u00e9 um relato imagin\u00e1rio, abstrato, por vezes utilizado de forma pejorativa para se referir \u00e0s cren\u00e7as sem fundamento objetivo ou cient\u00edfico.<\/p>\n<p>Portanto, n\u00e3o \u00e9 uma hist\u00f3ria verdadeira. Deus tamb\u00e9m \u00e9 abstrato, mas nem mesmo os terrivelmente evang\u00e9licos duvidam de sua exist\u00eancia suprema. Tanto que, usando da f\u00e9 que os fieis depositam Nele, tiram dos mais pobres para cobrir telhados de ricos. Esse Deus, cujo nome tem sido usado em v\u00e3o, talvez tenha apostado nas boas pr\u00e1ticas anunciadas em campanha. Talvez Ele tivesse certeza de que um governo terrivelmente crist\u00e3o e absurdamente honesto trabalharia para tirar da pobreza extrema centenas de milhares de brasileiros.<\/p>\n<p>Pensou errado. At\u00e9 agora, quase tr\u00eas anos e meio ap\u00f3s a posse, o verdadeiro povo de f\u00e9 continua levantando as m\u00e3os para o c\u00e9u \u00e0 espera de um milagre. Os dias melhores prometidos nunca chegaram e, a depender da m\u00e1 vontade do governante maior, jamais chegar\u00e3o. Muito pelo contr\u00e1rio. Ficar\u00e3o ainda mais dif\u00edceis, principalmente se o desgoverno se mantiver. Vez por outra a massa do rancor e da f\u00faria recorre a Deus, mas, pelas proposi\u00e7\u00f5es apresentadas, fica claro que o \u00f3dio destilado diariamente no cercadinho onde se re\u00fanem os apoiadores do nada n\u00e3o se limita \u00e0queles que hoje defendem a democracia com unhas e dentes. Atinge sobretudo a maioria da popula\u00e7\u00e3o que vive com o dinheirinho contado para comer.<\/p>\n<p>Esse povo, tamb\u00e9m denominado de obreiro nos cultos arrecadadores, tende a perder uma de suas maiores conquistas. Tramita na Comiss\u00e3o de Constitui\u00e7\u00e3o e Justi\u00e7a da C\u00e2mara uma emenda constitucional (PEC) dispondo sobre a cobran\u00e7a de mensalidades nas universidades p\u00fablicas. Se a ideia \u00e9 economizar recursos decorrentes de impostos, bem que suas excel\u00eancias poderiam come\u00e7ar pelos sal\u00e1rios e vantagens absurdas que recebem. De autoria do deputado aliado General Peternelli, o jabuti oficial tem apoio do deputado Kim Kataguiri, cujo relat\u00f3rio \u00e9 pela admissibilidade da proposta. Ou seja, o governo de Deus parece defender dificuldades para o pobre se educar. Ser\u00e1 que a inten\u00e7\u00e3o \u00e9 buscar facilidades para governos intolerantes manipul\u00e1-lo quando bem entender? Que Deus nos salve de mais esse infort\u00fanio e do fanatismo que afasta o Brasil do seu povo.<\/p>\n","protected":false},"excerpt":{"rendered":"<p>Exibi\u00e7\u00e3o de bandeiras, algumas com mensagens amea\u00e7adoras, discursos pat\u00e9ticos e gritos estridentes em apoio ao mito marcaram a 28\u00aa Marcha para Jesus, realizada no \u00faltimo fim de semana, em Curitiba. Para sorte do Brasil e de expressiva parcela de brasileiros, a aus\u00eancia mais sentida foi a de Deus. Certamente ocupado com coisas mais s\u00e9rias, o [&hellip;]<\/p>\n","protected":false},"author":2,"featured_media":204467,"comment_status":"closed","ping_status":"closed","sticky":false,"template":"","format":"standard","meta":{"_acf_changed":false,"footnotes":""},"categories":[26],"tags":[],"class_list":["post-286389","post","type-post","status-publish","format-standard","has-post-thumbnail","hentry","category-eleicoes-2022"],"acf":[],"_links":{"self":[{"href":"https:\/\/www.notibras.com\/site\/wp-json\/wp\/v2\/posts\/286389","targetHints":{"allow":["GET"]}}],"collection":[{"href":"https:\/\/www.notibras.com\/site\/wp-json\/wp\/v2\/posts"}],"about":[{"href":"https:\/\/www.notibras.com\/site\/wp-json\/wp\/v2\/types\/post"}],"author":[{"embeddable":true,"href":"https:\/\/www.notibras.com\/site\/wp-json\/wp\/v2\/users\/2"}],"replies":[{"embeddable":true,"href":"https:\/\/www.notibras.com\/site\/wp-json\/wp\/v2\/comments?post=286389"}],"version-history":[{"count":2,"href":"https:\/\/www.notibras.com\/site\/wp-json\/wp\/v2\/posts\/286389\/revisions"}],"predecessor-version":[{"id":286391,"href":"https:\/\/www.notibras.com\/site\/wp-json\/wp\/v2\/posts\/286389\/revisions\/286391"}],"wp:featuredmedia":[{"embeddable":true,"href":"https:\/\/www.notibras.com\/site\/wp-json\/wp\/v2\/media\/204467"}],"wp:attachment":[{"href":"https:\/\/www.notibras.com\/site\/wp-json\/wp\/v2\/media?parent=286389"}],"wp:term":[{"taxonomy":"category","embeddable":true,"href":"https:\/\/www.notibras.com\/site\/wp-json\/wp\/v2\/categories?post=286389"},{"taxonomy":"post_tag","embeddable":true,"href":"https:\/\/www.notibras.com\/site\/wp-json\/wp\/v2\/tags?post=286389"}],"curies":[{"name":"wp","href":"https:\/\/api.w.org\/{rel}","templated":true}]}}