{"id":286404,"date":"2022-05-25T16:48:44","date_gmt":"2022-05-25T19:48:44","guid":{"rendered":"https:\/\/www.notibras.com\/site\/?p=286404"},"modified":"2022-05-25T16:54:53","modified_gmt":"2022-05-25T19:54:53","slug":"trump-teme-que-trapalhadas-de-biden-provoquem-guerra-nuclear","status":"publish","type":"post","link":"https:\/\/www.notibras.com\/site\/trump-teme-que-trapalhadas-de-biden-provoquem-guerra-nuclear\/","title":{"rendered":"Trump teme que trapalhadas de Biden provoquem guerra nuclear"},"content":{"rendered":"<p>O magnata dos neg\u00f3cios de boca impetuosa que democratas e especialistas previram que lan\u00e7aria uma nova grande guerra durante seu mandato, tornou-se o primeiro presidente desde Jimmy Carter a n\u00e3o entrar com as for\u00e7as dos EUA em uma conflagra\u00e7\u00e3o, mas, ao contr\u00e1rio, reduziu a estabilidade estrat\u00e9gica global, ao relegar tratados com a R\u00fassia e Ir\u00e3.<\/p>\n<p>Agora, Donald Trump volta \u00e0 carga. E diz que os Estados Unidos parecem estar caminhando para um confronto com seus advers\u00e1rios com armas nucleares, no caso, R\u00fassia ou China. \u201cNunca pensei, em minha imagina\u00e7\u00e3o mais selvagem, que os Estados Unidos estariam envolvidos em uma guerra nuclear. Vejo, no entanto, por causa da ret\u00f3rica de nossos l\u00edderes e da escolha muito ruim de palavras. Isso \u00e9 mais prov\u00e1vel que aconte\u00e7a do que n\u00e3o\u201d, escreveu o ex-presidente em suas redes sociais.<\/p>\n<p>\u201cR\u00fassia\/Ucr\u00e2nia nunca teria acontecido sob uma administra\u00e7\u00e3o Trump. Agora h\u00e1 menos cartas para jogar, mas ainda muito jog\u00e1veis. China em seguida?\u201d ele adicionou. Trump n\u00e3o esclareceu o que quis dizer com sua observa\u00e7\u00e3o de \u201cmenos cartas para jogar\u201d. Seus coment\u00e1rios seguiram as declara\u00e7\u00f5es controversas do presidente Joe Biden, de que os Estados Unidos se envolveriam militarmente para \u201cdefender\u201d Taiwan no caso de uma invas\u00e3o chinesa.<\/p>\n<p>Pequim respondeu lan\u00e7ando exerc\u00edcios militares ao largo da ilha, que a Rep\u00fablica Popular reivindica como seu territ\u00f3rio soberano. A Casa Branca entrou no modo de controle de danos para garantir aos aliados e advers\u00e1rios que a pol\u00edtica dos EUA em rela\u00e7\u00e3o a Taiwan \u201cn\u00e3o mudou\u201d.<\/p>\n<p>Em entrevista ao <em>Real America&#8217;s Voice,<\/em> Trump tamb\u00e9m expressou sentimentos semelhantes. \u201cTudo o que sei \u00e9 o seguinte: nosso pa\u00eds provavelmente nunca esteve pior do que agora. Acho que corremos o maior perigo de uma guerra nuclear. Eu nunca teria pensado que isso aconteceria. Estamos apenas em grande perigo. N\u00e3o somos mais um pa\u00eds respeitado\u201d, enfatizou.<\/p>\n<p>Os coment\u00e1rios de Trump contrastam fortemente com as observa\u00e7\u00f5es que ele fez em uma entrevista com Piers Morgan no m\u00eas passado, quando amea\u00e7ou Moscou com submarinos nucleares indo e vindo \u201cpara cima e para baixo\u201d ao longo da costa da R\u00fassia sobre o uso \u201cconstante\u201d do presidente Vladimir Putin da \u201cpalavra n\u201d.<\/p>\n<p>\u201cPutin usa a &#8216;palavra-n&#8217;. Eu chamo isso de &#8216;n-palavra&#8217;. Ele usa a &#8216;n-word&#8217;, a &#8216;palavra nuclear&#8217; o tempo todo. Isso \u00e9 um n\u00e3o-n\u00e3o, voc\u00ea n\u00e3o deveria fazer isso. Ele o usa diariamente\u201d, afirmou Trump. O ex-presidente garantiu que, se ainda estivesse no poder, diria ao seu hom\u00f3logo russo que \u201cn\u00f3s temos muito mais [armas nucleares] do que voc\u00ea&#8230; E voc\u00ea n\u00e3o pode usar essa palavra nunca mais\u201d.<\/p>\n<p>Donald Trump se tornou o primeiro presidente americano em d\u00e9cadas a n\u00e3o envolver as for\u00e7as dos EUA em uma nova guerra e retirou tropas de conflitos de longa dura\u00e7\u00e3o, incluindo Iraque, Afeganist\u00e3o e Som\u00e1lia, bem como da Alemanha. No entanto, seu governo desempenhou um papel importante na redu\u00e7\u00e3o da estabilidade estrat\u00e9gica global, retirando-se do Tratado de For\u00e7as Nucleares de Alcance Intermedi\u00e1rio em 2019 e amea\u00e7ando deixar o tempo acabar no Novo Tratado de Redu\u00e7\u00e3o de Armas Estrat\u00e9gicas no in\u00edcio de 2021.<\/p>\n<p>A decis\u00e3o de Trump de retirar os EUA do acordo nuclear com o Ir\u00e3 e sua ret\u00f3rica agressiva em rela\u00e7\u00e3o a Teer\u00e3 levaram a repetidos apelos de guerra aberta com a na\u00e7\u00e3o do Oriente M\u00e9dio. O republicano tamb\u00e9m desempenhou um papel no desencadeamento da atual crise na Ucr\u00e2nia, aprovando entregas de armas letais para Kiev a partir do final de 2017.<\/p>\n","protected":false},"excerpt":{"rendered":"<p>O magnata dos neg\u00f3cios de boca impetuosa que democratas e especialistas previram que lan\u00e7aria uma nova grande guerra durante seu mandato, tornou-se o primeiro presidente desde Jimmy Carter a n\u00e3o entrar com as for\u00e7as dos EUA em uma conflagra\u00e7\u00e3o, mas, ao contr\u00e1rio, reduziu a estabilidade estrat\u00e9gica global, ao relegar tratados com a R\u00fassia e Ir\u00e3. [&hellip;]<\/p>\n","protected":false},"author":2,"featured_media":286405,"comment_status":"closed","ping_status":"closed","sticky":false,"template":"","format":"standard","meta":{"_acf_changed":false,"footnotes":""},"categories":[159],"tags":[95],"class_list":["post-286404","post","type-post","status-publish","format-standard","has-post-thumbnail","hentry","category-apocalipse","tag-capa"],"acf":[],"yoast_head":"<!-- This site is optimized with the Yoast SEO plugin v27.2 - https:\/\/yoast.com\/product\/yoast-seo-wordpress\/ -->\n<title>Trump teme que trapalhadas de Biden provoquem guerra nuclear - Notibras<\/title>\n<meta name=\"robots\" content=\"index, follow, max-snippet:-1, max-image-preview:large, max-video-preview:-1\" \/>\n<link rel=\"canonical\" href=\"https:\/\/www.notibras.com\/site\/trump-teme-que-trapalhadas-de-biden-provoquem-guerra-nuclear\/\" \/>\n<meta property=\"og:locale\" content=\"pt_BR\" \/>\n<meta property=\"og:type\" content=\"article\" \/>\n<meta property=\"og:title\" content=\"Trump teme que trapalhadas de Biden provoquem guerra nuclear - Notibras\" \/>\n<meta property=\"og:description\" content=\"O magnata dos neg\u00f3cios de boca impetuosa que democratas e especialistas previram que lan\u00e7aria uma nova grande guerra durante seu mandato, tornou-se o primeiro presidente desde Jimmy Carter a n\u00e3o entrar com as for\u00e7as dos EUA em uma conflagra\u00e7\u00e3o, mas, ao contr\u00e1rio, reduziu a estabilidade estrat\u00e9gica global, ao relegar tratados com a R\u00fassia e Ir\u00e3. [&hellip;]\" \/>\n<meta property=\"og:url\" content=\"https:\/\/www.notibras.com\/site\/trump-teme-que-trapalhadas-de-biden-provoquem-guerra-nuclear\/\" \/>\n<meta property=\"og:site_name\" content=\"Notibras\" \/>\n<meta property=\"article:publisher\" content=\"https:\/\/www.facebook.com\/notibras\/\" \/>\n<meta property=\"article:published_time\" content=\"2022-05-25T19:48:44+00:00\" \/>\n<meta property=\"article:modified_time\" content=\"2022-05-25T19:54:53+00:00\" \/>\n<meta property=\"og:image\" content=\"https:\/\/www.notibras.com\/site\/wp-content\/uploads\/2022\/05\/trump.guerra.webp\" \/>\n\t<meta property=\"og:image:width\" content=\"1920\" \/>\n\t<meta property=\"og:image:height\" content=\"1080\" \/>\n\t<meta property=\"og:image:type\" content=\"image\/webp\" \/>\n<meta name=\"author\" content=\"Reda\u00e7\u00e3o\" \/>\n<meta name=\"twitter:card\" content=\"summary_large_image\" \/>\n<meta name=\"twitter:creator\" content=\"@Notibras\" \/>\n<meta name=\"twitter:site\" content=\"@Notibras\" \/>\n<meta name=\"twitter:label1\" content=\"Escrito por\" \/>\n\t<meta name=\"twitter:data1\" content=\"Reda\u00e7\u00e3o\" \/>\n\t<meta name=\"twitter:label2\" content=\"Est. tempo de leitura\" \/>\n\t<meta name=\"twitter:data2\" content=\"4 minutos\" \/>\n<script type=\"application\/ld+json\" class=\"yoast-schema-graph\">{\"@context\":\"https:\/\/schema.org\",\"@graph\":[{\"@type\":\"Article\",\"@id\":\"https:\/\/www.notibras.com\/site\/trump-teme-que-trapalhadas-de-biden-provoquem-guerra-nuclear\/#article\",\"isPartOf\":{\"@id\":\"https:\/\/www.notibras.com\/site\/trump-teme-que-trapalhadas-de-biden-provoquem-guerra-nuclear\/\"},\"author\":{\"name\":\"Reda\u00e7\u00e3o\",\"@id\":\"https:\/\/www.notibras.com\/site\/#\/schema\/person\/36ab0979449956132d3e5b517ea76ac8\"},\"headline\":\"Trump teme que trapalhadas de Biden provoquem guerra nuclear\",\"datePublished\":\"2022-05-25T19:48:44+00:00\",\"dateModified\":\"2022-05-25T19:54:53+00:00\",\"mainEntityOfPage\":{\"@id\":\"https:\/\/www.notibras.com\/site\/trump-teme-que-trapalhadas-de-biden-provoquem-guerra-nuclear\/\"},\"wordCount\":633,\"publisher\":{\"@id\":\"https:\/\/www.notibras.com\/site\/#organization\"},\"image\":{\"@id\":\"https:\/\/www.notibras.com\/site\/trump-teme-que-trapalhadas-de-biden-provoquem-guerra-nuclear\/#primaryimage\"},\"thumbnailUrl\":\"https:\/\/www.notibras.com\/site\/wp-content\/uploads\/2022\/05\/trump.guerra.webp\",\"keywords\":[\"capa\"],\"articleSection\":[\"Apocalipse\"],\"inLanguage\":\"pt-BR\"},{\"@type\":\"WebPage\",\"@id\":\"https:\/\/www.notibras.com\/site\/trump-teme-que-trapalhadas-de-biden-provoquem-guerra-nuclear\/\",\"url\":\"https:\/\/www.notibras.com\/site\/trump-teme-que-trapalhadas-de-biden-provoquem-guerra-nuclear\/\",\"name\":\"Trump teme que trapalhadas de Biden provoquem guerra nuclear - Notibras\",\"isPartOf\":{\"@id\":\"https:\/\/www.notibras.com\/site\/#website\"},\"primaryImageOfPage\":{\"@id\":\"https:\/\/www.notibras.com\/site\/trump-teme-que-trapalhadas-de-biden-provoquem-guerra-nuclear\/#primaryimage\"},\"image\":{\"@id\":\"https:\/\/www.notibras.com\/site\/trump-teme-que-trapalhadas-de-biden-provoquem-guerra-nuclear\/#primaryimage\"},\"thumbnailUrl\":\"https:\/\/www.notibras.com\/site\/wp-content\/uploads\/2022\/05\/trump.guerra.webp\",\"datePublished\":\"2022-05-25T19:48:44+00:00\",\"dateModified\":\"2022-05-25T19:54:53+00:00\",\"breadcrumb\":{\"@id\":\"https:\/\/www.notibras.com\/site\/trump-teme-que-trapalhadas-de-biden-provoquem-guerra-nuclear\/#breadcrumb\"},\"inLanguage\":\"pt-BR\",\"potentialAction\":[{\"@type\":\"ReadAction\",\"target\":[\"https:\/\/www.notibras.com\/site\/trump-teme-que-trapalhadas-de-biden-provoquem-guerra-nuclear\/\"]}]},{\"@type\":\"ImageObject\",\"inLanguage\":\"pt-BR\",\"@id\":\"https:\/\/www.notibras.com\/site\/trump-teme-que-trapalhadas-de-biden-provoquem-guerra-nuclear\/#primaryimage\",\"url\":\"https:\/\/www.notibras.com\/site\/wp-content\/uploads\/2022\/05\/trump.guerra.webp\",\"contentUrl\":\"https:\/\/www.notibras.com\/site\/wp-content\/uploads\/2022\/05\/trump.guerra.webp\",\"width\":1920,\"height\":1080},{\"@type\":\"BreadcrumbList\",\"@id\":\"https:\/\/www.notibras.com\/site\/trump-teme-que-trapalhadas-de-biden-provoquem-guerra-nuclear\/#breadcrumb\",\"itemListElement\":[{\"@type\":\"ListItem\",\"position\":1,\"name\":\"In\u00edcio\",\"item\":\"https:\/\/www.notibras.com\/site\/\"},{\"@type\":\"ListItem\",\"position\":2,\"name\":\"Trump teme que trapalhadas de Biden provoquem guerra nuclear\"}]},{\"@type\":\"WebSite\",\"@id\":\"https:\/\/www.notibras.com\/site\/#website\",\"url\":\"https:\/\/www.notibras.com\/site\/\",\"name\":\"Notibras\",\"description\":\"Not\u00edcias de Bras\u00edlia, do Brasil e do Mundo\",\"publisher\":{\"@id\":\"https:\/\/www.notibras.com\/site\/#organization\"},\"potentialAction\":[{\"@type\":\"SearchAction\",\"target\":{\"@type\":\"EntryPoint\",\"urlTemplate\":\"https:\/\/www.notibras.com\/site\/?s={search_term_string}\"},\"query-input\":{\"@type\":\"PropertyValueSpecification\",\"valueRequired\":true,\"valueName\":\"search_term_string\"}}],\"inLanguage\":\"pt-BR\"},{\"@type\":\"Organization\",\"@id\":\"https:\/\/www.notibras.com\/site\/#organization\",\"name\":\"Grupo Notibras de Comunica\u00e7\u00e3o\",\"url\":\"https:\/\/www.notibras.com\/site\/\",\"logo\":{\"@type\":\"ImageObject\",\"inLanguage\":\"pt-BR\",\"@id\":\"https:\/\/www.notibras.com\/site\/#\/schema\/logo\/image\/\",\"url\":\"https:\/\/www.notibras.com\/site\/wp-content\/uploads\/2023\/01\/notibras23.png\",\"contentUrl\":\"https:\/\/www.notibras.com\/site\/wp-content\/uploads\/2023\/01\/notibras23.png\",\"width\":350,\"height\":87,\"caption\":\"Grupo Notibras de Comunica\u00e7\u00e3o\"},\"image\":{\"@id\":\"https:\/\/www.notibras.com\/site\/#\/schema\/logo\/image\/\"},\"sameAs\":[\"https:\/\/www.facebook.com\/notibras\/\",\"https:\/\/x.com\/Notibras\",\"https:\/\/www.instagram.com\/notibras\/\"]},{\"@type\":\"Person\",\"@id\":\"https:\/\/www.notibras.com\/site\/#\/schema\/person\/36ab0979449956132d3e5b517ea76ac8\",\"name\":\"Reda\u00e7\u00e3o\",\"image\":{\"@type\":\"ImageObject\",\"inLanguage\":\"pt-BR\",\"@id\":\"https:\/\/secure.gravatar.com\/avatar\/e0a867bdedb85fd243eadf09663511f96fc81e0720a4a42581f334ad4303aa6b?s=96&d=mm&r=g\",\"url\":\"https:\/\/secure.gravatar.com\/avatar\/e0a867bdedb85fd243eadf09663511f96fc81e0720a4a42581f334ad4303aa6b?s=96&d=mm&r=g\",\"contentUrl\":\"https:\/\/secure.gravatar.com\/avatar\/e0a867bdedb85fd243eadf09663511f96fc81e0720a4a42581f334ad4303aa6b?s=96&d=mm&r=g\",\"caption\":\"Reda\u00e7\u00e3o\"}}]}<\/script>\n<!-- \/ Yoast SEO plugin. -->","yoast_head_json":{"title":"Trump teme que trapalhadas de Biden provoquem guerra nuclear - Notibras","robots":{"index":"index","follow":"follow","max-snippet":"max-snippet:-1","max-image-preview":"max-image-preview:large","max-video-preview":"max-video-preview:-1"},"canonical":"https:\/\/www.notibras.com\/site\/trump-teme-que-trapalhadas-de-biden-provoquem-guerra-nuclear\/","og_locale":"pt_BR","og_type":"article","og_title":"Trump teme que trapalhadas de Biden provoquem guerra nuclear - Notibras","og_description":"O magnata dos neg\u00f3cios de boca impetuosa que democratas e especialistas previram que lan\u00e7aria uma nova grande guerra durante seu mandato, tornou-se o primeiro presidente desde Jimmy Carter a n\u00e3o entrar com as for\u00e7as dos EUA em uma conflagra\u00e7\u00e3o, mas, ao contr\u00e1rio, reduziu a estabilidade estrat\u00e9gica global, ao relegar tratados com a R\u00fassia e Ir\u00e3. [&hellip;]","og_url":"https:\/\/www.notibras.com\/site\/trump-teme-que-trapalhadas-de-biden-provoquem-guerra-nuclear\/","og_site_name":"Notibras","article_publisher":"https:\/\/www.facebook.com\/notibras\/","article_published_time":"2022-05-25T19:48:44+00:00","article_modified_time":"2022-05-25T19:54:53+00:00","og_image":[{"width":1920,"height":1080,"url":"https:\/\/www.notibras.com\/site\/wp-content\/uploads\/2022\/05\/trump.guerra.webp","type":"image\/webp"}],"author":"Reda\u00e7\u00e3o","twitter_card":"summary_large_image","twitter_creator":"@Notibras","twitter_site":"@Notibras","twitter_misc":{"Escrito por":"Reda\u00e7\u00e3o","Est. tempo de leitura":"4 minutos"},"schema":{"@context":"https:\/\/schema.org","@graph":[{"@type":"Article","@id":"https:\/\/www.notibras.com\/site\/trump-teme-que-trapalhadas-de-biden-provoquem-guerra-nuclear\/#article","isPartOf":{"@id":"https:\/\/www.notibras.com\/site\/trump-teme-que-trapalhadas-de-biden-provoquem-guerra-nuclear\/"},"author":{"name":"Reda\u00e7\u00e3o","@id":"https:\/\/www.notibras.com\/site\/#\/schema\/person\/36ab0979449956132d3e5b517ea76ac8"},"headline":"Trump teme que trapalhadas de Biden provoquem guerra nuclear","datePublished":"2022-05-25T19:48:44+00:00","dateModified":"2022-05-25T19:54:53+00:00","mainEntityOfPage":{"@id":"https:\/\/www.notibras.com\/site\/trump-teme-que-trapalhadas-de-biden-provoquem-guerra-nuclear\/"},"wordCount":633,"publisher":{"@id":"https:\/\/www.notibras.com\/site\/#organization"},"image":{"@id":"https:\/\/www.notibras.com\/site\/trump-teme-que-trapalhadas-de-biden-provoquem-guerra-nuclear\/#primaryimage"},"thumbnailUrl":"https:\/\/www.notibras.com\/site\/wp-content\/uploads\/2022\/05\/trump.guerra.webp","keywords":["capa"],"articleSection":["Apocalipse"],"inLanguage":"pt-BR"},{"@type":"WebPage","@id":"https:\/\/www.notibras.com\/site\/trump-teme-que-trapalhadas-de-biden-provoquem-guerra-nuclear\/","url":"https:\/\/www.notibras.com\/site\/trump-teme-que-trapalhadas-de-biden-provoquem-guerra-nuclear\/","name":"Trump teme que trapalhadas de Biden provoquem guerra nuclear - Notibras","isPartOf":{"@id":"https:\/\/www.notibras.com\/site\/#website"},"primaryImageOfPage":{"@id":"https:\/\/www.notibras.com\/site\/trump-teme-que-trapalhadas-de-biden-provoquem-guerra-nuclear\/#primaryimage"},"image":{"@id":"https:\/\/www.notibras.com\/site\/trump-teme-que-trapalhadas-de-biden-provoquem-guerra-nuclear\/#primaryimage"},"thumbnailUrl":"https:\/\/www.notibras.com\/site\/wp-content\/uploads\/2022\/05\/trump.guerra.webp","datePublished":"2022-05-25T19:48:44+00:00","dateModified":"2022-05-25T19:54:53+00:00","breadcrumb":{"@id":"https:\/\/www.notibras.com\/site\/trump-teme-que-trapalhadas-de-biden-provoquem-guerra-nuclear\/#breadcrumb"},"inLanguage":"pt-BR","potentialAction":[{"@type":"ReadAction","target":["https:\/\/www.notibras.com\/site\/trump-teme-que-trapalhadas-de-biden-provoquem-guerra-nuclear\/"]}]},{"@type":"ImageObject","inLanguage":"pt-BR","@id":"https:\/\/www.notibras.com\/site\/trump-teme-que-trapalhadas-de-biden-provoquem-guerra-nuclear\/#primaryimage","url":"https:\/\/www.notibras.com\/site\/wp-content\/uploads\/2022\/05\/trump.guerra.webp","contentUrl":"https:\/\/www.notibras.com\/site\/wp-content\/uploads\/2022\/05\/trump.guerra.webp","width":1920,"height":1080},{"@type":"BreadcrumbList","@id":"https:\/\/www.notibras.com\/site\/trump-teme-que-trapalhadas-de-biden-provoquem-guerra-nuclear\/#breadcrumb","itemListElement":[{"@type":"ListItem","position":1,"name":"In\u00edcio","item":"https:\/\/www.notibras.com\/site\/"},{"@type":"ListItem","position":2,"name":"Trump teme que trapalhadas de Biden provoquem guerra nuclear"}]},{"@type":"WebSite","@id":"https:\/\/www.notibras.com\/site\/#website","url":"https:\/\/www.notibras.com\/site\/","name":"Notibras","description":"Not\u00edcias de Bras\u00edlia, do Brasil e do Mundo","publisher":{"@id":"https:\/\/www.notibras.com\/site\/#organization"},"potentialAction":[{"@type":"SearchAction","target":{"@type":"EntryPoint","urlTemplate":"https:\/\/www.notibras.com\/site\/?s={search_term_string}"},"query-input":{"@type":"PropertyValueSpecification","valueRequired":true,"valueName":"search_term_string"}}],"inLanguage":"pt-BR"},{"@type":"Organization","@id":"https:\/\/www.notibras.com\/site\/#organization","name":"Grupo Notibras de Comunica\u00e7\u00e3o","url":"https:\/\/www.notibras.com\/site\/","logo":{"@type":"ImageObject","inLanguage":"pt-BR","@id":"https:\/\/www.notibras.com\/site\/#\/schema\/logo\/image\/","url":"https:\/\/www.notibras.com\/site\/wp-content\/uploads\/2023\/01\/notibras23.png","contentUrl":"https:\/\/www.notibras.com\/site\/wp-content\/uploads\/2023\/01\/notibras23.png","width":350,"height":87,"caption":"Grupo Notibras de Comunica\u00e7\u00e3o"},"image":{"@id":"https:\/\/www.notibras.com\/site\/#\/schema\/logo\/image\/"},"sameAs":["https:\/\/www.facebook.com\/notibras\/","https:\/\/x.com\/Notibras","https:\/\/www.instagram.com\/notibras\/"]},{"@type":"Person","@id":"https:\/\/www.notibras.com\/site\/#\/schema\/person\/36ab0979449956132d3e5b517ea76ac8","name":"Reda\u00e7\u00e3o","image":{"@type":"ImageObject","inLanguage":"pt-BR","@id":"https:\/\/secure.gravatar.com\/avatar\/e0a867bdedb85fd243eadf09663511f96fc81e0720a4a42581f334ad4303aa6b?s=96&d=mm&r=g","url":"https:\/\/secure.gravatar.com\/avatar\/e0a867bdedb85fd243eadf09663511f96fc81e0720a4a42581f334ad4303aa6b?s=96&d=mm&r=g","contentUrl":"https:\/\/secure.gravatar.com\/avatar\/e0a867bdedb85fd243eadf09663511f96fc81e0720a4a42581f334ad4303aa6b?s=96&d=mm&r=g","caption":"Reda\u00e7\u00e3o"}}]}},"amp_enabled":true,"_links":{"self":[{"href":"https:\/\/www.notibras.com\/site\/wp-json\/wp\/v2\/posts\/286404","targetHints":{"allow":["GET"]}}],"collection":[{"href":"https:\/\/www.notibras.com\/site\/wp-json\/wp\/v2\/posts"}],"about":[{"href":"https:\/\/www.notibras.com\/site\/wp-json\/wp\/v2\/types\/post"}],"author":[{"embeddable":true,"href":"https:\/\/www.notibras.com\/site\/wp-json\/wp\/v2\/users\/2"}],"replies":[{"embeddable":true,"href":"https:\/\/www.notibras.com\/site\/wp-json\/wp\/v2\/comments?post=286404"}],"version-history":[{"count":2,"href":"https:\/\/www.notibras.com\/site\/wp-json\/wp\/v2\/posts\/286404\/revisions"}],"predecessor-version":[{"id":286408,"href":"https:\/\/www.notibras.com\/site\/wp-json\/wp\/v2\/posts\/286404\/revisions\/286408"}],"wp:featuredmedia":[{"embeddable":true,"href":"https:\/\/www.notibras.com\/site\/wp-json\/wp\/v2\/media\/286405"}],"wp:attachment":[{"href":"https:\/\/www.notibras.com\/site\/wp-json\/wp\/v2\/media?parent=286404"}],"wp:term":[{"taxonomy":"category","embeddable":true,"href":"https:\/\/www.notibras.com\/site\/wp-json\/wp\/v2\/categories?post=286404"},{"taxonomy":"post_tag","embeddable":true,"href":"https:\/\/www.notibras.com\/site\/wp-json\/wp\/v2\/tags?post=286404"}],"curies":[{"name":"wp","href":"https:\/\/api.w.org\/{rel}","templated":true}]}}