{"id":28644,"date":"2014-11-18T00:40:25","date_gmt":"2014-11-18T03:40:25","guid":{"rendered":"http:\/\/www.notibras.com\/site\/?p=28644"},"modified":"2014-11-17T22:41:26","modified_gmt":"2014-11-18T01:41:26","slug":"criminalidade-aumenta-e-banha-de-sangue-e-vergtonha-o-pais","status":"publish","type":"post","link":"https:\/\/www.notibras.com\/site\/criminalidade-aumenta-e-banha-de-sangue-e-vergtonha-o-pais\/","title":{"rendered":"Criminalidade aumenta e banha de sangue e vergonha todo o Pa\u00eds"},"content":{"rendered":"<p class=\"ecxmsonormal\">A criminalidade banha de sangue e de morte cidad\u00e3os brasileiros. O que \u00e9 feito no pa\u00eds, sen\u00e3o s\u00f3 politicagem e corrup\u00e7\u00e3o, para p\u00f4r fim a esse estado cruel em que est\u00e1 mergulhada a fam\u00edlia brasileira?<\/p>\n<p class=\"ecxmsonormal\">Recentemente, por ocasi\u00e3o dos debates pol\u00edticos, a presidente reeleita teceu coment\u00e1rios de que a responsabilidade pela seguran\u00e7a p\u00fablica brasileira \u00e9 dos estados, porque assim est\u00e1 na Constitui\u00e7\u00e3o. Grande equ\u00edvoco, pois a intelig\u00eancia correta, do Art. 144 da Constitui\u00e7\u00e3o Federal, \u00e9 que a responsabilidade \u00e9 compartilhada entre a Uni\u00e3o, Estados-Membros, Distrito Federal e Munic\u00edpios.<\/p>\n<p class=\"ecxmsonormal\">\u00c9 lament\u00e1vel que algu\u00e9m que esteja na dire\u00e7\u00e3o do pa\u00eds venha se eximir de culpa quando assiste \u00e0 sociedade brasileira ser assassinada diuturnamente. Como a presidente \u00e9 cercada de seguran\u00e7a por todos os lados, inclusive para a sua fam\u00edlia, n\u00e3o lhe toca nenhuma compaix\u00e3o a dor sofrida por aqueles que s\u00e3o atingidos por balas e ficam parapl\u00e9gicos ou por aquelas fam\u00edlias que diariamente perdem os seus entes queridos em um pa\u00eds de total falta de seguran\u00e7a p\u00fablica.<\/p>\n<p class=\"ecxmsonormal\">Ora, a Constitui\u00e7\u00e3o n\u00e3o impede nenhum governo federal, se assim entender, de destinar recursos aos estados e munic\u00edpios com objetivo de complementar a despesa com seguran\u00e7a p\u00fablica dos cidad\u00e3os.<\/p>\n<blockquote>\n<p class=\"ecxmsonormal\">Pode n\u00e3o chocar os defensores dos direitos humanos dos bandidos &#8211; verdadeiros hip\u00f3critas e burocr\u00e1ticos dos direitos sociais &#8211; ver bando de deliquentes juvenis ou de maiores de idade estuprar, seviciar, assassinar, enfim, agredir de todas as formas a fam\u00edlia brasileira trabalhadora. E ainda assim, esses pseudodefensores t\u00eam a pachorra de julgar que os malfeitores s\u00e3o apenas vitimas da omiss\u00e3o social? Ou seja, a sociedade contributiva &#8220;\u00e9 culpada&#8221;, os delinquentes n\u00e3o s\u00e3o delinquentes porque querem: eles s\u00e3o &#8220;produtos das injusti\u00e7as sociais&#8221;. E por que o poder p\u00fablico n\u00e3o executa as pol\u00edticas ditas inclusivas?<span class=\"apple-converted-space\">\u00a0<\/span>\u00a0Assim, engessados, n\u00e3o podemos endurecer com a bandidagem solta at\u00e9 que a \u00faltima fam\u00edlia morra, para g\u00e1udio dos farisaicos doutores ou defensores dos direitos humanos.<\/p>\n<\/blockquote>\n<p class=\"ecxmsonormal\">Alguns criticam que a m\u00eddia televisiva s\u00f3 noticia e mostra o mundo c\u00e3o brasileiro de viol\u00eancia e assassinato di\u00e1rio. Mas essa \u00e9 uma realidade nacional que n\u00e3o pode ser escamoteada e que at\u00e9 agora pouco ou nada foi feito pelos nossos pol\u00edticos e governantes para reverter a situa\u00e7\u00e3o.<\/p>\n<p class=\"ecxmsonormal\">Mas o que me revoltou e ensejou escrever este artigo foi a not\u00edcia de que mais uma v\u00edtima da inseguran\u00e7a nacional foi registrada: a empres\u00e1ria Vanessa Rodolpho Garcia Baroni, 39 anos, foi assassinada com um tiro na frente dos tr\u00eas filhos durante um assalto, na zona oeste de S\u00e3o Paulo, quando se dirigia para o carro da fam\u00edlia.<\/p>\n<p class=\"ecxmsonormal\">At\u00e9 quando esses pol\u00edticos e governos corruptos v\u00e3o tomar vergonha e se preocupar com a seguran\u00e7a da sociedade, que paga alta carga tribut\u00e1ria para sustentar o sal\u00e1rio de mequetrefes pol\u00edticos, mas n\u00e3o recebe servi\u00e7os p\u00fablicos de qualidade?<\/p>\n<p class=\"ecxmsonormal\"><strong>J\u00falio C\u00e9sar Cardoso<\/strong><\/p>\n","protected":false},"excerpt":{"rendered":"<p>A criminalidade banha de sangue e de morte cidad\u00e3os brasileiros. O que \u00e9 feito no pa\u00eds, sen\u00e3o s\u00f3 politicagem e corrup\u00e7\u00e3o, para p\u00f4r fim a esse estado cruel em que est\u00e1 mergulhada a fam\u00edlia brasileira? Recentemente, por ocasi\u00e3o dos debates pol\u00edticos, a presidente reeleita teceu coment\u00e1rios de que a responsabilidade pela seguran\u00e7a p\u00fablica brasileira \u00e9 [&hellip;]<\/p>\n","protected":false},"author":2,"featured_media":28645,"comment_status":"open","ping_status":"closed","sticky":false,"template":"","format":"standard","meta":{"_acf_changed":false,"footnotes":""},"categories":[25],"tags":[],"class_list":["post-28644","post","type-post","status-publish","format-standard","has-post-thumbnail","hentry","category-opina-ai"],"acf":[],"yoast_head":"<!-- This site is optimized with the Yoast SEO plugin v27.2 - https:\/\/yoast.com\/product\/yoast-seo-wordpress\/ -->\n<title>Criminalidade aumenta e banha de sangue e vergonha todo o Pa\u00eds - Notibras<\/title>\n<meta name=\"robots\" content=\"index, follow, max-snippet:-1, max-image-preview:large, max-video-preview:-1\" \/>\n<link rel=\"canonical\" href=\"https:\/\/www.notibras.com\/site\/criminalidade-aumenta-e-banha-de-sangue-e-vergtonha-o-pais\/\" \/>\n<meta property=\"og:locale\" content=\"pt_BR\" \/>\n<meta property=\"og:type\" content=\"article\" \/>\n<meta property=\"og:title\" content=\"Criminalidade aumenta e banha de sangue e vergonha todo o Pa\u00eds - Notibras\" \/>\n<meta property=\"og:description\" content=\"A criminalidade banha de sangue e de morte cidad\u00e3os brasileiros. O que \u00e9 feito no pa\u00eds, sen\u00e3o s\u00f3 politicagem e corrup\u00e7\u00e3o, para p\u00f4r fim a esse estado cruel em que est\u00e1 mergulhada a fam\u00edlia brasileira? Recentemente, por ocasi\u00e3o dos debates pol\u00edticos, a presidente reeleita teceu coment\u00e1rios de que a responsabilidade pela seguran\u00e7a p\u00fablica brasileira \u00e9 [&hellip;]\" \/>\n<meta property=\"og:url\" content=\"https:\/\/www.notibras.com\/site\/criminalidade-aumenta-e-banha-de-sangue-e-vergtonha-o-pais\/\" \/>\n<meta property=\"og:site_name\" content=\"Notibras\" \/>\n<meta property=\"article:publisher\" content=\"https:\/\/www.facebook.com\/notibras\/\" \/>\n<meta property=\"article:published_time\" content=\"2014-11-18T03:40:25+00:00\" \/>\n<meta property=\"og:image\" content=\"https:\/\/www.notibras.com\/site\/wp-content\/uploads\/2014\/11\/op11.jpg\" \/>\n\t<meta property=\"og:image:width\" content=\"717\" \/>\n\t<meta property=\"og:image:height\" content=\"480\" \/>\n\t<meta property=\"og:image:type\" content=\"image\/jpeg\" \/>\n<meta name=\"author\" content=\"Reda\u00e7\u00e3o\" \/>\n<meta name=\"twitter:card\" content=\"summary_large_image\" \/>\n<meta name=\"twitter:creator\" content=\"@Notibras\" \/>\n<meta name=\"twitter:site\" content=\"@Notibras\" \/>\n<meta name=\"twitter:label1\" content=\"Escrito por\" \/>\n\t<meta name=\"twitter:data1\" content=\"Reda\u00e7\u00e3o\" \/>\n\t<meta name=\"twitter:label2\" content=\"Est. tempo de leitura\" \/>\n\t<meta name=\"twitter:data2\" content=\"3 minutos\" \/>\n<script type=\"application\/ld+json\" class=\"yoast-schema-graph\">{\"@context\":\"https:\/\/schema.org\",\"@graph\":[{\"@type\":\"Article\",\"@id\":\"https:\/\/www.notibras.com\/site\/criminalidade-aumenta-e-banha-de-sangue-e-vergtonha-o-pais\/#article\",\"isPartOf\":{\"@id\":\"https:\/\/www.notibras.com\/site\/criminalidade-aumenta-e-banha-de-sangue-e-vergtonha-o-pais\/\"},\"author\":{\"name\":\"Reda\u00e7\u00e3o\",\"@id\":\"https:\/\/www.notibras.com\/site\/#\/schema\/person\/36ab0979449956132d3e5b517ea76ac8\"},\"headline\":\"Criminalidade aumenta e banha de sangue e vergonha todo o Pa\u00eds\",\"datePublished\":\"2014-11-18T03:40:25+00:00\",\"mainEntityOfPage\":{\"@id\":\"https:\/\/www.notibras.com\/site\/criminalidade-aumenta-e-banha-de-sangue-e-vergtonha-o-pais\/\"},\"wordCount\":538,\"commentCount\":0,\"publisher\":{\"@id\":\"https:\/\/www.notibras.com\/site\/#organization\"},\"image\":{\"@id\":\"https:\/\/www.notibras.com\/site\/criminalidade-aumenta-e-banha-de-sangue-e-vergtonha-o-pais\/#primaryimage\"},\"thumbnailUrl\":\"https:\/\/www.notibras.com\/site\/wp-content\/uploads\/2014\/11\/op11.jpg\",\"articleSection\":[\"Opina a\u00ed\"],\"inLanguage\":\"pt-BR\",\"potentialAction\":[{\"@type\":\"CommentAction\",\"name\":\"Comment\",\"target\":[\"https:\/\/www.notibras.com\/site\/criminalidade-aumenta-e-banha-de-sangue-e-vergtonha-o-pais\/#respond\"]}]},{\"@type\":\"WebPage\",\"@id\":\"https:\/\/www.notibras.com\/site\/criminalidade-aumenta-e-banha-de-sangue-e-vergtonha-o-pais\/\",\"url\":\"https:\/\/www.notibras.com\/site\/criminalidade-aumenta-e-banha-de-sangue-e-vergtonha-o-pais\/\",\"name\":\"Criminalidade aumenta e banha de sangue e vergonha todo o Pa\u00eds - Notibras\",\"isPartOf\":{\"@id\":\"https:\/\/www.notibras.com\/site\/#website\"},\"primaryImageOfPage\":{\"@id\":\"https:\/\/www.notibras.com\/site\/criminalidade-aumenta-e-banha-de-sangue-e-vergtonha-o-pais\/#primaryimage\"},\"image\":{\"@id\":\"https:\/\/www.notibras.com\/site\/criminalidade-aumenta-e-banha-de-sangue-e-vergtonha-o-pais\/#primaryimage\"},\"thumbnailUrl\":\"https:\/\/www.notibras.com\/site\/wp-content\/uploads\/2014\/11\/op11.jpg\",\"datePublished\":\"2014-11-18T03:40:25+00:00\",\"breadcrumb\":{\"@id\":\"https:\/\/www.notibras.com\/site\/criminalidade-aumenta-e-banha-de-sangue-e-vergtonha-o-pais\/#breadcrumb\"},\"inLanguage\":\"pt-BR\",\"potentialAction\":[{\"@type\":\"ReadAction\",\"target\":[\"https:\/\/www.notibras.com\/site\/criminalidade-aumenta-e-banha-de-sangue-e-vergtonha-o-pais\/\"]}]},{\"@type\":\"ImageObject\",\"inLanguage\":\"pt-BR\",\"@id\":\"https:\/\/www.notibras.com\/site\/criminalidade-aumenta-e-banha-de-sangue-e-vergtonha-o-pais\/#primaryimage\",\"url\":\"https:\/\/www.notibras.com\/site\/wp-content\/uploads\/2014\/11\/op11.jpg\",\"contentUrl\":\"https:\/\/www.notibras.com\/site\/wp-content\/uploads\/2014\/11\/op11.jpg\",\"width\":717,\"height\":480},{\"@type\":\"BreadcrumbList\",\"@id\":\"https:\/\/www.notibras.com\/site\/criminalidade-aumenta-e-banha-de-sangue-e-vergtonha-o-pais\/#breadcrumb\",\"itemListElement\":[{\"@type\":\"ListItem\",\"position\":1,\"name\":\"In\u00edcio\",\"item\":\"https:\/\/www.notibras.com\/site\/\"},{\"@type\":\"ListItem\",\"position\":2,\"name\":\"Criminalidade aumenta e banha de sangue e vergonha todo o Pa\u00eds\"}]},{\"@type\":\"WebSite\",\"@id\":\"https:\/\/www.notibras.com\/site\/#website\",\"url\":\"https:\/\/www.notibras.com\/site\/\",\"name\":\"Notibras\",\"description\":\"Not\u00edcias de Bras\u00edlia, do Brasil e do Mundo\",\"publisher\":{\"@id\":\"https:\/\/www.notibras.com\/site\/#organization\"},\"potentialAction\":[{\"@type\":\"SearchAction\",\"target\":{\"@type\":\"EntryPoint\",\"urlTemplate\":\"https:\/\/www.notibras.com\/site\/?s={search_term_string}\"},\"query-input\":{\"@type\":\"PropertyValueSpecification\",\"valueRequired\":true,\"valueName\":\"search_term_string\"}}],\"inLanguage\":\"pt-BR\"},{\"@type\":\"Organization\",\"@id\":\"https:\/\/www.notibras.com\/site\/#organization\",\"name\":\"Grupo Notibras de Comunica\u00e7\u00e3o\",\"url\":\"https:\/\/www.notibras.com\/site\/\",\"logo\":{\"@type\":\"ImageObject\",\"inLanguage\":\"pt-BR\",\"@id\":\"https:\/\/www.notibras.com\/site\/#\/schema\/logo\/image\/\",\"url\":\"https:\/\/www.notibras.com\/site\/wp-content\/uploads\/2023\/01\/notibras23.png\",\"contentUrl\":\"https:\/\/www.notibras.com\/site\/wp-content\/uploads\/2023\/01\/notibras23.png\",\"width\":350,\"height\":87,\"caption\":\"Grupo Notibras de Comunica\u00e7\u00e3o\"},\"image\":{\"@id\":\"https:\/\/www.notibras.com\/site\/#\/schema\/logo\/image\/\"},\"sameAs\":[\"https:\/\/www.facebook.com\/notibras\/\",\"https:\/\/x.com\/Notibras\",\"https:\/\/www.instagram.com\/notibras\/\"]},{\"@type\":\"Person\",\"@id\":\"https:\/\/www.notibras.com\/site\/#\/schema\/person\/36ab0979449956132d3e5b517ea76ac8\",\"name\":\"Reda\u00e7\u00e3o\",\"image\":{\"@type\":\"ImageObject\",\"inLanguage\":\"pt-BR\",\"@id\":\"https:\/\/secure.gravatar.com\/avatar\/e0a867bdedb85fd243eadf09663511f96fc81e0720a4a42581f334ad4303aa6b?s=96&d=mm&r=g\",\"url\":\"https:\/\/secure.gravatar.com\/avatar\/e0a867bdedb85fd243eadf09663511f96fc81e0720a4a42581f334ad4303aa6b?s=96&d=mm&r=g\",\"contentUrl\":\"https:\/\/secure.gravatar.com\/avatar\/e0a867bdedb85fd243eadf09663511f96fc81e0720a4a42581f334ad4303aa6b?s=96&d=mm&r=g\",\"caption\":\"Reda\u00e7\u00e3o\"}}]}<\/script>\n<!-- \/ Yoast SEO plugin. -->","yoast_head_json":{"title":"Criminalidade aumenta e banha de sangue e vergonha todo o Pa\u00eds - Notibras","robots":{"index":"index","follow":"follow","max-snippet":"max-snippet:-1","max-image-preview":"max-image-preview:large","max-video-preview":"max-video-preview:-1"},"canonical":"https:\/\/www.notibras.com\/site\/criminalidade-aumenta-e-banha-de-sangue-e-vergtonha-o-pais\/","og_locale":"pt_BR","og_type":"article","og_title":"Criminalidade aumenta e banha de sangue e vergonha todo o Pa\u00eds - Notibras","og_description":"A criminalidade banha de sangue e de morte cidad\u00e3os brasileiros. O que \u00e9 feito no pa\u00eds, sen\u00e3o s\u00f3 politicagem e corrup\u00e7\u00e3o, para p\u00f4r fim a esse estado cruel em que est\u00e1 mergulhada a fam\u00edlia brasileira? Recentemente, por ocasi\u00e3o dos debates pol\u00edticos, a presidente reeleita teceu coment\u00e1rios de que a responsabilidade pela seguran\u00e7a p\u00fablica brasileira \u00e9 [&hellip;]","og_url":"https:\/\/www.notibras.com\/site\/criminalidade-aumenta-e-banha-de-sangue-e-vergtonha-o-pais\/","og_site_name":"Notibras","article_publisher":"https:\/\/www.facebook.com\/notibras\/","article_published_time":"2014-11-18T03:40:25+00:00","og_image":[{"width":717,"height":480,"url":"https:\/\/www.notibras.com\/site\/wp-content\/uploads\/2014\/11\/op11.jpg","type":"image\/jpeg"}],"author":"Reda\u00e7\u00e3o","twitter_card":"summary_large_image","twitter_creator":"@Notibras","twitter_site":"@Notibras","twitter_misc":{"Escrito por":"Reda\u00e7\u00e3o","Est. tempo de leitura":"3 minutos"},"schema":{"@context":"https:\/\/schema.org","@graph":[{"@type":"Article","@id":"https:\/\/www.notibras.com\/site\/criminalidade-aumenta-e-banha-de-sangue-e-vergtonha-o-pais\/#article","isPartOf":{"@id":"https:\/\/www.notibras.com\/site\/criminalidade-aumenta-e-banha-de-sangue-e-vergtonha-o-pais\/"},"author":{"name":"Reda\u00e7\u00e3o","@id":"https:\/\/www.notibras.com\/site\/#\/schema\/person\/36ab0979449956132d3e5b517ea76ac8"},"headline":"Criminalidade aumenta e banha de sangue e vergonha todo o Pa\u00eds","datePublished":"2014-11-18T03:40:25+00:00","mainEntityOfPage":{"@id":"https:\/\/www.notibras.com\/site\/criminalidade-aumenta-e-banha-de-sangue-e-vergtonha-o-pais\/"},"wordCount":538,"commentCount":0,"publisher":{"@id":"https:\/\/www.notibras.com\/site\/#organization"},"image":{"@id":"https:\/\/www.notibras.com\/site\/criminalidade-aumenta-e-banha-de-sangue-e-vergtonha-o-pais\/#primaryimage"},"thumbnailUrl":"https:\/\/www.notibras.com\/site\/wp-content\/uploads\/2014\/11\/op11.jpg","articleSection":["Opina a\u00ed"],"inLanguage":"pt-BR","potentialAction":[{"@type":"CommentAction","name":"Comment","target":["https:\/\/www.notibras.com\/site\/criminalidade-aumenta-e-banha-de-sangue-e-vergtonha-o-pais\/#respond"]}]},{"@type":"WebPage","@id":"https:\/\/www.notibras.com\/site\/criminalidade-aumenta-e-banha-de-sangue-e-vergtonha-o-pais\/","url":"https:\/\/www.notibras.com\/site\/criminalidade-aumenta-e-banha-de-sangue-e-vergtonha-o-pais\/","name":"Criminalidade aumenta e banha de sangue e vergonha todo o Pa\u00eds - Notibras","isPartOf":{"@id":"https:\/\/www.notibras.com\/site\/#website"},"primaryImageOfPage":{"@id":"https:\/\/www.notibras.com\/site\/criminalidade-aumenta-e-banha-de-sangue-e-vergtonha-o-pais\/#primaryimage"},"image":{"@id":"https:\/\/www.notibras.com\/site\/criminalidade-aumenta-e-banha-de-sangue-e-vergtonha-o-pais\/#primaryimage"},"thumbnailUrl":"https:\/\/www.notibras.com\/site\/wp-content\/uploads\/2014\/11\/op11.jpg","datePublished":"2014-11-18T03:40:25+00:00","breadcrumb":{"@id":"https:\/\/www.notibras.com\/site\/criminalidade-aumenta-e-banha-de-sangue-e-vergtonha-o-pais\/#breadcrumb"},"inLanguage":"pt-BR","potentialAction":[{"@type":"ReadAction","target":["https:\/\/www.notibras.com\/site\/criminalidade-aumenta-e-banha-de-sangue-e-vergtonha-o-pais\/"]}]},{"@type":"ImageObject","inLanguage":"pt-BR","@id":"https:\/\/www.notibras.com\/site\/criminalidade-aumenta-e-banha-de-sangue-e-vergtonha-o-pais\/#primaryimage","url":"https:\/\/www.notibras.com\/site\/wp-content\/uploads\/2014\/11\/op11.jpg","contentUrl":"https:\/\/www.notibras.com\/site\/wp-content\/uploads\/2014\/11\/op11.jpg","width":717,"height":480},{"@type":"BreadcrumbList","@id":"https:\/\/www.notibras.com\/site\/criminalidade-aumenta-e-banha-de-sangue-e-vergtonha-o-pais\/#breadcrumb","itemListElement":[{"@type":"ListItem","position":1,"name":"In\u00edcio","item":"https:\/\/www.notibras.com\/site\/"},{"@type":"ListItem","position":2,"name":"Criminalidade aumenta e banha de sangue e vergonha todo o Pa\u00eds"}]},{"@type":"WebSite","@id":"https:\/\/www.notibras.com\/site\/#website","url":"https:\/\/www.notibras.com\/site\/","name":"Notibras","description":"Not\u00edcias de Bras\u00edlia, do Brasil e do Mundo","publisher":{"@id":"https:\/\/www.notibras.com\/site\/#organization"},"potentialAction":[{"@type":"SearchAction","target":{"@type":"EntryPoint","urlTemplate":"https:\/\/www.notibras.com\/site\/?s={search_term_string}"},"query-input":{"@type":"PropertyValueSpecification","valueRequired":true,"valueName":"search_term_string"}}],"inLanguage":"pt-BR"},{"@type":"Organization","@id":"https:\/\/www.notibras.com\/site\/#organization","name":"Grupo Notibras de Comunica\u00e7\u00e3o","url":"https:\/\/www.notibras.com\/site\/","logo":{"@type":"ImageObject","inLanguage":"pt-BR","@id":"https:\/\/www.notibras.com\/site\/#\/schema\/logo\/image\/","url":"https:\/\/www.notibras.com\/site\/wp-content\/uploads\/2023\/01\/notibras23.png","contentUrl":"https:\/\/www.notibras.com\/site\/wp-content\/uploads\/2023\/01\/notibras23.png","width":350,"height":87,"caption":"Grupo Notibras de Comunica\u00e7\u00e3o"},"image":{"@id":"https:\/\/www.notibras.com\/site\/#\/schema\/logo\/image\/"},"sameAs":["https:\/\/www.facebook.com\/notibras\/","https:\/\/x.com\/Notibras","https:\/\/www.instagram.com\/notibras\/"]},{"@type":"Person","@id":"https:\/\/www.notibras.com\/site\/#\/schema\/person\/36ab0979449956132d3e5b517ea76ac8","name":"Reda\u00e7\u00e3o","image":{"@type":"ImageObject","inLanguage":"pt-BR","@id":"https:\/\/secure.gravatar.com\/avatar\/e0a867bdedb85fd243eadf09663511f96fc81e0720a4a42581f334ad4303aa6b?s=96&d=mm&r=g","url":"https:\/\/secure.gravatar.com\/avatar\/e0a867bdedb85fd243eadf09663511f96fc81e0720a4a42581f334ad4303aa6b?s=96&d=mm&r=g","contentUrl":"https:\/\/secure.gravatar.com\/avatar\/e0a867bdedb85fd243eadf09663511f96fc81e0720a4a42581f334ad4303aa6b?s=96&d=mm&r=g","caption":"Reda\u00e7\u00e3o"}}]}},"amp_enabled":true,"_links":{"self":[{"href":"https:\/\/www.notibras.com\/site\/wp-json\/wp\/v2\/posts\/28644","targetHints":{"allow":["GET"]}}],"collection":[{"href":"https:\/\/www.notibras.com\/site\/wp-json\/wp\/v2\/posts"}],"about":[{"href":"https:\/\/www.notibras.com\/site\/wp-json\/wp\/v2\/types\/post"}],"author":[{"embeddable":true,"href":"https:\/\/www.notibras.com\/site\/wp-json\/wp\/v2\/users\/2"}],"replies":[{"embeddable":true,"href":"https:\/\/www.notibras.com\/site\/wp-json\/wp\/v2\/comments?post=28644"}],"version-history":[{"count":0,"href":"https:\/\/www.notibras.com\/site\/wp-json\/wp\/v2\/posts\/28644\/revisions"}],"wp:featuredmedia":[{"embeddable":true,"href":"https:\/\/www.notibras.com\/site\/wp-json\/wp\/v2\/media\/28645"}],"wp:attachment":[{"href":"https:\/\/www.notibras.com\/site\/wp-json\/wp\/v2\/media?parent=28644"}],"wp:term":[{"taxonomy":"category","embeddable":true,"href":"https:\/\/www.notibras.com\/site\/wp-json\/wp\/v2\/categories?post=28644"},{"taxonomy":"post_tag","embeddable":true,"href":"https:\/\/www.notibras.com\/site\/wp-json\/wp\/v2\/tags?post=28644"}],"curies":[{"name":"wp","href":"https:\/\/api.w.org\/{rel}","templated":true}]}}