{"id":286529,"date":"2022-05-28T08:38:12","date_gmt":"2022-05-28T11:38:12","guid":{"rendered":"https:\/\/www.notibras.com\/site\/?p=286529"},"modified":"2022-05-29T17:06:08","modified_gmt":"2022-05-29T20:06:08","slug":"bielorrusia-manda-otan-cuidar-do-seu-territorio","status":"publish","type":"post","link":"https:\/\/www.notibras.com\/site\/bielorrusia-manda-otan-cuidar-do-seu-territorio\/","title":{"rendered":"Bielorr\u00fassia manda Otan cuidar do seu territ\u00f3rio"},"content":{"rendered":"<p>Uma situa\u00e7\u00e3o pol\u00edtico-militar tensa est\u00e1 se desenvolvendo na fronteira bielorrussa, disse o presidente Alexander Lukashenko neste s\u00e1bado, 28. &#8220;Uma tensa situa\u00e7\u00e3o pol\u00edtico-militar est\u00e1 se desenvolvendo nas fronteiras da P\u00e1tria em nossos tempos dif\u00edceis, como h\u00e1 oito d\u00e9cadas&#8221;, disse o presidente em seus parab\u00e9ns pelo Dia da Guarda de Fronteira.<\/p>\n<p>A Bielorr\u00fassia proteger\u00e1 sua independ\u00eancia e integridade territorial, se necess\u00e1rio, e os guardas de fronteira far\u00e3o todo o poss\u00edvel para manter as fronteiras do pa\u00eds intactas, acrescentou Lukashenko.<\/p>\n<p>Na semana passada, o primeiro-ministro bielorrusso Roman Golovchenko disse que a Bielorr\u00fassia est\u00e1 tomando medidas para defender sua soberania em meio \u00e0 atividade da Otan perto das fronteiras do pa\u00eds.<\/p>\n<p>No in\u00edcio de maio, o vice-chefe do Estado-Maior das For\u00e7as Armadas da Bielorr\u00fassia, Ruslan Kosygin, disse que a Otan dobrou sua presen\u00e7a militar na Europa Oriental, o que permite que a alian\u00e7a envie for\u00e7as de ataque para as fronteiras da R\u00fassia e da Bielorr\u00fassia no menor tempo poss\u00edvel.<\/p>\n<p>Em 24 de fevereiro, a R\u00fassia iniciou sua opera\u00e7\u00e3o militar especial na Ucr\u00e2nia , respondendo aos pedidos de ajuda das rep\u00fablicas separatistas de Donetsk e Luhansk. Os pa\u00edses ocidentais e seus aliados acusaram Minsk de ajudar Moscou na opera\u00e7\u00e3o e participar das hostilidades do lado russo, impondo san\u00e7\u00f5es a ambos os pa\u00edses.<\/p>\n","protected":false},"excerpt":{"rendered":"<p>Uma situa\u00e7\u00e3o pol\u00edtico-militar tensa est\u00e1 se desenvolvendo na fronteira bielorrussa, disse o presidente Alexander Lukashenko neste s\u00e1bado, 28. &#8220;Uma tensa situa\u00e7\u00e3o pol\u00edtico-militar est\u00e1 se desenvolvendo nas fronteiras da P\u00e1tria em nossos tempos dif\u00edceis, como h\u00e1 oito d\u00e9cadas&#8221;, disse o presidente em seus parab\u00e9ns pelo Dia da Guarda de Fronteira. A Bielorr\u00fassia proteger\u00e1 sua independ\u00eancia e [&hellip;]<\/p>\n","protected":false},"author":2,"featured_media":286530,"comment_status":"closed","ping_status":"closed","sticky":false,"template":"","format":"standard","meta":{"_acf_changed":false,"footnotes":""},"categories":[159],"tags":[],"class_list":["post-286529","post","type-post","status-publish","format-standard","has-post-thumbnail","hentry","category-apocalipse"],"acf":[],"yoast_head":"<!-- This site is optimized with the Yoast SEO plugin v27.2 - https:\/\/yoast.com\/product\/yoast-seo-wordpress\/ -->\n<title>Bielorr\u00fassia manda Otan cuidar do seu territ\u00f3rio - Notibras<\/title>\n<meta name=\"robots\" content=\"index, follow, max-snippet:-1, max-image-preview:large, max-video-preview:-1\" \/>\n<link rel=\"canonical\" href=\"https:\/\/www.notibras.com\/site\/bielorrusia-manda-otan-cuidar-do-seu-territorio\/\" \/>\n<meta property=\"og:locale\" content=\"pt_BR\" \/>\n<meta property=\"og:type\" content=\"article\" \/>\n<meta property=\"og:title\" content=\"Bielorr\u00fassia manda Otan cuidar do seu territ\u00f3rio - Notibras\" \/>\n<meta property=\"og:description\" content=\"Uma situa\u00e7\u00e3o pol\u00edtico-militar tensa est\u00e1 se desenvolvendo na fronteira bielorrussa, disse o presidente Alexander Lukashenko neste s\u00e1bado, 28. &#8220;Uma tensa situa\u00e7\u00e3o pol\u00edtico-militar est\u00e1 se desenvolvendo nas fronteiras da P\u00e1tria em nossos tempos dif\u00edceis, como h\u00e1 oito d\u00e9cadas&#8221;, disse o presidente em seus parab\u00e9ns pelo Dia da Guarda de Fronteira. A Bielorr\u00fassia proteger\u00e1 sua independ\u00eancia e [&hellip;]\" \/>\n<meta property=\"og:url\" content=\"https:\/\/www.notibras.com\/site\/bielorrusia-manda-otan-cuidar-do-seu-territorio\/\" \/>\n<meta property=\"og:site_name\" content=\"Notibras\" \/>\n<meta property=\"article:publisher\" content=\"https:\/\/www.facebook.com\/notibras\/\" \/>\n<meta property=\"article:published_time\" content=\"2022-05-28T11:38:12+00:00\" \/>\n<meta property=\"article:modified_time\" content=\"2022-05-29T20:06:08+00:00\" \/>\n<meta property=\"og:image\" content=\"https:\/\/www.notibras.com\/site\/wp-content\/uploads\/2022\/05\/bielorrusia.otan_.webp\" \/>\n\t<meta property=\"og:image:width\" content=\"1920\" \/>\n\t<meta property=\"og:image:height\" content=\"1080\" \/>\n\t<meta property=\"og:image:type\" content=\"image\/webp\" \/>\n<meta name=\"author\" content=\"Reda\u00e7\u00e3o\" \/>\n<meta name=\"twitter:card\" content=\"summary_large_image\" \/>\n<meta name=\"twitter:creator\" content=\"@Notibras\" \/>\n<meta name=\"twitter:site\" content=\"@Notibras\" \/>\n<meta name=\"twitter:label1\" content=\"Escrito por\" \/>\n\t<meta name=\"twitter:data1\" content=\"Reda\u00e7\u00e3o\" \/>\n\t<meta name=\"twitter:label2\" content=\"Est. tempo de leitura\" \/>\n\t<meta name=\"twitter:data2\" content=\"1 minuto\" \/>\n<script type=\"application\/ld+json\" class=\"yoast-schema-graph\">{\"@context\":\"https:\/\/schema.org\",\"@graph\":[{\"@type\":\"Article\",\"@id\":\"https:\/\/www.notibras.com\/site\/bielorrusia-manda-otan-cuidar-do-seu-territorio\/#article\",\"isPartOf\":{\"@id\":\"https:\/\/www.notibras.com\/site\/bielorrusia-manda-otan-cuidar-do-seu-territorio\/\"},\"author\":{\"name\":\"Reda\u00e7\u00e3o\",\"@id\":\"https:\/\/www.notibras.com\/site\/#\/schema\/person\/36ab0979449956132d3e5b517ea76ac8\"},\"headline\":\"Bielorr\u00fassia manda Otan cuidar do seu territ\u00f3rio\",\"datePublished\":\"2022-05-28T11:38:12+00:00\",\"dateModified\":\"2022-05-29T20:06:08+00:00\",\"mainEntityOfPage\":{\"@id\":\"https:\/\/www.notibras.com\/site\/bielorrusia-manda-otan-cuidar-do-seu-territorio\/\"},\"wordCount\":246,\"publisher\":{\"@id\":\"https:\/\/www.notibras.com\/site\/#organization\"},\"image\":{\"@id\":\"https:\/\/www.notibras.com\/site\/bielorrusia-manda-otan-cuidar-do-seu-territorio\/#primaryimage\"},\"thumbnailUrl\":\"https:\/\/www.notibras.com\/site\/wp-content\/uploads\/2022\/05\/bielorrusia.otan_.webp\",\"articleSection\":[\"Apocalipse\"],\"inLanguage\":\"pt-BR\"},{\"@type\":\"WebPage\",\"@id\":\"https:\/\/www.notibras.com\/site\/bielorrusia-manda-otan-cuidar-do-seu-territorio\/\",\"url\":\"https:\/\/www.notibras.com\/site\/bielorrusia-manda-otan-cuidar-do-seu-territorio\/\",\"name\":\"Bielorr\u00fassia manda Otan cuidar do seu territ\u00f3rio - Notibras\",\"isPartOf\":{\"@id\":\"https:\/\/www.notibras.com\/site\/#website\"},\"primaryImageOfPage\":{\"@id\":\"https:\/\/www.notibras.com\/site\/bielorrusia-manda-otan-cuidar-do-seu-territorio\/#primaryimage\"},\"image\":{\"@id\":\"https:\/\/www.notibras.com\/site\/bielorrusia-manda-otan-cuidar-do-seu-territorio\/#primaryimage\"},\"thumbnailUrl\":\"https:\/\/www.notibras.com\/site\/wp-content\/uploads\/2022\/05\/bielorrusia.otan_.webp\",\"datePublished\":\"2022-05-28T11:38:12+00:00\",\"dateModified\":\"2022-05-29T20:06:08+00:00\",\"breadcrumb\":{\"@id\":\"https:\/\/www.notibras.com\/site\/bielorrusia-manda-otan-cuidar-do-seu-territorio\/#breadcrumb\"},\"inLanguage\":\"pt-BR\",\"potentialAction\":[{\"@type\":\"ReadAction\",\"target\":[\"https:\/\/www.notibras.com\/site\/bielorrusia-manda-otan-cuidar-do-seu-territorio\/\"]}]},{\"@type\":\"ImageObject\",\"inLanguage\":\"pt-BR\",\"@id\":\"https:\/\/www.notibras.com\/site\/bielorrusia-manda-otan-cuidar-do-seu-territorio\/#primaryimage\",\"url\":\"https:\/\/www.notibras.com\/site\/wp-content\/uploads\/2022\/05\/bielorrusia.otan_.webp\",\"contentUrl\":\"https:\/\/www.notibras.com\/site\/wp-content\/uploads\/2022\/05\/bielorrusia.otan_.webp\",\"width\":1920,\"height\":1080},{\"@type\":\"BreadcrumbList\",\"@id\":\"https:\/\/www.notibras.com\/site\/bielorrusia-manda-otan-cuidar-do-seu-territorio\/#breadcrumb\",\"itemListElement\":[{\"@type\":\"ListItem\",\"position\":1,\"name\":\"In\u00edcio\",\"item\":\"https:\/\/www.notibras.com\/site\/\"},{\"@type\":\"ListItem\",\"position\":2,\"name\":\"Bielorr\u00fassia manda Otan cuidar do seu territ\u00f3rio\"}]},{\"@type\":\"WebSite\",\"@id\":\"https:\/\/www.notibras.com\/site\/#website\",\"url\":\"https:\/\/www.notibras.com\/site\/\",\"name\":\"Notibras\",\"description\":\"Not\u00edcias de Bras\u00edlia, do Brasil e do Mundo\",\"publisher\":{\"@id\":\"https:\/\/www.notibras.com\/site\/#organization\"},\"potentialAction\":[{\"@type\":\"SearchAction\",\"target\":{\"@type\":\"EntryPoint\",\"urlTemplate\":\"https:\/\/www.notibras.com\/site\/?s={search_term_string}\"},\"query-input\":{\"@type\":\"PropertyValueSpecification\",\"valueRequired\":true,\"valueName\":\"search_term_string\"}}],\"inLanguage\":\"pt-BR\"},{\"@type\":\"Organization\",\"@id\":\"https:\/\/www.notibras.com\/site\/#organization\",\"name\":\"Grupo Notibras de Comunica\u00e7\u00e3o\",\"url\":\"https:\/\/www.notibras.com\/site\/\",\"logo\":{\"@type\":\"ImageObject\",\"inLanguage\":\"pt-BR\",\"@id\":\"https:\/\/www.notibras.com\/site\/#\/schema\/logo\/image\/\",\"url\":\"https:\/\/www.notibras.com\/site\/wp-content\/uploads\/2023\/01\/notibras23.png\",\"contentUrl\":\"https:\/\/www.notibras.com\/site\/wp-content\/uploads\/2023\/01\/notibras23.png\",\"width\":350,\"height\":87,\"caption\":\"Grupo Notibras de Comunica\u00e7\u00e3o\"},\"image\":{\"@id\":\"https:\/\/www.notibras.com\/site\/#\/schema\/logo\/image\/\"},\"sameAs\":[\"https:\/\/www.facebook.com\/notibras\/\",\"https:\/\/x.com\/Notibras\",\"https:\/\/www.instagram.com\/notibras\/\"]},{\"@type\":\"Person\",\"@id\":\"https:\/\/www.notibras.com\/site\/#\/schema\/person\/36ab0979449956132d3e5b517ea76ac8\",\"name\":\"Reda\u00e7\u00e3o\",\"image\":{\"@type\":\"ImageObject\",\"inLanguage\":\"pt-BR\",\"@id\":\"https:\/\/secure.gravatar.com\/avatar\/e0a867bdedb85fd243eadf09663511f96fc81e0720a4a42581f334ad4303aa6b?s=96&d=mm&r=g\",\"url\":\"https:\/\/secure.gravatar.com\/avatar\/e0a867bdedb85fd243eadf09663511f96fc81e0720a4a42581f334ad4303aa6b?s=96&d=mm&r=g\",\"contentUrl\":\"https:\/\/secure.gravatar.com\/avatar\/e0a867bdedb85fd243eadf09663511f96fc81e0720a4a42581f334ad4303aa6b?s=96&d=mm&r=g\",\"caption\":\"Reda\u00e7\u00e3o\"}}]}<\/script>\n<!-- \/ Yoast SEO plugin. -->","yoast_head_json":{"title":"Bielorr\u00fassia manda Otan cuidar do seu territ\u00f3rio - Notibras","robots":{"index":"index","follow":"follow","max-snippet":"max-snippet:-1","max-image-preview":"max-image-preview:large","max-video-preview":"max-video-preview:-1"},"canonical":"https:\/\/www.notibras.com\/site\/bielorrusia-manda-otan-cuidar-do-seu-territorio\/","og_locale":"pt_BR","og_type":"article","og_title":"Bielorr\u00fassia manda Otan cuidar do seu territ\u00f3rio - Notibras","og_description":"Uma situa\u00e7\u00e3o pol\u00edtico-militar tensa est\u00e1 se desenvolvendo na fronteira bielorrussa, disse o presidente Alexander Lukashenko neste s\u00e1bado, 28. &#8220;Uma tensa situa\u00e7\u00e3o pol\u00edtico-militar est\u00e1 se desenvolvendo nas fronteiras da P\u00e1tria em nossos tempos dif\u00edceis, como h\u00e1 oito d\u00e9cadas&#8221;, disse o presidente em seus parab\u00e9ns pelo Dia da Guarda de Fronteira. A Bielorr\u00fassia proteger\u00e1 sua independ\u00eancia e [&hellip;]","og_url":"https:\/\/www.notibras.com\/site\/bielorrusia-manda-otan-cuidar-do-seu-territorio\/","og_site_name":"Notibras","article_publisher":"https:\/\/www.facebook.com\/notibras\/","article_published_time":"2022-05-28T11:38:12+00:00","article_modified_time":"2022-05-29T20:06:08+00:00","og_image":[{"width":1920,"height":1080,"url":"https:\/\/www.notibras.com\/site\/wp-content\/uploads\/2022\/05\/bielorrusia.otan_.webp","type":"image\/webp"}],"author":"Reda\u00e7\u00e3o","twitter_card":"summary_large_image","twitter_creator":"@Notibras","twitter_site":"@Notibras","twitter_misc":{"Escrito por":"Reda\u00e7\u00e3o","Est. tempo de leitura":"1 minuto"},"schema":{"@context":"https:\/\/schema.org","@graph":[{"@type":"Article","@id":"https:\/\/www.notibras.com\/site\/bielorrusia-manda-otan-cuidar-do-seu-territorio\/#article","isPartOf":{"@id":"https:\/\/www.notibras.com\/site\/bielorrusia-manda-otan-cuidar-do-seu-territorio\/"},"author":{"name":"Reda\u00e7\u00e3o","@id":"https:\/\/www.notibras.com\/site\/#\/schema\/person\/36ab0979449956132d3e5b517ea76ac8"},"headline":"Bielorr\u00fassia manda Otan cuidar do seu territ\u00f3rio","datePublished":"2022-05-28T11:38:12+00:00","dateModified":"2022-05-29T20:06:08+00:00","mainEntityOfPage":{"@id":"https:\/\/www.notibras.com\/site\/bielorrusia-manda-otan-cuidar-do-seu-territorio\/"},"wordCount":246,"publisher":{"@id":"https:\/\/www.notibras.com\/site\/#organization"},"image":{"@id":"https:\/\/www.notibras.com\/site\/bielorrusia-manda-otan-cuidar-do-seu-territorio\/#primaryimage"},"thumbnailUrl":"https:\/\/www.notibras.com\/site\/wp-content\/uploads\/2022\/05\/bielorrusia.otan_.webp","articleSection":["Apocalipse"],"inLanguage":"pt-BR"},{"@type":"WebPage","@id":"https:\/\/www.notibras.com\/site\/bielorrusia-manda-otan-cuidar-do-seu-territorio\/","url":"https:\/\/www.notibras.com\/site\/bielorrusia-manda-otan-cuidar-do-seu-territorio\/","name":"Bielorr\u00fassia manda Otan cuidar do seu territ\u00f3rio - Notibras","isPartOf":{"@id":"https:\/\/www.notibras.com\/site\/#website"},"primaryImageOfPage":{"@id":"https:\/\/www.notibras.com\/site\/bielorrusia-manda-otan-cuidar-do-seu-territorio\/#primaryimage"},"image":{"@id":"https:\/\/www.notibras.com\/site\/bielorrusia-manda-otan-cuidar-do-seu-territorio\/#primaryimage"},"thumbnailUrl":"https:\/\/www.notibras.com\/site\/wp-content\/uploads\/2022\/05\/bielorrusia.otan_.webp","datePublished":"2022-05-28T11:38:12+00:00","dateModified":"2022-05-29T20:06:08+00:00","breadcrumb":{"@id":"https:\/\/www.notibras.com\/site\/bielorrusia-manda-otan-cuidar-do-seu-territorio\/#breadcrumb"},"inLanguage":"pt-BR","potentialAction":[{"@type":"ReadAction","target":["https:\/\/www.notibras.com\/site\/bielorrusia-manda-otan-cuidar-do-seu-territorio\/"]}]},{"@type":"ImageObject","inLanguage":"pt-BR","@id":"https:\/\/www.notibras.com\/site\/bielorrusia-manda-otan-cuidar-do-seu-territorio\/#primaryimage","url":"https:\/\/www.notibras.com\/site\/wp-content\/uploads\/2022\/05\/bielorrusia.otan_.webp","contentUrl":"https:\/\/www.notibras.com\/site\/wp-content\/uploads\/2022\/05\/bielorrusia.otan_.webp","width":1920,"height":1080},{"@type":"BreadcrumbList","@id":"https:\/\/www.notibras.com\/site\/bielorrusia-manda-otan-cuidar-do-seu-territorio\/#breadcrumb","itemListElement":[{"@type":"ListItem","position":1,"name":"In\u00edcio","item":"https:\/\/www.notibras.com\/site\/"},{"@type":"ListItem","position":2,"name":"Bielorr\u00fassia manda Otan cuidar do seu territ\u00f3rio"}]},{"@type":"WebSite","@id":"https:\/\/www.notibras.com\/site\/#website","url":"https:\/\/www.notibras.com\/site\/","name":"Notibras","description":"Not\u00edcias de Bras\u00edlia, do Brasil e do Mundo","publisher":{"@id":"https:\/\/www.notibras.com\/site\/#organization"},"potentialAction":[{"@type":"SearchAction","target":{"@type":"EntryPoint","urlTemplate":"https:\/\/www.notibras.com\/site\/?s={search_term_string}"},"query-input":{"@type":"PropertyValueSpecification","valueRequired":true,"valueName":"search_term_string"}}],"inLanguage":"pt-BR"},{"@type":"Organization","@id":"https:\/\/www.notibras.com\/site\/#organization","name":"Grupo Notibras de Comunica\u00e7\u00e3o","url":"https:\/\/www.notibras.com\/site\/","logo":{"@type":"ImageObject","inLanguage":"pt-BR","@id":"https:\/\/www.notibras.com\/site\/#\/schema\/logo\/image\/","url":"https:\/\/www.notibras.com\/site\/wp-content\/uploads\/2023\/01\/notibras23.png","contentUrl":"https:\/\/www.notibras.com\/site\/wp-content\/uploads\/2023\/01\/notibras23.png","width":350,"height":87,"caption":"Grupo Notibras de Comunica\u00e7\u00e3o"},"image":{"@id":"https:\/\/www.notibras.com\/site\/#\/schema\/logo\/image\/"},"sameAs":["https:\/\/www.facebook.com\/notibras\/","https:\/\/x.com\/Notibras","https:\/\/www.instagram.com\/notibras\/"]},{"@type":"Person","@id":"https:\/\/www.notibras.com\/site\/#\/schema\/person\/36ab0979449956132d3e5b517ea76ac8","name":"Reda\u00e7\u00e3o","image":{"@type":"ImageObject","inLanguage":"pt-BR","@id":"https:\/\/secure.gravatar.com\/avatar\/e0a867bdedb85fd243eadf09663511f96fc81e0720a4a42581f334ad4303aa6b?s=96&d=mm&r=g","url":"https:\/\/secure.gravatar.com\/avatar\/e0a867bdedb85fd243eadf09663511f96fc81e0720a4a42581f334ad4303aa6b?s=96&d=mm&r=g","contentUrl":"https:\/\/secure.gravatar.com\/avatar\/e0a867bdedb85fd243eadf09663511f96fc81e0720a4a42581f334ad4303aa6b?s=96&d=mm&r=g","caption":"Reda\u00e7\u00e3o"}}]}},"amp_enabled":true,"_links":{"self":[{"href":"https:\/\/www.notibras.com\/site\/wp-json\/wp\/v2\/posts\/286529","targetHints":{"allow":["GET"]}}],"collection":[{"href":"https:\/\/www.notibras.com\/site\/wp-json\/wp\/v2\/posts"}],"about":[{"href":"https:\/\/www.notibras.com\/site\/wp-json\/wp\/v2\/types\/post"}],"author":[{"embeddable":true,"href":"https:\/\/www.notibras.com\/site\/wp-json\/wp\/v2\/users\/2"}],"replies":[{"embeddable":true,"href":"https:\/\/www.notibras.com\/site\/wp-json\/wp\/v2\/comments?post=286529"}],"version-history":[{"count":2,"href":"https:\/\/www.notibras.com\/site\/wp-json\/wp\/v2\/posts\/286529\/revisions"}],"predecessor-version":[{"id":286578,"href":"https:\/\/www.notibras.com\/site\/wp-json\/wp\/v2\/posts\/286529\/revisions\/286578"}],"wp:featuredmedia":[{"embeddable":true,"href":"https:\/\/www.notibras.com\/site\/wp-json\/wp\/v2\/media\/286530"}],"wp:attachment":[{"href":"https:\/\/www.notibras.com\/site\/wp-json\/wp\/v2\/media?parent=286529"}],"wp:term":[{"taxonomy":"category","embeddable":true,"href":"https:\/\/www.notibras.com\/site\/wp-json\/wp\/v2\/categories?post=286529"},{"taxonomy":"post_tag","embeddable":true,"href":"https:\/\/www.notibras.com\/site\/wp-json\/wp\/v2\/tags?post=286529"}],"curies":[{"name":"wp","href":"https:\/\/api.w.org\/{rel}","templated":true}]}}