{"id":286698,"date":"2022-05-31T13:44:54","date_gmt":"2022-05-31T16:44:54","guid":{"rendered":"https:\/\/www.notibras.com\/site\/?p=286698"},"modified":"2022-05-31T13:45:46","modified_gmt":"2022-05-31T16:45:46","slug":"biden-manda-apreender-navio-do-ira-que-reage-e-pega-dois-gregos","status":"publish","type":"post","link":"https:\/\/www.notibras.com\/site\/biden-manda-apreender-navio-do-ira-que-reage-e-pega-dois-gregos\/","title":{"rendered":"Biden manda apreender navio do Ir\u00e3, que reage e pega dois gregos"},"content":{"rendered":"<p>As for\u00e7as da Guarda Revolucion\u00e1ria Isl\u00e2mica apreenderam dois navios-tanque gregos que navegavam pelo Golfo P\u00e9rsico, perto da fronteira com o Ir\u00e3. Foi uma resposta aos Estados Unidos, cujo presidente Joe Biden mandou que a marinha da Gr\u00e9cia apreendesse um navio russo que transportava petr\u00f3leo iraniano, e que descarregasse em um porto norte-americano.<\/p>\n<p>Os militares do Ir\u00e3 divulgaram imagens de sua a\u00e7\u00e3o (veja v\u00eddeo abaixo) de captura dos navios-tanque gregos no Golfo P\u00e9rsico. Informa\u00e7\u00f5es n\u00e3o confirmadas indicam que entre a tripula\u00e7\u00e3o haveria ao menos tr\u00eas americanos. Teer\u00e3, Atenas e muito menos Washington comentaram essa vers\u00e3o.<\/p>\n<p>Os dois navios-tanque, o Prudent Warrior e o Delta Poseidon, foram apreendidos por &#8220;viola\u00e7\u00f5es mar\u00edtimas&#8221;, disse o IRGC sem dar mais detalhes. O incidente aconteceu n\u00e3o muito longe do porto de Asaluyeh, no sul do Ir\u00e3. Suas tripula\u00e7\u00f5es permanecem a bordo e est\u00e3o sendo supridas com o essencial, disse o Ir\u00e3, respondendo a relatos de que os tripulantes foram presos.<\/p>\n<p>Para os Estados Unidos, a a\u00e7\u00e3o representa uma &#8216;amea\u00e7a&#8217; \u00e0 seguran\u00e7a. Washington, por\u00e9m, n\u00e3o comenta o fato de deter navios com petr\u00f3leo iraniano. O secret\u00e1rio de Estado Antony Blinken, condenou a apreens\u00e3o durante conversas com o ministro das Rela\u00e7\u00f5es Exteriores grego, Nikos Dendias. Blinken chamou a pris\u00e3o dos navios gregos de &#8220;apreens\u00e3o injustificada&#8221;.<\/p>\n<p>&#8220;O Ir\u00e3 deve liberar imediatamente as embarca\u00e7\u00f5es apreendidas, suas cargas e suas tripula\u00e7\u00f5es. O ass\u00e9dio cont\u00ednuo do Ir\u00e3 \u00e0s embarca\u00e7\u00f5es e a interfer\u00eancia nos direitos e liberdades de navega\u00e7\u00e3o s\u00e3o uma amea\u00e7a \u00e0 seguran\u00e7a mar\u00edtima e \u00e0 economia global&#8221;, disse por sua vez o porta-voz do Departamento de Estado, Ned Price.<\/p>\n<p>As alega\u00e7\u00f5es de Blinken de que a apreens\u00e3o de navios constitui uma amea\u00e7a \u00e0 seguran\u00e7a mar\u00edtima ocorre menos de uma semana depois que os EUA determinaram que Atenas apreendesse um navio-tanque russo com uma carga de petr\u00f3leo iraniano . O petr\u00f3leo teria sido transferido para outro navio, que tem como destino agora um porto americano.<\/p>\n<p>Esta n\u00e3o \u00e9 a primeira vez que os EUA apreendem navios que transportam petr\u00f3leo iraniano, citando suas san\u00e7\u00f5es unilaterais contra a Rep\u00fablica Isl\u00e2mica. Teer\u00e3 diz que essas medidas equivalem a &#8220;pirataria estatal&#8221; e exigiu que Washington parasse com essa pr\u00e1tica.<\/p>\n<p>Veja o v\u00eddeo da tomada de um dos navios pelos militares do Ir\u00e3:<\/p>\n<p><iframe loading=\"lazy\" title=\"Video of IRAN Forces taking over Greek oil tanker\" width=\"740\" height=\"416\" src=\"https:\/\/www.youtube.com\/embed\/g3RKh-Wiro0?feature=oembed\" frameborder=\"0\" allow=\"accelerometer; autoplay; clipboard-write; encrypted-media; gyroscope; picture-in-picture\" allowfullscreen><\/iframe><\/p>\n","protected":false},"excerpt":{"rendered":"<p>As for\u00e7as da Guarda Revolucion\u00e1ria Isl\u00e2mica apreenderam dois navios-tanque gregos que navegavam pelo Golfo P\u00e9rsico, perto da fronteira com o Ir\u00e3. Foi uma resposta aos Estados Unidos, cujo presidente Joe Biden mandou que a marinha da Gr\u00e9cia apreendesse um navio russo que transportava petr\u00f3leo iraniano, e que descarregasse em um porto norte-americano. Os militares do [&hellip;]<\/p>\n","protected":false},"author":2,"featured_media":286699,"comment_status":"closed","ping_status":"closed","sticky":false,"template":"","format":"standard","meta":{"_acf_changed":false,"footnotes":""},"categories":[159],"tags":[95],"class_list":["post-286698","post","type-post","status-publish","format-standard","has-post-thumbnail","hentry","category-apocalipse","tag-capa"],"acf":[],"yoast_head":"<!-- This site is optimized with the Yoast SEO plugin v27.2 - https:\/\/yoast.com\/product\/yoast-seo-wordpress\/ -->\n<title>Biden manda apreender navio do Ir\u00e3, que reage e pega dois gregos - Notibras<\/title>\n<meta name=\"robots\" content=\"index, follow, max-snippet:-1, max-image-preview:large, max-video-preview:-1\" \/>\n<link rel=\"canonical\" href=\"https:\/\/www.notibras.com\/site\/biden-manda-apreender-navio-do-ira-que-reage-e-pega-dois-gregos\/\" \/>\n<meta property=\"og:locale\" content=\"pt_BR\" \/>\n<meta property=\"og:type\" content=\"article\" \/>\n<meta property=\"og:title\" content=\"Biden manda apreender navio do Ir\u00e3, que reage e pega dois gregos - Notibras\" \/>\n<meta property=\"og:description\" content=\"As for\u00e7as da Guarda Revolucion\u00e1ria Isl\u00e2mica apreenderam dois navios-tanque gregos que navegavam pelo Golfo P\u00e9rsico, perto da fronteira com o Ir\u00e3. Foi uma resposta aos Estados Unidos, cujo presidente Joe Biden mandou que a marinha da Gr\u00e9cia apreendesse um navio russo que transportava petr\u00f3leo iraniano, e que descarregasse em um porto norte-americano. Os militares do [&hellip;]\" \/>\n<meta property=\"og:url\" content=\"https:\/\/www.notibras.com\/site\/biden-manda-apreender-navio-do-ira-que-reage-e-pega-dois-gregos\/\" \/>\n<meta property=\"og:site_name\" content=\"Notibras\" \/>\n<meta property=\"article:publisher\" content=\"https:\/\/www.facebook.com\/notibras\/\" \/>\n<meta property=\"article:published_time\" content=\"2022-05-31T16:44:54+00:00\" \/>\n<meta property=\"article:modified_time\" content=\"2022-05-31T16:45:46+00:00\" \/>\n<meta property=\"og:image\" content=\"https:\/\/www.notibras.com\/site\/wp-content\/uploads\/2022\/05\/navio.ira_.webp\" \/>\n\t<meta property=\"og:image:width\" content=\"1920\" \/>\n\t<meta property=\"og:image:height\" content=\"1079\" \/>\n\t<meta property=\"og:image:type\" content=\"image\/webp\" \/>\n<meta name=\"author\" content=\"Reda\u00e7\u00e3o\" \/>\n<meta name=\"twitter:card\" content=\"summary_large_image\" \/>\n<meta name=\"twitter:creator\" content=\"@Notibras\" \/>\n<meta name=\"twitter:site\" content=\"@Notibras\" \/>\n<meta name=\"twitter:label1\" content=\"Escrito por\" \/>\n\t<meta name=\"twitter:data1\" content=\"Reda\u00e7\u00e3o\" \/>\n\t<meta name=\"twitter:label2\" content=\"Est. tempo de leitura\" \/>\n\t<meta name=\"twitter:data2\" content=\"3 minutos\" \/>\n<script type=\"application\/ld+json\" class=\"yoast-schema-graph\">{\"@context\":\"https:\/\/schema.org\",\"@graph\":[{\"@type\":\"Article\",\"@id\":\"https:\/\/www.notibras.com\/site\/biden-manda-apreender-navio-do-ira-que-reage-e-pega-dois-gregos\/#article\",\"isPartOf\":{\"@id\":\"https:\/\/www.notibras.com\/site\/biden-manda-apreender-navio-do-ira-que-reage-e-pega-dois-gregos\/\"},\"author\":{\"name\":\"Reda\u00e7\u00e3o\",\"@id\":\"https:\/\/www.notibras.com\/site\/#\/schema\/person\/36ab0979449956132d3e5b517ea76ac8\"},\"headline\":\"Biden manda apreender navio do Ir\u00e3, que reage e pega dois gregos\",\"datePublished\":\"2022-05-31T16:44:54+00:00\",\"dateModified\":\"2022-05-31T16:45:46+00:00\",\"mainEntityOfPage\":{\"@id\":\"https:\/\/www.notibras.com\/site\/biden-manda-apreender-navio-do-ira-que-reage-e-pega-dois-gregos\/\"},\"wordCount\":432,\"publisher\":{\"@id\":\"https:\/\/www.notibras.com\/site\/#organization\"},\"image\":{\"@id\":\"https:\/\/www.notibras.com\/site\/biden-manda-apreender-navio-do-ira-que-reage-e-pega-dois-gregos\/#primaryimage\"},\"thumbnailUrl\":\"https:\/\/www.notibras.com\/site\/wp-content\/uploads\/2022\/05\/navio.ira_.webp\",\"keywords\":[\"capa\"],\"articleSection\":[\"Apocalipse\"],\"inLanguage\":\"pt-BR\"},{\"@type\":\"WebPage\",\"@id\":\"https:\/\/www.notibras.com\/site\/biden-manda-apreender-navio-do-ira-que-reage-e-pega-dois-gregos\/\",\"url\":\"https:\/\/www.notibras.com\/site\/biden-manda-apreender-navio-do-ira-que-reage-e-pega-dois-gregos\/\",\"name\":\"Biden manda apreender navio do Ir\u00e3, que reage e pega dois gregos - Notibras\",\"isPartOf\":{\"@id\":\"https:\/\/www.notibras.com\/site\/#website\"},\"primaryImageOfPage\":{\"@id\":\"https:\/\/www.notibras.com\/site\/biden-manda-apreender-navio-do-ira-que-reage-e-pega-dois-gregos\/#primaryimage\"},\"image\":{\"@id\":\"https:\/\/www.notibras.com\/site\/biden-manda-apreender-navio-do-ira-que-reage-e-pega-dois-gregos\/#primaryimage\"},\"thumbnailUrl\":\"https:\/\/www.notibras.com\/site\/wp-content\/uploads\/2022\/05\/navio.ira_.webp\",\"datePublished\":\"2022-05-31T16:44:54+00:00\",\"dateModified\":\"2022-05-31T16:45:46+00:00\",\"breadcrumb\":{\"@id\":\"https:\/\/www.notibras.com\/site\/biden-manda-apreender-navio-do-ira-que-reage-e-pega-dois-gregos\/#breadcrumb\"},\"inLanguage\":\"pt-BR\",\"potentialAction\":[{\"@type\":\"ReadAction\",\"target\":[\"https:\/\/www.notibras.com\/site\/biden-manda-apreender-navio-do-ira-que-reage-e-pega-dois-gregos\/\"]}]},{\"@type\":\"ImageObject\",\"inLanguage\":\"pt-BR\",\"@id\":\"https:\/\/www.notibras.com\/site\/biden-manda-apreender-navio-do-ira-que-reage-e-pega-dois-gregos\/#primaryimage\",\"url\":\"https:\/\/www.notibras.com\/site\/wp-content\/uploads\/2022\/05\/navio.ira_.webp\",\"contentUrl\":\"https:\/\/www.notibras.com\/site\/wp-content\/uploads\/2022\/05\/navio.ira_.webp\",\"width\":1920,\"height\":1079},{\"@type\":\"BreadcrumbList\",\"@id\":\"https:\/\/www.notibras.com\/site\/biden-manda-apreender-navio-do-ira-que-reage-e-pega-dois-gregos\/#breadcrumb\",\"itemListElement\":[{\"@type\":\"ListItem\",\"position\":1,\"name\":\"In\u00edcio\",\"item\":\"https:\/\/www.notibras.com\/site\/\"},{\"@type\":\"ListItem\",\"position\":2,\"name\":\"Biden manda apreender navio do Ir\u00e3, que reage e pega dois gregos\"}]},{\"@type\":\"WebSite\",\"@id\":\"https:\/\/www.notibras.com\/site\/#website\",\"url\":\"https:\/\/www.notibras.com\/site\/\",\"name\":\"Notibras\",\"description\":\"Not\u00edcias de Bras\u00edlia, do Brasil e do Mundo\",\"publisher\":{\"@id\":\"https:\/\/www.notibras.com\/site\/#organization\"},\"potentialAction\":[{\"@type\":\"SearchAction\",\"target\":{\"@type\":\"EntryPoint\",\"urlTemplate\":\"https:\/\/www.notibras.com\/site\/?s={search_term_string}\"},\"query-input\":{\"@type\":\"PropertyValueSpecification\",\"valueRequired\":true,\"valueName\":\"search_term_string\"}}],\"inLanguage\":\"pt-BR\"},{\"@type\":\"Organization\",\"@id\":\"https:\/\/www.notibras.com\/site\/#organization\",\"name\":\"Grupo Notibras de Comunica\u00e7\u00e3o\",\"url\":\"https:\/\/www.notibras.com\/site\/\",\"logo\":{\"@type\":\"ImageObject\",\"inLanguage\":\"pt-BR\",\"@id\":\"https:\/\/www.notibras.com\/site\/#\/schema\/logo\/image\/\",\"url\":\"https:\/\/www.notibras.com\/site\/wp-content\/uploads\/2023\/01\/notibras23.png\",\"contentUrl\":\"https:\/\/www.notibras.com\/site\/wp-content\/uploads\/2023\/01\/notibras23.png\",\"width\":350,\"height\":87,\"caption\":\"Grupo Notibras de Comunica\u00e7\u00e3o\"},\"image\":{\"@id\":\"https:\/\/www.notibras.com\/site\/#\/schema\/logo\/image\/\"},\"sameAs\":[\"https:\/\/www.facebook.com\/notibras\/\",\"https:\/\/x.com\/Notibras\",\"https:\/\/www.instagram.com\/notibras\/\"]},{\"@type\":\"Person\",\"@id\":\"https:\/\/www.notibras.com\/site\/#\/schema\/person\/36ab0979449956132d3e5b517ea76ac8\",\"name\":\"Reda\u00e7\u00e3o\",\"image\":{\"@type\":\"ImageObject\",\"inLanguage\":\"pt-BR\",\"@id\":\"https:\/\/secure.gravatar.com\/avatar\/e0a867bdedb85fd243eadf09663511f96fc81e0720a4a42581f334ad4303aa6b?s=96&d=mm&r=g\",\"url\":\"https:\/\/secure.gravatar.com\/avatar\/e0a867bdedb85fd243eadf09663511f96fc81e0720a4a42581f334ad4303aa6b?s=96&d=mm&r=g\",\"contentUrl\":\"https:\/\/secure.gravatar.com\/avatar\/e0a867bdedb85fd243eadf09663511f96fc81e0720a4a42581f334ad4303aa6b?s=96&d=mm&r=g\",\"caption\":\"Reda\u00e7\u00e3o\"}}]}<\/script>\n<!-- \/ Yoast SEO plugin. -->","yoast_head_json":{"title":"Biden manda apreender navio do Ir\u00e3, que reage e pega dois gregos - Notibras","robots":{"index":"index","follow":"follow","max-snippet":"max-snippet:-1","max-image-preview":"max-image-preview:large","max-video-preview":"max-video-preview:-1"},"canonical":"https:\/\/www.notibras.com\/site\/biden-manda-apreender-navio-do-ira-que-reage-e-pega-dois-gregos\/","og_locale":"pt_BR","og_type":"article","og_title":"Biden manda apreender navio do Ir\u00e3, que reage e pega dois gregos - Notibras","og_description":"As for\u00e7as da Guarda Revolucion\u00e1ria Isl\u00e2mica apreenderam dois navios-tanque gregos que navegavam pelo Golfo P\u00e9rsico, perto da fronteira com o Ir\u00e3. Foi uma resposta aos Estados Unidos, cujo presidente Joe Biden mandou que a marinha da Gr\u00e9cia apreendesse um navio russo que transportava petr\u00f3leo iraniano, e que descarregasse em um porto norte-americano. Os militares do [&hellip;]","og_url":"https:\/\/www.notibras.com\/site\/biden-manda-apreender-navio-do-ira-que-reage-e-pega-dois-gregos\/","og_site_name":"Notibras","article_publisher":"https:\/\/www.facebook.com\/notibras\/","article_published_time":"2022-05-31T16:44:54+00:00","article_modified_time":"2022-05-31T16:45:46+00:00","og_image":[{"width":1920,"height":1079,"url":"https:\/\/www.notibras.com\/site\/wp-content\/uploads\/2022\/05\/navio.ira_.webp","type":"image\/webp"}],"author":"Reda\u00e7\u00e3o","twitter_card":"summary_large_image","twitter_creator":"@Notibras","twitter_site":"@Notibras","twitter_misc":{"Escrito por":"Reda\u00e7\u00e3o","Est. tempo de leitura":"3 minutos"},"schema":{"@context":"https:\/\/schema.org","@graph":[{"@type":"Article","@id":"https:\/\/www.notibras.com\/site\/biden-manda-apreender-navio-do-ira-que-reage-e-pega-dois-gregos\/#article","isPartOf":{"@id":"https:\/\/www.notibras.com\/site\/biden-manda-apreender-navio-do-ira-que-reage-e-pega-dois-gregos\/"},"author":{"name":"Reda\u00e7\u00e3o","@id":"https:\/\/www.notibras.com\/site\/#\/schema\/person\/36ab0979449956132d3e5b517ea76ac8"},"headline":"Biden manda apreender navio do Ir\u00e3, que reage e pega dois gregos","datePublished":"2022-05-31T16:44:54+00:00","dateModified":"2022-05-31T16:45:46+00:00","mainEntityOfPage":{"@id":"https:\/\/www.notibras.com\/site\/biden-manda-apreender-navio-do-ira-que-reage-e-pega-dois-gregos\/"},"wordCount":432,"publisher":{"@id":"https:\/\/www.notibras.com\/site\/#organization"},"image":{"@id":"https:\/\/www.notibras.com\/site\/biden-manda-apreender-navio-do-ira-que-reage-e-pega-dois-gregos\/#primaryimage"},"thumbnailUrl":"https:\/\/www.notibras.com\/site\/wp-content\/uploads\/2022\/05\/navio.ira_.webp","keywords":["capa"],"articleSection":["Apocalipse"],"inLanguage":"pt-BR"},{"@type":"WebPage","@id":"https:\/\/www.notibras.com\/site\/biden-manda-apreender-navio-do-ira-que-reage-e-pega-dois-gregos\/","url":"https:\/\/www.notibras.com\/site\/biden-manda-apreender-navio-do-ira-que-reage-e-pega-dois-gregos\/","name":"Biden manda apreender navio do Ir\u00e3, que reage e pega dois gregos - Notibras","isPartOf":{"@id":"https:\/\/www.notibras.com\/site\/#website"},"primaryImageOfPage":{"@id":"https:\/\/www.notibras.com\/site\/biden-manda-apreender-navio-do-ira-que-reage-e-pega-dois-gregos\/#primaryimage"},"image":{"@id":"https:\/\/www.notibras.com\/site\/biden-manda-apreender-navio-do-ira-que-reage-e-pega-dois-gregos\/#primaryimage"},"thumbnailUrl":"https:\/\/www.notibras.com\/site\/wp-content\/uploads\/2022\/05\/navio.ira_.webp","datePublished":"2022-05-31T16:44:54+00:00","dateModified":"2022-05-31T16:45:46+00:00","breadcrumb":{"@id":"https:\/\/www.notibras.com\/site\/biden-manda-apreender-navio-do-ira-que-reage-e-pega-dois-gregos\/#breadcrumb"},"inLanguage":"pt-BR","potentialAction":[{"@type":"ReadAction","target":["https:\/\/www.notibras.com\/site\/biden-manda-apreender-navio-do-ira-que-reage-e-pega-dois-gregos\/"]}]},{"@type":"ImageObject","inLanguage":"pt-BR","@id":"https:\/\/www.notibras.com\/site\/biden-manda-apreender-navio-do-ira-que-reage-e-pega-dois-gregos\/#primaryimage","url":"https:\/\/www.notibras.com\/site\/wp-content\/uploads\/2022\/05\/navio.ira_.webp","contentUrl":"https:\/\/www.notibras.com\/site\/wp-content\/uploads\/2022\/05\/navio.ira_.webp","width":1920,"height":1079},{"@type":"BreadcrumbList","@id":"https:\/\/www.notibras.com\/site\/biden-manda-apreender-navio-do-ira-que-reage-e-pega-dois-gregos\/#breadcrumb","itemListElement":[{"@type":"ListItem","position":1,"name":"In\u00edcio","item":"https:\/\/www.notibras.com\/site\/"},{"@type":"ListItem","position":2,"name":"Biden manda apreender navio do Ir\u00e3, que reage e pega dois gregos"}]},{"@type":"WebSite","@id":"https:\/\/www.notibras.com\/site\/#website","url":"https:\/\/www.notibras.com\/site\/","name":"Notibras","description":"Not\u00edcias de Bras\u00edlia, do Brasil e do Mundo","publisher":{"@id":"https:\/\/www.notibras.com\/site\/#organization"},"potentialAction":[{"@type":"SearchAction","target":{"@type":"EntryPoint","urlTemplate":"https:\/\/www.notibras.com\/site\/?s={search_term_string}"},"query-input":{"@type":"PropertyValueSpecification","valueRequired":true,"valueName":"search_term_string"}}],"inLanguage":"pt-BR"},{"@type":"Organization","@id":"https:\/\/www.notibras.com\/site\/#organization","name":"Grupo Notibras de Comunica\u00e7\u00e3o","url":"https:\/\/www.notibras.com\/site\/","logo":{"@type":"ImageObject","inLanguage":"pt-BR","@id":"https:\/\/www.notibras.com\/site\/#\/schema\/logo\/image\/","url":"https:\/\/www.notibras.com\/site\/wp-content\/uploads\/2023\/01\/notibras23.png","contentUrl":"https:\/\/www.notibras.com\/site\/wp-content\/uploads\/2023\/01\/notibras23.png","width":350,"height":87,"caption":"Grupo Notibras de Comunica\u00e7\u00e3o"},"image":{"@id":"https:\/\/www.notibras.com\/site\/#\/schema\/logo\/image\/"},"sameAs":["https:\/\/www.facebook.com\/notibras\/","https:\/\/x.com\/Notibras","https:\/\/www.instagram.com\/notibras\/"]},{"@type":"Person","@id":"https:\/\/www.notibras.com\/site\/#\/schema\/person\/36ab0979449956132d3e5b517ea76ac8","name":"Reda\u00e7\u00e3o","image":{"@type":"ImageObject","inLanguage":"pt-BR","@id":"https:\/\/secure.gravatar.com\/avatar\/e0a867bdedb85fd243eadf09663511f96fc81e0720a4a42581f334ad4303aa6b?s=96&d=mm&r=g","url":"https:\/\/secure.gravatar.com\/avatar\/e0a867bdedb85fd243eadf09663511f96fc81e0720a4a42581f334ad4303aa6b?s=96&d=mm&r=g","contentUrl":"https:\/\/secure.gravatar.com\/avatar\/e0a867bdedb85fd243eadf09663511f96fc81e0720a4a42581f334ad4303aa6b?s=96&d=mm&r=g","caption":"Reda\u00e7\u00e3o"}}]}},"amp_enabled":true,"_links":{"self":[{"href":"https:\/\/www.notibras.com\/site\/wp-json\/wp\/v2\/posts\/286698","targetHints":{"allow":["GET"]}}],"collection":[{"href":"https:\/\/www.notibras.com\/site\/wp-json\/wp\/v2\/posts"}],"about":[{"href":"https:\/\/www.notibras.com\/site\/wp-json\/wp\/v2\/types\/post"}],"author":[{"embeddable":true,"href":"https:\/\/www.notibras.com\/site\/wp-json\/wp\/v2\/users\/2"}],"replies":[{"embeddable":true,"href":"https:\/\/www.notibras.com\/site\/wp-json\/wp\/v2\/comments?post=286698"}],"version-history":[{"count":2,"href":"https:\/\/www.notibras.com\/site\/wp-json\/wp\/v2\/posts\/286698\/revisions"}],"predecessor-version":[{"id":286701,"href":"https:\/\/www.notibras.com\/site\/wp-json\/wp\/v2\/posts\/286698\/revisions\/286701"}],"wp:featuredmedia":[{"embeddable":true,"href":"https:\/\/www.notibras.com\/site\/wp-json\/wp\/v2\/media\/286699"}],"wp:attachment":[{"href":"https:\/\/www.notibras.com\/site\/wp-json\/wp\/v2\/media?parent=286698"}],"wp:term":[{"taxonomy":"category","embeddable":true,"href":"https:\/\/www.notibras.com\/site\/wp-json\/wp\/v2\/categories?post=286698"},{"taxonomy":"post_tag","embeddable":true,"href":"https:\/\/www.notibras.com\/site\/wp-json\/wp\/v2\/tags?post=286698"}],"curies":[{"name":"wp","href":"https:\/\/api.w.org\/{rel}","templated":true}]}}