{"id":286873,"date":"2022-06-03T07:02:57","date_gmt":"2022-06-03T10:02:57","guid":{"rendered":"https:\/\/www.notibras.com\/site\/?p=286873"},"modified":"2022-06-03T12:02:02","modified_gmt":"2022-06-03T15:02:02","slug":"interpol-alerta-para-riscos-de-abastecer-ucrania-com-armas","status":"publish","type":"post","link":"https:\/\/www.notibras.com\/site\/interpol-alerta-para-riscos-de-abastecer-ucrania-com-armas\/","title":{"rendered":"Interpol alerta para riscos de dar armas \u00e0 Ucr\u00e2nia"},"content":{"rendered":"<p>Armas enviadas para a Ucr\u00e2nia &#8220;sem d\u00favida&#8221; aumentar\u00e3o o tr\u00e1fico global de armas, adverte o chefe da Interpol, afirmando que os EUA e seus aliados inundam a Ucr\u00e2nia com armas desde que a R\u00fassia iniciou sua opera\u00e7\u00e3o especial para desmilitarizar e desnazificar o pa\u00eds.<\/p>\n<p>Moscou tem alertado repetidamente sobre os perigos de tal assist\u00eancia militar, que serve para prolongar o conflito, e pode at\u00e9 arriscar um confronto direto com a Otan.<\/p>\n<p>N\u00e3o h\u00e1 \u201cd\u00favida\u201d de que o tr\u00e1fico ilegal de armas aumentar\u00e1 quando o conflito na Ucr\u00e2nia terminar, alertou o chefe da Interpol Jurgen Stock. \u201cVimos isso na regi\u00e3o dos Balc\u00e3s\u2026 Vimos isso nos teatros da \u00c1frica; grupos do crime organizado tentam explorar essa situa\u00e7\u00e3o ca\u00f3tica&#8221;, enfatizou.<\/p>\n<p>Desde que a R\u00fassia iniciou sua opera\u00e7\u00e3o militar especial no pa\u00eds vizinho em 24 de fevereiro, ap\u00f3s um pedido de assist\u00eancia das rep\u00fablicas separatistas de Donetsk e Lugansk para defend\u00ea-las da intensifica\u00e7\u00e3o dos ataques do regime de Kiev, os EUA e seus aliados inundam a Ucr\u00e2nia com armas.<\/p>\n<p>Moscou enfatizou que o objetivo de sua opera\u00e7\u00e3o \u00e9 desmilitarizar e desnazificar a Ucr\u00e2nia e que apenas a infraestrutura militar est\u00e1 sendo visada. No entanto, os EUA e seus aliados, al\u00e9m de lan\u00e7ar uma ampla campanha de san\u00e7\u00f5es contra a R\u00fassia, comprometeram bilh\u00f5es em ajuda militar para a Ucr\u00e2nia nos \u00faltimos meses.<\/p>\n<p>No entanto, esses estoques de armas canalizados para a Ucr\u00e2nia provavelmente acabar\u00e3o na economia oculta global e nas m\u00e3os de criminosos, disse o chefe da Interpol.<\/p>\n<p>De acordo com J\u00fcrgen Stock, uma vez que a fase ativa da opera\u00e7\u00e3o na Ucr\u00e2nia termine, um fornecimento constante de armas pesadas inundar\u00e1 o mercado internacional. Nesse ponto, ele enfatizou, os estados membros da Interpol, especialmente aqueles que atualmente fornecem armas, precisariam cooperar no rastreamento de armas.<\/p>\n<p>\u201cAssim que as armas silenciarem [na Ucr\u00e2nia], as armas ilegais vir\u00e3o. Sabemos disso de muitos outros teatros de conflito. Os criminosos est\u00e3o at\u00e9 agora, enquanto falamos, focando neles\u201d, disse Stock.<\/p>\n<p>J\u00fcrgen Stock advertiu os pa\u00edses a n\u00e3o pensarem que poderiam lidar individualmente com um desafio t\u00e3o iminente. \u201cGrupos criminosos tentam explorar essas situa\u00e7\u00f5es ca\u00f3ticas e a disponibilidade de armas, mesmo aquelas usadas pelos militares e incluindo armas pesadas. Estes estar\u00e3o dispon\u00edveis no mercado criminal e criar\u00e3o um desafio. Nenhum pa\u00eds ou regi\u00e3o pode lidar com isso isoladamente porque esses grupos operam em n\u00edvel global\u201d.<\/p>\n<p>Um caso em quest\u00e3o foi o Afeganist\u00e3o, do qual os EUA se retiraram \u201ccaoticamente\u201d em 2021, ap\u00f3s 20 anos de guerra, deixando para tr\u00e1s enormes quantidades de equipamentos militares sofisticados que ca\u00edram nas m\u00e3os do Talib\u00e3, acrescentou o chefe da Interpol.<\/p>\n<p>Ele acrescentou que agora \u00e9 a hora de se alarmar, pois \u201cum influxo de armas na Europa e al\u00e9m\u201d \u00e9 iminente e se pode \u201cesperar que essas armas sejam traficadas n\u00e3o apenas para pa\u00edses vizinhos, mas para outros continentes\u201d.<\/p>\n<p>Uma maneira imediata de lidar com a situa\u00e7\u00e3o potencialmente explosiva era os estados membros da Interpol usarem seu banco de dados para ajudar a rastrear as armas.<\/p>\n<p>\u201cEstamos em contato com os pa\u00edses membros para incentiv\u00e1-los a usar essas ferramentas. Os criminosos est\u00e3o interessados \u200b\u200bem todos os tipos de armas\u2026 basicamente qualquer arma que possa ser transportada pode ser usada para fins criminosos\u201d.<\/p>\n","protected":false},"excerpt":{"rendered":"<p>Armas enviadas para a Ucr\u00e2nia &#8220;sem d\u00favida&#8221; aumentar\u00e3o o tr\u00e1fico global de armas, adverte o chefe da Interpol, afirmando que os EUA e seus aliados inundam a Ucr\u00e2nia com armas desde que a R\u00fassia iniciou sua opera\u00e7\u00e3o especial para desmilitarizar e desnazificar o pa\u00eds. Moscou tem alertado repetidamente sobre os perigos de tal assist\u00eancia militar, [&hellip;]<\/p>\n","protected":false},"author":2,"featured_media":286874,"comment_status":"closed","ping_status":"closed","sticky":false,"template":"","format":"standard","meta":{"_acf_changed":false,"footnotes":""},"categories":[159],"tags":[95],"class_list":["post-286873","post","type-post","status-publish","format-standard","has-post-thumbnail","hentry","category-apocalipse","tag-capa"],"acf":[],"yoast_head":"<!-- This site is optimized with the Yoast SEO plugin v27.2 - https:\/\/yoast.com\/product\/yoast-seo-wordpress\/ -->\n<title>Interpol alerta para riscos de dar armas \u00e0 Ucr\u00e2nia - Notibras<\/title>\n<meta name=\"robots\" content=\"index, follow, max-snippet:-1, max-image-preview:large, max-video-preview:-1\" \/>\n<link rel=\"canonical\" href=\"https:\/\/www.notibras.com\/site\/interpol-alerta-para-riscos-de-abastecer-ucrania-com-armas\/\" \/>\n<meta property=\"og:locale\" content=\"pt_BR\" \/>\n<meta property=\"og:type\" content=\"article\" \/>\n<meta property=\"og:title\" content=\"Interpol alerta para riscos de dar armas \u00e0 Ucr\u00e2nia - Notibras\" \/>\n<meta property=\"og:description\" content=\"Armas enviadas para a Ucr\u00e2nia &#8220;sem d\u00favida&#8221; aumentar\u00e3o o tr\u00e1fico global de armas, adverte o chefe da Interpol, afirmando que os EUA e seus aliados inundam a Ucr\u00e2nia com armas desde que a R\u00fassia iniciou sua opera\u00e7\u00e3o especial para desmilitarizar e desnazificar o pa\u00eds. Moscou tem alertado repetidamente sobre os perigos de tal assist\u00eancia militar, [&hellip;]\" \/>\n<meta property=\"og:url\" content=\"https:\/\/www.notibras.com\/site\/interpol-alerta-para-riscos-de-abastecer-ucrania-com-armas\/\" \/>\n<meta property=\"og:site_name\" content=\"Notibras\" \/>\n<meta property=\"article:publisher\" content=\"https:\/\/www.facebook.com\/notibras\/\" \/>\n<meta property=\"article:published_time\" content=\"2022-06-03T10:02:57+00:00\" \/>\n<meta property=\"article:modified_time\" content=\"2022-06-03T15:02:02+00:00\" \/>\n<meta property=\"og:image\" content=\"https:\/\/www.notibras.com\/site\/wp-content\/uploads\/2022\/06\/armas.trafico.webp\" \/>\n\t<meta property=\"og:image:width\" content=\"1920\" \/>\n\t<meta property=\"og:image:height\" content=\"1080\" \/>\n\t<meta property=\"og:image:type\" content=\"image\/webp\" \/>\n<meta name=\"author\" content=\"Reda\u00e7\u00e3o\" \/>\n<meta name=\"twitter:card\" content=\"summary_large_image\" \/>\n<meta name=\"twitter:creator\" content=\"@Notibras\" \/>\n<meta name=\"twitter:site\" content=\"@Notibras\" \/>\n<meta name=\"twitter:label1\" content=\"Escrito por\" \/>\n\t<meta name=\"twitter:data1\" content=\"Reda\u00e7\u00e3o\" \/>\n\t<meta name=\"twitter:label2\" content=\"Est. tempo de leitura\" \/>\n\t<meta name=\"twitter:data2\" content=\"3 minutos\" \/>\n<script type=\"application\/ld+json\" class=\"yoast-schema-graph\">{\"@context\":\"https:\/\/schema.org\",\"@graph\":[{\"@type\":\"Article\",\"@id\":\"https:\/\/www.notibras.com\/site\/interpol-alerta-para-riscos-de-abastecer-ucrania-com-armas\/#article\",\"isPartOf\":{\"@id\":\"https:\/\/www.notibras.com\/site\/interpol-alerta-para-riscos-de-abastecer-ucrania-com-armas\/\"},\"author\":{\"name\":\"Reda\u00e7\u00e3o\",\"@id\":\"https:\/\/www.notibras.com\/site\/#\/schema\/person\/36ab0979449956132d3e5b517ea76ac8\"},\"headline\":\"Interpol alerta para riscos de dar armas \u00e0 Ucr\u00e2nia\",\"datePublished\":\"2022-06-03T10:02:57+00:00\",\"dateModified\":\"2022-06-03T15:02:02+00:00\",\"mainEntityOfPage\":{\"@id\":\"https:\/\/www.notibras.com\/site\/interpol-alerta-para-riscos-de-abastecer-ucrania-com-armas\/\"},\"wordCount\":598,\"publisher\":{\"@id\":\"https:\/\/www.notibras.com\/site\/#organization\"},\"image\":{\"@id\":\"https:\/\/www.notibras.com\/site\/interpol-alerta-para-riscos-de-abastecer-ucrania-com-armas\/#primaryimage\"},\"thumbnailUrl\":\"https:\/\/www.notibras.com\/site\/wp-content\/uploads\/2022\/06\/armas.trafico.webp\",\"keywords\":[\"capa\"],\"articleSection\":[\"Apocalipse\"],\"inLanguage\":\"pt-BR\"},{\"@type\":\"WebPage\",\"@id\":\"https:\/\/www.notibras.com\/site\/interpol-alerta-para-riscos-de-abastecer-ucrania-com-armas\/\",\"url\":\"https:\/\/www.notibras.com\/site\/interpol-alerta-para-riscos-de-abastecer-ucrania-com-armas\/\",\"name\":\"Interpol alerta para riscos de dar armas \u00e0 Ucr\u00e2nia - Notibras\",\"isPartOf\":{\"@id\":\"https:\/\/www.notibras.com\/site\/#website\"},\"primaryImageOfPage\":{\"@id\":\"https:\/\/www.notibras.com\/site\/interpol-alerta-para-riscos-de-abastecer-ucrania-com-armas\/#primaryimage\"},\"image\":{\"@id\":\"https:\/\/www.notibras.com\/site\/interpol-alerta-para-riscos-de-abastecer-ucrania-com-armas\/#primaryimage\"},\"thumbnailUrl\":\"https:\/\/www.notibras.com\/site\/wp-content\/uploads\/2022\/06\/armas.trafico.webp\",\"datePublished\":\"2022-06-03T10:02:57+00:00\",\"dateModified\":\"2022-06-03T15:02:02+00:00\",\"breadcrumb\":{\"@id\":\"https:\/\/www.notibras.com\/site\/interpol-alerta-para-riscos-de-abastecer-ucrania-com-armas\/#breadcrumb\"},\"inLanguage\":\"pt-BR\",\"potentialAction\":[{\"@type\":\"ReadAction\",\"target\":[\"https:\/\/www.notibras.com\/site\/interpol-alerta-para-riscos-de-abastecer-ucrania-com-armas\/\"]}]},{\"@type\":\"ImageObject\",\"inLanguage\":\"pt-BR\",\"@id\":\"https:\/\/www.notibras.com\/site\/interpol-alerta-para-riscos-de-abastecer-ucrania-com-armas\/#primaryimage\",\"url\":\"https:\/\/www.notibras.com\/site\/wp-content\/uploads\/2022\/06\/armas.trafico.webp\",\"contentUrl\":\"https:\/\/www.notibras.com\/site\/wp-content\/uploads\/2022\/06\/armas.trafico.webp\",\"width\":1920,\"height\":1080},{\"@type\":\"BreadcrumbList\",\"@id\":\"https:\/\/www.notibras.com\/site\/interpol-alerta-para-riscos-de-abastecer-ucrania-com-armas\/#breadcrumb\",\"itemListElement\":[{\"@type\":\"ListItem\",\"position\":1,\"name\":\"In\u00edcio\",\"item\":\"https:\/\/www.notibras.com\/site\/\"},{\"@type\":\"ListItem\",\"position\":2,\"name\":\"Interpol alerta para riscos de dar armas \u00e0 Ucr\u00e2nia\"}]},{\"@type\":\"WebSite\",\"@id\":\"https:\/\/www.notibras.com\/site\/#website\",\"url\":\"https:\/\/www.notibras.com\/site\/\",\"name\":\"Notibras\",\"description\":\"Not\u00edcias de Bras\u00edlia, do Brasil e do Mundo\",\"publisher\":{\"@id\":\"https:\/\/www.notibras.com\/site\/#organization\"},\"potentialAction\":[{\"@type\":\"SearchAction\",\"target\":{\"@type\":\"EntryPoint\",\"urlTemplate\":\"https:\/\/www.notibras.com\/site\/?s={search_term_string}\"},\"query-input\":{\"@type\":\"PropertyValueSpecification\",\"valueRequired\":true,\"valueName\":\"search_term_string\"}}],\"inLanguage\":\"pt-BR\"},{\"@type\":\"Organization\",\"@id\":\"https:\/\/www.notibras.com\/site\/#organization\",\"name\":\"Grupo Notibras de Comunica\u00e7\u00e3o\",\"url\":\"https:\/\/www.notibras.com\/site\/\",\"logo\":{\"@type\":\"ImageObject\",\"inLanguage\":\"pt-BR\",\"@id\":\"https:\/\/www.notibras.com\/site\/#\/schema\/logo\/image\/\",\"url\":\"https:\/\/www.notibras.com\/site\/wp-content\/uploads\/2023\/01\/notibras23.png\",\"contentUrl\":\"https:\/\/www.notibras.com\/site\/wp-content\/uploads\/2023\/01\/notibras23.png\",\"width\":350,\"height\":87,\"caption\":\"Grupo Notibras de Comunica\u00e7\u00e3o\"},\"image\":{\"@id\":\"https:\/\/www.notibras.com\/site\/#\/schema\/logo\/image\/\"},\"sameAs\":[\"https:\/\/www.facebook.com\/notibras\/\",\"https:\/\/x.com\/Notibras\",\"https:\/\/www.instagram.com\/notibras\/\"]},{\"@type\":\"Person\",\"@id\":\"https:\/\/www.notibras.com\/site\/#\/schema\/person\/36ab0979449956132d3e5b517ea76ac8\",\"name\":\"Reda\u00e7\u00e3o\",\"image\":{\"@type\":\"ImageObject\",\"inLanguage\":\"pt-BR\",\"@id\":\"https:\/\/secure.gravatar.com\/avatar\/e0a867bdedb85fd243eadf09663511f96fc81e0720a4a42581f334ad4303aa6b?s=96&d=mm&r=g\",\"url\":\"https:\/\/secure.gravatar.com\/avatar\/e0a867bdedb85fd243eadf09663511f96fc81e0720a4a42581f334ad4303aa6b?s=96&d=mm&r=g\",\"contentUrl\":\"https:\/\/secure.gravatar.com\/avatar\/e0a867bdedb85fd243eadf09663511f96fc81e0720a4a42581f334ad4303aa6b?s=96&d=mm&r=g\",\"caption\":\"Reda\u00e7\u00e3o\"}}]}<\/script>\n<!-- \/ Yoast SEO plugin. -->","yoast_head_json":{"title":"Interpol alerta para riscos de dar armas \u00e0 Ucr\u00e2nia - Notibras","robots":{"index":"index","follow":"follow","max-snippet":"max-snippet:-1","max-image-preview":"max-image-preview:large","max-video-preview":"max-video-preview:-1"},"canonical":"https:\/\/www.notibras.com\/site\/interpol-alerta-para-riscos-de-abastecer-ucrania-com-armas\/","og_locale":"pt_BR","og_type":"article","og_title":"Interpol alerta para riscos de dar armas \u00e0 Ucr\u00e2nia - Notibras","og_description":"Armas enviadas para a Ucr\u00e2nia &#8220;sem d\u00favida&#8221; aumentar\u00e3o o tr\u00e1fico global de armas, adverte o chefe da Interpol, afirmando que os EUA e seus aliados inundam a Ucr\u00e2nia com armas desde que a R\u00fassia iniciou sua opera\u00e7\u00e3o especial para desmilitarizar e desnazificar o pa\u00eds. Moscou tem alertado repetidamente sobre os perigos de tal assist\u00eancia militar, [&hellip;]","og_url":"https:\/\/www.notibras.com\/site\/interpol-alerta-para-riscos-de-abastecer-ucrania-com-armas\/","og_site_name":"Notibras","article_publisher":"https:\/\/www.facebook.com\/notibras\/","article_published_time":"2022-06-03T10:02:57+00:00","article_modified_time":"2022-06-03T15:02:02+00:00","og_image":[{"width":1920,"height":1080,"url":"https:\/\/www.notibras.com\/site\/wp-content\/uploads\/2022\/06\/armas.trafico.webp","type":"image\/webp"}],"author":"Reda\u00e7\u00e3o","twitter_card":"summary_large_image","twitter_creator":"@Notibras","twitter_site":"@Notibras","twitter_misc":{"Escrito por":"Reda\u00e7\u00e3o","Est. tempo de leitura":"3 minutos"},"schema":{"@context":"https:\/\/schema.org","@graph":[{"@type":"Article","@id":"https:\/\/www.notibras.com\/site\/interpol-alerta-para-riscos-de-abastecer-ucrania-com-armas\/#article","isPartOf":{"@id":"https:\/\/www.notibras.com\/site\/interpol-alerta-para-riscos-de-abastecer-ucrania-com-armas\/"},"author":{"name":"Reda\u00e7\u00e3o","@id":"https:\/\/www.notibras.com\/site\/#\/schema\/person\/36ab0979449956132d3e5b517ea76ac8"},"headline":"Interpol alerta para riscos de dar armas \u00e0 Ucr\u00e2nia","datePublished":"2022-06-03T10:02:57+00:00","dateModified":"2022-06-03T15:02:02+00:00","mainEntityOfPage":{"@id":"https:\/\/www.notibras.com\/site\/interpol-alerta-para-riscos-de-abastecer-ucrania-com-armas\/"},"wordCount":598,"publisher":{"@id":"https:\/\/www.notibras.com\/site\/#organization"},"image":{"@id":"https:\/\/www.notibras.com\/site\/interpol-alerta-para-riscos-de-abastecer-ucrania-com-armas\/#primaryimage"},"thumbnailUrl":"https:\/\/www.notibras.com\/site\/wp-content\/uploads\/2022\/06\/armas.trafico.webp","keywords":["capa"],"articleSection":["Apocalipse"],"inLanguage":"pt-BR"},{"@type":"WebPage","@id":"https:\/\/www.notibras.com\/site\/interpol-alerta-para-riscos-de-abastecer-ucrania-com-armas\/","url":"https:\/\/www.notibras.com\/site\/interpol-alerta-para-riscos-de-abastecer-ucrania-com-armas\/","name":"Interpol alerta para riscos de dar armas \u00e0 Ucr\u00e2nia - Notibras","isPartOf":{"@id":"https:\/\/www.notibras.com\/site\/#website"},"primaryImageOfPage":{"@id":"https:\/\/www.notibras.com\/site\/interpol-alerta-para-riscos-de-abastecer-ucrania-com-armas\/#primaryimage"},"image":{"@id":"https:\/\/www.notibras.com\/site\/interpol-alerta-para-riscos-de-abastecer-ucrania-com-armas\/#primaryimage"},"thumbnailUrl":"https:\/\/www.notibras.com\/site\/wp-content\/uploads\/2022\/06\/armas.trafico.webp","datePublished":"2022-06-03T10:02:57+00:00","dateModified":"2022-06-03T15:02:02+00:00","breadcrumb":{"@id":"https:\/\/www.notibras.com\/site\/interpol-alerta-para-riscos-de-abastecer-ucrania-com-armas\/#breadcrumb"},"inLanguage":"pt-BR","potentialAction":[{"@type":"ReadAction","target":["https:\/\/www.notibras.com\/site\/interpol-alerta-para-riscos-de-abastecer-ucrania-com-armas\/"]}]},{"@type":"ImageObject","inLanguage":"pt-BR","@id":"https:\/\/www.notibras.com\/site\/interpol-alerta-para-riscos-de-abastecer-ucrania-com-armas\/#primaryimage","url":"https:\/\/www.notibras.com\/site\/wp-content\/uploads\/2022\/06\/armas.trafico.webp","contentUrl":"https:\/\/www.notibras.com\/site\/wp-content\/uploads\/2022\/06\/armas.trafico.webp","width":1920,"height":1080},{"@type":"BreadcrumbList","@id":"https:\/\/www.notibras.com\/site\/interpol-alerta-para-riscos-de-abastecer-ucrania-com-armas\/#breadcrumb","itemListElement":[{"@type":"ListItem","position":1,"name":"In\u00edcio","item":"https:\/\/www.notibras.com\/site\/"},{"@type":"ListItem","position":2,"name":"Interpol alerta para riscos de dar armas \u00e0 Ucr\u00e2nia"}]},{"@type":"WebSite","@id":"https:\/\/www.notibras.com\/site\/#website","url":"https:\/\/www.notibras.com\/site\/","name":"Notibras","description":"Not\u00edcias de Bras\u00edlia, do Brasil e do Mundo","publisher":{"@id":"https:\/\/www.notibras.com\/site\/#organization"},"potentialAction":[{"@type":"SearchAction","target":{"@type":"EntryPoint","urlTemplate":"https:\/\/www.notibras.com\/site\/?s={search_term_string}"},"query-input":{"@type":"PropertyValueSpecification","valueRequired":true,"valueName":"search_term_string"}}],"inLanguage":"pt-BR"},{"@type":"Organization","@id":"https:\/\/www.notibras.com\/site\/#organization","name":"Grupo Notibras de Comunica\u00e7\u00e3o","url":"https:\/\/www.notibras.com\/site\/","logo":{"@type":"ImageObject","inLanguage":"pt-BR","@id":"https:\/\/www.notibras.com\/site\/#\/schema\/logo\/image\/","url":"https:\/\/www.notibras.com\/site\/wp-content\/uploads\/2023\/01\/notibras23.png","contentUrl":"https:\/\/www.notibras.com\/site\/wp-content\/uploads\/2023\/01\/notibras23.png","width":350,"height":87,"caption":"Grupo Notibras de Comunica\u00e7\u00e3o"},"image":{"@id":"https:\/\/www.notibras.com\/site\/#\/schema\/logo\/image\/"},"sameAs":["https:\/\/www.facebook.com\/notibras\/","https:\/\/x.com\/Notibras","https:\/\/www.instagram.com\/notibras\/"]},{"@type":"Person","@id":"https:\/\/www.notibras.com\/site\/#\/schema\/person\/36ab0979449956132d3e5b517ea76ac8","name":"Reda\u00e7\u00e3o","image":{"@type":"ImageObject","inLanguage":"pt-BR","@id":"https:\/\/secure.gravatar.com\/avatar\/e0a867bdedb85fd243eadf09663511f96fc81e0720a4a42581f334ad4303aa6b?s=96&d=mm&r=g","url":"https:\/\/secure.gravatar.com\/avatar\/e0a867bdedb85fd243eadf09663511f96fc81e0720a4a42581f334ad4303aa6b?s=96&d=mm&r=g","contentUrl":"https:\/\/secure.gravatar.com\/avatar\/e0a867bdedb85fd243eadf09663511f96fc81e0720a4a42581f334ad4303aa6b?s=96&d=mm&r=g","caption":"Reda\u00e7\u00e3o"}}]}},"amp_enabled":true,"_links":{"self":[{"href":"https:\/\/www.notibras.com\/site\/wp-json\/wp\/v2\/posts\/286873","targetHints":{"allow":["GET"]}}],"collection":[{"href":"https:\/\/www.notibras.com\/site\/wp-json\/wp\/v2\/posts"}],"about":[{"href":"https:\/\/www.notibras.com\/site\/wp-json\/wp\/v2\/types\/post"}],"author":[{"embeddable":true,"href":"https:\/\/www.notibras.com\/site\/wp-json\/wp\/v2\/users\/2"}],"replies":[{"embeddable":true,"href":"https:\/\/www.notibras.com\/site\/wp-json\/wp\/v2\/comments?post=286873"}],"version-history":[{"count":2,"href":"https:\/\/www.notibras.com\/site\/wp-json\/wp\/v2\/posts\/286873\/revisions"}],"predecessor-version":[{"id":286913,"href":"https:\/\/www.notibras.com\/site\/wp-json\/wp\/v2\/posts\/286873\/revisions\/286913"}],"wp:featuredmedia":[{"embeddable":true,"href":"https:\/\/www.notibras.com\/site\/wp-json\/wp\/v2\/media\/286874"}],"wp:attachment":[{"href":"https:\/\/www.notibras.com\/site\/wp-json\/wp\/v2\/media?parent=286873"}],"wp:term":[{"taxonomy":"category","embeddable":true,"href":"https:\/\/www.notibras.com\/site\/wp-json\/wp\/v2\/categories?post=286873"},{"taxonomy":"post_tag","embeddable":true,"href":"https:\/\/www.notibras.com\/site\/wp-json\/wp\/v2\/tags?post=286873"}],"curies":[{"name":"wp","href":"https:\/\/api.w.org\/{rel}","templated":true}]}}