{"id":28695,"date":"2014-11-18T14:49:21","date_gmt":"2014-11-18T17:49:21","guid":{"rendered":"http:\/\/www.notibras.com\/site\/?p=28695"},"modified":"2014-11-19T03:13:58","modified_gmt":"2014-11-19T06:13:58","slug":"movimento-separatista-cresce-entre-sulistas-emprego-sim-bolsa-familia-nao","status":"publish","type":"post","link":"https:\/\/www.notibras.com\/site\/movimento-separatista-cresce-entre-sulistas-emprego-sim-bolsa-familia-nao\/","title":{"rendered":"Movimento separatista cresce no Sul; emprego, n\u00e3o s\u00f3 Bolsa"},"content":{"rendered":"<p>Os separatistas, que voltaram a dar o ar da sua gra\u00e7a logo ap\u00f3s a reelei\u00e7\u00e3o da presidente Dilma Rousseff (PT), ganharam for\u00e7a nos \u00faltimos no Sul do Pa\u00eds, onde est\u00e1 concentrado o forte do eleitorado antipetista. Cidad\u00e3os do Paran\u00e1, Santa Catarina e Rio Grande do Sul n\u00e3o medem cr\u00edticas a Bras\u00edlia. E cobram mais em pregos e menos Bolsa Fam\u00edlia.<\/p>\n<p>O movimento O Sul \u00e9 Meu Pa\u00eds surgiu em 1992 na cidade de Laguna, Santa Catarina, com a proposta de separar aqueles tr\u00eas Estados do resto do Brasil. Segundo Celso Deucher, catarinense e atual presidente do movimento, contabilizando os simpatizantes nos tr\u00eas estados, atualmente h\u00e1 6 milh\u00f5es de pessoas em torno da ideia.<\/p>\n<p>A p\u00e1gina oficial no Facebook registra pouco mais de 16 mil curtidas. S\u00e3o mais um, talvez o maior, entre os 53 movimentos separatistas que j\u00e1 apareceram na regi\u00e3o. No site oficial, a organiza\u00e7\u00e3o se apresenta como &#8220;a consequ\u00eancia, de cujas causas n\u00e3o podemos ser acusados&#8221;.<\/p>\n<p>No encontro realizado no dia 20 de setembro em um hotel em Passo Fundo, os separatistas do grupo falaram das \u00f3bvias raz\u00f5es que possuem para se separar do Brasil e volta e meia reca\u00edram sobre a cr\u00edtica \u00e0 corrup\u00e7\u00e3o e \u00e0 pol\u00edtica nacional. Disseram aceitar pessoas de todos os credos, ra\u00e7as e tend\u00eancias pol\u00edticas, desde que o indiv\u00edduo esteja \u201cimbu\u00eddo do desejo separatista\u201d. Na fala dos l\u00edderes e palestrantes, \u201ctudo que est\u00e1 errado\u201d \u00e9 traduzido em repulsa ao Bolsa Fam\u00edlia, \u00e0s cotas raciais, ao processo do Mensal\u00e3o.<\/p>\n<p>\u201cA gente v\u00ea o governo abrindo mais vagas no Bolsa Fam\u00edlia, mas n\u00e3o v\u00ea postos de trabalho\u201d, reclama Deucher. \u201cN\u00f3s queremos nos livrar, porque esse Estado, Bras\u00edlia, n\u00e3o nos representa. Ele n\u00e3o diz nada para n\u00f3s, o que ele diz \u00e9 s\u00f3 coisa ruim\u201d, conclui. A rejei\u00e7\u00e3o a Bras\u00edlia \u00e9 o mote dos panfletos que os membros imprimem com dinheiro do pr\u00f3prio bolso e distribuem em suas cidades. O mais recente lembrava que, em 2013, os tr\u00eas estados do sul arrecadaram 152 bilh\u00f5es de reais, mas tiveram \u201cretorno\u201d de apenas 29,3 bilh\u00f5es. Em letras amarelas, o movimento faz a conta: 80% \u201cdo total arrecadado n\u00e3o retornou aos estados\u201d.<\/p>\n<p>Eles acreditam que a distribui\u00e7\u00e3o das contas desencadeou um processo de \u201cfavelamento do sul\u201d. Fundador do movimento separatista paranaense Rep\u00fablica das Arauc\u00e1rias, Helio Ribas Micheleto chegou a ser demitido do emprego em 1993 por sua liga\u00e7\u00e3o com a causa. Nem por isso se afastou do movimento ou deixou de usar na lapela do palet\u00f3 o broche que carrega o s\u00edmbolo dos tr\u00eas estados. \u201cHoje, os dez maiores munic\u00edpios do Paran\u00e1, de Santa Catarina e do Rio Grande do Sul, munic\u00edpios com mais de cem mil habitantes, est\u00e3o cheios de favelas. (&#8230;) De onde \u00e9 que veio isso a\u00ed? Gerado pela pobreza, pela falta de investimento federal, deixando os governadores sem dinheiro e, consequentemente, os munic\u00edpios\u201d, afirma.<\/p>\n<blockquote><p>Os separatistas tamb\u00e9m se creem injusti\u00e7ados na representa\u00e7\u00e3o parlamentar. Deucher reconhece que algumas das \u201coligarquias que tomaram conta do Estado nacional\u201d s\u00e3o do Sul. Ainda assim, acredita que o c\u00e1lculo do quociente eleitoral &#8211; que divide o n\u00famero de eleitores pelo n\u00famero de cadeiras dispon\u00edveis &#8211; faz com que o Sul nunca seja ouvido. \u201cComo eu preciso de 17 catarinenses para valer um voto de um cara, sei l\u00e1, do Acre? De onde que saiu essa conta t\u00e3o louca que um tem que ter poder econ\u00f4mico e outro tem que ter poder pol\u00edtico? Num tempo em que o voto universal \u00e9 um voto, como que isso continua acontecendo no Brasil, n\u00e9? Essa quest\u00e3o a\u00ed, ela \u00e9 ser\u00edssima. Por qu\u00ea? Porque ela tira o valor como cidad\u00e3os que n\u00f3s temos, como brasileiros. Tira a nossa for\u00e7a de lutar por aquilo que n\u00f3s queremos\u201d, frisa.<\/p><\/blockquote>\n<p>Na confer\u00eancia, as \u201coportunidades\u201d de expans\u00e3o do movimento e formas de se espalhar a ideia s\u00e3o discutidas durante uma Oficina de Planejamento Estrat\u00e9gico. Um dos participantes sugere que o movimento utilize a mesma estrutura do marketing multin\u00edvel \u2013 o pol\u00eamico esquema de pir\u00e2mide \u2013 esclarecendo que aqui n\u00e3o entraria dinheiro. Ele explica que uma pessoa seria respons\u00e1vel por integrar outras tr\u00eas \u00e0 organiza\u00e7\u00e3o; essas tr\u00eas, outras tr\u00eas; e assim por diante. Outro integrante reconheceu na ideia uma estrat\u00e9gia tamb\u00e9m utilizada por igrejas evang\u00e9licas para arrebanhar mais fi\u00e9is: \u201cAh, sim, na igreja chamamos isso de igreja em c\u00e9lulas. Pode funcionar!\u201d, exclama.<\/p>\n<p>Mas a pol\u00eamica maior \u00e9 o ter ou n\u00e3o ter participa\u00e7\u00e3o ativa na pol\u00edtica brasileira. Um dos participantes, Hermes Aloisio, vice-presidente do movimento em Passo Fundo, foi tamb\u00e9m candidato a vice-governador do Rio Grande do Sul pelo PRTB, o partido de Levy Fidelix. No programa de governo de sua coliga\u00e7\u00e3o, o plebiscito pela \u201cautodetermina\u00e7\u00e3o pol\u00edtica e econ\u00f4mica\u201d \u00e9 uma promessa. Deucher tenta se afastar disso. Fala que alguns pol\u00edticos j\u00e1 demonstraram interesse em apoi\u00e1-los: \u201cS\u00f3 que n\u00f3s n\u00e3o queremos esses apoios, entendes? Porque os caras s\u00e3o sujos, p\u00f4\u201d.<\/p>\n<p><strong>Da Reda\u00e7\u00e3o com o Opera Mundi<\/strong><\/p>\n","protected":false},"excerpt":{"rendered":"<p>Os separatistas, que voltaram a dar o ar da sua gra\u00e7a logo ap\u00f3s a reelei\u00e7\u00e3o da presidente Dilma Rousseff (PT), ganharam for\u00e7a nos \u00faltimos no Sul do Pa\u00eds, onde est\u00e1 concentrado o forte do eleitorado antipetista. Cidad\u00e3os do Paran\u00e1, Santa Catarina e Rio Grande do Sul n\u00e3o medem cr\u00edticas a Bras\u00edlia. E cobram mais em [&hellip;]<\/p>\n","protected":false},"author":2,"featured_media":28696,"comment_status":"open","ping_status":"closed","sticky":false,"template":"","format":"standard","meta":{"_acf_changed":false,"footnotes":""},"categories":[16],"tags":[],"class_list":["post-28695","post","type-post","status-publish","format-standard","has-post-thumbnail","hentry","category-brasil"],"acf":[],"yoast_head":"<!-- This site is optimized with the Yoast SEO plugin v27.2 - https:\/\/yoast.com\/product\/yoast-seo-wordpress\/ -->\n<title>Movimento separatista cresce no Sul; emprego, n\u00e3o s\u00f3 Bolsa - Notibras<\/title>\n<meta name=\"robots\" content=\"index, follow, max-snippet:-1, max-image-preview:large, max-video-preview:-1\" \/>\n<link rel=\"canonical\" href=\"https:\/\/www.notibras.com\/site\/movimento-separatista-cresce-entre-sulistas-emprego-sim-bolsa-familia-nao\/\" \/>\n<meta property=\"og:locale\" content=\"pt_BR\" \/>\n<meta property=\"og:type\" content=\"article\" \/>\n<meta property=\"og:title\" content=\"Movimento separatista cresce no Sul; emprego, n\u00e3o s\u00f3 Bolsa - Notibras\" \/>\n<meta property=\"og:description\" content=\"Os separatistas, que voltaram a dar o ar da sua gra\u00e7a logo ap\u00f3s a reelei\u00e7\u00e3o da presidente Dilma Rousseff (PT), ganharam for\u00e7a nos \u00faltimos no Sul do Pa\u00eds, onde est\u00e1 concentrado o forte do eleitorado antipetista. Cidad\u00e3os do Paran\u00e1, Santa Catarina e Rio Grande do Sul n\u00e3o medem cr\u00edticas a Bras\u00edlia. E cobram mais em [&hellip;]\" \/>\n<meta property=\"og:url\" content=\"https:\/\/www.notibras.com\/site\/movimento-separatista-cresce-entre-sulistas-emprego-sim-bolsa-familia-nao\/\" \/>\n<meta property=\"og:site_name\" content=\"Notibras\" \/>\n<meta property=\"article:publisher\" content=\"https:\/\/www.facebook.com\/notibras\/\" \/>\n<meta property=\"article:published_time\" content=\"2014-11-18T17:49:21+00:00\" \/>\n<meta property=\"article:modified_time\" content=\"2014-11-19T06:13:58+00:00\" \/>\n<meta property=\"og:image\" content=\"https:\/\/www.notibras.com\/site\/wp-content\/uploads\/2014\/11\/frase-indigena.jpg\" \/>\n\t<meta property=\"og:image:width\" content=\"950\" \/>\n\t<meta property=\"og:image:height\" content=\"629\" \/>\n\t<meta property=\"og:image:type\" content=\"image\/jpeg\" \/>\n<meta name=\"author\" content=\"Reda\u00e7\u00e3o\" \/>\n<meta name=\"twitter:card\" content=\"summary_large_image\" \/>\n<meta name=\"twitter:creator\" content=\"@Notibras\" \/>\n<meta name=\"twitter:site\" content=\"@Notibras\" \/>\n<meta name=\"twitter:label1\" content=\"Escrito por\" \/>\n\t<meta name=\"twitter:data1\" content=\"Reda\u00e7\u00e3o\" \/>\n\t<meta name=\"twitter:label2\" content=\"Est. tempo de leitura\" \/>\n\t<meta name=\"twitter:data2\" content=\"4 minutos\" \/>\n<script type=\"application\/ld+json\" class=\"yoast-schema-graph\">{\"@context\":\"https:\/\/schema.org\",\"@graph\":[{\"@type\":\"Article\",\"@id\":\"https:\/\/www.notibras.com\/site\/movimento-separatista-cresce-entre-sulistas-emprego-sim-bolsa-familia-nao\/#article\",\"isPartOf\":{\"@id\":\"https:\/\/www.notibras.com\/site\/movimento-separatista-cresce-entre-sulistas-emprego-sim-bolsa-familia-nao\/\"},\"author\":{\"name\":\"Reda\u00e7\u00e3o\",\"@id\":\"https:\/\/www.notibras.com\/site\/#\/schema\/person\/36ab0979449956132d3e5b517ea76ac8\"},\"headline\":\"Movimento separatista cresce no Sul; emprego, n\u00e3o s\u00f3 Bolsa\",\"datePublished\":\"2014-11-18T17:49:21+00:00\",\"dateModified\":\"2014-11-19T06:13:58+00:00\",\"mainEntityOfPage\":{\"@id\":\"https:\/\/www.notibras.com\/site\/movimento-separatista-cresce-entre-sulistas-emprego-sim-bolsa-familia-nao\/\"},\"wordCount\":897,\"commentCount\":0,\"publisher\":{\"@id\":\"https:\/\/www.notibras.com\/site\/#organization\"},\"image\":{\"@id\":\"https:\/\/www.notibras.com\/site\/movimento-separatista-cresce-entre-sulistas-emprego-sim-bolsa-familia-nao\/#primaryimage\"},\"thumbnailUrl\":\"https:\/\/www.notibras.com\/site\/wp-content\/uploads\/2014\/11\/frase-indigena.jpg\",\"articleSection\":[\"Brasil\"],\"inLanguage\":\"pt-BR\",\"potentialAction\":[{\"@type\":\"CommentAction\",\"name\":\"Comment\",\"target\":[\"https:\/\/www.notibras.com\/site\/movimento-separatista-cresce-entre-sulistas-emprego-sim-bolsa-familia-nao\/#respond\"]}]},{\"@type\":\"WebPage\",\"@id\":\"https:\/\/www.notibras.com\/site\/movimento-separatista-cresce-entre-sulistas-emprego-sim-bolsa-familia-nao\/\",\"url\":\"https:\/\/www.notibras.com\/site\/movimento-separatista-cresce-entre-sulistas-emprego-sim-bolsa-familia-nao\/\",\"name\":\"Movimento separatista cresce no Sul; emprego, n\u00e3o s\u00f3 Bolsa - Notibras\",\"isPartOf\":{\"@id\":\"https:\/\/www.notibras.com\/site\/#website\"},\"primaryImageOfPage\":{\"@id\":\"https:\/\/www.notibras.com\/site\/movimento-separatista-cresce-entre-sulistas-emprego-sim-bolsa-familia-nao\/#primaryimage\"},\"image\":{\"@id\":\"https:\/\/www.notibras.com\/site\/movimento-separatista-cresce-entre-sulistas-emprego-sim-bolsa-familia-nao\/#primaryimage\"},\"thumbnailUrl\":\"https:\/\/www.notibras.com\/site\/wp-content\/uploads\/2014\/11\/frase-indigena.jpg\",\"datePublished\":\"2014-11-18T17:49:21+00:00\",\"dateModified\":\"2014-11-19T06:13:58+00:00\",\"breadcrumb\":{\"@id\":\"https:\/\/www.notibras.com\/site\/movimento-separatista-cresce-entre-sulistas-emprego-sim-bolsa-familia-nao\/#breadcrumb\"},\"inLanguage\":\"pt-BR\",\"potentialAction\":[{\"@type\":\"ReadAction\",\"target\":[\"https:\/\/www.notibras.com\/site\/movimento-separatista-cresce-entre-sulistas-emprego-sim-bolsa-familia-nao\/\"]}]},{\"@type\":\"ImageObject\",\"inLanguage\":\"pt-BR\",\"@id\":\"https:\/\/www.notibras.com\/site\/movimento-separatista-cresce-entre-sulistas-emprego-sim-bolsa-familia-nao\/#primaryimage\",\"url\":\"https:\/\/www.notibras.com\/site\/wp-content\/uploads\/2014\/11\/frase-indigena.jpg\",\"contentUrl\":\"https:\/\/www.notibras.com\/site\/wp-content\/uploads\/2014\/11\/frase-indigena.jpg\",\"width\":950,\"height\":629},{\"@type\":\"BreadcrumbList\",\"@id\":\"https:\/\/www.notibras.com\/site\/movimento-separatista-cresce-entre-sulistas-emprego-sim-bolsa-familia-nao\/#breadcrumb\",\"itemListElement\":[{\"@type\":\"ListItem\",\"position\":1,\"name\":\"In\u00edcio\",\"item\":\"https:\/\/www.notibras.com\/site\/\"},{\"@type\":\"ListItem\",\"position\":2,\"name\":\"Movimento separatista cresce no Sul; emprego, n\u00e3o s\u00f3 Bolsa\"}]},{\"@type\":\"WebSite\",\"@id\":\"https:\/\/www.notibras.com\/site\/#website\",\"url\":\"https:\/\/www.notibras.com\/site\/\",\"name\":\"Notibras\",\"description\":\"Not\u00edcias de Bras\u00edlia, do Brasil e do Mundo\",\"publisher\":{\"@id\":\"https:\/\/www.notibras.com\/site\/#organization\"},\"potentialAction\":[{\"@type\":\"SearchAction\",\"target\":{\"@type\":\"EntryPoint\",\"urlTemplate\":\"https:\/\/www.notibras.com\/site\/?s={search_term_string}\"},\"query-input\":{\"@type\":\"PropertyValueSpecification\",\"valueRequired\":true,\"valueName\":\"search_term_string\"}}],\"inLanguage\":\"pt-BR\"},{\"@type\":\"Organization\",\"@id\":\"https:\/\/www.notibras.com\/site\/#organization\",\"name\":\"Grupo Notibras de Comunica\u00e7\u00e3o\",\"url\":\"https:\/\/www.notibras.com\/site\/\",\"logo\":{\"@type\":\"ImageObject\",\"inLanguage\":\"pt-BR\",\"@id\":\"https:\/\/www.notibras.com\/site\/#\/schema\/logo\/image\/\",\"url\":\"https:\/\/www.notibras.com\/site\/wp-content\/uploads\/2023\/01\/notibras23.png\",\"contentUrl\":\"https:\/\/www.notibras.com\/site\/wp-content\/uploads\/2023\/01\/notibras23.png\",\"width\":350,\"height\":87,\"caption\":\"Grupo Notibras de Comunica\u00e7\u00e3o\"},\"image\":{\"@id\":\"https:\/\/www.notibras.com\/site\/#\/schema\/logo\/image\/\"},\"sameAs\":[\"https:\/\/www.facebook.com\/notibras\/\",\"https:\/\/x.com\/Notibras\",\"https:\/\/www.instagram.com\/notibras\/\"]},{\"@type\":\"Person\",\"@id\":\"https:\/\/www.notibras.com\/site\/#\/schema\/person\/36ab0979449956132d3e5b517ea76ac8\",\"name\":\"Reda\u00e7\u00e3o\",\"image\":{\"@type\":\"ImageObject\",\"inLanguage\":\"pt-BR\",\"@id\":\"https:\/\/secure.gravatar.com\/avatar\/e0a867bdedb85fd243eadf09663511f96fc81e0720a4a42581f334ad4303aa6b?s=96&d=mm&r=g\",\"url\":\"https:\/\/secure.gravatar.com\/avatar\/e0a867bdedb85fd243eadf09663511f96fc81e0720a4a42581f334ad4303aa6b?s=96&d=mm&r=g\",\"contentUrl\":\"https:\/\/secure.gravatar.com\/avatar\/e0a867bdedb85fd243eadf09663511f96fc81e0720a4a42581f334ad4303aa6b?s=96&d=mm&r=g\",\"caption\":\"Reda\u00e7\u00e3o\"}}]}<\/script>\n<!-- \/ Yoast SEO plugin. -->","yoast_head_json":{"title":"Movimento separatista cresce no Sul; emprego, n\u00e3o s\u00f3 Bolsa - Notibras","robots":{"index":"index","follow":"follow","max-snippet":"max-snippet:-1","max-image-preview":"max-image-preview:large","max-video-preview":"max-video-preview:-1"},"canonical":"https:\/\/www.notibras.com\/site\/movimento-separatista-cresce-entre-sulistas-emprego-sim-bolsa-familia-nao\/","og_locale":"pt_BR","og_type":"article","og_title":"Movimento separatista cresce no Sul; emprego, n\u00e3o s\u00f3 Bolsa - Notibras","og_description":"Os separatistas, que voltaram a dar o ar da sua gra\u00e7a logo ap\u00f3s a reelei\u00e7\u00e3o da presidente Dilma Rousseff (PT), ganharam for\u00e7a nos \u00faltimos no Sul do Pa\u00eds, onde est\u00e1 concentrado o forte do eleitorado antipetista. Cidad\u00e3os do Paran\u00e1, Santa Catarina e Rio Grande do Sul n\u00e3o medem cr\u00edticas a Bras\u00edlia. E cobram mais em [&hellip;]","og_url":"https:\/\/www.notibras.com\/site\/movimento-separatista-cresce-entre-sulistas-emprego-sim-bolsa-familia-nao\/","og_site_name":"Notibras","article_publisher":"https:\/\/www.facebook.com\/notibras\/","article_published_time":"2014-11-18T17:49:21+00:00","article_modified_time":"2014-11-19T06:13:58+00:00","og_image":[{"width":950,"height":629,"url":"https:\/\/www.notibras.com\/site\/wp-content\/uploads\/2014\/11\/frase-indigena.jpg","type":"image\/jpeg"}],"author":"Reda\u00e7\u00e3o","twitter_card":"summary_large_image","twitter_creator":"@Notibras","twitter_site":"@Notibras","twitter_misc":{"Escrito por":"Reda\u00e7\u00e3o","Est. tempo de leitura":"4 minutos"},"schema":{"@context":"https:\/\/schema.org","@graph":[{"@type":"Article","@id":"https:\/\/www.notibras.com\/site\/movimento-separatista-cresce-entre-sulistas-emprego-sim-bolsa-familia-nao\/#article","isPartOf":{"@id":"https:\/\/www.notibras.com\/site\/movimento-separatista-cresce-entre-sulistas-emprego-sim-bolsa-familia-nao\/"},"author":{"name":"Reda\u00e7\u00e3o","@id":"https:\/\/www.notibras.com\/site\/#\/schema\/person\/36ab0979449956132d3e5b517ea76ac8"},"headline":"Movimento separatista cresce no Sul; emprego, n\u00e3o s\u00f3 Bolsa","datePublished":"2014-11-18T17:49:21+00:00","dateModified":"2014-11-19T06:13:58+00:00","mainEntityOfPage":{"@id":"https:\/\/www.notibras.com\/site\/movimento-separatista-cresce-entre-sulistas-emprego-sim-bolsa-familia-nao\/"},"wordCount":897,"commentCount":0,"publisher":{"@id":"https:\/\/www.notibras.com\/site\/#organization"},"image":{"@id":"https:\/\/www.notibras.com\/site\/movimento-separatista-cresce-entre-sulistas-emprego-sim-bolsa-familia-nao\/#primaryimage"},"thumbnailUrl":"https:\/\/www.notibras.com\/site\/wp-content\/uploads\/2014\/11\/frase-indigena.jpg","articleSection":["Brasil"],"inLanguage":"pt-BR","potentialAction":[{"@type":"CommentAction","name":"Comment","target":["https:\/\/www.notibras.com\/site\/movimento-separatista-cresce-entre-sulistas-emprego-sim-bolsa-familia-nao\/#respond"]}]},{"@type":"WebPage","@id":"https:\/\/www.notibras.com\/site\/movimento-separatista-cresce-entre-sulistas-emprego-sim-bolsa-familia-nao\/","url":"https:\/\/www.notibras.com\/site\/movimento-separatista-cresce-entre-sulistas-emprego-sim-bolsa-familia-nao\/","name":"Movimento separatista cresce no Sul; emprego, n\u00e3o s\u00f3 Bolsa - Notibras","isPartOf":{"@id":"https:\/\/www.notibras.com\/site\/#website"},"primaryImageOfPage":{"@id":"https:\/\/www.notibras.com\/site\/movimento-separatista-cresce-entre-sulistas-emprego-sim-bolsa-familia-nao\/#primaryimage"},"image":{"@id":"https:\/\/www.notibras.com\/site\/movimento-separatista-cresce-entre-sulistas-emprego-sim-bolsa-familia-nao\/#primaryimage"},"thumbnailUrl":"https:\/\/www.notibras.com\/site\/wp-content\/uploads\/2014\/11\/frase-indigena.jpg","datePublished":"2014-11-18T17:49:21+00:00","dateModified":"2014-11-19T06:13:58+00:00","breadcrumb":{"@id":"https:\/\/www.notibras.com\/site\/movimento-separatista-cresce-entre-sulistas-emprego-sim-bolsa-familia-nao\/#breadcrumb"},"inLanguage":"pt-BR","potentialAction":[{"@type":"ReadAction","target":["https:\/\/www.notibras.com\/site\/movimento-separatista-cresce-entre-sulistas-emprego-sim-bolsa-familia-nao\/"]}]},{"@type":"ImageObject","inLanguage":"pt-BR","@id":"https:\/\/www.notibras.com\/site\/movimento-separatista-cresce-entre-sulistas-emprego-sim-bolsa-familia-nao\/#primaryimage","url":"https:\/\/www.notibras.com\/site\/wp-content\/uploads\/2014\/11\/frase-indigena.jpg","contentUrl":"https:\/\/www.notibras.com\/site\/wp-content\/uploads\/2014\/11\/frase-indigena.jpg","width":950,"height":629},{"@type":"BreadcrumbList","@id":"https:\/\/www.notibras.com\/site\/movimento-separatista-cresce-entre-sulistas-emprego-sim-bolsa-familia-nao\/#breadcrumb","itemListElement":[{"@type":"ListItem","position":1,"name":"In\u00edcio","item":"https:\/\/www.notibras.com\/site\/"},{"@type":"ListItem","position":2,"name":"Movimento separatista cresce no Sul; emprego, n\u00e3o s\u00f3 Bolsa"}]},{"@type":"WebSite","@id":"https:\/\/www.notibras.com\/site\/#website","url":"https:\/\/www.notibras.com\/site\/","name":"Notibras","description":"Not\u00edcias de Bras\u00edlia, do Brasil e do Mundo","publisher":{"@id":"https:\/\/www.notibras.com\/site\/#organization"},"potentialAction":[{"@type":"SearchAction","target":{"@type":"EntryPoint","urlTemplate":"https:\/\/www.notibras.com\/site\/?s={search_term_string}"},"query-input":{"@type":"PropertyValueSpecification","valueRequired":true,"valueName":"search_term_string"}}],"inLanguage":"pt-BR"},{"@type":"Organization","@id":"https:\/\/www.notibras.com\/site\/#organization","name":"Grupo Notibras de Comunica\u00e7\u00e3o","url":"https:\/\/www.notibras.com\/site\/","logo":{"@type":"ImageObject","inLanguage":"pt-BR","@id":"https:\/\/www.notibras.com\/site\/#\/schema\/logo\/image\/","url":"https:\/\/www.notibras.com\/site\/wp-content\/uploads\/2023\/01\/notibras23.png","contentUrl":"https:\/\/www.notibras.com\/site\/wp-content\/uploads\/2023\/01\/notibras23.png","width":350,"height":87,"caption":"Grupo Notibras de Comunica\u00e7\u00e3o"},"image":{"@id":"https:\/\/www.notibras.com\/site\/#\/schema\/logo\/image\/"},"sameAs":["https:\/\/www.facebook.com\/notibras\/","https:\/\/x.com\/Notibras","https:\/\/www.instagram.com\/notibras\/"]},{"@type":"Person","@id":"https:\/\/www.notibras.com\/site\/#\/schema\/person\/36ab0979449956132d3e5b517ea76ac8","name":"Reda\u00e7\u00e3o","image":{"@type":"ImageObject","inLanguage":"pt-BR","@id":"https:\/\/secure.gravatar.com\/avatar\/e0a867bdedb85fd243eadf09663511f96fc81e0720a4a42581f334ad4303aa6b?s=96&d=mm&r=g","url":"https:\/\/secure.gravatar.com\/avatar\/e0a867bdedb85fd243eadf09663511f96fc81e0720a4a42581f334ad4303aa6b?s=96&d=mm&r=g","contentUrl":"https:\/\/secure.gravatar.com\/avatar\/e0a867bdedb85fd243eadf09663511f96fc81e0720a4a42581f334ad4303aa6b?s=96&d=mm&r=g","caption":"Reda\u00e7\u00e3o"}}]}},"amp_enabled":true,"_links":{"self":[{"href":"https:\/\/www.notibras.com\/site\/wp-json\/wp\/v2\/posts\/28695","targetHints":{"allow":["GET"]}}],"collection":[{"href":"https:\/\/www.notibras.com\/site\/wp-json\/wp\/v2\/posts"}],"about":[{"href":"https:\/\/www.notibras.com\/site\/wp-json\/wp\/v2\/types\/post"}],"author":[{"embeddable":true,"href":"https:\/\/www.notibras.com\/site\/wp-json\/wp\/v2\/users\/2"}],"replies":[{"embeddable":true,"href":"https:\/\/www.notibras.com\/site\/wp-json\/wp\/v2\/comments?post=28695"}],"version-history":[{"count":0,"href":"https:\/\/www.notibras.com\/site\/wp-json\/wp\/v2\/posts\/28695\/revisions"}],"wp:featuredmedia":[{"embeddable":true,"href":"https:\/\/www.notibras.com\/site\/wp-json\/wp\/v2\/media\/28696"}],"wp:attachment":[{"href":"https:\/\/www.notibras.com\/site\/wp-json\/wp\/v2\/media?parent=28695"}],"wp:term":[{"taxonomy":"category","embeddable":true,"href":"https:\/\/www.notibras.com\/site\/wp-json\/wp\/v2\/categories?post=28695"},{"taxonomy":"post_tag","embeddable":true,"href":"https:\/\/www.notibras.com\/site\/wp-json\/wp\/v2\/tags?post=28695"}],"curies":[{"name":"wp","href":"https:\/\/api.w.org\/{rel}","templated":true}]}}