{"id":287013,"date":"2022-06-06T13:25:01","date_gmt":"2022-06-06T16:25:01","guid":{"rendered":"https:\/\/www.notibras.com\/site\/?p=287013"},"modified":"2022-06-06T13:25:01","modified_gmt":"2022-06-06T16:25:01","slug":"coreia-do-sul-lanca-misseis-em-resposta-a-testes-norte-coreanos","status":"publish","type":"post","link":"https:\/\/www.notibras.com\/site\/coreia-do-sul-lanca-misseis-em-resposta-a-testes-norte-coreanos\/","title":{"rendered":"Coreia do Sul lan\u00e7a m\u00edsseis em resposta a testes norte-coreanos"},"content":{"rendered":"<p>A Coreia do Sul e os Estados Unidos (EUA) disseram que dispararam oito m\u00edsseis terra-terra nesta segunda (6) na costa leste sul-coreana, respondendo a uma enxurrada de m\u00edsseis bal\u00edsticos de curto alcance lan\u00e7ados pela Coreia do Norte nesse domingo.<\/p>\n<p>A a\u00e7\u00e3o \u00e9 uma demonstra\u00e7\u00e3o da &#8220;capacidade e prontid\u00e3o para realizar ataques de precis\u00e3o&#8221; contra a fonte norte-coreana dos lan\u00e7amentos de m\u00edsseis ou os centros de comando e apoio, disseram os militares sul-coreanos, segundo a ag\u00eancia de not\u00edcias sul-coreana Yonhap.<\/p>\n<p>O presidente da Coreia do Sul, Yoon Suk-yeol, que assumiu o cargo no m\u00eas passado, prometeu adotar uma linha mais dura contra a Coreia do Norte. Ele concordou com o presidente dos EUA, Joe Biden, de realizar uma c\u00fapula,em maio, em Seul, em intensificar exerc\u00edcios militares conjuntos e adotar postura combinada de dissuas\u00e3o.<\/p>\n<p>A Coreia do Norte promoveu uma s\u00e9rie de lan\u00e7amentos de m\u00edsseis este ano, e Yoon disse que os programas de m\u00edsseis e armas nucleares do vizinho do norte atingiram n\u00edvel em que representam amea\u00e7a \u00e0 paz regional e mundial.<\/p>\n<p>A Coreia do Sul &#8220;continuar\u00e1 a construir seguran\u00e7a fundamental e pr\u00e1ticas, al\u00e9m de deter as amea\u00e7as nucleares e de m\u00edsseis do Norte&#8221;, disse Yoon em evento do Memorial Day sul-coreano.<\/p>\n<p>Os militares da Coreia do Sul e dos EUA dispararam oito m\u00edsseis terra-terra durante cerca de 10 minutos, a partir das 4h45 de segunda-feira (hor\u00e1rio local), em resposta aos oito m\u00edsseis disparados pela Coreia do Norte no domingo, informou a Yonhap.<\/p>\n<p>Uma autoridade do Minist\u00e9rio da Defesa da Coreia do Sul confirmou que oito sistemas de M\u00edsseis T\u00e1ticos do Ex\u00e9rcito (ATACMS) foram disparados.<\/p>\n","protected":false},"excerpt":{"rendered":"<p>A Coreia do Sul e os Estados Unidos (EUA) disseram que dispararam oito m\u00edsseis terra-terra nesta segunda (6) na costa leste sul-coreana, respondendo a uma enxurrada de m\u00edsseis bal\u00edsticos de curto alcance lan\u00e7ados pela Coreia do Norte nesse domingo. A a\u00e7\u00e3o \u00e9 uma demonstra\u00e7\u00e3o da &#8220;capacidade e prontid\u00e3o para realizar ataques de precis\u00e3o&#8221; contra a [&hellip;]<\/p>\n","protected":false},"author":2,"featured_media":287014,"comment_status":"closed","ping_status":"closed","sticky":false,"template":"","format":"standard","meta":{"_acf_changed":false,"footnotes":""},"categories":[159],"tags":[95],"class_list":["post-287013","post","type-post","status-publish","format-standard","has-post-thumbnail","hentry","category-apocalipse","tag-capa"],"acf":[],"yoast_head":"<!-- This site is optimized with the Yoast SEO plugin v27.2 - https:\/\/yoast.com\/product\/yoast-seo-wordpress\/ -->\n<title>Coreia do Sul lan\u00e7a m\u00edsseis em resposta a testes norte-coreanos - Notibras<\/title>\n<meta name=\"robots\" content=\"index, follow, max-snippet:-1, max-image-preview:large, max-video-preview:-1\" \/>\n<link rel=\"canonical\" href=\"https:\/\/www.notibras.com\/site\/coreia-do-sul-lanca-misseis-em-resposta-a-testes-norte-coreanos\/\" \/>\n<meta property=\"og:locale\" content=\"pt_BR\" \/>\n<meta property=\"og:type\" content=\"article\" \/>\n<meta property=\"og:title\" content=\"Coreia do Sul lan\u00e7a m\u00edsseis em resposta a testes norte-coreanos - Notibras\" \/>\n<meta property=\"og:description\" content=\"A Coreia do Sul e os Estados Unidos (EUA) disseram que dispararam oito m\u00edsseis terra-terra nesta segunda (6) na costa leste sul-coreana, respondendo a uma enxurrada de m\u00edsseis bal\u00edsticos de curto alcance lan\u00e7ados pela Coreia do Norte nesse domingo. A a\u00e7\u00e3o \u00e9 uma demonstra\u00e7\u00e3o da &#8220;capacidade e prontid\u00e3o para realizar ataques de precis\u00e3o&#8221; contra a [&hellip;]\" \/>\n<meta property=\"og:url\" content=\"https:\/\/www.notibras.com\/site\/coreia-do-sul-lanca-misseis-em-resposta-a-testes-norte-coreanos\/\" \/>\n<meta property=\"og:site_name\" content=\"Notibras\" \/>\n<meta property=\"article:publisher\" content=\"https:\/\/www.facebook.com\/notibras\/\" \/>\n<meta property=\"article:published_time\" content=\"2022-06-06T16:25:01+00:00\" \/>\n<meta property=\"og:image\" content=\"https:\/\/www.notibras.com\/site\/wp-content\/uploads\/2022\/06\/missil.coreiadosul.webp\" \/>\n\t<meta property=\"og:image:width\" content=\"750\" \/>\n\t<meta property=\"og:image:height\" content=\"421\" \/>\n\t<meta property=\"og:image:type\" content=\"image\/webp\" \/>\n<meta name=\"author\" content=\"Reda\u00e7\u00e3o\" \/>\n<meta name=\"twitter:card\" content=\"summary_large_image\" \/>\n<meta name=\"twitter:creator\" content=\"@Notibras\" \/>\n<meta name=\"twitter:site\" content=\"@Notibras\" \/>\n<meta name=\"twitter:label1\" content=\"Escrito por\" \/>\n\t<meta name=\"twitter:data1\" content=\"Reda\u00e7\u00e3o\" \/>\n\t<meta name=\"twitter:label2\" content=\"Est. tempo de leitura\" \/>\n\t<meta name=\"twitter:data2\" content=\"1 minuto\" \/>\n<script type=\"application\/ld+json\" class=\"yoast-schema-graph\">{\"@context\":\"https:\/\/schema.org\",\"@graph\":[{\"@type\":\"Article\",\"@id\":\"https:\/\/www.notibras.com\/site\/coreia-do-sul-lanca-misseis-em-resposta-a-testes-norte-coreanos\/#article\",\"isPartOf\":{\"@id\":\"https:\/\/www.notibras.com\/site\/coreia-do-sul-lanca-misseis-em-resposta-a-testes-norte-coreanos\/\"},\"author\":{\"name\":\"Reda\u00e7\u00e3o\",\"@id\":\"https:\/\/www.notibras.com\/site\/#\/schema\/person\/36ab0979449956132d3e5b517ea76ac8\"},\"headline\":\"Coreia do Sul lan\u00e7a m\u00edsseis em resposta a testes norte-coreanos\",\"datePublished\":\"2022-06-06T16:25:01+00:00\",\"mainEntityOfPage\":{\"@id\":\"https:\/\/www.notibras.com\/site\/coreia-do-sul-lanca-misseis-em-resposta-a-testes-norte-coreanos\/\"},\"wordCount\":307,\"publisher\":{\"@id\":\"https:\/\/www.notibras.com\/site\/#organization\"},\"image\":{\"@id\":\"https:\/\/www.notibras.com\/site\/coreia-do-sul-lanca-misseis-em-resposta-a-testes-norte-coreanos\/#primaryimage\"},\"thumbnailUrl\":\"https:\/\/www.notibras.com\/site\/wp-content\/uploads\/2022\/06\/missil.coreiadosul.webp\",\"keywords\":[\"capa\"],\"articleSection\":[\"Apocalipse\"],\"inLanguage\":\"pt-BR\"},{\"@type\":\"WebPage\",\"@id\":\"https:\/\/www.notibras.com\/site\/coreia-do-sul-lanca-misseis-em-resposta-a-testes-norte-coreanos\/\",\"url\":\"https:\/\/www.notibras.com\/site\/coreia-do-sul-lanca-misseis-em-resposta-a-testes-norte-coreanos\/\",\"name\":\"Coreia do Sul lan\u00e7a m\u00edsseis em resposta a testes norte-coreanos - Notibras\",\"isPartOf\":{\"@id\":\"https:\/\/www.notibras.com\/site\/#website\"},\"primaryImageOfPage\":{\"@id\":\"https:\/\/www.notibras.com\/site\/coreia-do-sul-lanca-misseis-em-resposta-a-testes-norte-coreanos\/#primaryimage\"},\"image\":{\"@id\":\"https:\/\/www.notibras.com\/site\/coreia-do-sul-lanca-misseis-em-resposta-a-testes-norte-coreanos\/#primaryimage\"},\"thumbnailUrl\":\"https:\/\/www.notibras.com\/site\/wp-content\/uploads\/2022\/06\/missil.coreiadosul.webp\",\"datePublished\":\"2022-06-06T16:25:01+00:00\",\"breadcrumb\":{\"@id\":\"https:\/\/www.notibras.com\/site\/coreia-do-sul-lanca-misseis-em-resposta-a-testes-norte-coreanos\/#breadcrumb\"},\"inLanguage\":\"pt-BR\",\"potentialAction\":[{\"@type\":\"ReadAction\",\"target\":[\"https:\/\/www.notibras.com\/site\/coreia-do-sul-lanca-misseis-em-resposta-a-testes-norte-coreanos\/\"]}]},{\"@type\":\"ImageObject\",\"inLanguage\":\"pt-BR\",\"@id\":\"https:\/\/www.notibras.com\/site\/coreia-do-sul-lanca-misseis-em-resposta-a-testes-norte-coreanos\/#primaryimage\",\"url\":\"https:\/\/www.notibras.com\/site\/wp-content\/uploads\/2022\/06\/missil.coreiadosul.webp\",\"contentUrl\":\"https:\/\/www.notibras.com\/site\/wp-content\/uploads\/2022\/06\/missil.coreiadosul.webp\",\"width\":750,\"height\":421},{\"@type\":\"BreadcrumbList\",\"@id\":\"https:\/\/www.notibras.com\/site\/coreia-do-sul-lanca-misseis-em-resposta-a-testes-norte-coreanos\/#breadcrumb\",\"itemListElement\":[{\"@type\":\"ListItem\",\"position\":1,\"name\":\"In\u00edcio\",\"item\":\"https:\/\/www.notibras.com\/site\/\"},{\"@type\":\"ListItem\",\"position\":2,\"name\":\"Coreia do Sul lan\u00e7a m\u00edsseis em resposta a testes norte-coreanos\"}]},{\"@type\":\"WebSite\",\"@id\":\"https:\/\/www.notibras.com\/site\/#website\",\"url\":\"https:\/\/www.notibras.com\/site\/\",\"name\":\"Notibras\",\"description\":\"Not\u00edcias de Bras\u00edlia, do Brasil e do Mundo\",\"publisher\":{\"@id\":\"https:\/\/www.notibras.com\/site\/#organization\"},\"potentialAction\":[{\"@type\":\"SearchAction\",\"target\":{\"@type\":\"EntryPoint\",\"urlTemplate\":\"https:\/\/www.notibras.com\/site\/?s={search_term_string}\"},\"query-input\":{\"@type\":\"PropertyValueSpecification\",\"valueRequired\":true,\"valueName\":\"search_term_string\"}}],\"inLanguage\":\"pt-BR\"},{\"@type\":\"Organization\",\"@id\":\"https:\/\/www.notibras.com\/site\/#organization\",\"name\":\"Grupo Notibras de Comunica\u00e7\u00e3o\",\"url\":\"https:\/\/www.notibras.com\/site\/\",\"logo\":{\"@type\":\"ImageObject\",\"inLanguage\":\"pt-BR\",\"@id\":\"https:\/\/www.notibras.com\/site\/#\/schema\/logo\/image\/\",\"url\":\"https:\/\/www.notibras.com\/site\/wp-content\/uploads\/2023\/01\/notibras23.png\",\"contentUrl\":\"https:\/\/www.notibras.com\/site\/wp-content\/uploads\/2023\/01\/notibras23.png\",\"width\":350,\"height\":87,\"caption\":\"Grupo Notibras de Comunica\u00e7\u00e3o\"},\"image\":{\"@id\":\"https:\/\/www.notibras.com\/site\/#\/schema\/logo\/image\/\"},\"sameAs\":[\"https:\/\/www.facebook.com\/notibras\/\",\"https:\/\/x.com\/Notibras\",\"https:\/\/www.instagram.com\/notibras\/\"]},{\"@type\":\"Person\",\"@id\":\"https:\/\/www.notibras.com\/site\/#\/schema\/person\/36ab0979449956132d3e5b517ea76ac8\",\"name\":\"Reda\u00e7\u00e3o\",\"image\":{\"@type\":\"ImageObject\",\"inLanguage\":\"pt-BR\",\"@id\":\"https:\/\/secure.gravatar.com\/avatar\/e0a867bdedb85fd243eadf09663511f96fc81e0720a4a42581f334ad4303aa6b?s=96&d=mm&r=g\",\"url\":\"https:\/\/secure.gravatar.com\/avatar\/e0a867bdedb85fd243eadf09663511f96fc81e0720a4a42581f334ad4303aa6b?s=96&d=mm&r=g\",\"contentUrl\":\"https:\/\/secure.gravatar.com\/avatar\/e0a867bdedb85fd243eadf09663511f96fc81e0720a4a42581f334ad4303aa6b?s=96&d=mm&r=g\",\"caption\":\"Reda\u00e7\u00e3o\"}}]}<\/script>\n<!-- \/ Yoast SEO plugin. -->","yoast_head_json":{"title":"Coreia do Sul lan\u00e7a m\u00edsseis em resposta a testes norte-coreanos - Notibras","robots":{"index":"index","follow":"follow","max-snippet":"max-snippet:-1","max-image-preview":"max-image-preview:large","max-video-preview":"max-video-preview:-1"},"canonical":"https:\/\/www.notibras.com\/site\/coreia-do-sul-lanca-misseis-em-resposta-a-testes-norte-coreanos\/","og_locale":"pt_BR","og_type":"article","og_title":"Coreia do Sul lan\u00e7a m\u00edsseis em resposta a testes norte-coreanos - Notibras","og_description":"A Coreia do Sul e os Estados Unidos (EUA) disseram que dispararam oito m\u00edsseis terra-terra nesta segunda (6) na costa leste sul-coreana, respondendo a uma enxurrada de m\u00edsseis bal\u00edsticos de curto alcance lan\u00e7ados pela Coreia do Norte nesse domingo. A a\u00e7\u00e3o \u00e9 uma demonstra\u00e7\u00e3o da &#8220;capacidade e prontid\u00e3o para realizar ataques de precis\u00e3o&#8221; contra a [&hellip;]","og_url":"https:\/\/www.notibras.com\/site\/coreia-do-sul-lanca-misseis-em-resposta-a-testes-norte-coreanos\/","og_site_name":"Notibras","article_publisher":"https:\/\/www.facebook.com\/notibras\/","article_published_time":"2022-06-06T16:25:01+00:00","og_image":[{"width":750,"height":421,"url":"https:\/\/www.notibras.com\/site\/wp-content\/uploads\/2022\/06\/missil.coreiadosul.webp","type":"image\/webp"}],"author":"Reda\u00e7\u00e3o","twitter_card":"summary_large_image","twitter_creator":"@Notibras","twitter_site":"@Notibras","twitter_misc":{"Escrito por":"Reda\u00e7\u00e3o","Est. tempo de leitura":"1 minuto"},"schema":{"@context":"https:\/\/schema.org","@graph":[{"@type":"Article","@id":"https:\/\/www.notibras.com\/site\/coreia-do-sul-lanca-misseis-em-resposta-a-testes-norte-coreanos\/#article","isPartOf":{"@id":"https:\/\/www.notibras.com\/site\/coreia-do-sul-lanca-misseis-em-resposta-a-testes-norte-coreanos\/"},"author":{"name":"Reda\u00e7\u00e3o","@id":"https:\/\/www.notibras.com\/site\/#\/schema\/person\/36ab0979449956132d3e5b517ea76ac8"},"headline":"Coreia do Sul lan\u00e7a m\u00edsseis em resposta a testes norte-coreanos","datePublished":"2022-06-06T16:25:01+00:00","mainEntityOfPage":{"@id":"https:\/\/www.notibras.com\/site\/coreia-do-sul-lanca-misseis-em-resposta-a-testes-norte-coreanos\/"},"wordCount":307,"publisher":{"@id":"https:\/\/www.notibras.com\/site\/#organization"},"image":{"@id":"https:\/\/www.notibras.com\/site\/coreia-do-sul-lanca-misseis-em-resposta-a-testes-norte-coreanos\/#primaryimage"},"thumbnailUrl":"https:\/\/www.notibras.com\/site\/wp-content\/uploads\/2022\/06\/missil.coreiadosul.webp","keywords":["capa"],"articleSection":["Apocalipse"],"inLanguage":"pt-BR"},{"@type":"WebPage","@id":"https:\/\/www.notibras.com\/site\/coreia-do-sul-lanca-misseis-em-resposta-a-testes-norte-coreanos\/","url":"https:\/\/www.notibras.com\/site\/coreia-do-sul-lanca-misseis-em-resposta-a-testes-norte-coreanos\/","name":"Coreia do Sul lan\u00e7a m\u00edsseis em resposta a testes norte-coreanos - Notibras","isPartOf":{"@id":"https:\/\/www.notibras.com\/site\/#website"},"primaryImageOfPage":{"@id":"https:\/\/www.notibras.com\/site\/coreia-do-sul-lanca-misseis-em-resposta-a-testes-norte-coreanos\/#primaryimage"},"image":{"@id":"https:\/\/www.notibras.com\/site\/coreia-do-sul-lanca-misseis-em-resposta-a-testes-norte-coreanos\/#primaryimage"},"thumbnailUrl":"https:\/\/www.notibras.com\/site\/wp-content\/uploads\/2022\/06\/missil.coreiadosul.webp","datePublished":"2022-06-06T16:25:01+00:00","breadcrumb":{"@id":"https:\/\/www.notibras.com\/site\/coreia-do-sul-lanca-misseis-em-resposta-a-testes-norte-coreanos\/#breadcrumb"},"inLanguage":"pt-BR","potentialAction":[{"@type":"ReadAction","target":["https:\/\/www.notibras.com\/site\/coreia-do-sul-lanca-misseis-em-resposta-a-testes-norte-coreanos\/"]}]},{"@type":"ImageObject","inLanguage":"pt-BR","@id":"https:\/\/www.notibras.com\/site\/coreia-do-sul-lanca-misseis-em-resposta-a-testes-norte-coreanos\/#primaryimage","url":"https:\/\/www.notibras.com\/site\/wp-content\/uploads\/2022\/06\/missil.coreiadosul.webp","contentUrl":"https:\/\/www.notibras.com\/site\/wp-content\/uploads\/2022\/06\/missil.coreiadosul.webp","width":750,"height":421},{"@type":"BreadcrumbList","@id":"https:\/\/www.notibras.com\/site\/coreia-do-sul-lanca-misseis-em-resposta-a-testes-norte-coreanos\/#breadcrumb","itemListElement":[{"@type":"ListItem","position":1,"name":"In\u00edcio","item":"https:\/\/www.notibras.com\/site\/"},{"@type":"ListItem","position":2,"name":"Coreia do Sul lan\u00e7a m\u00edsseis em resposta a testes norte-coreanos"}]},{"@type":"WebSite","@id":"https:\/\/www.notibras.com\/site\/#website","url":"https:\/\/www.notibras.com\/site\/","name":"Notibras","description":"Not\u00edcias de Bras\u00edlia, do Brasil e do Mundo","publisher":{"@id":"https:\/\/www.notibras.com\/site\/#organization"},"potentialAction":[{"@type":"SearchAction","target":{"@type":"EntryPoint","urlTemplate":"https:\/\/www.notibras.com\/site\/?s={search_term_string}"},"query-input":{"@type":"PropertyValueSpecification","valueRequired":true,"valueName":"search_term_string"}}],"inLanguage":"pt-BR"},{"@type":"Organization","@id":"https:\/\/www.notibras.com\/site\/#organization","name":"Grupo Notibras de Comunica\u00e7\u00e3o","url":"https:\/\/www.notibras.com\/site\/","logo":{"@type":"ImageObject","inLanguage":"pt-BR","@id":"https:\/\/www.notibras.com\/site\/#\/schema\/logo\/image\/","url":"https:\/\/www.notibras.com\/site\/wp-content\/uploads\/2023\/01\/notibras23.png","contentUrl":"https:\/\/www.notibras.com\/site\/wp-content\/uploads\/2023\/01\/notibras23.png","width":350,"height":87,"caption":"Grupo Notibras de Comunica\u00e7\u00e3o"},"image":{"@id":"https:\/\/www.notibras.com\/site\/#\/schema\/logo\/image\/"},"sameAs":["https:\/\/www.facebook.com\/notibras\/","https:\/\/x.com\/Notibras","https:\/\/www.instagram.com\/notibras\/"]},{"@type":"Person","@id":"https:\/\/www.notibras.com\/site\/#\/schema\/person\/36ab0979449956132d3e5b517ea76ac8","name":"Reda\u00e7\u00e3o","image":{"@type":"ImageObject","inLanguage":"pt-BR","@id":"https:\/\/secure.gravatar.com\/avatar\/e0a867bdedb85fd243eadf09663511f96fc81e0720a4a42581f334ad4303aa6b?s=96&d=mm&r=g","url":"https:\/\/secure.gravatar.com\/avatar\/e0a867bdedb85fd243eadf09663511f96fc81e0720a4a42581f334ad4303aa6b?s=96&d=mm&r=g","contentUrl":"https:\/\/secure.gravatar.com\/avatar\/e0a867bdedb85fd243eadf09663511f96fc81e0720a4a42581f334ad4303aa6b?s=96&d=mm&r=g","caption":"Reda\u00e7\u00e3o"}}]}},"amp_enabled":true,"_links":{"self":[{"href":"https:\/\/www.notibras.com\/site\/wp-json\/wp\/v2\/posts\/287013","targetHints":{"allow":["GET"]}}],"collection":[{"href":"https:\/\/www.notibras.com\/site\/wp-json\/wp\/v2\/posts"}],"about":[{"href":"https:\/\/www.notibras.com\/site\/wp-json\/wp\/v2\/types\/post"}],"author":[{"embeddable":true,"href":"https:\/\/www.notibras.com\/site\/wp-json\/wp\/v2\/users\/2"}],"replies":[{"embeddable":true,"href":"https:\/\/www.notibras.com\/site\/wp-json\/wp\/v2\/comments?post=287013"}],"version-history":[{"count":1,"href":"https:\/\/www.notibras.com\/site\/wp-json\/wp\/v2\/posts\/287013\/revisions"}],"predecessor-version":[{"id":287015,"href":"https:\/\/www.notibras.com\/site\/wp-json\/wp\/v2\/posts\/287013\/revisions\/287015"}],"wp:featuredmedia":[{"embeddable":true,"href":"https:\/\/www.notibras.com\/site\/wp-json\/wp\/v2\/media\/287014"}],"wp:attachment":[{"href":"https:\/\/www.notibras.com\/site\/wp-json\/wp\/v2\/media?parent=287013"}],"wp:term":[{"taxonomy":"category","embeddable":true,"href":"https:\/\/www.notibras.com\/site\/wp-json\/wp\/v2\/categories?post=287013"},{"taxonomy":"post_tag","embeddable":true,"href":"https:\/\/www.notibras.com\/site\/wp-json\/wp\/v2\/tags?post=287013"}],"curies":[{"name":"wp","href":"https:\/\/api.w.org\/{rel}","templated":true}]}}