{"id":28707,"date":"2014-11-18T23:01:52","date_gmt":"2014-11-19T02:01:52","guid":{"rendered":"http:\/\/www.notibras.com\/site\/?p=28707"},"modified":"2014-11-19T05:12:19","modified_gmt":"2014-11-19T08:12:19","slug":"distritais-nao-se-entendem-e-eleicao-para-administrador-fica-para-depois","status":"publish","type":"post","link":"https:\/\/www.notibras.com\/site\/distritais-nao-se-entendem-e-eleicao-para-administrador-fica-para-depois\/","title":{"rendered":"Distritais n\u00e3o se entendem e elei\u00e7\u00e3o direta fica pra depois"},"content":{"rendered":"<p>Desde que Rodrigo Rollemberg usou a elei\u00e7\u00e3o para administrador regional como bandeira, o assunto n\u00e3o saiu mais de pauta. E at\u00e9 que se resolva se isso vai acontecer, os deputados distritais discutem. S\u00e3o quatro projetos que tramitam na C\u00e2mara Legislativa. Ontem, principalmente Al\u00edrio Neto (PEN), Celina Le\u00e3o (PDT) e Joe Valle (PDT), insuflaram a discuss\u00e3o, de novo. Enquanto Al\u00edrio cobra, Celina quer mais tempo pra pensar e Valle disse que elei\u00e7\u00e3o direta para administrador n\u00e3o \u00e9 fact\u00edvel no momento. Se eles n\u00e3o se entendem, \u00e9 a\u00ed que a coisa fica feia&#8230;<\/p>\n","protected":false},"excerpt":{"rendered":"<p>Desde que Rodrigo Rollemberg usou a elei\u00e7\u00e3o para administrador regional como bandeira, o assunto n\u00e3o saiu mais de pauta. E at\u00e9 que se resolva se isso vai acontecer, os deputados distritais discutem. S\u00e3o quatro projetos que tramitam na C\u00e2mara Legislativa. Ontem, principalmente Al\u00edrio Neto (PEN), Celina Le\u00e3o (PDT) e Joe Valle (PDT), insuflaram a discuss\u00e3o, [&hellip;]<\/p>\n","protected":false},"author":1,"featured_media":28708,"comment_status":"open","ping_status":"closed","sticky":false,"template":"","format":"standard","meta":{"_acf_changed":false,"footnotes":""},"categories":[26],"tags":[],"class_list":["post-28707","post","type-post","status-publish","format-standard","has-post-thumbnail","hentry","category-eleicoes-2022"],"acf":[],"yoast_head":"<!-- This site is optimized with the Yoast SEO plugin v27.2 - https:\/\/yoast.com\/product\/yoast-seo-wordpress\/ -->\n<title>Distritais n\u00e3o se entendem e elei\u00e7\u00e3o direta fica pra depois  - Notibras<\/title>\n<meta name=\"robots\" content=\"index, follow, max-snippet:-1, max-image-preview:large, max-video-preview:-1\" \/>\n<link rel=\"canonical\" href=\"https:\/\/www.notibras.com\/site\/distritais-nao-se-entendem-e-eleicao-para-administrador-fica-para-depois\/\" \/>\n<meta property=\"og:locale\" content=\"pt_BR\" \/>\n<meta property=\"og:type\" content=\"article\" \/>\n<meta property=\"og:title\" content=\"Distritais n\u00e3o se entendem e elei\u00e7\u00e3o direta fica pra depois  - Notibras\" \/>\n<meta property=\"og:description\" content=\"Desde que Rodrigo Rollemberg usou a elei\u00e7\u00e3o para administrador regional como bandeira, o assunto n\u00e3o saiu mais de pauta. E at\u00e9 que se resolva se isso vai acontecer, os deputados distritais discutem. S\u00e3o quatro projetos que tramitam na C\u00e2mara Legislativa. Ontem, principalmente Al\u00edrio Neto (PEN), Celina Le\u00e3o (PDT) e Joe Valle (PDT), insuflaram a discuss\u00e3o, [&hellip;]\" \/>\n<meta property=\"og:url\" content=\"https:\/\/www.notibras.com\/site\/distritais-nao-se-entendem-e-eleicao-para-administrador-fica-para-depois\/\" \/>\n<meta property=\"og:site_name\" content=\"Notibras\" \/>\n<meta property=\"article:publisher\" content=\"https:\/\/www.facebook.com\/notibras\/\" \/>\n<meta property=\"article:published_time\" content=\"2014-11-19T02:01:52+00:00\" \/>\n<meta property=\"article:modified_time\" content=\"2014-11-19T08:12:19+00:00\" \/>\n<meta property=\"og:image\" content=\"https:\/\/www.notibras.com\/site\/wp-content\/uploads\/2014\/11\/al\u00edrioneto.jpg\" \/>\n\t<meta property=\"og:image:width\" content=\"620\" \/>\n\t<meta property=\"og:image:height\" content=\"370\" \/>\n\t<meta property=\"og:image:type\" content=\"image\/jpeg\" \/>\n<meta name=\"author\" content=\"Reda\u00e7\u00e3o\" \/>\n<meta name=\"twitter:card\" content=\"summary_large_image\" \/>\n<meta name=\"twitter:creator\" content=\"@Notibras\" \/>\n<meta name=\"twitter:site\" content=\"@Notibras\" \/>\n<meta name=\"twitter:label1\" content=\"Escrito por\" \/>\n\t<meta name=\"twitter:data1\" content=\"Reda\u00e7\u00e3o\" \/>\n\t<meta name=\"twitter:label2\" content=\"Est. tempo de leitura\" \/>\n\t<meta name=\"twitter:data2\" content=\"1 minuto\" \/>\n<script type=\"application\/ld+json\" class=\"yoast-schema-graph\">{\"@context\":\"https:\/\/schema.org\",\"@graph\":[{\"@type\":\"Article\",\"@id\":\"https:\/\/www.notibras.com\/site\/distritais-nao-se-entendem-e-eleicao-para-administrador-fica-para-depois\/#article\",\"isPartOf\":{\"@id\":\"https:\/\/www.notibras.com\/site\/distritais-nao-se-entendem-e-eleicao-para-administrador-fica-para-depois\/\"},\"author\":{\"name\":\"Reda\u00e7\u00e3o\",\"@id\":\"https:\/\/www.notibras.com\/site\/#\/schema\/person\/00b8e1aa08f9ef6563e878c5159d01cf\"},\"headline\":\"Distritais n\u00e3o se entendem e elei\u00e7\u00e3o direta fica pra depois\",\"datePublished\":\"2014-11-19T02:01:52+00:00\",\"dateModified\":\"2014-11-19T08:12:19+00:00\",\"mainEntityOfPage\":{\"@id\":\"https:\/\/www.notibras.com\/site\/distritais-nao-se-entendem-e-eleicao-para-administrador-fica-para-depois\/\"},\"wordCount\":113,\"commentCount\":0,\"publisher\":{\"@id\":\"https:\/\/www.notibras.com\/site\/#organization\"},\"image\":{\"@id\":\"https:\/\/www.notibras.com\/site\/distritais-nao-se-entendem-e-eleicao-para-administrador-fica-para-depois\/#primaryimage\"},\"thumbnailUrl\":\"https:\/\/www.notibras.com\/site\/wp-content\/uploads\/2014\/11\/al\u00edrioneto.jpg\",\"articleSection\":[\"Elei\u00e7\u00f5es 2022\"],\"inLanguage\":\"pt-BR\",\"potentialAction\":[{\"@type\":\"CommentAction\",\"name\":\"Comment\",\"target\":[\"https:\/\/www.notibras.com\/site\/distritais-nao-se-entendem-e-eleicao-para-administrador-fica-para-depois\/#respond\"]}]},{\"@type\":\"WebPage\",\"@id\":\"https:\/\/www.notibras.com\/site\/distritais-nao-se-entendem-e-eleicao-para-administrador-fica-para-depois\/\",\"url\":\"https:\/\/www.notibras.com\/site\/distritais-nao-se-entendem-e-eleicao-para-administrador-fica-para-depois\/\",\"name\":\"Distritais n\u00e3o se entendem e elei\u00e7\u00e3o direta fica pra depois - Notibras\",\"isPartOf\":{\"@id\":\"https:\/\/www.notibras.com\/site\/#website\"},\"primaryImageOfPage\":{\"@id\":\"https:\/\/www.notibras.com\/site\/distritais-nao-se-entendem-e-eleicao-para-administrador-fica-para-depois\/#primaryimage\"},\"image\":{\"@id\":\"https:\/\/www.notibras.com\/site\/distritais-nao-se-entendem-e-eleicao-para-administrador-fica-para-depois\/#primaryimage\"},\"thumbnailUrl\":\"https:\/\/www.notibras.com\/site\/wp-content\/uploads\/2014\/11\/al\u00edrioneto.jpg\",\"datePublished\":\"2014-11-19T02:01:52+00:00\",\"dateModified\":\"2014-11-19T08:12:19+00:00\",\"breadcrumb\":{\"@id\":\"https:\/\/www.notibras.com\/site\/distritais-nao-se-entendem-e-eleicao-para-administrador-fica-para-depois\/#breadcrumb\"},\"inLanguage\":\"pt-BR\",\"potentialAction\":[{\"@type\":\"ReadAction\",\"target\":[\"https:\/\/www.notibras.com\/site\/distritais-nao-se-entendem-e-eleicao-para-administrador-fica-para-depois\/\"]}]},{\"@type\":\"ImageObject\",\"inLanguage\":\"pt-BR\",\"@id\":\"https:\/\/www.notibras.com\/site\/distritais-nao-se-entendem-e-eleicao-para-administrador-fica-para-depois\/#primaryimage\",\"url\":\"https:\/\/www.notibras.com\/site\/wp-content\/uploads\/2014\/11\/al\u00edrioneto.jpg\",\"contentUrl\":\"https:\/\/www.notibras.com\/site\/wp-content\/uploads\/2014\/11\/al\u00edrioneto.jpg\",\"width\":620,\"height\":370,\"caption\":\"Foto\/Arquivo Notibras\"},{\"@type\":\"BreadcrumbList\",\"@id\":\"https:\/\/www.notibras.com\/site\/distritais-nao-se-entendem-e-eleicao-para-administrador-fica-para-depois\/#breadcrumb\",\"itemListElement\":[{\"@type\":\"ListItem\",\"position\":1,\"name\":\"In\u00edcio\",\"item\":\"https:\/\/www.notibras.com\/site\/\"},{\"@type\":\"ListItem\",\"position\":2,\"name\":\"Distritais n\u00e3o se entendem e elei\u00e7\u00e3o direta fica pra depois\"}]},{\"@type\":\"WebSite\",\"@id\":\"https:\/\/www.notibras.com\/site\/#website\",\"url\":\"https:\/\/www.notibras.com\/site\/\",\"name\":\"Notibras\",\"description\":\"Not\u00edcias de Bras\u00edlia, do Brasil e do Mundo\",\"publisher\":{\"@id\":\"https:\/\/www.notibras.com\/site\/#organization\"},\"potentialAction\":[{\"@type\":\"SearchAction\",\"target\":{\"@type\":\"EntryPoint\",\"urlTemplate\":\"https:\/\/www.notibras.com\/site\/?s={search_term_string}\"},\"query-input\":{\"@type\":\"PropertyValueSpecification\",\"valueRequired\":true,\"valueName\":\"search_term_string\"}}],\"inLanguage\":\"pt-BR\"},{\"@type\":\"Organization\",\"@id\":\"https:\/\/www.notibras.com\/site\/#organization\",\"name\":\"Grupo Notibras de Comunica\u00e7\u00e3o\",\"url\":\"https:\/\/www.notibras.com\/site\/\",\"logo\":{\"@type\":\"ImageObject\",\"inLanguage\":\"pt-BR\",\"@id\":\"https:\/\/www.notibras.com\/site\/#\/schema\/logo\/image\/\",\"url\":\"https:\/\/www.notibras.com\/site\/wp-content\/uploads\/2023\/01\/notibras23.png\",\"contentUrl\":\"https:\/\/www.notibras.com\/site\/wp-content\/uploads\/2023\/01\/notibras23.png\",\"width\":350,\"height\":87,\"caption\":\"Grupo Notibras de Comunica\u00e7\u00e3o\"},\"image\":{\"@id\":\"https:\/\/www.notibras.com\/site\/#\/schema\/logo\/image\/\"},\"sameAs\":[\"https:\/\/www.facebook.com\/notibras\/\",\"https:\/\/x.com\/Notibras\",\"https:\/\/www.instagram.com\/notibras\/\"]},{\"@type\":\"Person\",\"@id\":\"https:\/\/www.notibras.com\/site\/#\/schema\/person\/00b8e1aa08f9ef6563e878c5159d01cf\",\"name\":\"Reda\u00e7\u00e3o\",\"image\":{\"@type\":\"ImageObject\",\"inLanguage\":\"pt-BR\",\"@id\":\"https:\/\/secure.gravatar.com\/avatar\/ac5a707d5b47784a5ed426c6e213e201423c750890f64e4c379114dade67dfb9?s=96&d=mm&r=g\",\"url\":\"https:\/\/secure.gravatar.com\/avatar\/ac5a707d5b47784a5ed426c6e213e201423c750890f64e4c379114dade67dfb9?s=96&d=mm&r=g\",\"contentUrl\":\"https:\/\/secure.gravatar.com\/avatar\/ac5a707d5b47784a5ed426c6e213e201423c750890f64e4c379114dade67dfb9?s=96&d=mm&r=g\",\"caption\":\"Reda\u00e7\u00e3o\"}}]}<\/script>\n<!-- \/ Yoast SEO plugin. -->","yoast_head_json":{"title":"Distritais n\u00e3o se entendem e elei\u00e7\u00e3o direta fica pra depois  - Notibras","robots":{"index":"index","follow":"follow","max-snippet":"max-snippet:-1","max-image-preview":"max-image-preview:large","max-video-preview":"max-video-preview:-1"},"canonical":"https:\/\/www.notibras.com\/site\/distritais-nao-se-entendem-e-eleicao-para-administrador-fica-para-depois\/","og_locale":"pt_BR","og_type":"article","og_title":"Distritais n\u00e3o se entendem e elei\u00e7\u00e3o direta fica pra depois  - Notibras","og_description":"Desde que Rodrigo Rollemberg usou a elei\u00e7\u00e3o para administrador regional como bandeira, o assunto n\u00e3o saiu mais de pauta. E at\u00e9 que se resolva se isso vai acontecer, os deputados distritais discutem. S\u00e3o quatro projetos que tramitam na C\u00e2mara Legislativa. Ontem, principalmente Al\u00edrio Neto (PEN), Celina Le\u00e3o (PDT) e Joe Valle (PDT), insuflaram a discuss\u00e3o, [&hellip;]","og_url":"https:\/\/www.notibras.com\/site\/distritais-nao-se-entendem-e-eleicao-para-administrador-fica-para-depois\/","og_site_name":"Notibras","article_publisher":"https:\/\/www.facebook.com\/notibras\/","article_published_time":"2014-11-19T02:01:52+00:00","article_modified_time":"2014-11-19T08:12:19+00:00","og_image":[{"width":620,"height":370,"url":"https:\/\/www.notibras.com\/site\/wp-content\/uploads\/2014\/11\/al\u00edrioneto.jpg","type":"image\/jpeg"}],"author":"Reda\u00e7\u00e3o","twitter_card":"summary_large_image","twitter_creator":"@Notibras","twitter_site":"@Notibras","twitter_misc":{"Escrito por":"Reda\u00e7\u00e3o","Est. tempo de leitura":"1 minuto"},"schema":{"@context":"https:\/\/schema.org","@graph":[{"@type":"Article","@id":"https:\/\/www.notibras.com\/site\/distritais-nao-se-entendem-e-eleicao-para-administrador-fica-para-depois\/#article","isPartOf":{"@id":"https:\/\/www.notibras.com\/site\/distritais-nao-se-entendem-e-eleicao-para-administrador-fica-para-depois\/"},"author":{"name":"Reda\u00e7\u00e3o","@id":"https:\/\/www.notibras.com\/site\/#\/schema\/person\/00b8e1aa08f9ef6563e878c5159d01cf"},"headline":"Distritais n\u00e3o se entendem e elei\u00e7\u00e3o direta fica pra depois","datePublished":"2014-11-19T02:01:52+00:00","dateModified":"2014-11-19T08:12:19+00:00","mainEntityOfPage":{"@id":"https:\/\/www.notibras.com\/site\/distritais-nao-se-entendem-e-eleicao-para-administrador-fica-para-depois\/"},"wordCount":113,"commentCount":0,"publisher":{"@id":"https:\/\/www.notibras.com\/site\/#organization"},"image":{"@id":"https:\/\/www.notibras.com\/site\/distritais-nao-se-entendem-e-eleicao-para-administrador-fica-para-depois\/#primaryimage"},"thumbnailUrl":"https:\/\/www.notibras.com\/site\/wp-content\/uploads\/2014\/11\/al\u00edrioneto.jpg","articleSection":["Elei\u00e7\u00f5es 2022"],"inLanguage":"pt-BR","potentialAction":[{"@type":"CommentAction","name":"Comment","target":["https:\/\/www.notibras.com\/site\/distritais-nao-se-entendem-e-eleicao-para-administrador-fica-para-depois\/#respond"]}]},{"@type":"WebPage","@id":"https:\/\/www.notibras.com\/site\/distritais-nao-se-entendem-e-eleicao-para-administrador-fica-para-depois\/","url":"https:\/\/www.notibras.com\/site\/distritais-nao-se-entendem-e-eleicao-para-administrador-fica-para-depois\/","name":"Distritais n\u00e3o se entendem e elei\u00e7\u00e3o direta fica pra depois - Notibras","isPartOf":{"@id":"https:\/\/www.notibras.com\/site\/#website"},"primaryImageOfPage":{"@id":"https:\/\/www.notibras.com\/site\/distritais-nao-se-entendem-e-eleicao-para-administrador-fica-para-depois\/#primaryimage"},"image":{"@id":"https:\/\/www.notibras.com\/site\/distritais-nao-se-entendem-e-eleicao-para-administrador-fica-para-depois\/#primaryimage"},"thumbnailUrl":"https:\/\/www.notibras.com\/site\/wp-content\/uploads\/2014\/11\/al\u00edrioneto.jpg","datePublished":"2014-11-19T02:01:52+00:00","dateModified":"2014-11-19T08:12:19+00:00","breadcrumb":{"@id":"https:\/\/www.notibras.com\/site\/distritais-nao-se-entendem-e-eleicao-para-administrador-fica-para-depois\/#breadcrumb"},"inLanguage":"pt-BR","potentialAction":[{"@type":"ReadAction","target":["https:\/\/www.notibras.com\/site\/distritais-nao-se-entendem-e-eleicao-para-administrador-fica-para-depois\/"]}]},{"@type":"ImageObject","inLanguage":"pt-BR","@id":"https:\/\/www.notibras.com\/site\/distritais-nao-se-entendem-e-eleicao-para-administrador-fica-para-depois\/#primaryimage","url":"https:\/\/www.notibras.com\/site\/wp-content\/uploads\/2014\/11\/al\u00edrioneto.jpg","contentUrl":"https:\/\/www.notibras.com\/site\/wp-content\/uploads\/2014\/11\/al\u00edrioneto.jpg","width":620,"height":370,"caption":"Foto\/Arquivo Notibras"},{"@type":"BreadcrumbList","@id":"https:\/\/www.notibras.com\/site\/distritais-nao-se-entendem-e-eleicao-para-administrador-fica-para-depois\/#breadcrumb","itemListElement":[{"@type":"ListItem","position":1,"name":"In\u00edcio","item":"https:\/\/www.notibras.com\/site\/"},{"@type":"ListItem","position":2,"name":"Distritais n\u00e3o se entendem e elei\u00e7\u00e3o direta fica pra depois"}]},{"@type":"WebSite","@id":"https:\/\/www.notibras.com\/site\/#website","url":"https:\/\/www.notibras.com\/site\/","name":"Notibras","description":"Not\u00edcias de Bras\u00edlia, do Brasil e do Mundo","publisher":{"@id":"https:\/\/www.notibras.com\/site\/#organization"},"potentialAction":[{"@type":"SearchAction","target":{"@type":"EntryPoint","urlTemplate":"https:\/\/www.notibras.com\/site\/?s={search_term_string}"},"query-input":{"@type":"PropertyValueSpecification","valueRequired":true,"valueName":"search_term_string"}}],"inLanguage":"pt-BR"},{"@type":"Organization","@id":"https:\/\/www.notibras.com\/site\/#organization","name":"Grupo Notibras de Comunica\u00e7\u00e3o","url":"https:\/\/www.notibras.com\/site\/","logo":{"@type":"ImageObject","inLanguage":"pt-BR","@id":"https:\/\/www.notibras.com\/site\/#\/schema\/logo\/image\/","url":"https:\/\/www.notibras.com\/site\/wp-content\/uploads\/2023\/01\/notibras23.png","contentUrl":"https:\/\/www.notibras.com\/site\/wp-content\/uploads\/2023\/01\/notibras23.png","width":350,"height":87,"caption":"Grupo Notibras de Comunica\u00e7\u00e3o"},"image":{"@id":"https:\/\/www.notibras.com\/site\/#\/schema\/logo\/image\/"},"sameAs":["https:\/\/www.facebook.com\/notibras\/","https:\/\/x.com\/Notibras","https:\/\/www.instagram.com\/notibras\/"]},{"@type":"Person","@id":"https:\/\/www.notibras.com\/site\/#\/schema\/person\/00b8e1aa08f9ef6563e878c5159d01cf","name":"Reda\u00e7\u00e3o","image":{"@type":"ImageObject","inLanguage":"pt-BR","@id":"https:\/\/secure.gravatar.com\/avatar\/ac5a707d5b47784a5ed426c6e213e201423c750890f64e4c379114dade67dfb9?s=96&d=mm&r=g","url":"https:\/\/secure.gravatar.com\/avatar\/ac5a707d5b47784a5ed426c6e213e201423c750890f64e4c379114dade67dfb9?s=96&d=mm&r=g","contentUrl":"https:\/\/secure.gravatar.com\/avatar\/ac5a707d5b47784a5ed426c6e213e201423c750890f64e4c379114dade67dfb9?s=96&d=mm&r=g","caption":"Reda\u00e7\u00e3o"}}]}},"amp_enabled":true,"_links":{"self":[{"href":"https:\/\/www.notibras.com\/site\/wp-json\/wp\/v2\/posts\/28707","targetHints":{"allow":["GET"]}}],"collection":[{"href":"https:\/\/www.notibras.com\/site\/wp-json\/wp\/v2\/posts"}],"about":[{"href":"https:\/\/www.notibras.com\/site\/wp-json\/wp\/v2\/types\/post"}],"author":[{"embeddable":true,"href":"https:\/\/www.notibras.com\/site\/wp-json\/wp\/v2\/users\/1"}],"replies":[{"embeddable":true,"href":"https:\/\/www.notibras.com\/site\/wp-json\/wp\/v2\/comments?post=28707"}],"version-history":[{"count":0,"href":"https:\/\/www.notibras.com\/site\/wp-json\/wp\/v2\/posts\/28707\/revisions"}],"wp:featuredmedia":[{"embeddable":true,"href":"https:\/\/www.notibras.com\/site\/wp-json\/wp\/v2\/media\/28708"}],"wp:attachment":[{"href":"https:\/\/www.notibras.com\/site\/wp-json\/wp\/v2\/media?parent=28707"}],"wp:term":[{"taxonomy":"category","embeddable":true,"href":"https:\/\/www.notibras.com\/site\/wp-json\/wp\/v2\/categories?post=28707"},{"taxonomy":"post_tag","embeddable":true,"href":"https:\/\/www.notibras.com\/site\/wp-json\/wp\/v2\/tags?post=28707"}],"curies":[{"name":"wp","href":"https:\/\/api.w.org\/{rel}","templated":true}]}}