{"id":287089,"date":"2022-06-07T09:29:23","date_gmt":"2022-06-07T12:29:23","guid":{"rendered":"https:\/\/www.notibras.com\/site\/?p=287089"},"modified":"2022-06-07T09:29:23","modified_gmt":"2022-06-07T12:29:23","slug":"japao-trama-contra-a-china-abracando-a-otan","status":"publish","type":"post","link":"https:\/\/www.notibras.com\/site\/japao-trama-contra-a-china-abracando-a-otan\/","title":{"rendered":"Jap\u00e3o trama contra a China abra\u00e7ando a Otan"},"content":{"rendered":"<p>O Jap\u00e3o continuou caminhando por um caminho perigoso, j\u00e1 que um ex-primeiro-ministro japon\u00eas pediu recentemente aos aliados que &#8220;for\u00e7assem a China a desistir de tomar a ilha de Taiwan&#8221; e seu atual primeiro-ministro est\u00e1 se preparando para participar da c\u00fapula da OTAN em meio \u00e0 crise R\u00fassia-Ucr\u00e2nia mais tarde neste m\u00eas.<br \/>\nEste movimento \u00e9 visto como uma ajuda \u00e0 expans\u00e3o da OTAN na regi\u00e3o da \u00c1sia-Pac\u00edfico.<\/p>\n<p>Especialistas alertaram que, como T\u00f3quio joga constantemente com fogo sobre a quest\u00e3o de Taiwan, essas t\u00e1ticas imprudentes podem levar a consequ\u00eancias graves al\u00e9m de prejudicar as rela\u00e7\u00f5es China-Jap\u00e3o, aumentar o confronto e causar instabilidade na regi\u00e3o, e os pa\u00edses asi\u00e1ticos devem permanecer vigilantes sobre o Jap\u00e3o reviver o militarismo.<\/p>\n<p>Shinzo Abe, ex-primeiro-ministro do Jap\u00e3o, disse em um f\u00f3rum no domingo que o Jap\u00e3o, os EUA e outros aliados &#8220;devem criar uma situa\u00e7\u00e3o que force&#8221; o continente chin\u00eas a &#8220;desistir de tomar&#8221; a ilha de Taiwan &#8220;pela for\u00e7a&#8221;. As rela\u00e7\u00f5es Jap\u00e3o-EUA, Jap\u00e3o-EUA-Taiwan, disse,devem ser fortalecidas.<\/p>\n<p>N\u00e3o foi a primeira vez que Abe provocou a quest\u00e3o de Taiwan. Anteriormente ele disse que &#8220;qualquer emerg\u00eancia sobre Taiwan significaria uma emerg\u00eancia para T\u00f3quio&#8221;. A \u00faltima observa\u00e7\u00e3o veio quando o primeiro-ministro japon\u00eas Kishida Fumio est\u00e1 se preparando para participar da c\u00fapula da OTAN no final deste m\u00eas, que tamb\u00e9m ser\u00e1 o primeiro l\u00edder japon\u00eas a participar da reuni\u00e3o da alian\u00e7a militar.<\/p>\n<p>Kishida espera explicar aos membros da OTAN que o Jap\u00e3o acompanhar\u00e1 a situa\u00e7\u00e3o ucraniana e que tentativas unilaterais de mudar o status quo pela for\u00e7a n\u00e3o devem ser toleradas em nenhum lugar do mundo, tendo em mente a China e a Coreia do Norte.<\/p>\n<p>A participa\u00e7\u00e3o do primeiro-ministro japon\u00eas na reuni\u00e3o da OTAN \u00e9 amplamente vista como um passo para fortalecer a alian\u00e7a EUA-Jap\u00e3o, uma vez que o Jap\u00e3o \u00e9 estrategicamente importante para os EUA em sua Estrat\u00e9gia Indo-Pac\u00edfico, e alguns especialistas disseram que tamb\u00e9m mostrou que o Jap\u00e3o pode ter d\u00favidas sobre se os EUA interviriam, por exemplo, em um conflito entre Jap\u00e3o e China sobre a Ilha Diaoyu. Por isso, o Jap\u00e3o precisa de uma forte parceria com outras alian\u00e7as como a OTAN.<\/p>\n<p>O Jap\u00e3o busca adquirir mais &#8220;moedas de barganha&#8221; n\u00e3o apenas na diplomacia, mas tamb\u00e9m na defesa para conter a China ou a R\u00fassia. Com EUA-Jap\u00e3o-Coreia do Sul, a alian\u00e7a tem se engajado ativamente em diferentes mecanismos multilaterais de seguran\u00e7a e v\u00ea o &#8220;charme&#8221; da defesa coletiva atrav\u00e9s da crise R\u00fassia-Ucr\u00e2nia, disse Da Zhigang, diretor do Instituto do Nordeste Asi\u00e1tico Estudos na Academia Provincial de Ci\u00eancias Sociais de Heilongjiang.<\/p>\n<p>&#8220;Se o Jap\u00e3o dependesse apenas de um pa\u00eds para combater a China ou a R\u00fassia, seria dif\u00edcil faz\u00ea-lo. Portanto, tem que buscar mais vantagens introduzindo for\u00e7as da OTAN e europeias no Indo-Pac\u00edfico e no Leste Asi\u00e1tico&#8221;, disse Da.<\/p>\n<p><strong>Consequ\u00eancias Graves<\/strong><br \/>\n\u00c0 medida que os EUA intensificam os esfor\u00e7os para conter a ascens\u00e3o da China, o Jap\u00e3o tem assumido ativamente o papel de servir a Estrat\u00e9gia Indo-Pac\u00edfico de Washington e combater Pequim, e tamb\u00e9m acredita que a crise da Ucr\u00e2nia d\u00e1 a Pequim a oportunidade de ser mais assertiva na \u00c1sia-Pac\u00edfico.<\/p>\n<p>Os gastos com defesa do Jap\u00e3o podem ser um impedimento importante para as ambi\u00e7\u00f5es regionais da China, disse Kevin Maher, ex-diretor do escrit\u00f3rio do Jap\u00e3o no Departamento de Estado, em um entrevista \u00e0 <em>Fox News<\/em>. O ex-funcion\u00e1rio dos EUA tamb\u00e9m observou que, se houver um conflito entre a China e o Jap\u00e3o, &#8220;as contribui\u00e7\u00f5es japonesas junto com os EUA s\u00e3o muito significativas&#8221;.<\/p>\n<p>Considerando a pol\u00edtica de &#8220;aumento substancial dos gastos com defesa&#8221; anunciada por Kishida na c\u00fapula Jap\u00e3o-EUA em maio, o governo japon\u00eas tamb\u00e9m come\u00e7ou a considerar expandir seu estoque acelerando a aquisi\u00e7\u00e3o de m\u00edsseis e muni\u00e7\u00f5es operados pelas For\u00e7as de Autodefesa. Isso se refletir\u00e1 no desenvolvimento da capacidade de defesa de m\u00e9dio prazo que ser\u00e1 formulado no final deste ano e essa expans\u00e3o visa fortalecer as capacidades de defesa sobre a situa\u00e7\u00e3o do Estreito de Taiwan , segundo relatos da m\u00eddia.<\/p>\n<p>Os EUA e outros pa\u00edses ocidentais n\u00e3o consideram as medidas do Jap\u00e3o para fortalecer a capacidade de defesa, incluindo um aumento nos gastos militares, um sinal de revitaliza\u00e7\u00e3o do militarismo. Muitos pa\u00edses regionais que foram invadidos pelo Jap\u00e3o, incluindo a China, s\u00e3o suspeitos da motiva\u00e7\u00e3o do Jap\u00e3o, observou Da.<\/p>\n<p>O Jap\u00e3o est\u00e1 usando a crise da Ucr\u00e2nia como uma desculpa para justificar o aumento dos gastos militares, evitando assim o escrut\u00ednio e as cr\u00edticas da comunidade internacional, tornando mais dif\u00edcil para o mundo exterior construir uma frente unida para resistir ao ressurgimento do militarismo japon\u00eas.<\/p>\n<p>Alguns especialistas tamb\u00e9m alertaram que tal agress\u00e3o de provocar os interesses centrais da China e ajudar a expans\u00e3o da OTAN para a \u00c1sia levaria a graves consequ\u00eancias que n\u00e3o apenas prejudicariam os la\u00e7os China-Jap\u00e3o, mas tamb\u00e9m criariam novas turbul\u00eancias na regi\u00e3o.<\/p>\n<p>Zheng Yongnian, professor da Universidade Chinesa de Hong Kong, e presidente do Instituto de Assuntos Internacionais, tamb\u00e9m alertou em entrevista ao <em>Global Times<\/em> em maio que os EUA querem criar uma OTAN asi\u00e1tica, por meio de alian\u00e7as bilaterais .Se surgir uma OTAN asi\u00e1tica, nunca haver\u00e1 paz na \u00c1sia. Zheng disse que \u00e9 muito importante observar como os pa\u00edses asi\u00e1ticos constroem uma comunidade asi\u00e1tica com um futuro compartilhado.<\/p>\n<p><strong>Encruzilhada Crucial<\/strong><br \/>\nO ano de 2022 marca o 50\u00ba anivers\u00e1rio das rela\u00e7\u00f5es diplom\u00e1ticas entre a China e o Jap\u00e3o. O embaixador chin\u00eas no Jap\u00e3o, Kong Xuanyou, disse recentemente que as rela\u00e7\u00f5es entre a China e o Jap\u00e3o est\u00e3o em uma encruzilhada crucial, j\u00e1 que o Jap\u00e3o, em uma aparente colabora\u00e7\u00e3o com os EUA, est\u00e1 cada vez mais considerando a China uma amea\u00e7a estrat\u00e9gica.<\/p>\n<p>O diplomata chin\u00eas pediu ao Jap\u00e3o que n\u00e3o cruze a linha vermelha na quest\u00e3o de Taiwan, alertando para um &#8220;impacto destrutivo&#8221; nos la\u00e7os bilaterais se a situa\u00e7\u00e3o n\u00e3o for tratada adequadamente.<\/p>\n<p>No entanto, os grupos e pol\u00edticos de direita do Jap\u00e3o continuaram exaltando a chamada amea\u00e7a da China para justificar a altera\u00e7\u00e3o da constitui\u00e7\u00e3o pacifista e pedindo o aumento do or\u00e7amento de defesa para alcan\u00e7ar sua agenda pol\u00edtica.<\/p>\n<p>Reviver o militarismo pode n\u00e3o ser exibido no Jap\u00e3o em um futuro pr\u00f3ximo, mas n\u00e3o se pode descartar que existam pessoas no Jap\u00e3o que est\u00e3o promovendo ativamente o progresso da militariza\u00e7\u00e3o do Jap\u00e3o<\/p>\n<p>&#8220;Eles est\u00e3o exaltando quest\u00f5es relacionadas \u00e0 quest\u00e3o de Taiwan ou ao Mar da China Meridional, ou mesmo \u00e0 crise da Ucr\u00e2nia. Essas s\u00e3o desculpas para o Jap\u00e3o alterar sua constitui\u00e7\u00e3o e aumentar os gastos militares&#8221;, disse Lian Ding, observando que essa tamb\u00e9m \u00e9 uma das t\u00e1ticas do Jap\u00e3o &#8211; transferir a crise da Ucr\u00e2nia para o Leste Asi\u00e1tico e arrastar a China para o conflito.<\/p>\n","protected":false},"excerpt":{"rendered":"<p>O Jap\u00e3o continuou caminhando por um caminho perigoso, j\u00e1 que um ex-primeiro-ministro japon\u00eas pediu recentemente aos aliados que &#8220;for\u00e7assem a China a desistir de tomar a ilha de Taiwan&#8221; e seu atual primeiro-ministro est\u00e1 se preparando para participar da c\u00fapula da OTAN em meio \u00e0 crise R\u00fassia-Ucr\u00e2nia mais tarde neste m\u00eas. Este movimento \u00e9 visto [&hellip;]<\/p>\n","protected":false},"author":2,"featured_media":287090,"comment_status":"closed","ping_status":"closed","sticky":false,"template":"","format":"standard","meta":{"_acf_changed":false,"footnotes":""},"categories":[159],"tags":[],"class_list":["post-287089","post","type-post","status-publish","format-standard","has-post-thumbnail","hentry","category-apocalipse"],"acf":[],"yoast_head":"<!-- This site is optimized with the Yoast SEO plugin v27.2 - https:\/\/yoast.com\/product\/yoast-seo-wordpress\/ -->\n<title>Jap\u00e3o trama contra a China abra\u00e7ando a Otan - Notibras<\/title>\n<meta name=\"robots\" content=\"index, follow, max-snippet:-1, max-image-preview:large, max-video-preview:-1\" \/>\n<link rel=\"canonical\" href=\"https:\/\/www.notibras.com\/site\/japao-trama-contra-a-china-abracando-a-otan\/\" \/>\n<meta property=\"og:locale\" content=\"pt_BR\" \/>\n<meta property=\"og:type\" content=\"article\" \/>\n<meta property=\"og:title\" content=\"Jap\u00e3o trama contra a China abra\u00e7ando a Otan - Notibras\" \/>\n<meta property=\"og:description\" content=\"O Jap\u00e3o continuou caminhando por um caminho perigoso, j\u00e1 que um ex-primeiro-ministro japon\u00eas pediu recentemente aos aliados que &#8220;for\u00e7assem a China a desistir de tomar a ilha de Taiwan&#8221; e seu atual primeiro-ministro est\u00e1 se preparando para participar da c\u00fapula da OTAN em meio \u00e0 crise R\u00fassia-Ucr\u00e2nia mais tarde neste m\u00eas. Este movimento \u00e9 visto [&hellip;]\" \/>\n<meta property=\"og:url\" content=\"https:\/\/www.notibras.com\/site\/japao-trama-contra-a-china-abracando-a-otan\/\" \/>\n<meta property=\"og:site_name\" content=\"Notibras\" \/>\n<meta property=\"article:publisher\" content=\"https:\/\/www.facebook.com\/notibras\/\" \/>\n<meta property=\"article:published_time\" content=\"2022-06-07T12:29:23+00:00\" \/>\n<meta property=\"og:image\" content=\"https:\/\/www.notibras.com\/site\/wp-content\/uploads\/2022\/06\/japaoex.webp\" \/>\n\t<meta property=\"og:image:width\" content=\"1920\" \/>\n\t<meta property=\"og:image:height\" content=\"1213\" \/>\n\t<meta property=\"og:image:type\" content=\"image\/webp\" \/>\n<meta name=\"author\" content=\"Reda\u00e7\u00e3o\" \/>\n<meta name=\"twitter:card\" content=\"summary_large_image\" \/>\n<meta name=\"twitter:creator\" content=\"@Notibras\" \/>\n<meta name=\"twitter:site\" content=\"@Notibras\" \/>\n<meta name=\"twitter:label1\" content=\"Escrito por\" \/>\n\t<meta name=\"twitter:data1\" content=\"Reda\u00e7\u00e3o\" \/>\n\t<meta name=\"twitter:label2\" content=\"Est. tempo de leitura\" \/>\n\t<meta name=\"twitter:data2\" content=\"6 minutos\" \/>\n<script type=\"application\/ld+json\" class=\"yoast-schema-graph\">{\"@context\":\"https:\/\/schema.org\",\"@graph\":[{\"@type\":\"Article\",\"@id\":\"https:\/\/www.notibras.com\/site\/japao-trama-contra-a-china-abracando-a-otan\/#article\",\"isPartOf\":{\"@id\":\"https:\/\/www.notibras.com\/site\/japao-trama-contra-a-china-abracando-a-otan\/\"},\"author\":{\"name\":\"Reda\u00e7\u00e3o\",\"@id\":\"https:\/\/www.notibras.com\/site\/#\/schema\/person\/36ab0979449956132d3e5b517ea76ac8\"},\"headline\":\"Jap\u00e3o trama contra a China abra\u00e7ando a Otan\",\"datePublished\":\"2022-06-07T12:29:23+00:00\",\"mainEntityOfPage\":{\"@id\":\"https:\/\/www.notibras.com\/site\/japao-trama-contra-a-china-abracando-a-otan\/\"},\"wordCount\":1270,\"publisher\":{\"@id\":\"https:\/\/www.notibras.com\/site\/#organization\"},\"image\":{\"@id\":\"https:\/\/www.notibras.com\/site\/japao-trama-contra-a-china-abracando-a-otan\/#primaryimage\"},\"thumbnailUrl\":\"https:\/\/www.notibras.com\/site\/wp-content\/uploads\/2022\/06\/japaoex.webp\",\"articleSection\":[\"Apocalipse\"],\"inLanguage\":\"pt-BR\"},{\"@type\":\"WebPage\",\"@id\":\"https:\/\/www.notibras.com\/site\/japao-trama-contra-a-china-abracando-a-otan\/\",\"url\":\"https:\/\/www.notibras.com\/site\/japao-trama-contra-a-china-abracando-a-otan\/\",\"name\":\"Jap\u00e3o trama contra a China abra\u00e7ando a Otan - Notibras\",\"isPartOf\":{\"@id\":\"https:\/\/www.notibras.com\/site\/#website\"},\"primaryImageOfPage\":{\"@id\":\"https:\/\/www.notibras.com\/site\/japao-trama-contra-a-china-abracando-a-otan\/#primaryimage\"},\"image\":{\"@id\":\"https:\/\/www.notibras.com\/site\/japao-trama-contra-a-china-abracando-a-otan\/#primaryimage\"},\"thumbnailUrl\":\"https:\/\/www.notibras.com\/site\/wp-content\/uploads\/2022\/06\/japaoex.webp\",\"datePublished\":\"2022-06-07T12:29:23+00:00\",\"breadcrumb\":{\"@id\":\"https:\/\/www.notibras.com\/site\/japao-trama-contra-a-china-abracando-a-otan\/#breadcrumb\"},\"inLanguage\":\"pt-BR\",\"potentialAction\":[{\"@type\":\"ReadAction\",\"target\":[\"https:\/\/www.notibras.com\/site\/japao-trama-contra-a-china-abracando-a-otan\/\"]}]},{\"@type\":\"ImageObject\",\"inLanguage\":\"pt-BR\",\"@id\":\"https:\/\/www.notibras.com\/site\/japao-trama-contra-a-china-abracando-a-otan\/#primaryimage\",\"url\":\"https:\/\/www.notibras.com\/site\/wp-content\/uploads\/2022\/06\/japaoex.webp\",\"contentUrl\":\"https:\/\/www.notibras.com\/site\/wp-content\/uploads\/2022\/06\/japaoex.webp\",\"width\":1920,\"height\":1213},{\"@type\":\"BreadcrumbList\",\"@id\":\"https:\/\/www.notibras.com\/site\/japao-trama-contra-a-china-abracando-a-otan\/#breadcrumb\",\"itemListElement\":[{\"@type\":\"ListItem\",\"position\":1,\"name\":\"In\u00edcio\",\"item\":\"https:\/\/www.notibras.com\/site\/\"},{\"@type\":\"ListItem\",\"position\":2,\"name\":\"Jap\u00e3o trama contra a China abra\u00e7ando a Otan\"}]},{\"@type\":\"WebSite\",\"@id\":\"https:\/\/www.notibras.com\/site\/#website\",\"url\":\"https:\/\/www.notibras.com\/site\/\",\"name\":\"Notibras\",\"description\":\"Not\u00edcias de Bras\u00edlia, do Brasil e do Mundo\",\"publisher\":{\"@id\":\"https:\/\/www.notibras.com\/site\/#organization\"},\"potentialAction\":[{\"@type\":\"SearchAction\",\"target\":{\"@type\":\"EntryPoint\",\"urlTemplate\":\"https:\/\/www.notibras.com\/site\/?s={search_term_string}\"},\"query-input\":{\"@type\":\"PropertyValueSpecification\",\"valueRequired\":true,\"valueName\":\"search_term_string\"}}],\"inLanguage\":\"pt-BR\"},{\"@type\":\"Organization\",\"@id\":\"https:\/\/www.notibras.com\/site\/#organization\",\"name\":\"Grupo Notibras de Comunica\u00e7\u00e3o\",\"url\":\"https:\/\/www.notibras.com\/site\/\",\"logo\":{\"@type\":\"ImageObject\",\"inLanguage\":\"pt-BR\",\"@id\":\"https:\/\/www.notibras.com\/site\/#\/schema\/logo\/image\/\",\"url\":\"https:\/\/www.notibras.com\/site\/wp-content\/uploads\/2023\/01\/notibras23.png\",\"contentUrl\":\"https:\/\/www.notibras.com\/site\/wp-content\/uploads\/2023\/01\/notibras23.png\",\"width\":350,\"height\":87,\"caption\":\"Grupo Notibras de Comunica\u00e7\u00e3o\"},\"image\":{\"@id\":\"https:\/\/www.notibras.com\/site\/#\/schema\/logo\/image\/\"},\"sameAs\":[\"https:\/\/www.facebook.com\/notibras\/\",\"https:\/\/x.com\/Notibras\",\"https:\/\/www.instagram.com\/notibras\/\"]},{\"@type\":\"Person\",\"@id\":\"https:\/\/www.notibras.com\/site\/#\/schema\/person\/36ab0979449956132d3e5b517ea76ac8\",\"name\":\"Reda\u00e7\u00e3o\",\"image\":{\"@type\":\"ImageObject\",\"inLanguage\":\"pt-BR\",\"@id\":\"https:\/\/secure.gravatar.com\/avatar\/e0a867bdedb85fd243eadf09663511f96fc81e0720a4a42581f334ad4303aa6b?s=96&d=mm&r=g\",\"url\":\"https:\/\/secure.gravatar.com\/avatar\/e0a867bdedb85fd243eadf09663511f96fc81e0720a4a42581f334ad4303aa6b?s=96&d=mm&r=g\",\"contentUrl\":\"https:\/\/secure.gravatar.com\/avatar\/e0a867bdedb85fd243eadf09663511f96fc81e0720a4a42581f334ad4303aa6b?s=96&d=mm&r=g\",\"caption\":\"Reda\u00e7\u00e3o\"}}]}<\/script>\n<!-- \/ Yoast SEO plugin. -->","yoast_head_json":{"title":"Jap\u00e3o trama contra a China abra\u00e7ando a Otan - Notibras","robots":{"index":"index","follow":"follow","max-snippet":"max-snippet:-1","max-image-preview":"max-image-preview:large","max-video-preview":"max-video-preview:-1"},"canonical":"https:\/\/www.notibras.com\/site\/japao-trama-contra-a-china-abracando-a-otan\/","og_locale":"pt_BR","og_type":"article","og_title":"Jap\u00e3o trama contra a China abra\u00e7ando a Otan - Notibras","og_description":"O Jap\u00e3o continuou caminhando por um caminho perigoso, j\u00e1 que um ex-primeiro-ministro japon\u00eas pediu recentemente aos aliados que &#8220;for\u00e7assem a China a desistir de tomar a ilha de Taiwan&#8221; e seu atual primeiro-ministro est\u00e1 se preparando para participar da c\u00fapula da OTAN em meio \u00e0 crise R\u00fassia-Ucr\u00e2nia mais tarde neste m\u00eas. Este movimento \u00e9 visto [&hellip;]","og_url":"https:\/\/www.notibras.com\/site\/japao-trama-contra-a-china-abracando-a-otan\/","og_site_name":"Notibras","article_publisher":"https:\/\/www.facebook.com\/notibras\/","article_published_time":"2022-06-07T12:29:23+00:00","og_image":[{"width":1920,"height":1213,"url":"https:\/\/www.notibras.com\/site\/wp-content\/uploads\/2022\/06\/japaoex.webp","type":"image\/webp"}],"author":"Reda\u00e7\u00e3o","twitter_card":"summary_large_image","twitter_creator":"@Notibras","twitter_site":"@Notibras","twitter_misc":{"Escrito por":"Reda\u00e7\u00e3o","Est. tempo de leitura":"6 minutos"},"schema":{"@context":"https:\/\/schema.org","@graph":[{"@type":"Article","@id":"https:\/\/www.notibras.com\/site\/japao-trama-contra-a-china-abracando-a-otan\/#article","isPartOf":{"@id":"https:\/\/www.notibras.com\/site\/japao-trama-contra-a-china-abracando-a-otan\/"},"author":{"name":"Reda\u00e7\u00e3o","@id":"https:\/\/www.notibras.com\/site\/#\/schema\/person\/36ab0979449956132d3e5b517ea76ac8"},"headline":"Jap\u00e3o trama contra a China abra\u00e7ando a Otan","datePublished":"2022-06-07T12:29:23+00:00","mainEntityOfPage":{"@id":"https:\/\/www.notibras.com\/site\/japao-trama-contra-a-china-abracando-a-otan\/"},"wordCount":1270,"publisher":{"@id":"https:\/\/www.notibras.com\/site\/#organization"},"image":{"@id":"https:\/\/www.notibras.com\/site\/japao-trama-contra-a-china-abracando-a-otan\/#primaryimage"},"thumbnailUrl":"https:\/\/www.notibras.com\/site\/wp-content\/uploads\/2022\/06\/japaoex.webp","articleSection":["Apocalipse"],"inLanguage":"pt-BR"},{"@type":"WebPage","@id":"https:\/\/www.notibras.com\/site\/japao-trama-contra-a-china-abracando-a-otan\/","url":"https:\/\/www.notibras.com\/site\/japao-trama-contra-a-china-abracando-a-otan\/","name":"Jap\u00e3o trama contra a China abra\u00e7ando a Otan - Notibras","isPartOf":{"@id":"https:\/\/www.notibras.com\/site\/#website"},"primaryImageOfPage":{"@id":"https:\/\/www.notibras.com\/site\/japao-trama-contra-a-china-abracando-a-otan\/#primaryimage"},"image":{"@id":"https:\/\/www.notibras.com\/site\/japao-trama-contra-a-china-abracando-a-otan\/#primaryimage"},"thumbnailUrl":"https:\/\/www.notibras.com\/site\/wp-content\/uploads\/2022\/06\/japaoex.webp","datePublished":"2022-06-07T12:29:23+00:00","breadcrumb":{"@id":"https:\/\/www.notibras.com\/site\/japao-trama-contra-a-china-abracando-a-otan\/#breadcrumb"},"inLanguage":"pt-BR","potentialAction":[{"@type":"ReadAction","target":["https:\/\/www.notibras.com\/site\/japao-trama-contra-a-china-abracando-a-otan\/"]}]},{"@type":"ImageObject","inLanguage":"pt-BR","@id":"https:\/\/www.notibras.com\/site\/japao-trama-contra-a-china-abracando-a-otan\/#primaryimage","url":"https:\/\/www.notibras.com\/site\/wp-content\/uploads\/2022\/06\/japaoex.webp","contentUrl":"https:\/\/www.notibras.com\/site\/wp-content\/uploads\/2022\/06\/japaoex.webp","width":1920,"height":1213},{"@type":"BreadcrumbList","@id":"https:\/\/www.notibras.com\/site\/japao-trama-contra-a-china-abracando-a-otan\/#breadcrumb","itemListElement":[{"@type":"ListItem","position":1,"name":"In\u00edcio","item":"https:\/\/www.notibras.com\/site\/"},{"@type":"ListItem","position":2,"name":"Jap\u00e3o trama contra a China abra\u00e7ando a Otan"}]},{"@type":"WebSite","@id":"https:\/\/www.notibras.com\/site\/#website","url":"https:\/\/www.notibras.com\/site\/","name":"Notibras","description":"Not\u00edcias de Bras\u00edlia, do Brasil e do Mundo","publisher":{"@id":"https:\/\/www.notibras.com\/site\/#organization"},"potentialAction":[{"@type":"SearchAction","target":{"@type":"EntryPoint","urlTemplate":"https:\/\/www.notibras.com\/site\/?s={search_term_string}"},"query-input":{"@type":"PropertyValueSpecification","valueRequired":true,"valueName":"search_term_string"}}],"inLanguage":"pt-BR"},{"@type":"Organization","@id":"https:\/\/www.notibras.com\/site\/#organization","name":"Grupo Notibras de Comunica\u00e7\u00e3o","url":"https:\/\/www.notibras.com\/site\/","logo":{"@type":"ImageObject","inLanguage":"pt-BR","@id":"https:\/\/www.notibras.com\/site\/#\/schema\/logo\/image\/","url":"https:\/\/www.notibras.com\/site\/wp-content\/uploads\/2023\/01\/notibras23.png","contentUrl":"https:\/\/www.notibras.com\/site\/wp-content\/uploads\/2023\/01\/notibras23.png","width":350,"height":87,"caption":"Grupo Notibras de Comunica\u00e7\u00e3o"},"image":{"@id":"https:\/\/www.notibras.com\/site\/#\/schema\/logo\/image\/"},"sameAs":["https:\/\/www.facebook.com\/notibras\/","https:\/\/x.com\/Notibras","https:\/\/www.instagram.com\/notibras\/"]},{"@type":"Person","@id":"https:\/\/www.notibras.com\/site\/#\/schema\/person\/36ab0979449956132d3e5b517ea76ac8","name":"Reda\u00e7\u00e3o","image":{"@type":"ImageObject","inLanguage":"pt-BR","@id":"https:\/\/secure.gravatar.com\/avatar\/e0a867bdedb85fd243eadf09663511f96fc81e0720a4a42581f334ad4303aa6b?s=96&d=mm&r=g","url":"https:\/\/secure.gravatar.com\/avatar\/e0a867bdedb85fd243eadf09663511f96fc81e0720a4a42581f334ad4303aa6b?s=96&d=mm&r=g","contentUrl":"https:\/\/secure.gravatar.com\/avatar\/e0a867bdedb85fd243eadf09663511f96fc81e0720a4a42581f334ad4303aa6b?s=96&d=mm&r=g","caption":"Reda\u00e7\u00e3o"}}]}},"amp_enabled":true,"_links":{"self":[{"href":"https:\/\/www.notibras.com\/site\/wp-json\/wp\/v2\/posts\/287089","targetHints":{"allow":["GET"]}}],"collection":[{"href":"https:\/\/www.notibras.com\/site\/wp-json\/wp\/v2\/posts"}],"about":[{"href":"https:\/\/www.notibras.com\/site\/wp-json\/wp\/v2\/types\/post"}],"author":[{"embeddable":true,"href":"https:\/\/www.notibras.com\/site\/wp-json\/wp\/v2\/users\/2"}],"replies":[{"embeddable":true,"href":"https:\/\/www.notibras.com\/site\/wp-json\/wp\/v2\/comments?post=287089"}],"version-history":[{"count":1,"href":"https:\/\/www.notibras.com\/site\/wp-json\/wp\/v2\/posts\/287089\/revisions"}],"predecessor-version":[{"id":287091,"href":"https:\/\/www.notibras.com\/site\/wp-json\/wp\/v2\/posts\/287089\/revisions\/287091"}],"wp:featuredmedia":[{"embeddable":true,"href":"https:\/\/www.notibras.com\/site\/wp-json\/wp\/v2\/media\/287090"}],"wp:attachment":[{"href":"https:\/\/www.notibras.com\/site\/wp-json\/wp\/v2\/media?parent=287089"}],"wp:term":[{"taxonomy":"category","embeddable":true,"href":"https:\/\/www.notibras.com\/site\/wp-json\/wp\/v2\/categories?post=287089"},{"taxonomy":"post_tag","embeddable":true,"href":"https:\/\/www.notibras.com\/site\/wp-json\/wp\/v2\/tags?post=287089"}],"curies":[{"name":"wp","href":"https:\/\/api.w.org\/{rel}","templated":true}]}}