{"id":287209,"date":"2022-06-09T13:10:53","date_gmt":"2022-06-09T16:10:53","guid":{"rendered":"https:\/\/www.notibras.com\/site\/?p=287209"},"modified":"2022-06-09T13:10:53","modified_gmt":"2022-06-09T16:10:53","slug":"putin-ironiza-ocidente-por-atribuir-a-ele-inflacao-alta","status":"publish","type":"post","link":"https:\/\/www.notibras.com\/site\/putin-ironiza-ocidente-por-atribuir-a-ele-inflacao-alta\/","title":{"rendered":"Putin ironiza Ocidente por atribuir a ele infla\u00e7\u00e3o alta"},"content":{"rendered":"<p>Em resposta \u00e0 opera\u00e7\u00e3o militar de Moscou na Ucr\u00e2nia, os pa\u00edses ocidentais impuseram uma s\u00e9rie de san\u00e7\u00f5es anti-russas com o objetivo de &#8220;isolar&#8221; a R\u00fassia da economia global. Comentando essas san\u00e7\u00f5es, o presidente Vladimir Putin afirmou que \u00e9 imposs\u00edvel isolar um pa\u00eds t\u00e3o grande.<\/p>\n<p>&#8220;Para um pa\u00eds como a R\u00fassia, \u00e9 imposs\u00edvel estar cercado por uma cerca do lado de fora&#8221;, disse ele. &#8220;E n\u00f3s mesmos n\u00e3o vamos erguer essa cerca ao redor [do nosso pr\u00f3prio pa\u00eds]&#8221;.<\/p>\n<p>O presidente russo tamb\u00e9m explicou que o pa\u00eds nunca ter\u00e1 uma economia fechada. Segundo ele, Moscou n\u00e3o pretende criar uma &#8220;cortina de ferro&#8221; ao estilo sovi\u00e9tico em torno de si, preferindo permanecer aberta a qualquer na\u00e7\u00e3o que queira fazer neg\u00f3cios com ela. Aqueles que optarem por n\u00e3o negociar com a R\u00fassia estar\u00e3o apenas &#8220;roubando a si mesmos&#8221;, disse.<\/p>\n<p>Putin tamb\u00e9m abordou as alega\u00e7\u00f5es de que \u00e9 pessoalmente respons\u00e1vel pela disparada da infla\u00e7\u00e3o nos pa\u00edses ocidentais, dizendo que n\u00e3o tem nada a ver com as dificuldades econ\u00f4micas enfrentadas por outras na\u00e7\u00f5es.<br \/>\n&#8220;Isso \u00e9 resultado de seus pr\u00f3prios erros [dos pa\u00edses ocidentais] [cometidos durante muito tempo]&#8221;, observou ele.<br \/>\nCom as autoridades americanas se referindo regularmente \u00e0 infla\u00e7\u00e3o recorde de seu pa\u00eds como &#8220;aumento de pre\u00e7os de Putin&#8221;, o presidente russo brincou dizendo que &#8220;j\u00e1 chamam a infla\u00e7\u00e3o com o meu nome&#8221;.<\/p>\n<p>Putin ainda sugeriu que a gera\u00e7\u00e3o atual na R\u00fassia tem o mesmo destino do imperador russo do s\u00e9culo 17, Pedro, o Grande, que &#8220;retornou e fortaleceu territ\u00f3rios&#8221;. &#8220;Este destino tamb\u00e9m caiu sobre n\u00f3s&#8221;, concluiu o presidente.<\/p>\n<p>Ele explicou que se um pa\u00eds n\u00e3o \u00e9 capaz de tomar suas pr\u00f3prias decis\u00f5es soberanas, ent\u00e3o \u00e9 uma col\u00f4nia, especialmente nas duras condi\u00e7\u00f5es geopol\u00edticas de hoje. &#8220;Para reivindicar ser um l\u00edder, muito menos um l\u00edder global, [&#8230;] qualquer pa\u00eds, qualquer povo, qualquer grupo \u00e9tnico deve garantir sua soberania&#8221;, continuou Putin. &#8220;Um pa\u00eds ou \u00e9 uma na\u00e7\u00e3o soberana ou uma col\u00f4nia. N\u00e3o h\u00e1 nada intermedi\u00e1rio&#8221;.<\/p>\n<p>Depois que a R\u00fassia lan\u00e7ou sua opera\u00e7\u00e3o militar na Ucr\u00e2nia em 24 de fevereiro, o Ocidente a condenou como uma &#8220;invas\u00e3o&#8221; e respondeu com uma s\u00e9rie de san\u00e7\u00f5es visando sua economia, neg\u00f3cios, cultura, m\u00eddia, esportes e muitas outras esferas. O Kremlin criticou as san\u00e7\u00f5es ocidentais como uma tentativa de &#8220;isolar&#8221; a R\u00fassia, sublinhando que tais esfor\u00e7os est\u00e3o destinados a ser infrut\u00edferos.<\/p>\n","protected":false},"excerpt":{"rendered":"<p>Em resposta \u00e0 opera\u00e7\u00e3o militar de Moscou na Ucr\u00e2nia, os pa\u00edses ocidentais impuseram uma s\u00e9rie de san\u00e7\u00f5es anti-russas com o objetivo de &#8220;isolar&#8221; a R\u00fassia da economia global. Comentando essas san\u00e7\u00f5es, o presidente Vladimir Putin afirmou que \u00e9 imposs\u00edvel isolar um pa\u00eds t\u00e3o grande. &#8220;Para um pa\u00eds como a R\u00fassia, \u00e9 imposs\u00edvel estar cercado por [&hellip;]<\/p>\n","protected":false},"author":2,"featured_media":287210,"comment_status":"closed","ping_status":"closed","sticky":false,"template":"","format":"standard","meta":{"_acf_changed":false,"footnotes":""},"categories":[159],"tags":[],"class_list":["post-287209","post","type-post","status-publish","format-standard","has-post-thumbnail","hentry","category-apocalipse"],"acf":[],"yoast_head":"<!-- This site is optimized with the Yoast SEO plugin v27.2 - https:\/\/yoast.com\/product\/yoast-seo-wordpress\/ -->\n<title>Putin ironiza Ocidente por atribuir a ele infla\u00e7\u00e3o alta - Notibras<\/title>\n<meta name=\"robots\" content=\"index, follow, max-snippet:-1, max-image-preview:large, max-video-preview:-1\" \/>\n<link rel=\"canonical\" href=\"https:\/\/www.notibras.com\/site\/putin-ironiza-ocidente-por-atribuir-a-ele-inflacao-alta\/\" \/>\n<meta property=\"og:locale\" content=\"pt_BR\" \/>\n<meta property=\"og:type\" content=\"article\" \/>\n<meta property=\"og:title\" content=\"Putin ironiza Ocidente por atribuir a ele infla\u00e7\u00e3o alta - Notibras\" \/>\n<meta property=\"og:description\" content=\"Em resposta \u00e0 opera\u00e7\u00e3o militar de Moscou na Ucr\u00e2nia, os pa\u00edses ocidentais impuseram uma s\u00e9rie de san\u00e7\u00f5es anti-russas com o objetivo de &#8220;isolar&#8221; a R\u00fassia da economia global. Comentando essas san\u00e7\u00f5es, o presidente Vladimir Putin afirmou que \u00e9 imposs\u00edvel isolar um pa\u00eds t\u00e3o grande. &#8220;Para um pa\u00eds como a R\u00fassia, \u00e9 imposs\u00edvel estar cercado por [&hellip;]\" \/>\n<meta property=\"og:url\" content=\"https:\/\/www.notibras.com\/site\/putin-ironiza-ocidente-por-atribuir-a-ele-inflacao-alta\/\" \/>\n<meta property=\"og:site_name\" content=\"Notibras\" \/>\n<meta property=\"article:publisher\" content=\"https:\/\/www.facebook.com\/notibras\/\" \/>\n<meta property=\"article:published_time\" content=\"2022-06-09T16:10:53+00:00\" \/>\n<meta property=\"og:image\" content=\"https:\/\/www.notibras.com\/site\/wp-content\/uploads\/2022\/06\/putin.inflacao.webp\" \/>\n\t<meta property=\"og:image:width\" content=\"1920\" \/>\n\t<meta property=\"og:image:height\" content=\"1080\" \/>\n\t<meta property=\"og:image:type\" content=\"image\/webp\" \/>\n<meta name=\"author\" content=\"Reda\u00e7\u00e3o\" \/>\n<meta name=\"twitter:card\" content=\"summary_large_image\" \/>\n<meta name=\"twitter:creator\" content=\"@Notibras\" \/>\n<meta name=\"twitter:site\" content=\"@Notibras\" \/>\n<meta name=\"twitter:label1\" content=\"Escrito por\" \/>\n\t<meta name=\"twitter:data1\" content=\"Reda\u00e7\u00e3o\" \/>\n\t<meta name=\"twitter:label2\" content=\"Est. tempo de leitura\" \/>\n\t<meta name=\"twitter:data2\" content=\"2 minutos\" \/>\n<script type=\"application\/ld+json\" class=\"yoast-schema-graph\">{\"@context\":\"https:\/\/schema.org\",\"@graph\":[{\"@type\":\"Article\",\"@id\":\"https:\/\/www.notibras.com\/site\/putin-ironiza-ocidente-por-atribuir-a-ele-inflacao-alta\/#article\",\"isPartOf\":{\"@id\":\"https:\/\/www.notibras.com\/site\/putin-ironiza-ocidente-por-atribuir-a-ele-inflacao-alta\/\"},\"author\":{\"name\":\"Reda\u00e7\u00e3o\",\"@id\":\"https:\/\/www.notibras.com\/site\/#\/schema\/person\/36ab0979449956132d3e5b517ea76ac8\"},\"headline\":\"Putin ironiza Ocidente por atribuir a ele infla\u00e7\u00e3o alta\",\"datePublished\":\"2022-06-09T16:10:53+00:00\",\"mainEntityOfPage\":{\"@id\":\"https:\/\/www.notibras.com\/site\/putin-ironiza-ocidente-por-atribuir-a-ele-inflacao-alta\/\"},\"wordCount\":451,\"publisher\":{\"@id\":\"https:\/\/www.notibras.com\/site\/#organization\"},\"image\":{\"@id\":\"https:\/\/www.notibras.com\/site\/putin-ironiza-ocidente-por-atribuir-a-ele-inflacao-alta\/#primaryimage\"},\"thumbnailUrl\":\"https:\/\/www.notibras.com\/site\/wp-content\/uploads\/2022\/06\/putin.inflacao.webp\",\"articleSection\":[\"Apocalipse\"],\"inLanguage\":\"pt-BR\"},{\"@type\":\"WebPage\",\"@id\":\"https:\/\/www.notibras.com\/site\/putin-ironiza-ocidente-por-atribuir-a-ele-inflacao-alta\/\",\"url\":\"https:\/\/www.notibras.com\/site\/putin-ironiza-ocidente-por-atribuir-a-ele-inflacao-alta\/\",\"name\":\"Putin ironiza Ocidente por atribuir a ele infla\u00e7\u00e3o alta - Notibras\",\"isPartOf\":{\"@id\":\"https:\/\/www.notibras.com\/site\/#website\"},\"primaryImageOfPage\":{\"@id\":\"https:\/\/www.notibras.com\/site\/putin-ironiza-ocidente-por-atribuir-a-ele-inflacao-alta\/#primaryimage\"},\"image\":{\"@id\":\"https:\/\/www.notibras.com\/site\/putin-ironiza-ocidente-por-atribuir-a-ele-inflacao-alta\/#primaryimage\"},\"thumbnailUrl\":\"https:\/\/www.notibras.com\/site\/wp-content\/uploads\/2022\/06\/putin.inflacao.webp\",\"datePublished\":\"2022-06-09T16:10:53+00:00\",\"breadcrumb\":{\"@id\":\"https:\/\/www.notibras.com\/site\/putin-ironiza-ocidente-por-atribuir-a-ele-inflacao-alta\/#breadcrumb\"},\"inLanguage\":\"pt-BR\",\"potentialAction\":[{\"@type\":\"ReadAction\",\"target\":[\"https:\/\/www.notibras.com\/site\/putin-ironiza-ocidente-por-atribuir-a-ele-inflacao-alta\/\"]}]},{\"@type\":\"ImageObject\",\"inLanguage\":\"pt-BR\",\"@id\":\"https:\/\/www.notibras.com\/site\/putin-ironiza-ocidente-por-atribuir-a-ele-inflacao-alta\/#primaryimage\",\"url\":\"https:\/\/www.notibras.com\/site\/wp-content\/uploads\/2022\/06\/putin.inflacao.webp\",\"contentUrl\":\"https:\/\/www.notibras.com\/site\/wp-content\/uploads\/2022\/06\/putin.inflacao.webp\",\"width\":1920,\"height\":1080},{\"@type\":\"BreadcrumbList\",\"@id\":\"https:\/\/www.notibras.com\/site\/putin-ironiza-ocidente-por-atribuir-a-ele-inflacao-alta\/#breadcrumb\",\"itemListElement\":[{\"@type\":\"ListItem\",\"position\":1,\"name\":\"In\u00edcio\",\"item\":\"https:\/\/www.notibras.com\/site\/\"},{\"@type\":\"ListItem\",\"position\":2,\"name\":\"Putin ironiza Ocidente por atribuir a ele infla\u00e7\u00e3o alta\"}]},{\"@type\":\"WebSite\",\"@id\":\"https:\/\/www.notibras.com\/site\/#website\",\"url\":\"https:\/\/www.notibras.com\/site\/\",\"name\":\"Notibras\",\"description\":\"Not\u00edcias de Bras\u00edlia, do Brasil e do Mundo\",\"publisher\":{\"@id\":\"https:\/\/www.notibras.com\/site\/#organization\"},\"potentialAction\":[{\"@type\":\"SearchAction\",\"target\":{\"@type\":\"EntryPoint\",\"urlTemplate\":\"https:\/\/www.notibras.com\/site\/?s={search_term_string}\"},\"query-input\":{\"@type\":\"PropertyValueSpecification\",\"valueRequired\":true,\"valueName\":\"search_term_string\"}}],\"inLanguage\":\"pt-BR\"},{\"@type\":\"Organization\",\"@id\":\"https:\/\/www.notibras.com\/site\/#organization\",\"name\":\"Grupo Notibras de Comunica\u00e7\u00e3o\",\"url\":\"https:\/\/www.notibras.com\/site\/\",\"logo\":{\"@type\":\"ImageObject\",\"inLanguage\":\"pt-BR\",\"@id\":\"https:\/\/www.notibras.com\/site\/#\/schema\/logo\/image\/\",\"url\":\"https:\/\/www.notibras.com\/site\/wp-content\/uploads\/2023\/01\/notibras23.png\",\"contentUrl\":\"https:\/\/www.notibras.com\/site\/wp-content\/uploads\/2023\/01\/notibras23.png\",\"width\":350,\"height\":87,\"caption\":\"Grupo Notibras de Comunica\u00e7\u00e3o\"},\"image\":{\"@id\":\"https:\/\/www.notibras.com\/site\/#\/schema\/logo\/image\/\"},\"sameAs\":[\"https:\/\/www.facebook.com\/notibras\/\",\"https:\/\/x.com\/Notibras\",\"https:\/\/www.instagram.com\/notibras\/\"]},{\"@type\":\"Person\",\"@id\":\"https:\/\/www.notibras.com\/site\/#\/schema\/person\/36ab0979449956132d3e5b517ea76ac8\",\"name\":\"Reda\u00e7\u00e3o\",\"image\":{\"@type\":\"ImageObject\",\"inLanguage\":\"pt-BR\",\"@id\":\"https:\/\/secure.gravatar.com\/avatar\/e0a867bdedb85fd243eadf09663511f96fc81e0720a4a42581f334ad4303aa6b?s=96&d=mm&r=g\",\"url\":\"https:\/\/secure.gravatar.com\/avatar\/e0a867bdedb85fd243eadf09663511f96fc81e0720a4a42581f334ad4303aa6b?s=96&d=mm&r=g\",\"contentUrl\":\"https:\/\/secure.gravatar.com\/avatar\/e0a867bdedb85fd243eadf09663511f96fc81e0720a4a42581f334ad4303aa6b?s=96&d=mm&r=g\",\"caption\":\"Reda\u00e7\u00e3o\"}}]}<\/script>\n<!-- \/ Yoast SEO plugin. -->","yoast_head_json":{"title":"Putin ironiza Ocidente por atribuir a ele infla\u00e7\u00e3o alta - Notibras","robots":{"index":"index","follow":"follow","max-snippet":"max-snippet:-1","max-image-preview":"max-image-preview:large","max-video-preview":"max-video-preview:-1"},"canonical":"https:\/\/www.notibras.com\/site\/putin-ironiza-ocidente-por-atribuir-a-ele-inflacao-alta\/","og_locale":"pt_BR","og_type":"article","og_title":"Putin ironiza Ocidente por atribuir a ele infla\u00e7\u00e3o alta - Notibras","og_description":"Em resposta \u00e0 opera\u00e7\u00e3o militar de Moscou na Ucr\u00e2nia, os pa\u00edses ocidentais impuseram uma s\u00e9rie de san\u00e7\u00f5es anti-russas com o objetivo de &#8220;isolar&#8221; a R\u00fassia da economia global. Comentando essas san\u00e7\u00f5es, o presidente Vladimir Putin afirmou que \u00e9 imposs\u00edvel isolar um pa\u00eds t\u00e3o grande. &#8220;Para um pa\u00eds como a R\u00fassia, \u00e9 imposs\u00edvel estar cercado por [&hellip;]","og_url":"https:\/\/www.notibras.com\/site\/putin-ironiza-ocidente-por-atribuir-a-ele-inflacao-alta\/","og_site_name":"Notibras","article_publisher":"https:\/\/www.facebook.com\/notibras\/","article_published_time":"2022-06-09T16:10:53+00:00","og_image":[{"width":1920,"height":1080,"url":"https:\/\/www.notibras.com\/site\/wp-content\/uploads\/2022\/06\/putin.inflacao.webp","type":"image\/webp"}],"author":"Reda\u00e7\u00e3o","twitter_card":"summary_large_image","twitter_creator":"@Notibras","twitter_site":"@Notibras","twitter_misc":{"Escrito por":"Reda\u00e7\u00e3o","Est. tempo de leitura":"2 minutos"},"schema":{"@context":"https:\/\/schema.org","@graph":[{"@type":"Article","@id":"https:\/\/www.notibras.com\/site\/putin-ironiza-ocidente-por-atribuir-a-ele-inflacao-alta\/#article","isPartOf":{"@id":"https:\/\/www.notibras.com\/site\/putin-ironiza-ocidente-por-atribuir-a-ele-inflacao-alta\/"},"author":{"name":"Reda\u00e7\u00e3o","@id":"https:\/\/www.notibras.com\/site\/#\/schema\/person\/36ab0979449956132d3e5b517ea76ac8"},"headline":"Putin ironiza Ocidente por atribuir a ele infla\u00e7\u00e3o alta","datePublished":"2022-06-09T16:10:53+00:00","mainEntityOfPage":{"@id":"https:\/\/www.notibras.com\/site\/putin-ironiza-ocidente-por-atribuir-a-ele-inflacao-alta\/"},"wordCount":451,"publisher":{"@id":"https:\/\/www.notibras.com\/site\/#organization"},"image":{"@id":"https:\/\/www.notibras.com\/site\/putin-ironiza-ocidente-por-atribuir-a-ele-inflacao-alta\/#primaryimage"},"thumbnailUrl":"https:\/\/www.notibras.com\/site\/wp-content\/uploads\/2022\/06\/putin.inflacao.webp","articleSection":["Apocalipse"],"inLanguage":"pt-BR"},{"@type":"WebPage","@id":"https:\/\/www.notibras.com\/site\/putin-ironiza-ocidente-por-atribuir-a-ele-inflacao-alta\/","url":"https:\/\/www.notibras.com\/site\/putin-ironiza-ocidente-por-atribuir-a-ele-inflacao-alta\/","name":"Putin ironiza Ocidente por atribuir a ele infla\u00e7\u00e3o alta - Notibras","isPartOf":{"@id":"https:\/\/www.notibras.com\/site\/#website"},"primaryImageOfPage":{"@id":"https:\/\/www.notibras.com\/site\/putin-ironiza-ocidente-por-atribuir-a-ele-inflacao-alta\/#primaryimage"},"image":{"@id":"https:\/\/www.notibras.com\/site\/putin-ironiza-ocidente-por-atribuir-a-ele-inflacao-alta\/#primaryimage"},"thumbnailUrl":"https:\/\/www.notibras.com\/site\/wp-content\/uploads\/2022\/06\/putin.inflacao.webp","datePublished":"2022-06-09T16:10:53+00:00","breadcrumb":{"@id":"https:\/\/www.notibras.com\/site\/putin-ironiza-ocidente-por-atribuir-a-ele-inflacao-alta\/#breadcrumb"},"inLanguage":"pt-BR","potentialAction":[{"@type":"ReadAction","target":["https:\/\/www.notibras.com\/site\/putin-ironiza-ocidente-por-atribuir-a-ele-inflacao-alta\/"]}]},{"@type":"ImageObject","inLanguage":"pt-BR","@id":"https:\/\/www.notibras.com\/site\/putin-ironiza-ocidente-por-atribuir-a-ele-inflacao-alta\/#primaryimage","url":"https:\/\/www.notibras.com\/site\/wp-content\/uploads\/2022\/06\/putin.inflacao.webp","contentUrl":"https:\/\/www.notibras.com\/site\/wp-content\/uploads\/2022\/06\/putin.inflacao.webp","width":1920,"height":1080},{"@type":"BreadcrumbList","@id":"https:\/\/www.notibras.com\/site\/putin-ironiza-ocidente-por-atribuir-a-ele-inflacao-alta\/#breadcrumb","itemListElement":[{"@type":"ListItem","position":1,"name":"In\u00edcio","item":"https:\/\/www.notibras.com\/site\/"},{"@type":"ListItem","position":2,"name":"Putin ironiza Ocidente por atribuir a ele infla\u00e7\u00e3o alta"}]},{"@type":"WebSite","@id":"https:\/\/www.notibras.com\/site\/#website","url":"https:\/\/www.notibras.com\/site\/","name":"Notibras","description":"Not\u00edcias de Bras\u00edlia, do Brasil e do Mundo","publisher":{"@id":"https:\/\/www.notibras.com\/site\/#organization"},"potentialAction":[{"@type":"SearchAction","target":{"@type":"EntryPoint","urlTemplate":"https:\/\/www.notibras.com\/site\/?s={search_term_string}"},"query-input":{"@type":"PropertyValueSpecification","valueRequired":true,"valueName":"search_term_string"}}],"inLanguage":"pt-BR"},{"@type":"Organization","@id":"https:\/\/www.notibras.com\/site\/#organization","name":"Grupo Notibras de Comunica\u00e7\u00e3o","url":"https:\/\/www.notibras.com\/site\/","logo":{"@type":"ImageObject","inLanguage":"pt-BR","@id":"https:\/\/www.notibras.com\/site\/#\/schema\/logo\/image\/","url":"https:\/\/www.notibras.com\/site\/wp-content\/uploads\/2023\/01\/notibras23.png","contentUrl":"https:\/\/www.notibras.com\/site\/wp-content\/uploads\/2023\/01\/notibras23.png","width":350,"height":87,"caption":"Grupo Notibras de Comunica\u00e7\u00e3o"},"image":{"@id":"https:\/\/www.notibras.com\/site\/#\/schema\/logo\/image\/"},"sameAs":["https:\/\/www.facebook.com\/notibras\/","https:\/\/x.com\/Notibras","https:\/\/www.instagram.com\/notibras\/"]},{"@type":"Person","@id":"https:\/\/www.notibras.com\/site\/#\/schema\/person\/36ab0979449956132d3e5b517ea76ac8","name":"Reda\u00e7\u00e3o","image":{"@type":"ImageObject","inLanguage":"pt-BR","@id":"https:\/\/secure.gravatar.com\/avatar\/e0a867bdedb85fd243eadf09663511f96fc81e0720a4a42581f334ad4303aa6b?s=96&d=mm&r=g","url":"https:\/\/secure.gravatar.com\/avatar\/e0a867bdedb85fd243eadf09663511f96fc81e0720a4a42581f334ad4303aa6b?s=96&d=mm&r=g","contentUrl":"https:\/\/secure.gravatar.com\/avatar\/e0a867bdedb85fd243eadf09663511f96fc81e0720a4a42581f334ad4303aa6b?s=96&d=mm&r=g","caption":"Reda\u00e7\u00e3o"}}]}},"amp_enabled":true,"_links":{"self":[{"href":"https:\/\/www.notibras.com\/site\/wp-json\/wp\/v2\/posts\/287209","targetHints":{"allow":["GET"]}}],"collection":[{"href":"https:\/\/www.notibras.com\/site\/wp-json\/wp\/v2\/posts"}],"about":[{"href":"https:\/\/www.notibras.com\/site\/wp-json\/wp\/v2\/types\/post"}],"author":[{"embeddable":true,"href":"https:\/\/www.notibras.com\/site\/wp-json\/wp\/v2\/users\/2"}],"replies":[{"embeddable":true,"href":"https:\/\/www.notibras.com\/site\/wp-json\/wp\/v2\/comments?post=287209"}],"version-history":[{"count":1,"href":"https:\/\/www.notibras.com\/site\/wp-json\/wp\/v2\/posts\/287209\/revisions"}],"predecessor-version":[{"id":287211,"href":"https:\/\/www.notibras.com\/site\/wp-json\/wp\/v2\/posts\/287209\/revisions\/287211"}],"wp:featuredmedia":[{"embeddable":true,"href":"https:\/\/www.notibras.com\/site\/wp-json\/wp\/v2\/media\/287210"}],"wp:attachment":[{"href":"https:\/\/www.notibras.com\/site\/wp-json\/wp\/v2\/media?parent=287209"}],"wp:term":[{"taxonomy":"category","embeddable":true,"href":"https:\/\/www.notibras.com\/site\/wp-json\/wp\/v2\/categories?post=287209"},{"taxonomy":"post_tag","embeddable":true,"href":"https:\/\/www.notibras.com\/site\/wp-json\/wp\/v2\/tags?post=287209"}],"curies":[{"name":"wp","href":"https:\/\/api.w.org\/{rel}","templated":true}]}}