{"id":287269,"date":"2022-06-11T07:11:02","date_gmt":"2022-06-11T10:11:02","guid":{"rendered":"https:\/\/www.notibras.com\/site\/?p=287269"},"modified":"2022-06-11T07:40:58","modified_gmt":"2022-06-11T10:40:58","slug":"hamas-da-volta-por-cima-a-sancoes-e-fica-mais-forte","status":"publish","type":"post","link":"https:\/\/www.notibras.com\/site\/hamas-da-volta-por-cima-a-sancoes-e-fica-mais-forte\/","title":{"rendered":"Hamas d\u00e1 volta por cima a san\u00e7\u00f5es e fica mais forte"},"content":{"rendered":"<p>Ao longo dos anos, Washington imp\u00f4s v\u00e1rias rodadas de san\u00e7\u00f5es contra o grupo palestino Hamas, que comanda a Faixa de Gaza desde 2007. Os \u00faltimos relat\u00f3rios o Pent\u00e1gono, por\u00e9m, sugerem que os Estados Unidos impuseram san\u00e7\u00f5es a um funcion\u00e1rio financeiro do grupo palestino e a v\u00e1rias empresas que apoiam financeiramente a fac\u00e7\u00e3o. Washington tamb\u00e9m imp\u00f4s medidas restritivas ao Gabinete de Investimentos do movimento isl\u00e2mico, que diz ter acesso a ativos estimados em mais de US$ 500 milh\u00f5es.<\/p>\n<p>As recentes medidas impostas pelo governo de Joe Biden n\u00e3o surpreenderam Talal Okal, analista pol\u00edtico de Gaza, que diz que a medida da Casa Branca se encaixa bem com a pol\u00edtica geral dos EUA de promover os interesses israelenses.<\/p>\n<p>&#8220;Os EUA s\u00e3o conhecidos por patrocinar os interesses israelenses no mundo. Assim que recebem informa\u00e7\u00f5es de que algumas entidades financiam ou auxiliam o Hamas ou qualquer outra fac\u00e7\u00e3o palestina, Washington imp\u00f5e san\u00e7\u00f5es para limitar seu poder e interromper qualquer desenvolvimento financeiro ou militar.&#8221;<\/p>\n<p>Esta n\u00e3o \u00e9 a primeira vez que a Casa Branca recorre a san\u00e7\u00f5es para punir o grupo, considerado terrorista por muitos atores regionais e internacionais.<\/p>\n<p>Em 2015, imp\u00f4s san\u00e7\u00f5es a quatro l\u00edderes do Hamas &#8211; incluindo o chefe da sede turca da organiza\u00e7\u00e3o, Saleh al-Arouri &#8211; por seu suposto envolvimento em atividades terroristas. Quatro anos depois, em 2019, tomou medidas semelhantes contra outros membros do movimento, incluindo o chefe de seu escrit\u00f3rio de finan\u00e7as, um alto comandante de seu bra\u00e7o militar, as Brigadas Izz Al-Din Al Qassam e v\u00e1rios outros funcion\u00e1rios.<\/p>\n<p>O que poderia ter sido um golpe para o Hamas foi o cerco israelense que est\u00e1 em vigor nos \u00faltimos 15 anos. Outro fator que poderia ter enfraquecido o Hamas foram as quatro guerras israelenses. Logo depois que o Hamas assumiu a Faixa de Gaza em junho de 2007, Israel imp\u00f4s um bloqueio r\u00edgido ao enclave costeiro em uma tentativa de estrangul\u00e1-lo economicamente e, eventualmente, tir\u00e1-lo do poder.<\/p>\n<p>Militarmente, Israel realizou quatro opera\u00e7\u00f5es contra os militantes da Faixa de Gaza depois que eles lan\u00e7aram uma barragem indiscriminada de foguetes contra cidades israelenses.<\/p>\n<p>A mais recente dessas opera\u00e7\u00f5es ocorreu em maio passado. Naquela \u00e9poca, Israel atacou mais de 1 mil 500 alvos, incluindo locais de lan\u00e7amento, centros de comando e controle. A For\u00e7a de Defesa de Israel tamb\u00e9m destruiu dep\u00f3sitos de armas e devastou o sofisticado sistema de t\u00faneis do Hamas, tamb\u00e9m conhecido como Metr\u00f4.<\/p>\n<p>No entanto, diz Okal, o Hamas s\u00f3 emergiu dessas hostilidades mais forte do que antes , e a raz\u00e3o para isso s\u00e3o suas diversas fontes de renda que provavelmente n\u00e3o diminuir\u00e3o apesar das san\u00e7\u00f5es.<\/p>\n<p>&#8220;O Hamas nunca anuncia suas fontes de receita, nem revela seu or\u00e7amento. Mas sabemos que possui recursos financeiros diversos e fortes. E essa assist\u00eancia os mant\u00e9m \u00e0 tona&#8221;.<\/p>\n<p>Em entrevista em fevereiro, Ghazi Hamad, funcion\u00e1rio do Hamas, admitiu que seu grupo vem recebendo fundos da Turquia, Ir\u00e3 e Catar que concederam US$ 1 bilh\u00e3o \u00e0 Faixa de Gaza entre 2012 e 2019.<\/p>\n<p>&#8220;Toda vez que Israel e os EUA pensam que ser\u00e3o capazes de quebrar ou eliminar o Hamas, ficam desapontados. \u00c9 imposs\u00edvel estrangular esta organiza\u00e7\u00e3o, simplesmente porque o Hamas goza de amplo apoio &#8211; muito mais do que Israel e os EUA poderiam imaginar&#8221;, disse Okal.<\/p>\n","protected":false},"excerpt":{"rendered":"<p>Ao longo dos anos, Washington imp\u00f4s v\u00e1rias rodadas de san\u00e7\u00f5es contra o grupo palestino Hamas, que comanda a Faixa de Gaza desde 2007. Os \u00faltimos relat\u00f3rios o Pent\u00e1gono, por\u00e9m, sugerem que os Estados Unidos impuseram san\u00e7\u00f5es a um funcion\u00e1rio financeiro do grupo palestino e a v\u00e1rias empresas que apoiam financeiramente a fac\u00e7\u00e3o. Washington tamb\u00e9m imp\u00f4s [&hellip;]<\/p>\n","protected":false},"author":2,"featured_media":287270,"comment_status":"closed","ping_status":"closed","sticky":false,"template":"","format":"standard","meta":{"_acf_changed":false,"footnotes":""},"categories":[159],"tags":[95],"class_list":["post-287269","post","type-post","status-publish","format-standard","has-post-thumbnail","hentry","category-apocalipse","tag-capa"],"acf":[],"yoast_head":"<!-- This site is optimized with the Yoast SEO plugin v27.2 - https:\/\/yoast.com\/product\/yoast-seo-wordpress\/ -->\n<title>Hamas d\u00e1 volta por cima a san\u00e7\u00f5es e fica mais forte - Notibras<\/title>\n<meta name=\"robots\" content=\"index, follow, max-snippet:-1, max-image-preview:large, max-video-preview:-1\" \/>\n<link rel=\"canonical\" href=\"https:\/\/www.notibras.com\/site\/hamas-da-volta-por-cima-a-sancoes-e-fica-mais-forte\/\" \/>\n<meta property=\"og:locale\" content=\"pt_BR\" \/>\n<meta property=\"og:type\" content=\"article\" \/>\n<meta property=\"og:title\" content=\"Hamas d\u00e1 volta por cima a san\u00e7\u00f5es e fica mais forte - Notibras\" \/>\n<meta property=\"og:description\" content=\"Ao longo dos anos, Washington imp\u00f4s v\u00e1rias rodadas de san\u00e7\u00f5es contra o grupo palestino Hamas, que comanda a Faixa de Gaza desde 2007. Os \u00faltimos relat\u00f3rios o Pent\u00e1gono, por\u00e9m, sugerem que os Estados Unidos impuseram san\u00e7\u00f5es a um funcion\u00e1rio financeiro do grupo palestino e a v\u00e1rias empresas que apoiam financeiramente a fac\u00e7\u00e3o. Washington tamb\u00e9m imp\u00f4s [&hellip;]\" \/>\n<meta property=\"og:url\" content=\"https:\/\/www.notibras.com\/site\/hamas-da-volta-por-cima-a-sancoes-e-fica-mais-forte\/\" \/>\n<meta property=\"og:site_name\" content=\"Notibras\" \/>\n<meta property=\"article:publisher\" content=\"https:\/\/www.facebook.com\/notibras\/\" \/>\n<meta property=\"article:published_time\" content=\"2022-06-11T10:11:02+00:00\" \/>\n<meta property=\"article:modified_time\" content=\"2022-06-11T10:40:58+00:00\" \/>\n<meta property=\"og:image\" content=\"https:\/\/www.notibras.com\/site\/wp-content\/uploads\/2022\/06\/hmas.webp\" \/>\n\t<meta property=\"og:image:width\" content=\"1920\" \/>\n\t<meta property=\"og:image:height\" content=\"1079\" \/>\n\t<meta property=\"og:image:type\" content=\"image\/webp\" \/>\n<meta name=\"author\" content=\"Reda\u00e7\u00e3o\" \/>\n<meta name=\"twitter:card\" content=\"summary_large_image\" \/>\n<meta name=\"twitter:creator\" content=\"@Notibras\" \/>\n<meta name=\"twitter:site\" content=\"@Notibras\" \/>\n<meta name=\"twitter:label1\" content=\"Escrito por\" \/>\n\t<meta name=\"twitter:data1\" content=\"Reda\u00e7\u00e3o\" \/>\n\t<meta name=\"twitter:label2\" content=\"Est. tempo de leitura\" \/>\n\t<meta name=\"twitter:data2\" content=\"3 minutos\" \/>\n<script type=\"application\/ld+json\" class=\"yoast-schema-graph\">{\"@context\":\"https:\/\/schema.org\",\"@graph\":[{\"@type\":\"Article\",\"@id\":\"https:\/\/www.notibras.com\/site\/hamas-da-volta-por-cima-a-sancoes-e-fica-mais-forte\/#article\",\"isPartOf\":{\"@id\":\"https:\/\/www.notibras.com\/site\/hamas-da-volta-por-cima-a-sancoes-e-fica-mais-forte\/\"},\"author\":{\"name\":\"Reda\u00e7\u00e3o\",\"@id\":\"https:\/\/www.notibras.com\/site\/#\/schema\/person\/36ab0979449956132d3e5b517ea76ac8\"},\"headline\":\"Hamas d\u00e1 volta por cima a san\u00e7\u00f5es e fica mais forte\",\"datePublished\":\"2022-06-11T10:11:02+00:00\",\"dateModified\":\"2022-06-11T10:40:58+00:00\",\"mainEntityOfPage\":{\"@id\":\"https:\/\/www.notibras.com\/site\/hamas-da-volta-por-cima-a-sancoes-e-fica-mais-forte\/\"},\"wordCount\":590,\"publisher\":{\"@id\":\"https:\/\/www.notibras.com\/site\/#organization\"},\"image\":{\"@id\":\"https:\/\/www.notibras.com\/site\/hamas-da-volta-por-cima-a-sancoes-e-fica-mais-forte\/#primaryimage\"},\"thumbnailUrl\":\"https:\/\/www.notibras.com\/site\/wp-content\/uploads\/2022\/06\/hmas.webp\",\"keywords\":[\"capa\"],\"articleSection\":[\"Apocalipse\"],\"inLanguage\":\"pt-BR\"},{\"@type\":\"WebPage\",\"@id\":\"https:\/\/www.notibras.com\/site\/hamas-da-volta-por-cima-a-sancoes-e-fica-mais-forte\/\",\"url\":\"https:\/\/www.notibras.com\/site\/hamas-da-volta-por-cima-a-sancoes-e-fica-mais-forte\/\",\"name\":\"Hamas d\u00e1 volta por cima a san\u00e7\u00f5es e fica mais forte - Notibras\",\"isPartOf\":{\"@id\":\"https:\/\/www.notibras.com\/site\/#website\"},\"primaryImageOfPage\":{\"@id\":\"https:\/\/www.notibras.com\/site\/hamas-da-volta-por-cima-a-sancoes-e-fica-mais-forte\/#primaryimage\"},\"image\":{\"@id\":\"https:\/\/www.notibras.com\/site\/hamas-da-volta-por-cima-a-sancoes-e-fica-mais-forte\/#primaryimage\"},\"thumbnailUrl\":\"https:\/\/www.notibras.com\/site\/wp-content\/uploads\/2022\/06\/hmas.webp\",\"datePublished\":\"2022-06-11T10:11:02+00:00\",\"dateModified\":\"2022-06-11T10:40:58+00:00\",\"breadcrumb\":{\"@id\":\"https:\/\/www.notibras.com\/site\/hamas-da-volta-por-cima-a-sancoes-e-fica-mais-forte\/#breadcrumb\"},\"inLanguage\":\"pt-BR\",\"potentialAction\":[{\"@type\":\"ReadAction\",\"target\":[\"https:\/\/www.notibras.com\/site\/hamas-da-volta-por-cima-a-sancoes-e-fica-mais-forte\/\"]}]},{\"@type\":\"ImageObject\",\"inLanguage\":\"pt-BR\",\"@id\":\"https:\/\/www.notibras.com\/site\/hamas-da-volta-por-cima-a-sancoes-e-fica-mais-forte\/#primaryimage\",\"url\":\"https:\/\/www.notibras.com\/site\/wp-content\/uploads\/2022\/06\/hmas.webp\",\"contentUrl\":\"https:\/\/www.notibras.com\/site\/wp-content\/uploads\/2022\/06\/hmas.webp\",\"width\":1920,\"height\":1079},{\"@type\":\"BreadcrumbList\",\"@id\":\"https:\/\/www.notibras.com\/site\/hamas-da-volta-por-cima-a-sancoes-e-fica-mais-forte\/#breadcrumb\",\"itemListElement\":[{\"@type\":\"ListItem\",\"position\":1,\"name\":\"In\u00edcio\",\"item\":\"https:\/\/www.notibras.com\/site\/\"},{\"@type\":\"ListItem\",\"position\":2,\"name\":\"Hamas d\u00e1 volta por cima a san\u00e7\u00f5es e fica mais forte\"}]},{\"@type\":\"WebSite\",\"@id\":\"https:\/\/www.notibras.com\/site\/#website\",\"url\":\"https:\/\/www.notibras.com\/site\/\",\"name\":\"Notibras\",\"description\":\"Not\u00edcias de Bras\u00edlia, do Brasil e do Mundo\",\"publisher\":{\"@id\":\"https:\/\/www.notibras.com\/site\/#organization\"},\"potentialAction\":[{\"@type\":\"SearchAction\",\"target\":{\"@type\":\"EntryPoint\",\"urlTemplate\":\"https:\/\/www.notibras.com\/site\/?s={search_term_string}\"},\"query-input\":{\"@type\":\"PropertyValueSpecification\",\"valueRequired\":true,\"valueName\":\"search_term_string\"}}],\"inLanguage\":\"pt-BR\"},{\"@type\":\"Organization\",\"@id\":\"https:\/\/www.notibras.com\/site\/#organization\",\"name\":\"Grupo Notibras de Comunica\u00e7\u00e3o\",\"url\":\"https:\/\/www.notibras.com\/site\/\",\"logo\":{\"@type\":\"ImageObject\",\"inLanguage\":\"pt-BR\",\"@id\":\"https:\/\/www.notibras.com\/site\/#\/schema\/logo\/image\/\",\"url\":\"https:\/\/www.notibras.com\/site\/wp-content\/uploads\/2023\/01\/notibras23.png\",\"contentUrl\":\"https:\/\/www.notibras.com\/site\/wp-content\/uploads\/2023\/01\/notibras23.png\",\"width\":350,\"height\":87,\"caption\":\"Grupo Notibras de Comunica\u00e7\u00e3o\"},\"image\":{\"@id\":\"https:\/\/www.notibras.com\/site\/#\/schema\/logo\/image\/\"},\"sameAs\":[\"https:\/\/www.facebook.com\/notibras\/\",\"https:\/\/x.com\/Notibras\",\"https:\/\/www.instagram.com\/notibras\/\"]},{\"@type\":\"Person\",\"@id\":\"https:\/\/www.notibras.com\/site\/#\/schema\/person\/36ab0979449956132d3e5b517ea76ac8\",\"name\":\"Reda\u00e7\u00e3o\",\"image\":{\"@type\":\"ImageObject\",\"inLanguage\":\"pt-BR\",\"@id\":\"https:\/\/secure.gravatar.com\/avatar\/e0a867bdedb85fd243eadf09663511f96fc81e0720a4a42581f334ad4303aa6b?s=96&d=mm&r=g\",\"url\":\"https:\/\/secure.gravatar.com\/avatar\/e0a867bdedb85fd243eadf09663511f96fc81e0720a4a42581f334ad4303aa6b?s=96&d=mm&r=g\",\"contentUrl\":\"https:\/\/secure.gravatar.com\/avatar\/e0a867bdedb85fd243eadf09663511f96fc81e0720a4a42581f334ad4303aa6b?s=96&d=mm&r=g\",\"caption\":\"Reda\u00e7\u00e3o\"}}]}<\/script>\n<!-- \/ Yoast SEO plugin. -->","yoast_head_json":{"title":"Hamas d\u00e1 volta por cima a san\u00e7\u00f5es e fica mais forte - Notibras","robots":{"index":"index","follow":"follow","max-snippet":"max-snippet:-1","max-image-preview":"max-image-preview:large","max-video-preview":"max-video-preview:-1"},"canonical":"https:\/\/www.notibras.com\/site\/hamas-da-volta-por-cima-a-sancoes-e-fica-mais-forte\/","og_locale":"pt_BR","og_type":"article","og_title":"Hamas d\u00e1 volta por cima a san\u00e7\u00f5es e fica mais forte - Notibras","og_description":"Ao longo dos anos, Washington imp\u00f4s v\u00e1rias rodadas de san\u00e7\u00f5es contra o grupo palestino Hamas, que comanda a Faixa de Gaza desde 2007. Os \u00faltimos relat\u00f3rios o Pent\u00e1gono, por\u00e9m, sugerem que os Estados Unidos impuseram san\u00e7\u00f5es a um funcion\u00e1rio financeiro do grupo palestino e a v\u00e1rias empresas que apoiam financeiramente a fac\u00e7\u00e3o. Washington tamb\u00e9m imp\u00f4s [&hellip;]","og_url":"https:\/\/www.notibras.com\/site\/hamas-da-volta-por-cima-a-sancoes-e-fica-mais-forte\/","og_site_name":"Notibras","article_publisher":"https:\/\/www.facebook.com\/notibras\/","article_published_time":"2022-06-11T10:11:02+00:00","article_modified_time":"2022-06-11T10:40:58+00:00","og_image":[{"width":1920,"height":1079,"url":"https:\/\/www.notibras.com\/site\/wp-content\/uploads\/2022\/06\/hmas.webp","type":"image\/webp"}],"author":"Reda\u00e7\u00e3o","twitter_card":"summary_large_image","twitter_creator":"@Notibras","twitter_site":"@Notibras","twitter_misc":{"Escrito por":"Reda\u00e7\u00e3o","Est. tempo de leitura":"3 minutos"},"schema":{"@context":"https:\/\/schema.org","@graph":[{"@type":"Article","@id":"https:\/\/www.notibras.com\/site\/hamas-da-volta-por-cima-a-sancoes-e-fica-mais-forte\/#article","isPartOf":{"@id":"https:\/\/www.notibras.com\/site\/hamas-da-volta-por-cima-a-sancoes-e-fica-mais-forte\/"},"author":{"name":"Reda\u00e7\u00e3o","@id":"https:\/\/www.notibras.com\/site\/#\/schema\/person\/36ab0979449956132d3e5b517ea76ac8"},"headline":"Hamas d\u00e1 volta por cima a san\u00e7\u00f5es e fica mais forte","datePublished":"2022-06-11T10:11:02+00:00","dateModified":"2022-06-11T10:40:58+00:00","mainEntityOfPage":{"@id":"https:\/\/www.notibras.com\/site\/hamas-da-volta-por-cima-a-sancoes-e-fica-mais-forte\/"},"wordCount":590,"publisher":{"@id":"https:\/\/www.notibras.com\/site\/#organization"},"image":{"@id":"https:\/\/www.notibras.com\/site\/hamas-da-volta-por-cima-a-sancoes-e-fica-mais-forte\/#primaryimage"},"thumbnailUrl":"https:\/\/www.notibras.com\/site\/wp-content\/uploads\/2022\/06\/hmas.webp","keywords":["capa"],"articleSection":["Apocalipse"],"inLanguage":"pt-BR"},{"@type":"WebPage","@id":"https:\/\/www.notibras.com\/site\/hamas-da-volta-por-cima-a-sancoes-e-fica-mais-forte\/","url":"https:\/\/www.notibras.com\/site\/hamas-da-volta-por-cima-a-sancoes-e-fica-mais-forte\/","name":"Hamas d\u00e1 volta por cima a san\u00e7\u00f5es e fica mais forte - Notibras","isPartOf":{"@id":"https:\/\/www.notibras.com\/site\/#website"},"primaryImageOfPage":{"@id":"https:\/\/www.notibras.com\/site\/hamas-da-volta-por-cima-a-sancoes-e-fica-mais-forte\/#primaryimage"},"image":{"@id":"https:\/\/www.notibras.com\/site\/hamas-da-volta-por-cima-a-sancoes-e-fica-mais-forte\/#primaryimage"},"thumbnailUrl":"https:\/\/www.notibras.com\/site\/wp-content\/uploads\/2022\/06\/hmas.webp","datePublished":"2022-06-11T10:11:02+00:00","dateModified":"2022-06-11T10:40:58+00:00","breadcrumb":{"@id":"https:\/\/www.notibras.com\/site\/hamas-da-volta-por-cima-a-sancoes-e-fica-mais-forte\/#breadcrumb"},"inLanguage":"pt-BR","potentialAction":[{"@type":"ReadAction","target":["https:\/\/www.notibras.com\/site\/hamas-da-volta-por-cima-a-sancoes-e-fica-mais-forte\/"]}]},{"@type":"ImageObject","inLanguage":"pt-BR","@id":"https:\/\/www.notibras.com\/site\/hamas-da-volta-por-cima-a-sancoes-e-fica-mais-forte\/#primaryimage","url":"https:\/\/www.notibras.com\/site\/wp-content\/uploads\/2022\/06\/hmas.webp","contentUrl":"https:\/\/www.notibras.com\/site\/wp-content\/uploads\/2022\/06\/hmas.webp","width":1920,"height":1079},{"@type":"BreadcrumbList","@id":"https:\/\/www.notibras.com\/site\/hamas-da-volta-por-cima-a-sancoes-e-fica-mais-forte\/#breadcrumb","itemListElement":[{"@type":"ListItem","position":1,"name":"In\u00edcio","item":"https:\/\/www.notibras.com\/site\/"},{"@type":"ListItem","position":2,"name":"Hamas d\u00e1 volta por cima a san\u00e7\u00f5es e fica mais forte"}]},{"@type":"WebSite","@id":"https:\/\/www.notibras.com\/site\/#website","url":"https:\/\/www.notibras.com\/site\/","name":"Notibras","description":"Not\u00edcias de Bras\u00edlia, do Brasil e do Mundo","publisher":{"@id":"https:\/\/www.notibras.com\/site\/#organization"},"potentialAction":[{"@type":"SearchAction","target":{"@type":"EntryPoint","urlTemplate":"https:\/\/www.notibras.com\/site\/?s={search_term_string}"},"query-input":{"@type":"PropertyValueSpecification","valueRequired":true,"valueName":"search_term_string"}}],"inLanguage":"pt-BR"},{"@type":"Organization","@id":"https:\/\/www.notibras.com\/site\/#organization","name":"Grupo Notibras de Comunica\u00e7\u00e3o","url":"https:\/\/www.notibras.com\/site\/","logo":{"@type":"ImageObject","inLanguage":"pt-BR","@id":"https:\/\/www.notibras.com\/site\/#\/schema\/logo\/image\/","url":"https:\/\/www.notibras.com\/site\/wp-content\/uploads\/2023\/01\/notibras23.png","contentUrl":"https:\/\/www.notibras.com\/site\/wp-content\/uploads\/2023\/01\/notibras23.png","width":350,"height":87,"caption":"Grupo Notibras de Comunica\u00e7\u00e3o"},"image":{"@id":"https:\/\/www.notibras.com\/site\/#\/schema\/logo\/image\/"},"sameAs":["https:\/\/www.facebook.com\/notibras\/","https:\/\/x.com\/Notibras","https:\/\/www.instagram.com\/notibras\/"]},{"@type":"Person","@id":"https:\/\/www.notibras.com\/site\/#\/schema\/person\/36ab0979449956132d3e5b517ea76ac8","name":"Reda\u00e7\u00e3o","image":{"@type":"ImageObject","inLanguage":"pt-BR","@id":"https:\/\/secure.gravatar.com\/avatar\/e0a867bdedb85fd243eadf09663511f96fc81e0720a4a42581f334ad4303aa6b?s=96&d=mm&r=g","url":"https:\/\/secure.gravatar.com\/avatar\/e0a867bdedb85fd243eadf09663511f96fc81e0720a4a42581f334ad4303aa6b?s=96&d=mm&r=g","contentUrl":"https:\/\/secure.gravatar.com\/avatar\/e0a867bdedb85fd243eadf09663511f96fc81e0720a4a42581f334ad4303aa6b?s=96&d=mm&r=g","caption":"Reda\u00e7\u00e3o"}}]}},"amp_enabled":true,"_links":{"self":[{"href":"https:\/\/www.notibras.com\/site\/wp-json\/wp\/v2\/posts\/287269","targetHints":{"allow":["GET"]}}],"collection":[{"href":"https:\/\/www.notibras.com\/site\/wp-json\/wp\/v2\/posts"}],"about":[{"href":"https:\/\/www.notibras.com\/site\/wp-json\/wp\/v2\/types\/post"}],"author":[{"embeddable":true,"href":"https:\/\/www.notibras.com\/site\/wp-json\/wp\/v2\/users\/2"}],"replies":[{"embeddable":true,"href":"https:\/\/www.notibras.com\/site\/wp-json\/wp\/v2\/comments?post=287269"}],"version-history":[{"count":1,"href":"https:\/\/www.notibras.com\/site\/wp-json\/wp\/v2\/posts\/287269\/revisions"}],"predecessor-version":[{"id":287271,"href":"https:\/\/www.notibras.com\/site\/wp-json\/wp\/v2\/posts\/287269\/revisions\/287271"}],"wp:featuredmedia":[{"embeddable":true,"href":"https:\/\/www.notibras.com\/site\/wp-json\/wp\/v2\/media\/287270"}],"wp:attachment":[{"href":"https:\/\/www.notibras.com\/site\/wp-json\/wp\/v2\/media?parent=287269"}],"wp:term":[{"taxonomy":"category","embeddable":true,"href":"https:\/\/www.notibras.com\/site\/wp-json\/wp\/v2\/categories?post=287269"},{"taxonomy":"post_tag","embeddable":true,"href":"https:\/\/www.notibras.com\/site\/wp-json\/wp\/v2\/tags?post=287269"}],"curies":[{"name":"wp","href":"https:\/\/api.w.org\/{rel}","templated":true}]}}