{"id":287318,"date":"2022-06-13T07:11:07","date_gmt":"2022-06-13T10:11:07","guid":{"rendered":"https:\/\/www.notibras.com\/site\/?p=287318"},"modified":"2022-06-14T08:11:41","modified_gmt":"2022-06-14T11:11:41","slug":"bolsonaro-vai-vendendo-brasil-a-preco-de-banana-em-fim-de-feira","status":"publish","type":"post","link":"https:\/\/www.notibras.com\/site\/bolsonaro-vai-vendendo-brasil-a-preco-de-banana-em-fim-de-feira\/","title":{"rendered":"Bolsonaro vai vendendo Brasil a pre\u00e7o de banana em fim de feira"},"content":{"rendered":"<p>O Brasil est\u00e1 cada dia menor. N\u00e3o se trata de fen\u00f4meno geol\u00f3gico, de muta\u00e7\u00f5es da natureza, ou resultado de cat\u00e1strofes ecol\u00f3gicas. Est\u00e1 menor no seu patrim\u00f4nio.<\/p>\n<p>Qual \u00e9 o patrim\u00f4nio brasileiro? De acordo com o Balan\u00e7o Geral da Uni\u00e3o, no Relat\u00f3rio do 3\u00ba Trimestre de 2021, R$ 6.082.122 milh\u00f5es, ou US$ 1.174 bilh\u00f5es, \u00e0 \u00e9poca. Mas onde est\u00e3o as a\u00e7\u00f5es da Petrobr\u00e1s neste patrim\u00f4nio? Um doce para quem descobrir.<\/p>\n<p>E por isso, a cada dia, mais um peda\u00e7o da Petrobr\u00e1s, desta extraordin\u00e1ria conquista do povo brasileiro, de sua luta, do seu esfor\u00e7o, de sua compet\u00eancia, do seu dinheiro, corre para m\u00e3os estrangeiras!<\/p>\n<p>Surge dos interesses neoliberais, para recoloniza\u00e7\u00e3o brasileira, neste in\u00edcio de junho, o Projeto de Lei que \u201cautoriza a Uni\u00e3o a ceder, de forma integral, o direito \u00e0 sua parcela do excedente em \u00f3leo proveniente de partilha de produ\u00e7\u00e3o e de acordos de individualiza\u00e7\u00e3o da produ\u00e7\u00e3o em \u00e1reas n\u00e3o contratadas na \u00e1rea do pr\u00e9-sal ou em \u00e1reas estrat\u00e9gicas\u201d.<\/p>\n<p>L\u00e1 se foi a autossufici\u00eancia t\u00e3o buscada por 53 anos pelos brasileiros, perdendo noites de sono, arriscando-se nas selvas e no alto mar, estudando, pesquisando, trabalhando e, por fim, descobrir a maior reserva de petr\u00f3leo do \u00faltimo meio s\u00e9culo.<\/p>\n<p>E realizada em condi\u00e7\u00f5es t\u00e3o dif\u00edceis que, at\u00e9 hoje, passados quinze anos, ainda \u00e9 a \u00fanica empresa de petr\u00f3leo no mundo com capacidade t\u00e9cnica para produzir o petr\u00f3leo encontrado abaixo da camada de sal, em torno de 3.500 metros abaixo da superf\u00edcie do Oceano Atl\u00e2ntico.<\/p>\n<p>Para melhor aproveitar esta riqueza, que n\u00e3o se rep\u00f5e, que n\u00e3o se substitui, aprovou-se o Regime de Partilha, pelo qual, \u201co Brasil prev\u00ea maior controle da explora\u00e7\u00e3o do petr\u00f3leo e, assim, a obter maior vantagem econ\u00f4mica e estrat\u00e9gica\u201d. E agora, por raz\u00f5es que n\u00e3o se justificam se adot\u00e1ssemos o interesse do Brasil e do seu povo, vai para a lata do lixo!<\/p>\n<p>N\u00e3o ousarei afirmar que as raz\u00f5es s\u00e3o corruptas, embora o neoliberalismo ande de bra\u00e7os dados com a corrup\u00e7\u00e3o. Explico: como aceitar a ideologia que, de in\u00edcio, garante que a competitividade \u00e9 a \u00fanica maneira de triunfar, colocando irm\u00e3o contra irm\u00e3o, e oferece como pr\u00eamio a concentra\u00e7\u00e3o de renda, ou seja, um ganha e todos outros perdem ou morrem?<\/p>\n<p>Extingue-se a soberania brasileira, e quem vai defender o Brasil, altaneiro? Confiante? se o chefe maior das for\u00e7as armadas bate contin\u00eancia para bandeira estrangeira. E nem se diga que era ato de cortesia rec\u00edproca. Que recebe emiss\u00e1rios das finan\u00e7as ap\u00e1tridas que lhe imp\u00f5em sua pauta, a diretriz para o governo nacional; \u00e9 o \u201cmercado\u201d quem manda, n\u00e3o \u00e9?<\/p>\n<p>Perde tamb\u00e9m o povo brasileiro que tinha na riqueza do pr\u00e9-sal os recursos para educa\u00e7\u00e3o e sa\u00fade, construindo a cidadania. E, com o uso inteligente e o interesse nacional nesta energia, impulsionar o desenvolvimento, logo o aumento do n\u00famero de empregos no Pa\u00eds.<\/p>\n<p>Corre aceleradamente para camuflar a pol\u00edtica de pre\u00e7o dos derivados do petr\u00f3leo (g\u00e1s de cozinha, diesel, gasolina) projeto de lei que altera a tributa\u00e7\u00e3o. \u00c9 de clamar aos c\u00e9us tamanha ofensa \u00e0 intelig\u00eancia, por\u00e9m como o interesse \u00e9 do capital ap\u00e1trida, todos fingem ser a solu\u00e7\u00e3o.<\/p>\n<p>Observem senhores. A tributa\u00e7\u00e3o no Brasil \u00e9 decorrente da escravid\u00e3o que, legalmente, durou 400 anos e, efetivamente, nunca deixou de existir (uber, micro empreendedor individual \u2013 MEI, pj e outras formas de prorrogar a escravid\u00e3o continuam).<\/p>\n<p>Aqui n\u00e3o se taxa renda e propriedade, se tributa consumo, muito democr\u00e1tico: o miser\u00e1vel, o mendigo, e o dono do banco, o latifundi\u00e1rio, pagam o mesmo imposto pelo feij\u00e3o que comem. Esta pol\u00edtica tribut\u00e1ria ajuda a manter a sociedade mais desigual do planeta.<\/p>\n<p>Quem est\u00e1 sofrendo com o PPI, pre\u00e7o de paridade de importa\u00e7\u00e3o \u2013 jabuticaba introduzida pelo Pullen Parente e mantida pelos sucessores semelhantes \u2013 \u00e9 o motorista do uber, do taxi, o motoboy da entrega, o caminhoneiro aut\u00f4nomo, a dona de casa, e mesmo o classe m\u00e9dia que sai no seu carro.<\/p>\n<p>Explicitando o PPI. O Brasil ainda est\u00e1 autossuficiente em petr\u00f3leo; mais dia menos dia, passando a propriedade destas reservas para empresas estrangeiras, ele voltar\u00e1 a ser importador. Mas consideremos o Pa\u00eds autossuficiente. O custo da produ\u00e7\u00e3o do petr\u00f3leo no Brasil, juntando a alt\u00edssima produtividade e o volume do pr\u00e9-sal aos campos terrestres mais antigos do Rec\u00f4ncavo Baiano e da bacia Sergipe-Alagoas, adicionado ao custo m\u00e9dio de refino dos derivados n\u00e3o supera R$ 1,50 o litro. Vamos usar o litro como medida porque \u00e9 assim que se compra gasolina, diesel, \u00e1lcool combust\u00edvel, nos postos de servi\u00e7o. Este seria o pre\u00e7o \u201cno port\u00e3o da refinaria\u201d.<\/p>\n<p>No entanto, o PPI estabelece que este pre\u00e7o deva ser o do petr\u00f3leo adquirido no exterior, supomos no Golfo do M\u00e9xico, acrescido do transporte, da interna\u00e7\u00e3o no Brasil, dos custos dos seguros, das varia\u00e7\u00f5es cambiais, transporte interno do porto at\u00e9 a refinaria. Ora, nem por gra\u00e7a divina, pode se igualar ao pre\u00e7o do produto produzido no Pa\u00eds. A depender da localiza\u00e7\u00e3o da refinaria ser\u00e1 um pouco mais, ou pouco menos do que a m\u00e9dia.<\/p>\n<p>O Departamento Intersindical de Estat\u00edstica e Estudos Socioecon\u00f4mico (Dieese), em mar\u00e7o passado, divulgou que o litro de derivado estava custando R$ 2,62. Setenta e cinco por cento a mais. V\u00ea-se, no entanto, que a refinaria privatizada \u201cpara aumentar a concorr\u00eancia\u201d, na Bahia, a modernizada RLAM, conforme denunciam os petroleiros baianos, est\u00e1 cobrando mais caro do que \u201cno port\u00e3o\u201d de qualquer outra, ainda administrada pela Petrobr\u00e1s. E observe caro leitor, a RLAM est\u00e1 ao lado de terminal mar\u00edtimo (Madre de Deus), o eventual custo de transporte interno seria m\u00ednimo. Imagine quando privatizarem a Refinaria Gabriel Passos, em Betim, Minas Gerais, a 540 km do porto de Vit\u00f3ria!<\/p>\n<p>Enfim, tudo que se articula nos minist\u00e9rios da Economia, de Minas e Energia, no Congresso e na Justi\u00e7a (aprovou a venda de subsidi\u00e1rias (sic) da Petrobr\u00e1s sem autoriza\u00e7\u00e3o do Congresso) n\u00e3o tem o objetivo de proteger o patrim\u00f4nio nacional, os bens, os ativos materiais e culturais desenvolvidos pelo povo brasileiro.<\/p>\n<p>Parecem o censor romano, indignado na tribuna, a clamar \u201ccarthaginem delendam esse\u201d, hoje, entreguem ao \u201cmercado\u201d, aquele que deve tomar conta do Brasil; n\u00e3o importa se s\u00e3o capitais ap\u00e1tridas e formados por a\u00e7\u00f5es criminosas.<\/p>\n","protected":false},"excerpt":{"rendered":"<p>O Brasil est\u00e1 cada dia menor. N\u00e3o se trata de fen\u00f4meno geol\u00f3gico, de muta\u00e7\u00f5es da natureza, ou resultado de cat\u00e1strofes ecol\u00f3gicas. Est\u00e1 menor no seu patrim\u00f4nio. Qual \u00e9 o patrim\u00f4nio brasileiro? De acordo com o Balan\u00e7o Geral da Uni\u00e3o, no Relat\u00f3rio do 3\u00ba Trimestre de 2021, R$ 6.082.122 milh\u00f5es, ou US$ 1.174 bilh\u00f5es, \u00e0 \u00e9poca. [&hellip;]<\/p>\n","protected":false},"author":2,"featured_media":287319,"comment_status":"closed","ping_status":"closed","sticky":false,"template":"","format":"standard","meta":{"_acf_changed":false,"footnotes":""},"categories":[26],"tags":[95],"class_list":["post-287318","post","type-post","status-publish","format-standard","has-post-thumbnail","hentry","category-eleicoes-2022","tag-capa"],"acf":[],"yoast_head":"<!-- This site is optimized with the Yoast SEO plugin v27.2 - https:\/\/yoast.com\/product\/yoast-seo-wordpress\/ -->\n<title>Bolsonaro vai vendendo Brasil a pre\u00e7o de banana em fim de feira - Notibras<\/title>\n<meta name=\"robots\" content=\"index, follow, max-snippet:-1, max-image-preview:large, max-video-preview:-1\" \/>\n<link rel=\"canonical\" href=\"https:\/\/www.notibras.com\/site\/bolsonaro-vai-vendendo-brasil-a-preco-de-banana-em-fim-de-feira\/\" \/>\n<meta property=\"og:locale\" content=\"pt_BR\" \/>\n<meta property=\"og:type\" content=\"article\" \/>\n<meta property=\"og:title\" content=\"Bolsonaro vai vendendo Brasil a pre\u00e7o de banana em fim de feira - Notibras\" \/>\n<meta property=\"og:description\" content=\"O Brasil est\u00e1 cada dia menor. N\u00e3o se trata de fen\u00f4meno geol\u00f3gico, de muta\u00e7\u00f5es da natureza, ou resultado de cat\u00e1strofes ecol\u00f3gicas. Est\u00e1 menor no seu patrim\u00f4nio. Qual \u00e9 o patrim\u00f4nio brasileiro? De acordo com o Balan\u00e7o Geral da Uni\u00e3o, no Relat\u00f3rio do 3\u00ba Trimestre de 2021, R$ 6.082.122 milh\u00f5es, ou US$ 1.174 bilh\u00f5es, \u00e0 \u00e9poca. [&hellip;]\" \/>\n<meta property=\"og:url\" content=\"https:\/\/www.notibras.com\/site\/bolsonaro-vai-vendendo-brasil-a-preco-de-banana-em-fim-de-feira\/\" \/>\n<meta property=\"og:site_name\" content=\"Notibras\" \/>\n<meta property=\"article:publisher\" content=\"https:\/\/www.facebook.com\/notibras\/\" \/>\n<meta property=\"article:published_time\" content=\"2022-06-13T10:11:07+00:00\" \/>\n<meta property=\"article:modified_time\" content=\"2022-06-14T11:11:41+00:00\" \/>\n<meta property=\"og:image\" content=\"https:\/\/www.notibras.com\/site\/wp-content\/uploads\/2022\/06\/presaltania-rego.jpg\" \/>\n\t<meta property=\"og:image:width\" content=\"770\" \/>\n\t<meta property=\"og:image:height\" content=\"496\" \/>\n\t<meta property=\"og:image:type\" content=\"image\/jpeg\" \/>\n<meta name=\"author\" content=\"Reda\u00e7\u00e3o\" \/>\n<meta name=\"twitter:card\" content=\"summary_large_image\" \/>\n<meta name=\"twitter:creator\" content=\"@Notibras\" \/>\n<meta name=\"twitter:site\" content=\"@Notibras\" \/>\n<meta name=\"twitter:label1\" content=\"Escrito por\" \/>\n\t<meta name=\"twitter:data1\" content=\"Reda\u00e7\u00e3o\" \/>\n\t<meta name=\"twitter:label2\" content=\"Est. tempo de leitura\" \/>\n\t<meta name=\"twitter:data2\" content=\"6 minutos\" \/>\n<script type=\"application\/ld+json\" class=\"yoast-schema-graph\">{\"@context\":\"https:\/\/schema.org\",\"@graph\":[{\"@type\":\"Article\",\"@id\":\"https:\/\/www.notibras.com\/site\/bolsonaro-vai-vendendo-brasil-a-preco-de-banana-em-fim-de-feira\/#article\",\"isPartOf\":{\"@id\":\"https:\/\/www.notibras.com\/site\/bolsonaro-vai-vendendo-brasil-a-preco-de-banana-em-fim-de-feira\/\"},\"author\":{\"name\":\"Reda\u00e7\u00e3o\",\"@id\":\"https:\/\/www.notibras.com\/site\/#\/schema\/person\/36ab0979449956132d3e5b517ea76ac8\"},\"headline\":\"Bolsonaro vai vendendo Brasil a pre\u00e7o de banana em fim de feira\",\"datePublished\":\"2022-06-13T10:11:07+00:00\",\"dateModified\":\"2022-06-14T11:11:41+00:00\",\"mainEntityOfPage\":{\"@id\":\"https:\/\/www.notibras.com\/site\/bolsonaro-vai-vendendo-brasil-a-preco-de-banana-em-fim-de-feira\/\"},\"wordCount\":1140,\"publisher\":{\"@id\":\"https:\/\/www.notibras.com\/site\/#organization\"},\"image\":{\"@id\":\"https:\/\/www.notibras.com\/site\/bolsonaro-vai-vendendo-brasil-a-preco-de-banana-em-fim-de-feira\/#primaryimage\"},\"thumbnailUrl\":\"https:\/\/www.notibras.com\/site\/wp-content\/uploads\/2022\/06\/presaltania-rego.jpg\",\"keywords\":[\"capa\"],\"articleSection\":[\"Elei\u00e7\u00f5es 2022\"],\"inLanguage\":\"pt-BR\"},{\"@type\":\"WebPage\",\"@id\":\"https:\/\/www.notibras.com\/site\/bolsonaro-vai-vendendo-brasil-a-preco-de-banana-em-fim-de-feira\/\",\"url\":\"https:\/\/www.notibras.com\/site\/bolsonaro-vai-vendendo-brasil-a-preco-de-banana-em-fim-de-feira\/\",\"name\":\"Bolsonaro vai vendendo Brasil a pre\u00e7o de banana em fim de feira - Notibras\",\"isPartOf\":{\"@id\":\"https:\/\/www.notibras.com\/site\/#website\"},\"primaryImageOfPage\":{\"@id\":\"https:\/\/www.notibras.com\/site\/bolsonaro-vai-vendendo-brasil-a-preco-de-banana-em-fim-de-feira\/#primaryimage\"},\"image\":{\"@id\":\"https:\/\/www.notibras.com\/site\/bolsonaro-vai-vendendo-brasil-a-preco-de-banana-em-fim-de-feira\/#primaryimage\"},\"thumbnailUrl\":\"https:\/\/www.notibras.com\/site\/wp-content\/uploads\/2022\/06\/presaltania-rego.jpg\",\"datePublished\":\"2022-06-13T10:11:07+00:00\",\"dateModified\":\"2022-06-14T11:11:41+00:00\",\"breadcrumb\":{\"@id\":\"https:\/\/www.notibras.com\/site\/bolsonaro-vai-vendendo-brasil-a-preco-de-banana-em-fim-de-feira\/#breadcrumb\"},\"inLanguage\":\"pt-BR\",\"potentialAction\":[{\"@type\":\"ReadAction\",\"target\":[\"https:\/\/www.notibras.com\/site\/bolsonaro-vai-vendendo-brasil-a-preco-de-banana-em-fim-de-feira\/\"]}]},{\"@type\":\"ImageObject\",\"inLanguage\":\"pt-BR\",\"@id\":\"https:\/\/www.notibras.com\/site\/bolsonaro-vai-vendendo-brasil-a-preco-de-banana-em-fim-de-feira\/#primaryimage\",\"url\":\"https:\/\/www.notibras.com\/site\/wp-content\/uploads\/2022\/06\/presaltania-rego.jpg\",\"contentUrl\":\"https:\/\/www.notibras.com\/site\/wp-content\/uploads\/2022\/06\/presaltania-rego.jpg\",\"width\":770,\"height\":496,\"caption\":\"A Petrobras anunciou a chegada da plataforma de petr\u00f3leo, P-67, ancorada na Ba\u00eda de Guanabara, destinada ao Sistema de Produ\u00e7\u00e3o do Campo de Lula, no pr\u00e9-sal da Bacia de Santos.\"},{\"@type\":\"BreadcrumbList\",\"@id\":\"https:\/\/www.notibras.com\/site\/bolsonaro-vai-vendendo-brasil-a-preco-de-banana-em-fim-de-feira\/#breadcrumb\",\"itemListElement\":[{\"@type\":\"ListItem\",\"position\":1,\"name\":\"In\u00edcio\",\"item\":\"https:\/\/www.notibras.com\/site\/\"},{\"@type\":\"ListItem\",\"position\":2,\"name\":\"Bolsonaro vai vendendo Brasil a pre\u00e7o de banana em fim de feira\"}]},{\"@type\":\"WebSite\",\"@id\":\"https:\/\/www.notibras.com\/site\/#website\",\"url\":\"https:\/\/www.notibras.com\/site\/\",\"name\":\"Notibras\",\"description\":\"Not\u00edcias de Bras\u00edlia, do Brasil e do Mundo\",\"publisher\":{\"@id\":\"https:\/\/www.notibras.com\/site\/#organization\"},\"potentialAction\":[{\"@type\":\"SearchAction\",\"target\":{\"@type\":\"EntryPoint\",\"urlTemplate\":\"https:\/\/www.notibras.com\/site\/?s={search_term_string}\"},\"query-input\":{\"@type\":\"PropertyValueSpecification\",\"valueRequired\":true,\"valueName\":\"search_term_string\"}}],\"inLanguage\":\"pt-BR\"},{\"@type\":\"Organization\",\"@id\":\"https:\/\/www.notibras.com\/site\/#organization\",\"name\":\"Grupo Notibras de Comunica\u00e7\u00e3o\",\"url\":\"https:\/\/www.notibras.com\/site\/\",\"logo\":{\"@type\":\"ImageObject\",\"inLanguage\":\"pt-BR\",\"@id\":\"https:\/\/www.notibras.com\/site\/#\/schema\/logo\/image\/\",\"url\":\"https:\/\/www.notibras.com\/site\/wp-content\/uploads\/2023\/01\/notibras23.png\",\"contentUrl\":\"https:\/\/www.notibras.com\/site\/wp-content\/uploads\/2023\/01\/notibras23.png\",\"width\":350,\"height\":87,\"caption\":\"Grupo Notibras de Comunica\u00e7\u00e3o\"},\"image\":{\"@id\":\"https:\/\/www.notibras.com\/site\/#\/schema\/logo\/image\/\"},\"sameAs\":[\"https:\/\/www.facebook.com\/notibras\/\",\"https:\/\/x.com\/Notibras\",\"https:\/\/www.instagram.com\/notibras\/\"]},{\"@type\":\"Person\",\"@id\":\"https:\/\/www.notibras.com\/site\/#\/schema\/person\/36ab0979449956132d3e5b517ea76ac8\",\"name\":\"Reda\u00e7\u00e3o\",\"image\":{\"@type\":\"ImageObject\",\"inLanguage\":\"pt-BR\",\"@id\":\"https:\/\/secure.gravatar.com\/avatar\/e0a867bdedb85fd243eadf09663511f96fc81e0720a4a42581f334ad4303aa6b?s=96&d=mm&r=g\",\"url\":\"https:\/\/secure.gravatar.com\/avatar\/e0a867bdedb85fd243eadf09663511f96fc81e0720a4a42581f334ad4303aa6b?s=96&d=mm&r=g\",\"contentUrl\":\"https:\/\/secure.gravatar.com\/avatar\/e0a867bdedb85fd243eadf09663511f96fc81e0720a4a42581f334ad4303aa6b?s=96&d=mm&r=g\",\"caption\":\"Reda\u00e7\u00e3o\"}}]}<\/script>\n<!-- \/ Yoast SEO plugin. -->","yoast_head_json":{"title":"Bolsonaro vai vendendo Brasil a pre\u00e7o de banana em fim de feira - Notibras","robots":{"index":"index","follow":"follow","max-snippet":"max-snippet:-1","max-image-preview":"max-image-preview:large","max-video-preview":"max-video-preview:-1"},"canonical":"https:\/\/www.notibras.com\/site\/bolsonaro-vai-vendendo-brasil-a-preco-de-banana-em-fim-de-feira\/","og_locale":"pt_BR","og_type":"article","og_title":"Bolsonaro vai vendendo Brasil a pre\u00e7o de banana em fim de feira - Notibras","og_description":"O Brasil est\u00e1 cada dia menor. N\u00e3o se trata de fen\u00f4meno geol\u00f3gico, de muta\u00e7\u00f5es da natureza, ou resultado de cat\u00e1strofes ecol\u00f3gicas. Est\u00e1 menor no seu patrim\u00f4nio. Qual \u00e9 o patrim\u00f4nio brasileiro? De acordo com o Balan\u00e7o Geral da Uni\u00e3o, no Relat\u00f3rio do 3\u00ba Trimestre de 2021, R$ 6.082.122 milh\u00f5es, ou US$ 1.174 bilh\u00f5es, \u00e0 \u00e9poca. [&hellip;]","og_url":"https:\/\/www.notibras.com\/site\/bolsonaro-vai-vendendo-brasil-a-preco-de-banana-em-fim-de-feira\/","og_site_name":"Notibras","article_publisher":"https:\/\/www.facebook.com\/notibras\/","article_published_time":"2022-06-13T10:11:07+00:00","article_modified_time":"2022-06-14T11:11:41+00:00","og_image":[{"width":770,"height":496,"url":"https:\/\/www.notibras.com\/site\/wp-content\/uploads\/2022\/06\/presaltania-rego.jpg","type":"image\/jpeg"}],"author":"Reda\u00e7\u00e3o","twitter_card":"summary_large_image","twitter_creator":"@Notibras","twitter_site":"@Notibras","twitter_misc":{"Escrito por":"Reda\u00e7\u00e3o","Est. tempo de leitura":"6 minutos"},"schema":{"@context":"https:\/\/schema.org","@graph":[{"@type":"Article","@id":"https:\/\/www.notibras.com\/site\/bolsonaro-vai-vendendo-brasil-a-preco-de-banana-em-fim-de-feira\/#article","isPartOf":{"@id":"https:\/\/www.notibras.com\/site\/bolsonaro-vai-vendendo-brasil-a-preco-de-banana-em-fim-de-feira\/"},"author":{"name":"Reda\u00e7\u00e3o","@id":"https:\/\/www.notibras.com\/site\/#\/schema\/person\/36ab0979449956132d3e5b517ea76ac8"},"headline":"Bolsonaro vai vendendo Brasil a pre\u00e7o de banana em fim de feira","datePublished":"2022-06-13T10:11:07+00:00","dateModified":"2022-06-14T11:11:41+00:00","mainEntityOfPage":{"@id":"https:\/\/www.notibras.com\/site\/bolsonaro-vai-vendendo-brasil-a-preco-de-banana-em-fim-de-feira\/"},"wordCount":1140,"publisher":{"@id":"https:\/\/www.notibras.com\/site\/#organization"},"image":{"@id":"https:\/\/www.notibras.com\/site\/bolsonaro-vai-vendendo-brasil-a-preco-de-banana-em-fim-de-feira\/#primaryimage"},"thumbnailUrl":"https:\/\/www.notibras.com\/site\/wp-content\/uploads\/2022\/06\/presaltania-rego.jpg","keywords":["capa"],"articleSection":["Elei\u00e7\u00f5es 2022"],"inLanguage":"pt-BR"},{"@type":"WebPage","@id":"https:\/\/www.notibras.com\/site\/bolsonaro-vai-vendendo-brasil-a-preco-de-banana-em-fim-de-feira\/","url":"https:\/\/www.notibras.com\/site\/bolsonaro-vai-vendendo-brasil-a-preco-de-banana-em-fim-de-feira\/","name":"Bolsonaro vai vendendo Brasil a pre\u00e7o de banana em fim de feira - Notibras","isPartOf":{"@id":"https:\/\/www.notibras.com\/site\/#website"},"primaryImageOfPage":{"@id":"https:\/\/www.notibras.com\/site\/bolsonaro-vai-vendendo-brasil-a-preco-de-banana-em-fim-de-feira\/#primaryimage"},"image":{"@id":"https:\/\/www.notibras.com\/site\/bolsonaro-vai-vendendo-brasil-a-preco-de-banana-em-fim-de-feira\/#primaryimage"},"thumbnailUrl":"https:\/\/www.notibras.com\/site\/wp-content\/uploads\/2022\/06\/presaltania-rego.jpg","datePublished":"2022-06-13T10:11:07+00:00","dateModified":"2022-06-14T11:11:41+00:00","breadcrumb":{"@id":"https:\/\/www.notibras.com\/site\/bolsonaro-vai-vendendo-brasil-a-preco-de-banana-em-fim-de-feira\/#breadcrumb"},"inLanguage":"pt-BR","potentialAction":[{"@type":"ReadAction","target":["https:\/\/www.notibras.com\/site\/bolsonaro-vai-vendendo-brasil-a-preco-de-banana-em-fim-de-feira\/"]}]},{"@type":"ImageObject","inLanguage":"pt-BR","@id":"https:\/\/www.notibras.com\/site\/bolsonaro-vai-vendendo-brasil-a-preco-de-banana-em-fim-de-feira\/#primaryimage","url":"https:\/\/www.notibras.com\/site\/wp-content\/uploads\/2022\/06\/presaltania-rego.jpg","contentUrl":"https:\/\/www.notibras.com\/site\/wp-content\/uploads\/2022\/06\/presaltania-rego.jpg","width":770,"height":496,"caption":"A Petrobras anunciou a chegada da plataforma de petr\u00f3leo, P-67, ancorada na Ba\u00eda de Guanabara, destinada ao Sistema de Produ\u00e7\u00e3o do Campo de Lula, no pr\u00e9-sal da Bacia de Santos."},{"@type":"BreadcrumbList","@id":"https:\/\/www.notibras.com\/site\/bolsonaro-vai-vendendo-brasil-a-preco-de-banana-em-fim-de-feira\/#breadcrumb","itemListElement":[{"@type":"ListItem","position":1,"name":"In\u00edcio","item":"https:\/\/www.notibras.com\/site\/"},{"@type":"ListItem","position":2,"name":"Bolsonaro vai vendendo Brasil a pre\u00e7o de banana em fim de feira"}]},{"@type":"WebSite","@id":"https:\/\/www.notibras.com\/site\/#website","url":"https:\/\/www.notibras.com\/site\/","name":"Notibras","description":"Not\u00edcias de Bras\u00edlia, do Brasil e do Mundo","publisher":{"@id":"https:\/\/www.notibras.com\/site\/#organization"},"potentialAction":[{"@type":"SearchAction","target":{"@type":"EntryPoint","urlTemplate":"https:\/\/www.notibras.com\/site\/?s={search_term_string}"},"query-input":{"@type":"PropertyValueSpecification","valueRequired":true,"valueName":"search_term_string"}}],"inLanguage":"pt-BR"},{"@type":"Organization","@id":"https:\/\/www.notibras.com\/site\/#organization","name":"Grupo Notibras de Comunica\u00e7\u00e3o","url":"https:\/\/www.notibras.com\/site\/","logo":{"@type":"ImageObject","inLanguage":"pt-BR","@id":"https:\/\/www.notibras.com\/site\/#\/schema\/logo\/image\/","url":"https:\/\/www.notibras.com\/site\/wp-content\/uploads\/2023\/01\/notibras23.png","contentUrl":"https:\/\/www.notibras.com\/site\/wp-content\/uploads\/2023\/01\/notibras23.png","width":350,"height":87,"caption":"Grupo Notibras de Comunica\u00e7\u00e3o"},"image":{"@id":"https:\/\/www.notibras.com\/site\/#\/schema\/logo\/image\/"},"sameAs":["https:\/\/www.facebook.com\/notibras\/","https:\/\/x.com\/Notibras","https:\/\/www.instagram.com\/notibras\/"]},{"@type":"Person","@id":"https:\/\/www.notibras.com\/site\/#\/schema\/person\/36ab0979449956132d3e5b517ea76ac8","name":"Reda\u00e7\u00e3o","image":{"@type":"ImageObject","inLanguage":"pt-BR","@id":"https:\/\/secure.gravatar.com\/avatar\/e0a867bdedb85fd243eadf09663511f96fc81e0720a4a42581f334ad4303aa6b?s=96&d=mm&r=g","url":"https:\/\/secure.gravatar.com\/avatar\/e0a867bdedb85fd243eadf09663511f96fc81e0720a4a42581f334ad4303aa6b?s=96&d=mm&r=g","contentUrl":"https:\/\/secure.gravatar.com\/avatar\/e0a867bdedb85fd243eadf09663511f96fc81e0720a4a42581f334ad4303aa6b?s=96&d=mm&r=g","caption":"Reda\u00e7\u00e3o"}}]}},"amp_enabled":true,"_links":{"self":[{"href":"https:\/\/www.notibras.com\/site\/wp-json\/wp\/v2\/posts\/287318","targetHints":{"allow":["GET"]}}],"collection":[{"href":"https:\/\/www.notibras.com\/site\/wp-json\/wp\/v2\/posts"}],"about":[{"href":"https:\/\/www.notibras.com\/site\/wp-json\/wp\/v2\/types\/post"}],"author":[{"embeddable":true,"href":"https:\/\/www.notibras.com\/site\/wp-json\/wp\/v2\/users\/2"}],"replies":[{"embeddable":true,"href":"https:\/\/www.notibras.com\/site\/wp-json\/wp\/v2\/comments?post=287318"}],"version-history":[{"count":4,"href":"https:\/\/www.notibras.com\/site\/wp-json\/wp\/v2\/posts\/287318\/revisions"}],"predecessor-version":[{"id":287323,"href":"https:\/\/www.notibras.com\/site\/wp-json\/wp\/v2\/posts\/287318\/revisions\/287323"}],"wp:featuredmedia":[{"embeddable":true,"href":"https:\/\/www.notibras.com\/site\/wp-json\/wp\/v2\/media\/287319"}],"wp:attachment":[{"href":"https:\/\/www.notibras.com\/site\/wp-json\/wp\/v2\/media?parent=287318"}],"wp:term":[{"taxonomy":"category","embeddable":true,"href":"https:\/\/www.notibras.com\/site\/wp-json\/wp\/v2\/categories?post=287318"},{"taxonomy":"post_tag","embeddable":true,"href":"https:\/\/www.notibras.com\/site\/wp-json\/wp\/v2\/tags?post=287318"}],"curies":[{"name":"wp","href":"https:\/\/api.w.org\/{rel}","templated":true}]}}