{"id":287355,"date":"2022-06-13T10:47:38","date_gmt":"2022-06-13T13:47:38","guid":{"rendered":"https:\/\/www.notibras.com\/site\/?p=287355"},"modified":"2022-06-13T10:47:38","modified_gmt":"2022-06-13T13:47:38","slug":"china-e-paquistao-se-unem-contra-uma-otan-asiatica","status":"publish","type":"post","link":"https:\/\/www.notibras.com\/site\/china-e-paquistao-se-unem-contra-uma-otan-asiatica\/","title":{"rendered":"China e Paquist\u00e3o se unem contra uma Otan asi\u00e1tica"},"content":{"rendered":"<p>As lideran\u00e7as militares da China e do Paquist\u00e3o decidiram \u201caprofundar as trocas pragm\u00e1ticas\u201d e lidar com \u201cfatores complicados na situa\u00e7\u00e3o regional\u201d, de acordo com um comunicado oficial do Minist\u00e9rio da Defesa Nacional, divulgado no final de uma visita de tr\u00eas dias do chefe do Estado-Maior do Ex\u00e9rcito (COAS) do Paquist\u00e3o, general Qamar Javed Bajwa, \u00e0 China.<\/p>\n<p>No domingo, Bajwa manteve conversas de alto n\u00edvel com o general Zhang Youxia, vice-presidente da Comiss\u00e3o Militar Central da China, na cidade oriental de Qingdao. De acordo com o comunicado oficial de Pequim, o general Zhang discutiu a Iniciativa de Desenvolvimento Global (GDI) e a Iniciativa de Seguran\u00e7a Global (GSI) durante suas conversas com a delega\u00e7\u00e3o paquistanesa.<\/p>\n<p>O GSI, que Pequim diz j\u00e1 estar sendo \u201cimplementado\u201d, \u201cse op\u00f4s \u00e0 divis\u00e3o\u201d da regi\u00e3o \u00c1sia-Pac\u00edfico com a Estrat\u00e9gia Indo-Pac\u00edfico, uma iniciativa liderada pelos EUA que consagrou o papel de grupos como pacto trilateral Austr\u00e1lia, Reino Unido e EUA.<\/p>\n<p>O GDI, por outro lado, foi proposto pelo presidente chin\u00eas Xi Jinping em setembro passado durante seu discurso em v\u00eddeo na Assembleia Geral das Na\u00e7\u00f5es Unidas (ONU). Apela ao avan\u00e7o do \u201cdesenvolvimento global\u201d por meio de um \u201cnovo est\u00e1gio de crescimento equilibrado, coordenado e inclusivo\u201d.<\/p>\n<p>A \u00cdndia, que est\u00e1 travada em disputas de fronteira com o Paquist\u00e3o e a China, \u00e9 membro do Quad, que tamb\u00e9m inclui Austr\u00e1lia, Jap\u00e3o e EUA. O Quad defende uma &#8220;regi\u00e3o Indo-Pac\u00edfico livre e aberta&#8221;, bem como defende a Conven\u00e7\u00e3o das Na\u00e7\u00f5es Unidas sobre o Direito do Mar (UNCLOS). Pequim percebe que o Quad \u00e9 direcionado contra ele e disse que \u00e9 semelhante a uma OTAN asi\u00e1tica.<\/p>\n<p>Nova D\u00e9lhi tamb\u00e9m se op\u00f5e ao Corredor Econ\u00f4mico China-Paquist\u00e3o (CPEC), um projeto emblem\u00e1tico da Iniciativa do Cintur\u00e3o e Rota de Pequim (BRI). O CPEC compreende projetos de infraestrutura, conectividade e energia desde a Regi\u00e3o Aut\u00f4noma de Xinjiang at\u00e9 o porto de Gwadar, no Mar da Ar\u00e1bia, na costa sul do Paquist\u00e3o.<\/p>\n<p>As obje\u00e7\u00f5es da \u00cdndia ao CPEC t\u00eam como premissa a passagem por territ\u00f3rios em Jammu, Caxemira e Ladakh, regi\u00f5es que, segundo ele, s\u00e3o \u201cilegalmente\u201d ocupadas por Pequim e Islamabad. A Iniciativa do Cintur\u00e3o e Rota (BRI) , ou a &#8220;Nova Rota da Seda&#8221;, \u00e9 uma s\u00e9rie de projetos de conex\u00e3o e infraestrutura terrestres e mar\u00edtimas que est\u00e3o sendo desenvolvidos em todo o mundo com o apoio financeiro da China. Quase 140 pa\u00edses, incluindo os da Europa, \u00c1sia e Am\u00e9rica do Sul, entre outros, se inscreveram no BRI at\u00e9 agora.<\/p>\n<p>O general Zhang sublinhou durante a reuni\u00e3o que tanto Islamabad como Pequim \u201cse apoiaram firmemente em quest\u00f5es relativas aos interesses fundamentais de cada um\u201d. &#8220;China e Paquist\u00e3o s\u00e3o parceiros cooperativos estrat\u00e9gicos para todos os climas&#8221;, observou o general Zhang.<\/p>\n<p>Por sua parte, o principal general do Paquist\u00e3o descreveu os la\u00e7os amistosos entre os dois pa\u00edses como \u201cinquebr\u00e1veis \u200b\u200be s\u00f3lidos\u201d. &#8220;O Paquist\u00e3o permanecer\u00e1 firme com a China a qualquer momento, n\u00e3o importa como a situa\u00e7\u00e3o internacional e regional mude&#8221;, afirmou o lado paquistan\u00eas durante a reuni\u00e3o.<\/p>\n","protected":false},"excerpt":{"rendered":"<p>As lideran\u00e7as militares da China e do Paquist\u00e3o decidiram \u201caprofundar as trocas pragm\u00e1ticas\u201d e lidar com \u201cfatores complicados na situa\u00e7\u00e3o regional\u201d, de acordo com um comunicado oficial do Minist\u00e9rio da Defesa Nacional, divulgado no final de uma visita de tr\u00eas dias do chefe do Estado-Maior do Ex\u00e9rcito (COAS) do Paquist\u00e3o, general Qamar Javed Bajwa, \u00e0 [&hellip;]<\/p>\n","protected":false},"author":2,"featured_media":287356,"comment_status":"closed","ping_status":"closed","sticky":false,"template":"","format":"standard","meta":{"_acf_changed":false,"footnotes":""},"categories":[159],"tags":[],"class_list":["post-287355","post","type-post","status-publish","format-standard","has-post-thumbnail","hentry","category-apocalipse"],"acf":[],"yoast_head":"<!-- This site is optimized with the Yoast SEO plugin v27.2 - https:\/\/yoast.com\/product\/yoast-seo-wordpress\/ -->\n<title>China e Paquist\u00e3o se unem contra uma Otan asi\u00e1tica - Notibras<\/title>\n<meta name=\"robots\" content=\"index, follow, max-snippet:-1, max-image-preview:large, max-video-preview:-1\" \/>\n<link rel=\"canonical\" href=\"https:\/\/www.notibras.com\/site\/china-e-paquistao-se-unem-contra-uma-otan-asiatica\/\" \/>\n<meta property=\"og:locale\" content=\"pt_BR\" \/>\n<meta property=\"og:type\" content=\"article\" \/>\n<meta property=\"og:title\" content=\"China e Paquist\u00e3o se unem contra uma Otan asi\u00e1tica - Notibras\" \/>\n<meta property=\"og:description\" content=\"As lideran\u00e7as militares da China e do Paquist\u00e3o decidiram \u201caprofundar as trocas pragm\u00e1ticas\u201d e lidar com \u201cfatores complicados na situa\u00e7\u00e3o regional\u201d, de acordo com um comunicado oficial do Minist\u00e9rio da Defesa Nacional, divulgado no final de uma visita de tr\u00eas dias do chefe do Estado-Maior do Ex\u00e9rcito (COAS) do Paquist\u00e3o, general Qamar Javed Bajwa, \u00e0 [&hellip;]\" \/>\n<meta property=\"og:url\" content=\"https:\/\/www.notibras.com\/site\/china-e-paquistao-se-unem-contra-uma-otan-asiatica\/\" \/>\n<meta property=\"og:site_name\" content=\"Notibras\" \/>\n<meta property=\"article:publisher\" content=\"https:\/\/www.facebook.com\/notibras\/\" \/>\n<meta property=\"article:published_time\" content=\"2022-06-13T13:47:38+00:00\" \/>\n<meta property=\"og:image\" content=\"https:\/\/www.notibras.com\/site\/wp-content\/uploads\/2022\/06\/china.pauistao.webp\" \/>\n\t<meta property=\"og:image:width\" content=\"1920\" \/>\n\t<meta property=\"og:image:height\" content=\"1080\" \/>\n\t<meta property=\"og:image:type\" content=\"image\/webp\" \/>\n<meta name=\"author\" content=\"Reda\u00e7\u00e3o\" \/>\n<meta name=\"twitter:card\" content=\"summary_large_image\" \/>\n<meta name=\"twitter:creator\" content=\"@Notibras\" \/>\n<meta name=\"twitter:site\" content=\"@Notibras\" \/>\n<meta name=\"twitter:label1\" content=\"Escrito por\" \/>\n\t<meta name=\"twitter:data1\" content=\"Reda\u00e7\u00e3o\" \/>\n\t<meta name=\"twitter:label2\" content=\"Est. tempo de leitura\" \/>\n\t<meta name=\"twitter:data2\" content=\"3 minutos\" \/>\n<script type=\"application\/ld+json\" class=\"yoast-schema-graph\">{\"@context\":\"https:\/\/schema.org\",\"@graph\":[{\"@type\":\"Article\",\"@id\":\"https:\/\/www.notibras.com\/site\/china-e-paquistao-se-unem-contra-uma-otan-asiatica\/#article\",\"isPartOf\":{\"@id\":\"https:\/\/www.notibras.com\/site\/china-e-paquistao-se-unem-contra-uma-otan-asiatica\/\"},\"author\":{\"name\":\"Reda\u00e7\u00e3o\",\"@id\":\"https:\/\/www.notibras.com\/site\/#\/schema\/person\/36ab0979449956132d3e5b517ea76ac8\"},\"headline\":\"China e Paquist\u00e3o se unem contra uma Otan asi\u00e1tica\",\"datePublished\":\"2022-06-13T13:47:38+00:00\",\"mainEntityOfPage\":{\"@id\":\"https:\/\/www.notibras.com\/site\/china-e-paquistao-se-unem-contra-uma-otan-asiatica\/\"},\"wordCount\":563,\"publisher\":{\"@id\":\"https:\/\/www.notibras.com\/site\/#organization\"},\"image\":{\"@id\":\"https:\/\/www.notibras.com\/site\/china-e-paquistao-se-unem-contra-uma-otan-asiatica\/#primaryimage\"},\"thumbnailUrl\":\"https:\/\/www.notibras.com\/site\/wp-content\/uploads\/2022\/06\/china.pauistao.webp\",\"articleSection\":[\"Apocalipse\"],\"inLanguage\":\"pt-BR\"},{\"@type\":\"WebPage\",\"@id\":\"https:\/\/www.notibras.com\/site\/china-e-paquistao-se-unem-contra-uma-otan-asiatica\/\",\"url\":\"https:\/\/www.notibras.com\/site\/china-e-paquistao-se-unem-contra-uma-otan-asiatica\/\",\"name\":\"China e Paquist\u00e3o se unem contra uma Otan asi\u00e1tica - Notibras\",\"isPartOf\":{\"@id\":\"https:\/\/www.notibras.com\/site\/#website\"},\"primaryImageOfPage\":{\"@id\":\"https:\/\/www.notibras.com\/site\/china-e-paquistao-se-unem-contra-uma-otan-asiatica\/#primaryimage\"},\"image\":{\"@id\":\"https:\/\/www.notibras.com\/site\/china-e-paquistao-se-unem-contra-uma-otan-asiatica\/#primaryimage\"},\"thumbnailUrl\":\"https:\/\/www.notibras.com\/site\/wp-content\/uploads\/2022\/06\/china.pauistao.webp\",\"datePublished\":\"2022-06-13T13:47:38+00:00\",\"breadcrumb\":{\"@id\":\"https:\/\/www.notibras.com\/site\/china-e-paquistao-se-unem-contra-uma-otan-asiatica\/#breadcrumb\"},\"inLanguage\":\"pt-BR\",\"potentialAction\":[{\"@type\":\"ReadAction\",\"target\":[\"https:\/\/www.notibras.com\/site\/china-e-paquistao-se-unem-contra-uma-otan-asiatica\/\"]}]},{\"@type\":\"ImageObject\",\"inLanguage\":\"pt-BR\",\"@id\":\"https:\/\/www.notibras.com\/site\/china-e-paquistao-se-unem-contra-uma-otan-asiatica\/#primaryimage\",\"url\":\"https:\/\/www.notibras.com\/site\/wp-content\/uploads\/2022\/06\/china.pauistao.webp\",\"contentUrl\":\"https:\/\/www.notibras.com\/site\/wp-content\/uploads\/2022\/06\/china.pauistao.webp\",\"width\":1920,\"height\":1080},{\"@type\":\"BreadcrumbList\",\"@id\":\"https:\/\/www.notibras.com\/site\/china-e-paquistao-se-unem-contra-uma-otan-asiatica\/#breadcrumb\",\"itemListElement\":[{\"@type\":\"ListItem\",\"position\":1,\"name\":\"In\u00edcio\",\"item\":\"https:\/\/www.notibras.com\/site\/\"},{\"@type\":\"ListItem\",\"position\":2,\"name\":\"China e Paquist\u00e3o se unem contra uma Otan asi\u00e1tica\"}]},{\"@type\":\"WebSite\",\"@id\":\"https:\/\/www.notibras.com\/site\/#website\",\"url\":\"https:\/\/www.notibras.com\/site\/\",\"name\":\"Notibras\",\"description\":\"Not\u00edcias de Bras\u00edlia, do Brasil e do Mundo\",\"publisher\":{\"@id\":\"https:\/\/www.notibras.com\/site\/#organization\"},\"potentialAction\":[{\"@type\":\"SearchAction\",\"target\":{\"@type\":\"EntryPoint\",\"urlTemplate\":\"https:\/\/www.notibras.com\/site\/?s={search_term_string}\"},\"query-input\":{\"@type\":\"PropertyValueSpecification\",\"valueRequired\":true,\"valueName\":\"search_term_string\"}}],\"inLanguage\":\"pt-BR\"},{\"@type\":\"Organization\",\"@id\":\"https:\/\/www.notibras.com\/site\/#organization\",\"name\":\"Grupo Notibras de Comunica\u00e7\u00e3o\",\"url\":\"https:\/\/www.notibras.com\/site\/\",\"logo\":{\"@type\":\"ImageObject\",\"inLanguage\":\"pt-BR\",\"@id\":\"https:\/\/www.notibras.com\/site\/#\/schema\/logo\/image\/\",\"url\":\"https:\/\/www.notibras.com\/site\/wp-content\/uploads\/2023\/01\/notibras23.png\",\"contentUrl\":\"https:\/\/www.notibras.com\/site\/wp-content\/uploads\/2023\/01\/notibras23.png\",\"width\":350,\"height\":87,\"caption\":\"Grupo Notibras de Comunica\u00e7\u00e3o\"},\"image\":{\"@id\":\"https:\/\/www.notibras.com\/site\/#\/schema\/logo\/image\/\"},\"sameAs\":[\"https:\/\/www.facebook.com\/notibras\/\",\"https:\/\/x.com\/Notibras\",\"https:\/\/www.instagram.com\/notibras\/\"]},{\"@type\":\"Person\",\"@id\":\"https:\/\/www.notibras.com\/site\/#\/schema\/person\/36ab0979449956132d3e5b517ea76ac8\",\"name\":\"Reda\u00e7\u00e3o\",\"image\":{\"@type\":\"ImageObject\",\"inLanguage\":\"pt-BR\",\"@id\":\"https:\/\/secure.gravatar.com\/avatar\/e0a867bdedb85fd243eadf09663511f96fc81e0720a4a42581f334ad4303aa6b?s=96&d=mm&r=g\",\"url\":\"https:\/\/secure.gravatar.com\/avatar\/e0a867bdedb85fd243eadf09663511f96fc81e0720a4a42581f334ad4303aa6b?s=96&d=mm&r=g\",\"contentUrl\":\"https:\/\/secure.gravatar.com\/avatar\/e0a867bdedb85fd243eadf09663511f96fc81e0720a4a42581f334ad4303aa6b?s=96&d=mm&r=g\",\"caption\":\"Reda\u00e7\u00e3o\"}}]}<\/script>\n<!-- \/ Yoast SEO plugin. -->","yoast_head_json":{"title":"China e Paquist\u00e3o se unem contra uma Otan asi\u00e1tica - Notibras","robots":{"index":"index","follow":"follow","max-snippet":"max-snippet:-1","max-image-preview":"max-image-preview:large","max-video-preview":"max-video-preview:-1"},"canonical":"https:\/\/www.notibras.com\/site\/china-e-paquistao-se-unem-contra-uma-otan-asiatica\/","og_locale":"pt_BR","og_type":"article","og_title":"China e Paquist\u00e3o se unem contra uma Otan asi\u00e1tica - Notibras","og_description":"As lideran\u00e7as militares da China e do Paquist\u00e3o decidiram \u201caprofundar as trocas pragm\u00e1ticas\u201d e lidar com \u201cfatores complicados na situa\u00e7\u00e3o regional\u201d, de acordo com um comunicado oficial do Minist\u00e9rio da Defesa Nacional, divulgado no final de uma visita de tr\u00eas dias do chefe do Estado-Maior do Ex\u00e9rcito (COAS) do Paquist\u00e3o, general Qamar Javed Bajwa, \u00e0 [&hellip;]","og_url":"https:\/\/www.notibras.com\/site\/china-e-paquistao-se-unem-contra-uma-otan-asiatica\/","og_site_name":"Notibras","article_publisher":"https:\/\/www.facebook.com\/notibras\/","article_published_time":"2022-06-13T13:47:38+00:00","og_image":[{"width":1920,"height":1080,"url":"https:\/\/www.notibras.com\/site\/wp-content\/uploads\/2022\/06\/china.pauistao.webp","type":"image\/webp"}],"author":"Reda\u00e7\u00e3o","twitter_card":"summary_large_image","twitter_creator":"@Notibras","twitter_site":"@Notibras","twitter_misc":{"Escrito por":"Reda\u00e7\u00e3o","Est. tempo de leitura":"3 minutos"},"schema":{"@context":"https:\/\/schema.org","@graph":[{"@type":"Article","@id":"https:\/\/www.notibras.com\/site\/china-e-paquistao-se-unem-contra-uma-otan-asiatica\/#article","isPartOf":{"@id":"https:\/\/www.notibras.com\/site\/china-e-paquistao-se-unem-contra-uma-otan-asiatica\/"},"author":{"name":"Reda\u00e7\u00e3o","@id":"https:\/\/www.notibras.com\/site\/#\/schema\/person\/36ab0979449956132d3e5b517ea76ac8"},"headline":"China e Paquist\u00e3o se unem contra uma Otan asi\u00e1tica","datePublished":"2022-06-13T13:47:38+00:00","mainEntityOfPage":{"@id":"https:\/\/www.notibras.com\/site\/china-e-paquistao-se-unem-contra-uma-otan-asiatica\/"},"wordCount":563,"publisher":{"@id":"https:\/\/www.notibras.com\/site\/#organization"},"image":{"@id":"https:\/\/www.notibras.com\/site\/china-e-paquistao-se-unem-contra-uma-otan-asiatica\/#primaryimage"},"thumbnailUrl":"https:\/\/www.notibras.com\/site\/wp-content\/uploads\/2022\/06\/china.pauistao.webp","articleSection":["Apocalipse"],"inLanguage":"pt-BR"},{"@type":"WebPage","@id":"https:\/\/www.notibras.com\/site\/china-e-paquistao-se-unem-contra-uma-otan-asiatica\/","url":"https:\/\/www.notibras.com\/site\/china-e-paquistao-se-unem-contra-uma-otan-asiatica\/","name":"China e Paquist\u00e3o se unem contra uma Otan asi\u00e1tica - Notibras","isPartOf":{"@id":"https:\/\/www.notibras.com\/site\/#website"},"primaryImageOfPage":{"@id":"https:\/\/www.notibras.com\/site\/china-e-paquistao-se-unem-contra-uma-otan-asiatica\/#primaryimage"},"image":{"@id":"https:\/\/www.notibras.com\/site\/china-e-paquistao-se-unem-contra-uma-otan-asiatica\/#primaryimage"},"thumbnailUrl":"https:\/\/www.notibras.com\/site\/wp-content\/uploads\/2022\/06\/china.pauistao.webp","datePublished":"2022-06-13T13:47:38+00:00","breadcrumb":{"@id":"https:\/\/www.notibras.com\/site\/china-e-paquistao-se-unem-contra-uma-otan-asiatica\/#breadcrumb"},"inLanguage":"pt-BR","potentialAction":[{"@type":"ReadAction","target":["https:\/\/www.notibras.com\/site\/china-e-paquistao-se-unem-contra-uma-otan-asiatica\/"]}]},{"@type":"ImageObject","inLanguage":"pt-BR","@id":"https:\/\/www.notibras.com\/site\/china-e-paquistao-se-unem-contra-uma-otan-asiatica\/#primaryimage","url":"https:\/\/www.notibras.com\/site\/wp-content\/uploads\/2022\/06\/china.pauistao.webp","contentUrl":"https:\/\/www.notibras.com\/site\/wp-content\/uploads\/2022\/06\/china.pauistao.webp","width":1920,"height":1080},{"@type":"BreadcrumbList","@id":"https:\/\/www.notibras.com\/site\/china-e-paquistao-se-unem-contra-uma-otan-asiatica\/#breadcrumb","itemListElement":[{"@type":"ListItem","position":1,"name":"In\u00edcio","item":"https:\/\/www.notibras.com\/site\/"},{"@type":"ListItem","position":2,"name":"China e Paquist\u00e3o se unem contra uma Otan asi\u00e1tica"}]},{"@type":"WebSite","@id":"https:\/\/www.notibras.com\/site\/#website","url":"https:\/\/www.notibras.com\/site\/","name":"Notibras","description":"Not\u00edcias de Bras\u00edlia, do Brasil e do Mundo","publisher":{"@id":"https:\/\/www.notibras.com\/site\/#organization"},"potentialAction":[{"@type":"SearchAction","target":{"@type":"EntryPoint","urlTemplate":"https:\/\/www.notibras.com\/site\/?s={search_term_string}"},"query-input":{"@type":"PropertyValueSpecification","valueRequired":true,"valueName":"search_term_string"}}],"inLanguage":"pt-BR"},{"@type":"Organization","@id":"https:\/\/www.notibras.com\/site\/#organization","name":"Grupo Notibras de Comunica\u00e7\u00e3o","url":"https:\/\/www.notibras.com\/site\/","logo":{"@type":"ImageObject","inLanguage":"pt-BR","@id":"https:\/\/www.notibras.com\/site\/#\/schema\/logo\/image\/","url":"https:\/\/www.notibras.com\/site\/wp-content\/uploads\/2023\/01\/notibras23.png","contentUrl":"https:\/\/www.notibras.com\/site\/wp-content\/uploads\/2023\/01\/notibras23.png","width":350,"height":87,"caption":"Grupo Notibras de Comunica\u00e7\u00e3o"},"image":{"@id":"https:\/\/www.notibras.com\/site\/#\/schema\/logo\/image\/"},"sameAs":["https:\/\/www.facebook.com\/notibras\/","https:\/\/x.com\/Notibras","https:\/\/www.instagram.com\/notibras\/"]},{"@type":"Person","@id":"https:\/\/www.notibras.com\/site\/#\/schema\/person\/36ab0979449956132d3e5b517ea76ac8","name":"Reda\u00e7\u00e3o","image":{"@type":"ImageObject","inLanguage":"pt-BR","@id":"https:\/\/secure.gravatar.com\/avatar\/e0a867bdedb85fd243eadf09663511f96fc81e0720a4a42581f334ad4303aa6b?s=96&d=mm&r=g","url":"https:\/\/secure.gravatar.com\/avatar\/e0a867bdedb85fd243eadf09663511f96fc81e0720a4a42581f334ad4303aa6b?s=96&d=mm&r=g","contentUrl":"https:\/\/secure.gravatar.com\/avatar\/e0a867bdedb85fd243eadf09663511f96fc81e0720a4a42581f334ad4303aa6b?s=96&d=mm&r=g","caption":"Reda\u00e7\u00e3o"}}]}},"amp_enabled":true,"_links":{"self":[{"href":"https:\/\/www.notibras.com\/site\/wp-json\/wp\/v2\/posts\/287355","targetHints":{"allow":["GET"]}}],"collection":[{"href":"https:\/\/www.notibras.com\/site\/wp-json\/wp\/v2\/posts"}],"about":[{"href":"https:\/\/www.notibras.com\/site\/wp-json\/wp\/v2\/types\/post"}],"author":[{"embeddable":true,"href":"https:\/\/www.notibras.com\/site\/wp-json\/wp\/v2\/users\/2"}],"replies":[{"embeddable":true,"href":"https:\/\/www.notibras.com\/site\/wp-json\/wp\/v2\/comments?post=287355"}],"version-history":[{"count":1,"href":"https:\/\/www.notibras.com\/site\/wp-json\/wp\/v2\/posts\/287355\/revisions"}],"predecessor-version":[{"id":287357,"href":"https:\/\/www.notibras.com\/site\/wp-json\/wp\/v2\/posts\/287355\/revisions\/287357"}],"wp:featuredmedia":[{"embeddable":true,"href":"https:\/\/www.notibras.com\/site\/wp-json\/wp\/v2\/media\/287356"}],"wp:attachment":[{"href":"https:\/\/www.notibras.com\/site\/wp-json\/wp\/v2\/media?parent=287355"}],"wp:term":[{"taxonomy":"category","embeddable":true,"href":"https:\/\/www.notibras.com\/site\/wp-json\/wp\/v2\/categories?post=287355"},{"taxonomy":"post_tag","embeddable":true,"href":"https:\/\/www.notibras.com\/site\/wp-json\/wp\/v2\/tags?post=287355"}],"curies":[{"name":"wp","href":"https:\/\/api.w.org\/{rel}","templated":true}]}}