{"id":287380,"date":"2022-06-14T05:45:47","date_gmt":"2022-06-14T08:45:47","guid":{"rendered":"https:\/\/www.notibras.com\/site\/?p=287380"},"modified":"2022-06-14T05:56:32","modified_gmt":"2022-06-14T08:56:32","slug":"brasil-da-selvageria-virou-filme-de-terror-mas-ha-a-causa-e-o-efeito","status":"publish","type":"post","link":"https:\/\/www.notibras.com\/site\/brasil-da-selvageria-virou-filme-de-terror-mas-ha-a-causa-e-o-efeito\/","title":{"rendered":"Brasil da selvageria virou filme de terror, mas h\u00e1 a causa e o efeito"},"content":{"rendered":"<p>Aproveitando para comparar a grandiosidade das festividades juninas com a pequenez do governo tenentista, imposs\u00edvel falar de coisas pequenas e n\u00e3o fazer refer\u00eancia ao maledeto encontro da semana passada entre os presidentes do Brasil e dos Estados Unidos. Ap\u00f3s tr\u00eas anos e meio no poder, finalmente Jair Messias esteve frente \u00e0 frente com Joe Biden. E o que ocorreu? Nada de anormal para quem pensa, elocubra e age com o f\u00edgado. \u00d3bvio que sua cabecinha de mito jamais imaginou prov\u00e1veis consequ\u00eancias. Por isso, Messias pediu ajuda a Tio Sam para \u201cderrubar\u201d Luiz In\u00e1cio, que, na sua avalia\u00e7\u00e3o, caso eleito, poder\u00e1 ser um empecilho \u00e0s boas inten\u00e7\u00f5es dos EUA com o Brasil.<\/p>\n<p>Brincadeira? N\u00e3o! S\u00e9rio como ele apregoa o golpe desde que percebeu que a derrota para o principal oponente seria iminente. Coisas de n\u00e3o sabe perder. O problema \u00e9 que o l\u00edder que n\u00e3o lidera n\u00e3o foi informado \u2013 talvez tenha preferido a maquiav\u00e9lica surdez \u2013 que Joe Biden \u00e9 o mesmo a quem ele, Jair Messias, esnobou antes, durante e depois da derrota de Donald Trump nas urnas, nas ruas e nos tribunais. O mundo inteiro conheceu de perto os exageros da adula\u00e7\u00e3o da fam\u00edlia Bolsonaro ao antecessor de Biden. E agora querem o apoio dele para, fora das quatro linhas da Constitui\u00e7\u00e3o, n\u00e3o se afastarem do poder. Pode n\u00e3o parecer, mas realmente \u00e9 uma brincadeira de p\u00e9ssimo gosto.<\/p>\n<p>A revela\u00e7\u00e3o dos bastidores do encontro reservado entre os dois presidentes mostra duas vertentes bem distintas. Acho que elas foram as raz\u00f5es para tanto inc\u00f4modo do chefe do governo da republiqueta de bananas. A primeira \u00e9 a cren\u00e7a bolsonarista de que tudo pode ser resolvido na for\u00e7a, na sacanagem, na brutalidade, no golpismo. A segunda deixou muito claro para os simpatizantes do fundamentalismo que o mandat\u00e1rio dos EUA n\u00e3o \u00e9 uma anta como talvez eles imaginassem.<\/p>\n<p>Pelo contr\u00e1rio. Biden e seus assessores, bem mais inteligentes do que os nossos, mostraram, sem gritos e xingamentos, que v\u00e3o continuar mandando, preferencialmente negociando com um governante democr\u00e1tico e verdadeiro. O amor plat\u00f4nico de Bolsonaro por Trump n\u00e3o apoquenta mais o dono do mundo. Na verdade, n\u00e3o atormenta nem mesmo os fantasmas do castelo do Dr\u00e1cula. O que preocupa o povo \u00e9 saber que ainda faltam pelo menos sete meses para o fim do filme de terror em que se transformou a administra\u00e7\u00e3o do pa\u00eds.<\/p>\n<p>O Brasil nunca foi e n\u00e3o \u00e9, mas est\u00e1 perverso, cruel, fantasmag\u00f3rico, truculento, b\u00e1rbaro, desumano e at\u00e9 selvagem. \u00c9 uma selvageria gratuita e com objetivos \u00fanicos de mostrar poder. Matar ind\u00edgenas, indigenistas e jornalistas com apoio superior apenas para derrubar florestas impunemente \u00e9 o mesmo que exigir licen\u00e7a para rebatizar a na\u00e7\u00e3o de Casa da M\u00e3e Joana. Pior de tudo \u00e9 o governo fardado refor\u00e7ar o discurso da inoper\u00e2ncia e da incapacidade contra o processo eleitoral.<\/p>\n<p>Ali\u00e1s, querem acabar com um sistema que h\u00e1 anos faz deles presidente da Rep\u00fablica, senadores, deputados federais e estaduais e at\u00e9 vereadores. Por tudo isso, fa\u00e7o minhas as palavras de um importante e respeitado colunista brasileiro, para quem as For\u00e7as Armadas t\u00eam quatro meses para optar entre a Constitui\u00e7\u00e3o e o presidente Bolsonaro. Ou seja, entre a democracia e a volta da tirania. Do lado civil, a melhor e mais eloquente arma ainda \u00e9 o voto livre, secreto e soberano. Que ningu\u00e9m esque\u00e7a que n\u00e3o h\u00e1 causa sem efeito.<\/p>\n","protected":false},"excerpt":{"rendered":"<p>Aproveitando para comparar a grandiosidade das festividades juninas com a pequenez do governo tenentista, imposs\u00edvel falar de coisas pequenas e n\u00e3o fazer refer\u00eancia ao maledeto encontro da semana passada entre os presidentes do Brasil e dos Estados Unidos. Ap\u00f3s tr\u00eas anos e meio no poder, finalmente Jair Messias esteve frente \u00e0 frente com Joe Biden. [&hellip;]<\/p>\n","protected":false},"author":2,"featured_media":284823,"comment_status":"closed","ping_status":"closed","sticky":false,"template":"","format":"standard","meta":{"_acf_changed":false,"footnotes":""},"categories":[26],"tags":[95],"class_list":["post-287380","post","type-post","status-publish","format-standard","has-post-thumbnail","hentry","category-eleicoes-2022","tag-capa"],"acf":[],"yoast_head":"<!-- This site is optimized with the Yoast SEO plugin v27.2 - https:\/\/yoast.com\/product\/yoast-seo-wordpress\/ -->\n<title>Brasil da selvageria virou filme de terror, mas h\u00e1 a causa e o efeito - Notibras<\/title>\n<meta name=\"robots\" content=\"index, follow, max-snippet:-1, max-image-preview:large, max-video-preview:-1\" \/>\n<link rel=\"canonical\" href=\"https:\/\/www.notibras.com\/site\/brasil-da-selvageria-virou-filme-de-terror-mas-ha-a-causa-e-o-efeito\/\" \/>\n<meta property=\"og:locale\" content=\"pt_BR\" \/>\n<meta property=\"og:type\" content=\"article\" \/>\n<meta property=\"og:title\" content=\"Brasil da selvageria virou filme de terror, mas h\u00e1 a causa e o efeito - Notibras\" \/>\n<meta property=\"og:description\" content=\"Aproveitando para comparar a grandiosidade das festividades juninas com a pequenez do governo tenentista, imposs\u00edvel falar de coisas pequenas e n\u00e3o fazer refer\u00eancia ao maledeto encontro da semana passada entre os presidentes do Brasil e dos Estados Unidos. Ap\u00f3s tr\u00eas anos e meio no poder, finalmente Jair Messias esteve frente \u00e0 frente com Joe Biden. [&hellip;]\" \/>\n<meta property=\"og:url\" content=\"https:\/\/www.notibras.com\/site\/brasil-da-selvageria-virou-filme-de-terror-mas-ha-a-causa-e-o-efeito\/\" \/>\n<meta property=\"og:site_name\" content=\"Notibras\" \/>\n<meta property=\"article:publisher\" content=\"https:\/\/www.facebook.com\/notibras\/\" \/>\n<meta property=\"article:published_time\" content=\"2022-06-14T08:45:47+00:00\" \/>\n<meta property=\"article:modified_time\" content=\"2022-06-14T08:56:32+00:00\" \/>\n<meta property=\"og:image\" content=\"https:\/\/www.notibras.com\/site\/wp-content\/uploads\/2022\/05\/jb.ara_.png\" \/>\n\t<meta property=\"og:image:width\" content=\"1273\" \/>\n\t<meta property=\"og:image:height\" content=\"636\" \/>\n\t<meta property=\"og:image:type\" content=\"image\/png\" \/>\n<meta name=\"author\" content=\"Reda\u00e7\u00e3o\" \/>\n<meta name=\"twitter:card\" content=\"summary_large_image\" \/>\n<meta name=\"twitter:creator\" content=\"@Notibras\" \/>\n<meta name=\"twitter:site\" content=\"@Notibras\" \/>\n<meta name=\"twitter:label1\" content=\"Escrito por\" \/>\n\t<meta name=\"twitter:data1\" content=\"Reda\u00e7\u00e3o\" \/>\n\t<meta name=\"twitter:label2\" content=\"Est. tempo de leitura\" \/>\n\t<meta name=\"twitter:data2\" content=\"3 minutos\" \/>\n<script type=\"application\/ld+json\" class=\"yoast-schema-graph\">{\"@context\":\"https:\/\/schema.org\",\"@graph\":[{\"@type\":\"Article\",\"@id\":\"https:\/\/www.notibras.com\/site\/brasil-da-selvageria-virou-filme-de-terror-mas-ha-a-causa-e-o-efeito\/#article\",\"isPartOf\":{\"@id\":\"https:\/\/www.notibras.com\/site\/brasil-da-selvageria-virou-filme-de-terror-mas-ha-a-causa-e-o-efeito\/\"},\"author\":{\"name\":\"Reda\u00e7\u00e3o\",\"@id\":\"https:\/\/www.notibras.com\/site\/#\/schema\/person\/36ab0979449956132d3e5b517ea76ac8\"},\"headline\":\"Brasil da selvageria virou filme de terror, mas h\u00e1 a causa e o efeito\",\"datePublished\":\"2022-06-14T08:45:47+00:00\",\"dateModified\":\"2022-06-14T08:56:32+00:00\",\"mainEntityOfPage\":{\"@id\":\"https:\/\/www.notibras.com\/site\/brasil-da-selvageria-virou-filme-de-terror-mas-ha-a-causa-e-o-efeito\/\"},\"wordCount\":614,\"publisher\":{\"@id\":\"https:\/\/www.notibras.com\/site\/#organization\"},\"image\":{\"@id\":\"https:\/\/www.notibras.com\/site\/brasil-da-selvageria-virou-filme-de-terror-mas-ha-a-causa-e-o-efeito\/#primaryimage\"},\"thumbnailUrl\":\"https:\/\/www.notibras.com\/site\/wp-content\/uploads\/2022\/05\/jb.ara_.png\",\"keywords\":[\"capa\"],\"articleSection\":[\"Elei\u00e7\u00f5es 2022\"],\"inLanguage\":\"pt-BR\"},{\"@type\":\"WebPage\",\"@id\":\"https:\/\/www.notibras.com\/site\/brasil-da-selvageria-virou-filme-de-terror-mas-ha-a-causa-e-o-efeito\/\",\"url\":\"https:\/\/www.notibras.com\/site\/brasil-da-selvageria-virou-filme-de-terror-mas-ha-a-causa-e-o-efeito\/\",\"name\":\"Brasil da selvageria virou filme de terror, mas h\u00e1 a causa e o efeito - Notibras\",\"isPartOf\":{\"@id\":\"https:\/\/www.notibras.com\/site\/#website\"},\"primaryImageOfPage\":{\"@id\":\"https:\/\/www.notibras.com\/site\/brasil-da-selvageria-virou-filme-de-terror-mas-ha-a-causa-e-o-efeito\/#primaryimage\"},\"image\":{\"@id\":\"https:\/\/www.notibras.com\/site\/brasil-da-selvageria-virou-filme-de-terror-mas-ha-a-causa-e-o-efeito\/#primaryimage\"},\"thumbnailUrl\":\"https:\/\/www.notibras.com\/site\/wp-content\/uploads\/2022\/05\/jb.ara_.png\",\"datePublished\":\"2022-06-14T08:45:47+00:00\",\"dateModified\":\"2022-06-14T08:56:32+00:00\",\"breadcrumb\":{\"@id\":\"https:\/\/www.notibras.com\/site\/brasil-da-selvageria-virou-filme-de-terror-mas-ha-a-causa-e-o-efeito\/#breadcrumb\"},\"inLanguage\":\"pt-BR\",\"potentialAction\":[{\"@type\":\"ReadAction\",\"target\":[\"https:\/\/www.notibras.com\/site\/brasil-da-selvageria-virou-filme-de-terror-mas-ha-a-causa-e-o-efeito\/\"]}]},{\"@type\":\"ImageObject\",\"inLanguage\":\"pt-BR\",\"@id\":\"https:\/\/www.notibras.com\/site\/brasil-da-selvageria-virou-filme-de-terror-mas-ha-a-causa-e-o-efeito\/#primaryimage\",\"url\":\"https:\/\/www.notibras.com\/site\/wp-content\/uploads\/2022\/05\/jb.ara_.png\",\"contentUrl\":\"https:\/\/www.notibras.com\/site\/wp-content\/uploads\/2022\/05\/jb.ara_.png\",\"width\":1273,\"height\":636},{\"@type\":\"BreadcrumbList\",\"@id\":\"https:\/\/www.notibras.com\/site\/brasil-da-selvageria-virou-filme-de-terror-mas-ha-a-causa-e-o-efeito\/#breadcrumb\",\"itemListElement\":[{\"@type\":\"ListItem\",\"position\":1,\"name\":\"In\u00edcio\",\"item\":\"https:\/\/www.notibras.com\/site\/\"},{\"@type\":\"ListItem\",\"position\":2,\"name\":\"Brasil da selvageria virou filme de terror, mas h\u00e1 a causa e o efeito\"}]},{\"@type\":\"WebSite\",\"@id\":\"https:\/\/www.notibras.com\/site\/#website\",\"url\":\"https:\/\/www.notibras.com\/site\/\",\"name\":\"Notibras\",\"description\":\"Not\u00edcias de Bras\u00edlia, do Brasil e do Mundo\",\"publisher\":{\"@id\":\"https:\/\/www.notibras.com\/site\/#organization\"},\"potentialAction\":[{\"@type\":\"SearchAction\",\"target\":{\"@type\":\"EntryPoint\",\"urlTemplate\":\"https:\/\/www.notibras.com\/site\/?s={search_term_string}\"},\"query-input\":{\"@type\":\"PropertyValueSpecification\",\"valueRequired\":true,\"valueName\":\"search_term_string\"}}],\"inLanguage\":\"pt-BR\"},{\"@type\":\"Organization\",\"@id\":\"https:\/\/www.notibras.com\/site\/#organization\",\"name\":\"Grupo Notibras de Comunica\u00e7\u00e3o\",\"url\":\"https:\/\/www.notibras.com\/site\/\",\"logo\":{\"@type\":\"ImageObject\",\"inLanguage\":\"pt-BR\",\"@id\":\"https:\/\/www.notibras.com\/site\/#\/schema\/logo\/image\/\",\"url\":\"https:\/\/www.notibras.com\/site\/wp-content\/uploads\/2023\/01\/notibras23.png\",\"contentUrl\":\"https:\/\/www.notibras.com\/site\/wp-content\/uploads\/2023\/01\/notibras23.png\",\"width\":350,\"height\":87,\"caption\":\"Grupo Notibras de Comunica\u00e7\u00e3o\"},\"image\":{\"@id\":\"https:\/\/www.notibras.com\/site\/#\/schema\/logo\/image\/\"},\"sameAs\":[\"https:\/\/www.facebook.com\/notibras\/\",\"https:\/\/x.com\/Notibras\",\"https:\/\/www.instagram.com\/notibras\/\"]},{\"@type\":\"Person\",\"@id\":\"https:\/\/www.notibras.com\/site\/#\/schema\/person\/36ab0979449956132d3e5b517ea76ac8\",\"name\":\"Reda\u00e7\u00e3o\",\"image\":{\"@type\":\"ImageObject\",\"inLanguage\":\"pt-BR\",\"@id\":\"https:\/\/secure.gravatar.com\/avatar\/e0a867bdedb85fd243eadf09663511f96fc81e0720a4a42581f334ad4303aa6b?s=96&d=mm&r=g\",\"url\":\"https:\/\/secure.gravatar.com\/avatar\/e0a867bdedb85fd243eadf09663511f96fc81e0720a4a42581f334ad4303aa6b?s=96&d=mm&r=g\",\"contentUrl\":\"https:\/\/secure.gravatar.com\/avatar\/e0a867bdedb85fd243eadf09663511f96fc81e0720a4a42581f334ad4303aa6b?s=96&d=mm&r=g\",\"caption\":\"Reda\u00e7\u00e3o\"}}]}<\/script>\n<!-- \/ Yoast SEO plugin. -->","yoast_head_json":{"title":"Brasil da selvageria virou filme de terror, mas h\u00e1 a causa e o efeito - Notibras","robots":{"index":"index","follow":"follow","max-snippet":"max-snippet:-1","max-image-preview":"max-image-preview:large","max-video-preview":"max-video-preview:-1"},"canonical":"https:\/\/www.notibras.com\/site\/brasil-da-selvageria-virou-filme-de-terror-mas-ha-a-causa-e-o-efeito\/","og_locale":"pt_BR","og_type":"article","og_title":"Brasil da selvageria virou filme de terror, mas h\u00e1 a causa e o efeito - Notibras","og_description":"Aproveitando para comparar a grandiosidade das festividades juninas com a pequenez do governo tenentista, imposs\u00edvel falar de coisas pequenas e n\u00e3o fazer refer\u00eancia ao maledeto encontro da semana passada entre os presidentes do Brasil e dos Estados Unidos. Ap\u00f3s tr\u00eas anos e meio no poder, finalmente Jair Messias esteve frente \u00e0 frente com Joe Biden. [&hellip;]","og_url":"https:\/\/www.notibras.com\/site\/brasil-da-selvageria-virou-filme-de-terror-mas-ha-a-causa-e-o-efeito\/","og_site_name":"Notibras","article_publisher":"https:\/\/www.facebook.com\/notibras\/","article_published_time":"2022-06-14T08:45:47+00:00","article_modified_time":"2022-06-14T08:56:32+00:00","og_image":[{"width":1273,"height":636,"url":"https:\/\/www.notibras.com\/site\/wp-content\/uploads\/2022\/05\/jb.ara_.png","type":"image\/png"}],"author":"Reda\u00e7\u00e3o","twitter_card":"summary_large_image","twitter_creator":"@Notibras","twitter_site":"@Notibras","twitter_misc":{"Escrito por":"Reda\u00e7\u00e3o","Est. tempo de leitura":"3 minutos"},"schema":{"@context":"https:\/\/schema.org","@graph":[{"@type":"Article","@id":"https:\/\/www.notibras.com\/site\/brasil-da-selvageria-virou-filme-de-terror-mas-ha-a-causa-e-o-efeito\/#article","isPartOf":{"@id":"https:\/\/www.notibras.com\/site\/brasil-da-selvageria-virou-filme-de-terror-mas-ha-a-causa-e-o-efeito\/"},"author":{"name":"Reda\u00e7\u00e3o","@id":"https:\/\/www.notibras.com\/site\/#\/schema\/person\/36ab0979449956132d3e5b517ea76ac8"},"headline":"Brasil da selvageria virou filme de terror, mas h\u00e1 a causa e o efeito","datePublished":"2022-06-14T08:45:47+00:00","dateModified":"2022-06-14T08:56:32+00:00","mainEntityOfPage":{"@id":"https:\/\/www.notibras.com\/site\/brasil-da-selvageria-virou-filme-de-terror-mas-ha-a-causa-e-o-efeito\/"},"wordCount":614,"publisher":{"@id":"https:\/\/www.notibras.com\/site\/#organization"},"image":{"@id":"https:\/\/www.notibras.com\/site\/brasil-da-selvageria-virou-filme-de-terror-mas-ha-a-causa-e-o-efeito\/#primaryimage"},"thumbnailUrl":"https:\/\/www.notibras.com\/site\/wp-content\/uploads\/2022\/05\/jb.ara_.png","keywords":["capa"],"articleSection":["Elei\u00e7\u00f5es 2022"],"inLanguage":"pt-BR"},{"@type":"WebPage","@id":"https:\/\/www.notibras.com\/site\/brasil-da-selvageria-virou-filme-de-terror-mas-ha-a-causa-e-o-efeito\/","url":"https:\/\/www.notibras.com\/site\/brasil-da-selvageria-virou-filme-de-terror-mas-ha-a-causa-e-o-efeito\/","name":"Brasil da selvageria virou filme de terror, mas h\u00e1 a causa e o efeito - Notibras","isPartOf":{"@id":"https:\/\/www.notibras.com\/site\/#website"},"primaryImageOfPage":{"@id":"https:\/\/www.notibras.com\/site\/brasil-da-selvageria-virou-filme-de-terror-mas-ha-a-causa-e-o-efeito\/#primaryimage"},"image":{"@id":"https:\/\/www.notibras.com\/site\/brasil-da-selvageria-virou-filme-de-terror-mas-ha-a-causa-e-o-efeito\/#primaryimage"},"thumbnailUrl":"https:\/\/www.notibras.com\/site\/wp-content\/uploads\/2022\/05\/jb.ara_.png","datePublished":"2022-06-14T08:45:47+00:00","dateModified":"2022-06-14T08:56:32+00:00","breadcrumb":{"@id":"https:\/\/www.notibras.com\/site\/brasil-da-selvageria-virou-filme-de-terror-mas-ha-a-causa-e-o-efeito\/#breadcrumb"},"inLanguage":"pt-BR","potentialAction":[{"@type":"ReadAction","target":["https:\/\/www.notibras.com\/site\/brasil-da-selvageria-virou-filme-de-terror-mas-ha-a-causa-e-o-efeito\/"]}]},{"@type":"ImageObject","inLanguage":"pt-BR","@id":"https:\/\/www.notibras.com\/site\/brasil-da-selvageria-virou-filme-de-terror-mas-ha-a-causa-e-o-efeito\/#primaryimage","url":"https:\/\/www.notibras.com\/site\/wp-content\/uploads\/2022\/05\/jb.ara_.png","contentUrl":"https:\/\/www.notibras.com\/site\/wp-content\/uploads\/2022\/05\/jb.ara_.png","width":1273,"height":636},{"@type":"BreadcrumbList","@id":"https:\/\/www.notibras.com\/site\/brasil-da-selvageria-virou-filme-de-terror-mas-ha-a-causa-e-o-efeito\/#breadcrumb","itemListElement":[{"@type":"ListItem","position":1,"name":"In\u00edcio","item":"https:\/\/www.notibras.com\/site\/"},{"@type":"ListItem","position":2,"name":"Brasil da selvageria virou filme de terror, mas h\u00e1 a causa e o efeito"}]},{"@type":"WebSite","@id":"https:\/\/www.notibras.com\/site\/#website","url":"https:\/\/www.notibras.com\/site\/","name":"Notibras","description":"Not\u00edcias de Bras\u00edlia, do Brasil e do Mundo","publisher":{"@id":"https:\/\/www.notibras.com\/site\/#organization"},"potentialAction":[{"@type":"SearchAction","target":{"@type":"EntryPoint","urlTemplate":"https:\/\/www.notibras.com\/site\/?s={search_term_string}"},"query-input":{"@type":"PropertyValueSpecification","valueRequired":true,"valueName":"search_term_string"}}],"inLanguage":"pt-BR"},{"@type":"Organization","@id":"https:\/\/www.notibras.com\/site\/#organization","name":"Grupo Notibras de Comunica\u00e7\u00e3o","url":"https:\/\/www.notibras.com\/site\/","logo":{"@type":"ImageObject","inLanguage":"pt-BR","@id":"https:\/\/www.notibras.com\/site\/#\/schema\/logo\/image\/","url":"https:\/\/www.notibras.com\/site\/wp-content\/uploads\/2023\/01\/notibras23.png","contentUrl":"https:\/\/www.notibras.com\/site\/wp-content\/uploads\/2023\/01\/notibras23.png","width":350,"height":87,"caption":"Grupo Notibras de Comunica\u00e7\u00e3o"},"image":{"@id":"https:\/\/www.notibras.com\/site\/#\/schema\/logo\/image\/"},"sameAs":["https:\/\/www.facebook.com\/notibras\/","https:\/\/x.com\/Notibras","https:\/\/www.instagram.com\/notibras\/"]},{"@type":"Person","@id":"https:\/\/www.notibras.com\/site\/#\/schema\/person\/36ab0979449956132d3e5b517ea76ac8","name":"Reda\u00e7\u00e3o","image":{"@type":"ImageObject","inLanguage":"pt-BR","@id":"https:\/\/secure.gravatar.com\/avatar\/e0a867bdedb85fd243eadf09663511f96fc81e0720a4a42581f334ad4303aa6b?s=96&d=mm&r=g","url":"https:\/\/secure.gravatar.com\/avatar\/e0a867bdedb85fd243eadf09663511f96fc81e0720a4a42581f334ad4303aa6b?s=96&d=mm&r=g","contentUrl":"https:\/\/secure.gravatar.com\/avatar\/e0a867bdedb85fd243eadf09663511f96fc81e0720a4a42581f334ad4303aa6b?s=96&d=mm&r=g","caption":"Reda\u00e7\u00e3o"}}]}},"amp_enabled":true,"_links":{"self":[{"href":"https:\/\/www.notibras.com\/site\/wp-json\/wp\/v2\/posts\/287380","targetHints":{"allow":["GET"]}}],"collection":[{"href":"https:\/\/www.notibras.com\/site\/wp-json\/wp\/v2\/posts"}],"about":[{"href":"https:\/\/www.notibras.com\/site\/wp-json\/wp\/v2\/types\/post"}],"author":[{"embeddable":true,"href":"https:\/\/www.notibras.com\/site\/wp-json\/wp\/v2\/users\/2"}],"replies":[{"embeddable":true,"href":"https:\/\/www.notibras.com\/site\/wp-json\/wp\/v2\/comments?post=287380"}],"version-history":[{"count":1,"href":"https:\/\/www.notibras.com\/site\/wp-json\/wp\/v2\/posts\/287380\/revisions"}],"predecessor-version":[{"id":287381,"href":"https:\/\/www.notibras.com\/site\/wp-json\/wp\/v2\/posts\/287380\/revisions\/287381"}],"wp:featuredmedia":[{"embeddable":true,"href":"https:\/\/www.notibras.com\/site\/wp-json\/wp\/v2\/media\/284823"}],"wp:attachment":[{"href":"https:\/\/www.notibras.com\/site\/wp-json\/wp\/v2\/media?parent=287380"}],"wp:term":[{"taxonomy":"category","embeddable":true,"href":"https:\/\/www.notibras.com\/site\/wp-json\/wp\/v2\/categories?post=287380"},{"taxonomy":"post_tag","embeddable":true,"href":"https:\/\/www.notibras.com\/site\/wp-json\/wp\/v2\/tags?post=287380"}],"curies":[{"name":"wp","href":"https:\/\/api.w.org\/{rel}","templated":true}]}}