{"id":28741,"date":"2014-11-18T22:28:45","date_gmt":"2014-11-19T01:28:45","guid":{"rendered":"http:\/\/www.notibras.com\/site\/?p=28741"},"modified":"2014-11-19T12:22:36","modified_gmt":"2014-11-19T15:22:36","slug":"quebra-dos-sigilos-de-vaccari-pode-virar-bomba-nos-colos-de-dilma-e-lula","status":"publish","type":"post","link":"https:\/\/www.notibras.com\/site\/quebra-dos-sigilos-de-vaccari-pode-virar-bomba-nos-colos-de-dilma-e-lula\/","title":{"rendered":"Quebra dos sigilos de Vaccari vira bomba para Dilma e Lula"},"content":{"rendered":"<div class=\"entry-inner\">\n<p>Mais uma bomba pode explodir nas vizinhan\u00e7as do Pal\u00e1cio do Planalto, onde Dilma Rousseff tem seu gabinete de trabalho, e em S\u00e3o Bernardo do Campo, onde o ex-presidente Luiz In\u00e1cio Lula da Silva costuma passar fins de semana em seu apartamento. O detonador atende pelo nome de \u2018conta banc\u00e1ria de Jo\u00e3o Vaccari Neto\u2019.<\/p>\n<p>O cerco come\u00e7ou a se fechar com a decis\u00e3o da CPI Mista da Petrobras de aprovar nesta ter\u00e7a-feira um requerimento de quebra de sigilo telef\u00f4nico, banc\u00e1rio e fiscal do tesoureiro do PT. Se acontecer o que pensa a Oposi\u00e7\u00e3o, os estragos s\u00e3o imprevis\u00edveis.<\/p>\n<p>Jo\u00e3o Vaccari Neto, deputado, \u00e9 o tesoureiro do PT. Ele \u00e9 suspeito de ser operador do partido em um esquema de corrup\u00e7\u00e3o dentro da Petrobras, investigado pela Opera\u00e7\u00e3o Lava Jato, da Pol\u00edcia Federal.<\/p>\n<blockquote><p>Segundo afirma\u00e7\u00f5es do ex-diretor de Abastecimento da Petrobras Paulo Roberto Costa, que falou aos investigadores em troca de redu\u00e7\u00e3o de pena, Vaccari seria intermedi\u00e1rio do PT no esquema de pagamento de propinas.<\/p><\/blockquote>\n<p>De acordo com as investiga\u00e7\u00f5es, as empreiteiras formavam um cartel e repassavam um percentual dos contratos superfaturados ao PT, PP e PMDB, que controlavam diferentes diretorias na estatal.<\/p>\n<p>A quebra de sigilo foi aprovada em placar apertado na CPI, 12 votos a 11. Parlamentares da base aliada contestaram a decis\u00e3o de n\u00e3o ampliar o requerimento para quebrar o sigilo de diferentes tesoureiros.<\/p>\n<p>\u201cQuero externar minha indigna\u00e7\u00e3o da n\u00e3o extens\u00e3o do requerimento aos tesoureiros de outros partidos que recebem recursos dessas empresas\u201d, disse o deputado Sib\u00e1 Machado (PT-AC), ao lembrar que as empreiteiras fizeram doa\u00e7\u00f5es de campanha para diferentes legendas nas elei\u00e7\u00f5es.<\/p>\n<\/div>\n","protected":false},"excerpt":{"rendered":"<p>Mais uma bomba pode explodir nas vizinhan\u00e7as do Pal\u00e1cio do Planalto, onde Dilma Rousseff tem seu gabinete de trabalho, e em S\u00e3o Bernardo do Campo, onde o ex-presidente Luiz In\u00e1cio Lula da Silva costuma passar fins de semana em seu apartamento. O detonador atende pelo nome de \u2018conta banc\u00e1ria de Jo\u00e3o Vaccari Neto\u2019. O cerco [&hellip;]<\/p>\n","protected":false},"author":2,"featured_media":28742,"comment_status":"open","ping_status":"closed","sticky":false,"template":"","format":"standard","meta":{"_acf_changed":false,"footnotes":""},"categories":[16],"tags":[],"class_list":["post-28741","post","type-post","status-publish","format-standard","has-post-thumbnail","hentry","category-brasil"],"acf":[],"yoast_head":"<!-- This site is optimized with the Yoast SEO plugin v27.2 - https:\/\/yoast.com\/product\/yoast-seo-wordpress\/ -->\n<title>Quebra dos sigilos de Vaccari vira bomba para Dilma e Lula - Notibras<\/title>\n<meta name=\"robots\" content=\"index, follow, max-snippet:-1, max-image-preview:large, max-video-preview:-1\" \/>\n<link rel=\"canonical\" href=\"https:\/\/www.notibras.com\/site\/quebra-dos-sigilos-de-vaccari-pode-virar-bomba-nos-colos-de-dilma-e-lula\/\" \/>\n<meta property=\"og:locale\" content=\"pt_BR\" \/>\n<meta property=\"og:type\" content=\"article\" \/>\n<meta property=\"og:title\" content=\"Quebra dos sigilos de Vaccari vira bomba para Dilma e Lula - Notibras\" \/>\n<meta property=\"og:description\" content=\"Mais uma bomba pode explodir nas vizinhan\u00e7as do Pal\u00e1cio do Planalto, onde Dilma Rousseff tem seu gabinete de trabalho, e em S\u00e3o Bernardo do Campo, onde o ex-presidente Luiz In\u00e1cio Lula da Silva costuma passar fins de semana em seu apartamento. O detonador atende pelo nome de \u2018conta banc\u00e1ria de Jo\u00e3o Vaccari Neto\u2019. O cerco [&hellip;]\" \/>\n<meta property=\"og:url\" content=\"https:\/\/www.notibras.com\/site\/quebra-dos-sigilos-de-vaccari-pode-virar-bomba-nos-colos-de-dilma-e-lula\/\" \/>\n<meta property=\"og:site_name\" content=\"Notibras\" \/>\n<meta property=\"article:publisher\" content=\"https:\/\/www.facebook.com\/notibras\/\" \/>\n<meta property=\"article:published_time\" content=\"2014-11-19T01:28:45+00:00\" \/>\n<meta property=\"article:modified_time\" content=\"2014-11-19T15:22:36+00:00\" \/>\n<meta property=\"og:image\" content=\"https:\/\/www.notibras.com\/site\/wp-content\/uploads\/2014\/11\/joaovaccarinetoroosewelt-pinheiroabr.jpg\" \/>\n\t<meta property=\"og:image:width\" content=\"460\" \/>\n\t<meta property=\"og:image:height\" content=\"340\" \/>\n\t<meta property=\"og:image:type\" content=\"image\/jpeg\" \/>\n<meta name=\"author\" content=\"Reda\u00e7\u00e3o\" \/>\n<meta name=\"twitter:card\" content=\"summary_large_image\" \/>\n<meta name=\"twitter:creator\" content=\"@Notibras\" \/>\n<meta name=\"twitter:site\" content=\"@Notibras\" \/>\n<meta name=\"twitter:label1\" content=\"Escrito por\" \/>\n\t<meta name=\"twitter:data1\" content=\"Reda\u00e7\u00e3o\" \/>\n\t<meta name=\"twitter:label2\" content=\"Est. tempo de leitura\" \/>\n\t<meta name=\"twitter:data2\" content=\"1 minuto\" \/>\n<script type=\"application\/ld+json\" class=\"yoast-schema-graph\">{\"@context\":\"https:\/\/schema.org\",\"@graph\":[{\"@type\":\"Article\",\"@id\":\"https:\/\/www.notibras.com\/site\/quebra-dos-sigilos-de-vaccari-pode-virar-bomba-nos-colos-de-dilma-e-lula\/#article\",\"isPartOf\":{\"@id\":\"https:\/\/www.notibras.com\/site\/quebra-dos-sigilos-de-vaccari-pode-virar-bomba-nos-colos-de-dilma-e-lula\/\"},\"author\":{\"name\":\"Reda\u00e7\u00e3o\",\"@id\":\"https:\/\/www.notibras.com\/site\/#\/schema\/person\/36ab0979449956132d3e5b517ea76ac8\"},\"headline\":\"Quebra dos sigilos de Vaccari vira bomba para Dilma e Lula\",\"datePublished\":\"2014-11-19T01:28:45+00:00\",\"dateModified\":\"2014-11-19T15:22:36+00:00\",\"mainEntityOfPage\":{\"@id\":\"https:\/\/www.notibras.com\/site\/quebra-dos-sigilos-de-vaccari-pode-virar-bomba-nos-colos-de-dilma-e-lula\/\"},\"wordCount\":298,\"commentCount\":0,\"publisher\":{\"@id\":\"https:\/\/www.notibras.com\/site\/#organization\"},\"image\":{\"@id\":\"https:\/\/www.notibras.com\/site\/quebra-dos-sigilos-de-vaccari-pode-virar-bomba-nos-colos-de-dilma-e-lula\/#primaryimage\"},\"thumbnailUrl\":\"https:\/\/www.notibras.com\/site\/wp-content\/uploads\/2014\/11\/joaovaccarinetoroosewelt-pinheiroabr.jpg\",\"articleSection\":[\"Brasil\"],\"inLanguage\":\"pt-BR\",\"potentialAction\":[{\"@type\":\"CommentAction\",\"name\":\"Comment\",\"target\":[\"https:\/\/www.notibras.com\/site\/quebra-dos-sigilos-de-vaccari-pode-virar-bomba-nos-colos-de-dilma-e-lula\/#respond\"]}]},{\"@type\":\"WebPage\",\"@id\":\"https:\/\/www.notibras.com\/site\/quebra-dos-sigilos-de-vaccari-pode-virar-bomba-nos-colos-de-dilma-e-lula\/\",\"url\":\"https:\/\/www.notibras.com\/site\/quebra-dos-sigilos-de-vaccari-pode-virar-bomba-nos-colos-de-dilma-e-lula\/\",\"name\":\"Quebra dos sigilos de Vaccari vira bomba para Dilma e Lula - Notibras\",\"isPartOf\":{\"@id\":\"https:\/\/www.notibras.com\/site\/#website\"},\"primaryImageOfPage\":{\"@id\":\"https:\/\/www.notibras.com\/site\/quebra-dos-sigilos-de-vaccari-pode-virar-bomba-nos-colos-de-dilma-e-lula\/#primaryimage\"},\"image\":{\"@id\":\"https:\/\/www.notibras.com\/site\/quebra-dos-sigilos-de-vaccari-pode-virar-bomba-nos-colos-de-dilma-e-lula\/#primaryimage\"},\"thumbnailUrl\":\"https:\/\/www.notibras.com\/site\/wp-content\/uploads\/2014\/11\/joaovaccarinetoroosewelt-pinheiroabr.jpg\",\"datePublished\":\"2014-11-19T01:28:45+00:00\",\"dateModified\":\"2014-11-19T15:22:36+00:00\",\"breadcrumb\":{\"@id\":\"https:\/\/www.notibras.com\/site\/quebra-dos-sigilos-de-vaccari-pode-virar-bomba-nos-colos-de-dilma-e-lula\/#breadcrumb\"},\"inLanguage\":\"pt-BR\",\"potentialAction\":[{\"@type\":\"ReadAction\",\"target\":[\"https:\/\/www.notibras.com\/site\/quebra-dos-sigilos-de-vaccari-pode-virar-bomba-nos-colos-de-dilma-e-lula\/\"]}]},{\"@type\":\"ImageObject\",\"inLanguage\":\"pt-BR\",\"@id\":\"https:\/\/www.notibras.com\/site\/quebra-dos-sigilos-de-vaccari-pode-virar-bomba-nos-colos-de-dilma-e-lula\/#primaryimage\",\"url\":\"https:\/\/www.notibras.com\/site\/wp-content\/uploads\/2014\/11\/joaovaccarinetoroosewelt-pinheiroabr.jpg\",\"contentUrl\":\"https:\/\/www.notibras.com\/site\/wp-content\/uploads\/2014\/11\/joaovaccarinetoroosewelt-pinheiroabr.jpg\",\"width\":460,\"height\":340},{\"@type\":\"BreadcrumbList\",\"@id\":\"https:\/\/www.notibras.com\/site\/quebra-dos-sigilos-de-vaccari-pode-virar-bomba-nos-colos-de-dilma-e-lula\/#breadcrumb\",\"itemListElement\":[{\"@type\":\"ListItem\",\"position\":1,\"name\":\"In\u00edcio\",\"item\":\"https:\/\/www.notibras.com\/site\/\"},{\"@type\":\"ListItem\",\"position\":2,\"name\":\"Quebra dos sigilos de Vaccari vira bomba para Dilma e Lula\"}]},{\"@type\":\"WebSite\",\"@id\":\"https:\/\/www.notibras.com\/site\/#website\",\"url\":\"https:\/\/www.notibras.com\/site\/\",\"name\":\"Notibras\",\"description\":\"Not\u00edcias de Bras\u00edlia, do Brasil e do Mundo\",\"publisher\":{\"@id\":\"https:\/\/www.notibras.com\/site\/#organization\"},\"potentialAction\":[{\"@type\":\"SearchAction\",\"target\":{\"@type\":\"EntryPoint\",\"urlTemplate\":\"https:\/\/www.notibras.com\/site\/?s={search_term_string}\"},\"query-input\":{\"@type\":\"PropertyValueSpecification\",\"valueRequired\":true,\"valueName\":\"search_term_string\"}}],\"inLanguage\":\"pt-BR\"},{\"@type\":\"Organization\",\"@id\":\"https:\/\/www.notibras.com\/site\/#organization\",\"name\":\"Grupo Notibras de Comunica\u00e7\u00e3o\",\"url\":\"https:\/\/www.notibras.com\/site\/\",\"logo\":{\"@type\":\"ImageObject\",\"inLanguage\":\"pt-BR\",\"@id\":\"https:\/\/www.notibras.com\/site\/#\/schema\/logo\/image\/\",\"url\":\"https:\/\/www.notibras.com\/site\/wp-content\/uploads\/2023\/01\/notibras23.png\",\"contentUrl\":\"https:\/\/www.notibras.com\/site\/wp-content\/uploads\/2023\/01\/notibras23.png\",\"width\":350,\"height\":87,\"caption\":\"Grupo Notibras de Comunica\u00e7\u00e3o\"},\"image\":{\"@id\":\"https:\/\/www.notibras.com\/site\/#\/schema\/logo\/image\/\"},\"sameAs\":[\"https:\/\/www.facebook.com\/notibras\/\",\"https:\/\/x.com\/Notibras\",\"https:\/\/www.instagram.com\/notibras\/\"]},{\"@type\":\"Person\",\"@id\":\"https:\/\/www.notibras.com\/site\/#\/schema\/person\/36ab0979449956132d3e5b517ea76ac8\",\"name\":\"Reda\u00e7\u00e3o\",\"image\":{\"@type\":\"ImageObject\",\"inLanguage\":\"pt-BR\",\"@id\":\"https:\/\/secure.gravatar.com\/avatar\/e0a867bdedb85fd243eadf09663511f96fc81e0720a4a42581f334ad4303aa6b?s=96&d=mm&r=g\",\"url\":\"https:\/\/secure.gravatar.com\/avatar\/e0a867bdedb85fd243eadf09663511f96fc81e0720a4a42581f334ad4303aa6b?s=96&d=mm&r=g\",\"contentUrl\":\"https:\/\/secure.gravatar.com\/avatar\/e0a867bdedb85fd243eadf09663511f96fc81e0720a4a42581f334ad4303aa6b?s=96&d=mm&r=g\",\"caption\":\"Reda\u00e7\u00e3o\"}}]}<\/script>\n<!-- \/ Yoast SEO plugin. -->","yoast_head_json":{"title":"Quebra dos sigilos de Vaccari vira bomba para Dilma e Lula - Notibras","robots":{"index":"index","follow":"follow","max-snippet":"max-snippet:-1","max-image-preview":"max-image-preview:large","max-video-preview":"max-video-preview:-1"},"canonical":"https:\/\/www.notibras.com\/site\/quebra-dos-sigilos-de-vaccari-pode-virar-bomba-nos-colos-de-dilma-e-lula\/","og_locale":"pt_BR","og_type":"article","og_title":"Quebra dos sigilos de Vaccari vira bomba para Dilma e Lula - Notibras","og_description":"Mais uma bomba pode explodir nas vizinhan\u00e7as do Pal\u00e1cio do Planalto, onde Dilma Rousseff tem seu gabinete de trabalho, e em S\u00e3o Bernardo do Campo, onde o ex-presidente Luiz In\u00e1cio Lula da Silva costuma passar fins de semana em seu apartamento. O detonador atende pelo nome de \u2018conta banc\u00e1ria de Jo\u00e3o Vaccari Neto\u2019. O cerco [&hellip;]","og_url":"https:\/\/www.notibras.com\/site\/quebra-dos-sigilos-de-vaccari-pode-virar-bomba-nos-colos-de-dilma-e-lula\/","og_site_name":"Notibras","article_publisher":"https:\/\/www.facebook.com\/notibras\/","article_published_time":"2014-11-19T01:28:45+00:00","article_modified_time":"2014-11-19T15:22:36+00:00","og_image":[{"width":460,"height":340,"url":"https:\/\/www.notibras.com\/site\/wp-content\/uploads\/2014\/11\/joaovaccarinetoroosewelt-pinheiroabr.jpg","type":"image\/jpeg"}],"author":"Reda\u00e7\u00e3o","twitter_card":"summary_large_image","twitter_creator":"@Notibras","twitter_site":"@Notibras","twitter_misc":{"Escrito por":"Reda\u00e7\u00e3o","Est. tempo de leitura":"1 minuto"},"schema":{"@context":"https:\/\/schema.org","@graph":[{"@type":"Article","@id":"https:\/\/www.notibras.com\/site\/quebra-dos-sigilos-de-vaccari-pode-virar-bomba-nos-colos-de-dilma-e-lula\/#article","isPartOf":{"@id":"https:\/\/www.notibras.com\/site\/quebra-dos-sigilos-de-vaccari-pode-virar-bomba-nos-colos-de-dilma-e-lula\/"},"author":{"name":"Reda\u00e7\u00e3o","@id":"https:\/\/www.notibras.com\/site\/#\/schema\/person\/36ab0979449956132d3e5b517ea76ac8"},"headline":"Quebra dos sigilos de Vaccari vira bomba para Dilma e Lula","datePublished":"2014-11-19T01:28:45+00:00","dateModified":"2014-11-19T15:22:36+00:00","mainEntityOfPage":{"@id":"https:\/\/www.notibras.com\/site\/quebra-dos-sigilos-de-vaccari-pode-virar-bomba-nos-colos-de-dilma-e-lula\/"},"wordCount":298,"commentCount":0,"publisher":{"@id":"https:\/\/www.notibras.com\/site\/#organization"},"image":{"@id":"https:\/\/www.notibras.com\/site\/quebra-dos-sigilos-de-vaccari-pode-virar-bomba-nos-colos-de-dilma-e-lula\/#primaryimage"},"thumbnailUrl":"https:\/\/www.notibras.com\/site\/wp-content\/uploads\/2014\/11\/joaovaccarinetoroosewelt-pinheiroabr.jpg","articleSection":["Brasil"],"inLanguage":"pt-BR","potentialAction":[{"@type":"CommentAction","name":"Comment","target":["https:\/\/www.notibras.com\/site\/quebra-dos-sigilos-de-vaccari-pode-virar-bomba-nos-colos-de-dilma-e-lula\/#respond"]}]},{"@type":"WebPage","@id":"https:\/\/www.notibras.com\/site\/quebra-dos-sigilos-de-vaccari-pode-virar-bomba-nos-colos-de-dilma-e-lula\/","url":"https:\/\/www.notibras.com\/site\/quebra-dos-sigilos-de-vaccari-pode-virar-bomba-nos-colos-de-dilma-e-lula\/","name":"Quebra dos sigilos de Vaccari vira bomba para Dilma e Lula - Notibras","isPartOf":{"@id":"https:\/\/www.notibras.com\/site\/#website"},"primaryImageOfPage":{"@id":"https:\/\/www.notibras.com\/site\/quebra-dos-sigilos-de-vaccari-pode-virar-bomba-nos-colos-de-dilma-e-lula\/#primaryimage"},"image":{"@id":"https:\/\/www.notibras.com\/site\/quebra-dos-sigilos-de-vaccari-pode-virar-bomba-nos-colos-de-dilma-e-lula\/#primaryimage"},"thumbnailUrl":"https:\/\/www.notibras.com\/site\/wp-content\/uploads\/2014\/11\/joaovaccarinetoroosewelt-pinheiroabr.jpg","datePublished":"2014-11-19T01:28:45+00:00","dateModified":"2014-11-19T15:22:36+00:00","breadcrumb":{"@id":"https:\/\/www.notibras.com\/site\/quebra-dos-sigilos-de-vaccari-pode-virar-bomba-nos-colos-de-dilma-e-lula\/#breadcrumb"},"inLanguage":"pt-BR","potentialAction":[{"@type":"ReadAction","target":["https:\/\/www.notibras.com\/site\/quebra-dos-sigilos-de-vaccari-pode-virar-bomba-nos-colos-de-dilma-e-lula\/"]}]},{"@type":"ImageObject","inLanguage":"pt-BR","@id":"https:\/\/www.notibras.com\/site\/quebra-dos-sigilos-de-vaccari-pode-virar-bomba-nos-colos-de-dilma-e-lula\/#primaryimage","url":"https:\/\/www.notibras.com\/site\/wp-content\/uploads\/2014\/11\/joaovaccarinetoroosewelt-pinheiroabr.jpg","contentUrl":"https:\/\/www.notibras.com\/site\/wp-content\/uploads\/2014\/11\/joaovaccarinetoroosewelt-pinheiroabr.jpg","width":460,"height":340},{"@type":"BreadcrumbList","@id":"https:\/\/www.notibras.com\/site\/quebra-dos-sigilos-de-vaccari-pode-virar-bomba-nos-colos-de-dilma-e-lula\/#breadcrumb","itemListElement":[{"@type":"ListItem","position":1,"name":"In\u00edcio","item":"https:\/\/www.notibras.com\/site\/"},{"@type":"ListItem","position":2,"name":"Quebra dos sigilos de Vaccari vira bomba para Dilma e Lula"}]},{"@type":"WebSite","@id":"https:\/\/www.notibras.com\/site\/#website","url":"https:\/\/www.notibras.com\/site\/","name":"Notibras","description":"Not\u00edcias de Bras\u00edlia, do Brasil e do Mundo","publisher":{"@id":"https:\/\/www.notibras.com\/site\/#organization"},"potentialAction":[{"@type":"SearchAction","target":{"@type":"EntryPoint","urlTemplate":"https:\/\/www.notibras.com\/site\/?s={search_term_string}"},"query-input":{"@type":"PropertyValueSpecification","valueRequired":true,"valueName":"search_term_string"}}],"inLanguage":"pt-BR"},{"@type":"Organization","@id":"https:\/\/www.notibras.com\/site\/#organization","name":"Grupo Notibras de Comunica\u00e7\u00e3o","url":"https:\/\/www.notibras.com\/site\/","logo":{"@type":"ImageObject","inLanguage":"pt-BR","@id":"https:\/\/www.notibras.com\/site\/#\/schema\/logo\/image\/","url":"https:\/\/www.notibras.com\/site\/wp-content\/uploads\/2023\/01\/notibras23.png","contentUrl":"https:\/\/www.notibras.com\/site\/wp-content\/uploads\/2023\/01\/notibras23.png","width":350,"height":87,"caption":"Grupo Notibras de Comunica\u00e7\u00e3o"},"image":{"@id":"https:\/\/www.notibras.com\/site\/#\/schema\/logo\/image\/"},"sameAs":["https:\/\/www.facebook.com\/notibras\/","https:\/\/x.com\/Notibras","https:\/\/www.instagram.com\/notibras\/"]},{"@type":"Person","@id":"https:\/\/www.notibras.com\/site\/#\/schema\/person\/36ab0979449956132d3e5b517ea76ac8","name":"Reda\u00e7\u00e3o","image":{"@type":"ImageObject","inLanguage":"pt-BR","@id":"https:\/\/secure.gravatar.com\/avatar\/e0a867bdedb85fd243eadf09663511f96fc81e0720a4a42581f334ad4303aa6b?s=96&d=mm&r=g","url":"https:\/\/secure.gravatar.com\/avatar\/e0a867bdedb85fd243eadf09663511f96fc81e0720a4a42581f334ad4303aa6b?s=96&d=mm&r=g","contentUrl":"https:\/\/secure.gravatar.com\/avatar\/e0a867bdedb85fd243eadf09663511f96fc81e0720a4a42581f334ad4303aa6b?s=96&d=mm&r=g","caption":"Reda\u00e7\u00e3o"}}]}},"amp_enabled":true,"_links":{"self":[{"href":"https:\/\/www.notibras.com\/site\/wp-json\/wp\/v2\/posts\/28741","targetHints":{"allow":["GET"]}}],"collection":[{"href":"https:\/\/www.notibras.com\/site\/wp-json\/wp\/v2\/posts"}],"about":[{"href":"https:\/\/www.notibras.com\/site\/wp-json\/wp\/v2\/types\/post"}],"author":[{"embeddable":true,"href":"https:\/\/www.notibras.com\/site\/wp-json\/wp\/v2\/users\/2"}],"replies":[{"embeddable":true,"href":"https:\/\/www.notibras.com\/site\/wp-json\/wp\/v2\/comments?post=28741"}],"version-history":[{"count":0,"href":"https:\/\/www.notibras.com\/site\/wp-json\/wp\/v2\/posts\/28741\/revisions"}],"wp:featuredmedia":[{"embeddable":true,"href":"https:\/\/www.notibras.com\/site\/wp-json\/wp\/v2\/media\/28742"}],"wp:attachment":[{"href":"https:\/\/www.notibras.com\/site\/wp-json\/wp\/v2\/media?parent=28741"}],"wp:term":[{"taxonomy":"category","embeddable":true,"href":"https:\/\/www.notibras.com\/site\/wp-json\/wp\/v2\/categories?post=28741"},{"taxonomy":"post_tag","embeddable":true,"href":"https:\/\/www.notibras.com\/site\/wp-json\/wp\/v2\/tags?post=28741"}],"curies":[{"name":"wp","href":"https:\/\/api.w.org\/{rel}","templated":true}]}}