{"id":287436,"date":"2022-06-14T10:54:57","date_gmt":"2022-06-14T13:54:57","guid":{"rendered":"https:\/\/www.notibras.com\/site\/?p=287436"},"modified":"2022-06-14T11:12:02","modified_gmt":"2022-06-14T14:12:02","slug":"ucrania-fica-sem-armas-e-ja-admite-derrota-para-os-russos","status":"publish","type":"post","link":"https:\/\/www.notibras.com\/site\/ucrania-fica-sem-armas-e-ja-admite-derrota-para-os-russos\/","title":{"rendered":"Ucr\u00e2nia fica sem armas e j\u00e1 admite derrota para os russos"},"content":{"rendered":"<p>A Ucr\u00e2nia est\u00e1 ficando sem muni\u00e7\u00e3o. E a derrota para a R\u00fassia \u00e9 iminente. Quem admite \u00e9 o pr\u00f3prio regime e Kiev, que v\u00ea as armas encaminhadas por Estados Unidos, Canad\u00e1 e Otan virarem p\u00f3s em bombardeios sucessivos das tropas russas.<\/p>\n<p>Desde o in\u00edcio da ofensiva russa, em fevereiro, j\u00e1 se v\u00e3o quase quatro meses. E enquanto as tropas avan\u00e7am, autoridades em Kiev enfrentam uma escassez de muni\u00e7\u00e3o para o contra-ataque. Na avalia\u00e7\u00e3o do governo ucraniano, caso o Ocidente n\u00e3o envie mais armas para confrontar a experiente artilharia russa, uma derrota estaria pr\u00f3xima.<\/p>\n<p>Ainda de acordo militares ucranianos, o Ocidente hesita em ampliar sua ajuda militar em consequ\u00eancia de uma \u201cfadiga da guerra\u201d, que est\u00e1 perto de completar quatro meses e impacta cada vez mais os pre\u00e7os de energia e alimentos. Segundo os militares ucranianos, o pa\u00eds tem esgotado rapidamente suas muni\u00e7\u00f5es e perdido cerca de 100 soldados por dia.<\/p>\n<p>Em entrevista ao jornal brit\u00e2nico <em>The Guardian<\/em>, o vice-chefe de intelig\u00eancia militar da Ucr\u00e2nia, Vadim Skibitski, disse que a Ucr\u00e2nia est\u00e1 perdendo para a R\u00fassia na linha de frente e depende quase exclusivamente de armas do Ocidente para manter sua defesa. \u201cEsta \u00e9 uma guerra de artilharia agora\u201d, disse Skibitski. \u201cTudo agora depende do que [o Ocidente] nos d\u00e1.\u201d<\/p>\n<p>At\u00e9 ent\u00e3o, a Ucr\u00e2nia havia acumulado surpreendentes ganhos militares na guerra, for\u00e7ando a R\u00fassia a recuar sua ofensiva no leste do pa\u00eds. Analistas atribuem o sucesso \u00e0 resposta r\u00e1pida do ocidente em enviar ajuda militar para Kiev, al\u00e9m de impor duras san\u00e7\u00f5es \u00e0 R\u00fassia que custou o investimento em aparatos de guerra. Mas agora Moscou parece estar mudando a estrat\u00e9gia para uma guerra de artilharia, que vai exigir equipamentos mais sofisticados para a Ucr\u00e2nia responder, tornando-a totalmente dependente dos envios ocidentais.<\/p>\n<p>Ainda de acordo com Skibitski, a Ucr\u00e2nia tem uma pe\u00e7a de artilharia para cada 10 a 15 pe\u00e7as de artilharia da R\u00fassia. \u201cNossos parceiros ocidentais nos deram cerca de 10% do que eles t\u00eam\u201d, afirmou. E acrescentou que a Ucr\u00e2nia est\u00e1 usando de 5.000 a 6.000 tiros de artilharia por dia, o que coloca em cheque o recurso em um futuro pr\u00f3ximo. \u201cN\u00f3s quase esgotamos todas as nossas muni\u00e7\u00f5es e agora estamos usando proj\u00e9teis padr\u00e3o da Otan calibre 155\u2033, disse.<\/p>\n<p>\u201cA Europa tamb\u00e9m est\u00e1 entregando proj\u00e9teis de menor calibre, mas \u00e0 medida que a Europa se cansa, a quantidade est\u00e1 ficando menor\u201d, lamentou.<\/p>\n<p>Al\u00e9m disso, a perda de soldados tem sido um alerta para a Ucr\u00e2nia. Embora o pa\u00eds mantenha em segredo o seu n\u00famero de perdas militares, o presidente Volodmir Zelenski disse na semana passada que entre 60 e 100 soldados tem morrido por dia no conflito e outros 500 se ferem. \u00c0 BBC o conselheiro de Zelenski, Mikhailo Podoliak, disse que as perdas podem ser at\u00e9 maiores, de 100 a 200 militares por dia.<\/p>\n<p>O ministro da Defesa ucraniano, Oleksi Reznikov, renovou seus apelos por mais ajuda militar na \u00faltima quinta-feira, 9, para conseguir manter as defesas em Severodonetsk, que Zelenski disse ser fundamental para a luta pela regi\u00e3o leste de Donbas. Reznikov disse que, embora estivesse grato pelo apoio ocidental, n\u00e3o estava \u201csatisfeito com o ritmo e a quantidade de suprimentos de armas. Absolutamente n\u00e3o.\u201d<\/p>\n<p>Segundo analistas, o Kremlin pretende explorar justamente a possibilidade de que, com o conflito se arrastando e entrincheirando, haver\u00e1 um poss\u00edvel decl\u00ednio do interesse entre as pot\u00eancias ocidentais que podem pressionar a Ucr\u00e2nia a um acordo.<\/p>\n<p>Zelenski j\u00e1 se irritou com as sugest\u00f5es ocidentais de que ele deveria aceitar algum tipo de compromisso. A Ucr\u00e2nia, disse ele, decidir\u00e1 seus pr\u00f3prios termos para a paz. \u201cA fadiga est\u00e1 crescendo, as pessoas querem algum tipo de resultado [que seja ben\u00e9fico] para si mesmas e n\u00f3s queremos [outro] resultado para n\u00f3s mesmos\u201d, disse ele.<\/p>\n","protected":false},"excerpt":{"rendered":"<p>A Ucr\u00e2nia est\u00e1 ficando sem muni\u00e7\u00e3o. E a derrota para a R\u00fassia \u00e9 iminente. Quem admite \u00e9 o pr\u00f3prio regime e Kiev, que v\u00ea as armas encaminhadas por Estados Unidos, Canad\u00e1 e Otan virarem p\u00f3s em bombardeios sucessivos das tropas russas. Desde o in\u00edcio da ofensiva russa, em fevereiro, j\u00e1 se v\u00e3o quase quatro meses. [&hellip;]<\/p>\n","protected":false},"author":2,"featured_media":287437,"comment_status":"closed","ping_status":"closed","sticky":false,"template":"","format":"standard","meta":{"_acf_changed":false,"footnotes":""},"categories":[159],"tags":[95],"class_list":["post-287436","post","type-post","status-publish","format-standard","has-post-thumbnail","hentry","category-apocalipse","tag-capa"],"acf":[],"yoast_head":"<!-- This site is optimized with the Yoast SEO plugin v27.2 - https:\/\/yoast.com\/product\/yoast-seo-wordpress\/ -->\n<title>Ucr\u00e2nia fica sem armas e j\u00e1 admite derrota para os russos - Notibras<\/title>\n<meta name=\"robots\" content=\"index, follow, max-snippet:-1, max-image-preview:large, max-video-preview:-1\" \/>\n<link rel=\"canonical\" href=\"https:\/\/www.notibras.com\/site\/ucrania-fica-sem-armas-e-ja-admite-derrota-para-os-russos\/\" \/>\n<meta property=\"og:locale\" content=\"pt_BR\" \/>\n<meta property=\"og:type\" content=\"article\" \/>\n<meta property=\"og:title\" content=\"Ucr\u00e2nia fica sem armas e j\u00e1 admite derrota para os russos - Notibras\" \/>\n<meta property=\"og:description\" content=\"A Ucr\u00e2nia est\u00e1 ficando sem muni\u00e7\u00e3o. E a derrota para a R\u00fassia \u00e9 iminente. Quem admite \u00e9 o pr\u00f3prio regime e Kiev, que v\u00ea as armas encaminhadas por Estados Unidos, Canad\u00e1 e Otan virarem p\u00f3s em bombardeios sucessivos das tropas russas. Desde o in\u00edcio da ofensiva russa, em fevereiro, j\u00e1 se v\u00e3o quase quatro meses. [&hellip;]\" \/>\n<meta property=\"og:url\" content=\"https:\/\/www.notibras.com\/site\/ucrania-fica-sem-armas-e-ja-admite-derrota-para-os-russos\/\" \/>\n<meta property=\"og:site_name\" content=\"Notibras\" \/>\n<meta property=\"article:publisher\" content=\"https:\/\/www.facebook.com\/notibras\/\" \/>\n<meta property=\"article:published_time\" content=\"2022-06-14T13:54:57+00:00\" \/>\n<meta property=\"article:modified_time\" content=\"2022-06-14T14:12:02+00:00\" \/>\n<meta property=\"og:image\" content=\"https:\/\/www.notibras.com\/site\/wp-content\/uploads\/2022\/06\/armas.fim_.webp\" \/>\n\t<meta property=\"og:image:width\" content=\"600\" \/>\n\t<meta property=\"og:image:height\" content=\"337\" \/>\n\t<meta property=\"og:image:type\" content=\"image\/webp\" \/>\n<meta name=\"author\" content=\"Reda\u00e7\u00e3o\" \/>\n<meta name=\"twitter:card\" content=\"summary_large_image\" \/>\n<meta name=\"twitter:creator\" content=\"@Notibras\" \/>\n<meta name=\"twitter:site\" content=\"@Notibras\" \/>\n<meta name=\"twitter:label1\" content=\"Escrito por\" \/>\n\t<meta name=\"twitter:data1\" content=\"Reda\u00e7\u00e3o\" \/>\n\t<meta name=\"twitter:label2\" content=\"Est. tempo de leitura\" \/>\n\t<meta name=\"twitter:data2\" content=\"4 minutos\" \/>\n<script type=\"application\/ld+json\" class=\"yoast-schema-graph\">{\"@context\":\"https:\/\/schema.org\",\"@graph\":[{\"@type\":\"Article\",\"@id\":\"https:\/\/www.notibras.com\/site\/ucrania-fica-sem-armas-e-ja-admite-derrota-para-os-russos\/#article\",\"isPartOf\":{\"@id\":\"https:\/\/www.notibras.com\/site\/ucrania-fica-sem-armas-e-ja-admite-derrota-para-os-russos\/\"},\"author\":{\"name\":\"Reda\u00e7\u00e3o\",\"@id\":\"https:\/\/www.notibras.com\/site\/#\/schema\/person\/36ab0979449956132d3e5b517ea76ac8\"},\"headline\":\"Ucr\u00e2nia fica sem armas e j\u00e1 admite derrota para os russos\",\"datePublished\":\"2022-06-14T13:54:57+00:00\",\"dateModified\":\"2022-06-14T14:12:02+00:00\",\"mainEntityOfPage\":{\"@id\":\"https:\/\/www.notibras.com\/site\/ucrania-fica-sem-armas-e-ja-admite-derrota-para-os-russos\/\"},\"wordCount\":673,\"publisher\":{\"@id\":\"https:\/\/www.notibras.com\/site\/#organization\"},\"image\":{\"@id\":\"https:\/\/www.notibras.com\/site\/ucrania-fica-sem-armas-e-ja-admite-derrota-para-os-russos\/#primaryimage\"},\"thumbnailUrl\":\"https:\/\/www.notibras.com\/site\/wp-content\/uploads\/2022\/06\/armas.fim_.webp\",\"keywords\":[\"capa\"],\"articleSection\":[\"Apocalipse\"],\"inLanguage\":\"pt-BR\"},{\"@type\":\"WebPage\",\"@id\":\"https:\/\/www.notibras.com\/site\/ucrania-fica-sem-armas-e-ja-admite-derrota-para-os-russos\/\",\"url\":\"https:\/\/www.notibras.com\/site\/ucrania-fica-sem-armas-e-ja-admite-derrota-para-os-russos\/\",\"name\":\"Ucr\u00e2nia fica sem armas e j\u00e1 admite derrota para os russos - Notibras\",\"isPartOf\":{\"@id\":\"https:\/\/www.notibras.com\/site\/#website\"},\"primaryImageOfPage\":{\"@id\":\"https:\/\/www.notibras.com\/site\/ucrania-fica-sem-armas-e-ja-admite-derrota-para-os-russos\/#primaryimage\"},\"image\":{\"@id\":\"https:\/\/www.notibras.com\/site\/ucrania-fica-sem-armas-e-ja-admite-derrota-para-os-russos\/#primaryimage\"},\"thumbnailUrl\":\"https:\/\/www.notibras.com\/site\/wp-content\/uploads\/2022\/06\/armas.fim_.webp\",\"datePublished\":\"2022-06-14T13:54:57+00:00\",\"dateModified\":\"2022-06-14T14:12:02+00:00\",\"breadcrumb\":{\"@id\":\"https:\/\/www.notibras.com\/site\/ucrania-fica-sem-armas-e-ja-admite-derrota-para-os-russos\/#breadcrumb\"},\"inLanguage\":\"pt-BR\",\"potentialAction\":[{\"@type\":\"ReadAction\",\"target\":[\"https:\/\/www.notibras.com\/site\/ucrania-fica-sem-armas-e-ja-admite-derrota-para-os-russos\/\"]}]},{\"@type\":\"ImageObject\",\"inLanguage\":\"pt-BR\",\"@id\":\"https:\/\/www.notibras.com\/site\/ucrania-fica-sem-armas-e-ja-admite-derrota-para-os-russos\/#primaryimage\",\"url\":\"https:\/\/www.notibras.com\/site\/wp-content\/uploads\/2022\/06\/armas.fim_.webp\",\"contentUrl\":\"https:\/\/www.notibras.com\/site\/wp-content\/uploads\/2022\/06\/armas.fim_.webp\",\"width\":600,\"height\":337},{\"@type\":\"BreadcrumbList\",\"@id\":\"https:\/\/www.notibras.com\/site\/ucrania-fica-sem-armas-e-ja-admite-derrota-para-os-russos\/#breadcrumb\",\"itemListElement\":[{\"@type\":\"ListItem\",\"position\":1,\"name\":\"In\u00edcio\",\"item\":\"https:\/\/www.notibras.com\/site\/\"},{\"@type\":\"ListItem\",\"position\":2,\"name\":\"Ucr\u00e2nia fica sem armas e j\u00e1 admite derrota para os russos\"}]},{\"@type\":\"WebSite\",\"@id\":\"https:\/\/www.notibras.com\/site\/#website\",\"url\":\"https:\/\/www.notibras.com\/site\/\",\"name\":\"Notibras\",\"description\":\"Not\u00edcias de Bras\u00edlia, do Brasil e do Mundo\",\"publisher\":{\"@id\":\"https:\/\/www.notibras.com\/site\/#organization\"},\"potentialAction\":[{\"@type\":\"SearchAction\",\"target\":{\"@type\":\"EntryPoint\",\"urlTemplate\":\"https:\/\/www.notibras.com\/site\/?s={search_term_string}\"},\"query-input\":{\"@type\":\"PropertyValueSpecification\",\"valueRequired\":true,\"valueName\":\"search_term_string\"}}],\"inLanguage\":\"pt-BR\"},{\"@type\":\"Organization\",\"@id\":\"https:\/\/www.notibras.com\/site\/#organization\",\"name\":\"Grupo Notibras de Comunica\u00e7\u00e3o\",\"url\":\"https:\/\/www.notibras.com\/site\/\",\"logo\":{\"@type\":\"ImageObject\",\"inLanguage\":\"pt-BR\",\"@id\":\"https:\/\/www.notibras.com\/site\/#\/schema\/logo\/image\/\",\"url\":\"https:\/\/www.notibras.com\/site\/wp-content\/uploads\/2023\/01\/notibras23.png\",\"contentUrl\":\"https:\/\/www.notibras.com\/site\/wp-content\/uploads\/2023\/01\/notibras23.png\",\"width\":350,\"height\":87,\"caption\":\"Grupo Notibras de Comunica\u00e7\u00e3o\"},\"image\":{\"@id\":\"https:\/\/www.notibras.com\/site\/#\/schema\/logo\/image\/\"},\"sameAs\":[\"https:\/\/www.facebook.com\/notibras\/\",\"https:\/\/x.com\/Notibras\",\"https:\/\/www.instagram.com\/notibras\/\"]},{\"@type\":\"Person\",\"@id\":\"https:\/\/www.notibras.com\/site\/#\/schema\/person\/36ab0979449956132d3e5b517ea76ac8\",\"name\":\"Reda\u00e7\u00e3o\",\"image\":{\"@type\":\"ImageObject\",\"inLanguage\":\"pt-BR\",\"@id\":\"https:\/\/secure.gravatar.com\/avatar\/e0a867bdedb85fd243eadf09663511f96fc81e0720a4a42581f334ad4303aa6b?s=96&d=mm&r=g\",\"url\":\"https:\/\/secure.gravatar.com\/avatar\/e0a867bdedb85fd243eadf09663511f96fc81e0720a4a42581f334ad4303aa6b?s=96&d=mm&r=g\",\"contentUrl\":\"https:\/\/secure.gravatar.com\/avatar\/e0a867bdedb85fd243eadf09663511f96fc81e0720a4a42581f334ad4303aa6b?s=96&d=mm&r=g\",\"caption\":\"Reda\u00e7\u00e3o\"}}]}<\/script>\n<!-- \/ Yoast SEO plugin. -->","yoast_head_json":{"title":"Ucr\u00e2nia fica sem armas e j\u00e1 admite derrota para os russos - Notibras","robots":{"index":"index","follow":"follow","max-snippet":"max-snippet:-1","max-image-preview":"max-image-preview:large","max-video-preview":"max-video-preview:-1"},"canonical":"https:\/\/www.notibras.com\/site\/ucrania-fica-sem-armas-e-ja-admite-derrota-para-os-russos\/","og_locale":"pt_BR","og_type":"article","og_title":"Ucr\u00e2nia fica sem armas e j\u00e1 admite derrota para os russos - Notibras","og_description":"A Ucr\u00e2nia est\u00e1 ficando sem muni\u00e7\u00e3o. E a derrota para a R\u00fassia \u00e9 iminente. Quem admite \u00e9 o pr\u00f3prio regime e Kiev, que v\u00ea as armas encaminhadas por Estados Unidos, Canad\u00e1 e Otan virarem p\u00f3s em bombardeios sucessivos das tropas russas. Desde o in\u00edcio da ofensiva russa, em fevereiro, j\u00e1 se v\u00e3o quase quatro meses. [&hellip;]","og_url":"https:\/\/www.notibras.com\/site\/ucrania-fica-sem-armas-e-ja-admite-derrota-para-os-russos\/","og_site_name":"Notibras","article_publisher":"https:\/\/www.facebook.com\/notibras\/","article_published_time":"2022-06-14T13:54:57+00:00","article_modified_time":"2022-06-14T14:12:02+00:00","og_image":[{"width":600,"height":337,"url":"https:\/\/www.notibras.com\/site\/wp-content\/uploads\/2022\/06\/armas.fim_.webp","type":"image\/webp"}],"author":"Reda\u00e7\u00e3o","twitter_card":"summary_large_image","twitter_creator":"@Notibras","twitter_site":"@Notibras","twitter_misc":{"Escrito por":"Reda\u00e7\u00e3o","Est. tempo de leitura":"4 minutos"},"schema":{"@context":"https:\/\/schema.org","@graph":[{"@type":"Article","@id":"https:\/\/www.notibras.com\/site\/ucrania-fica-sem-armas-e-ja-admite-derrota-para-os-russos\/#article","isPartOf":{"@id":"https:\/\/www.notibras.com\/site\/ucrania-fica-sem-armas-e-ja-admite-derrota-para-os-russos\/"},"author":{"name":"Reda\u00e7\u00e3o","@id":"https:\/\/www.notibras.com\/site\/#\/schema\/person\/36ab0979449956132d3e5b517ea76ac8"},"headline":"Ucr\u00e2nia fica sem armas e j\u00e1 admite derrota para os russos","datePublished":"2022-06-14T13:54:57+00:00","dateModified":"2022-06-14T14:12:02+00:00","mainEntityOfPage":{"@id":"https:\/\/www.notibras.com\/site\/ucrania-fica-sem-armas-e-ja-admite-derrota-para-os-russos\/"},"wordCount":673,"publisher":{"@id":"https:\/\/www.notibras.com\/site\/#organization"},"image":{"@id":"https:\/\/www.notibras.com\/site\/ucrania-fica-sem-armas-e-ja-admite-derrota-para-os-russos\/#primaryimage"},"thumbnailUrl":"https:\/\/www.notibras.com\/site\/wp-content\/uploads\/2022\/06\/armas.fim_.webp","keywords":["capa"],"articleSection":["Apocalipse"],"inLanguage":"pt-BR"},{"@type":"WebPage","@id":"https:\/\/www.notibras.com\/site\/ucrania-fica-sem-armas-e-ja-admite-derrota-para-os-russos\/","url":"https:\/\/www.notibras.com\/site\/ucrania-fica-sem-armas-e-ja-admite-derrota-para-os-russos\/","name":"Ucr\u00e2nia fica sem armas e j\u00e1 admite derrota para os russos - Notibras","isPartOf":{"@id":"https:\/\/www.notibras.com\/site\/#website"},"primaryImageOfPage":{"@id":"https:\/\/www.notibras.com\/site\/ucrania-fica-sem-armas-e-ja-admite-derrota-para-os-russos\/#primaryimage"},"image":{"@id":"https:\/\/www.notibras.com\/site\/ucrania-fica-sem-armas-e-ja-admite-derrota-para-os-russos\/#primaryimage"},"thumbnailUrl":"https:\/\/www.notibras.com\/site\/wp-content\/uploads\/2022\/06\/armas.fim_.webp","datePublished":"2022-06-14T13:54:57+00:00","dateModified":"2022-06-14T14:12:02+00:00","breadcrumb":{"@id":"https:\/\/www.notibras.com\/site\/ucrania-fica-sem-armas-e-ja-admite-derrota-para-os-russos\/#breadcrumb"},"inLanguage":"pt-BR","potentialAction":[{"@type":"ReadAction","target":["https:\/\/www.notibras.com\/site\/ucrania-fica-sem-armas-e-ja-admite-derrota-para-os-russos\/"]}]},{"@type":"ImageObject","inLanguage":"pt-BR","@id":"https:\/\/www.notibras.com\/site\/ucrania-fica-sem-armas-e-ja-admite-derrota-para-os-russos\/#primaryimage","url":"https:\/\/www.notibras.com\/site\/wp-content\/uploads\/2022\/06\/armas.fim_.webp","contentUrl":"https:\/\/www.notibras.com\/site\/wp-content\/uploads\/2022\/06\/armas.fim_.webp","width":600,"height":337},{"@type":"BreadcrumbList","@id":"https:\/\/www.notibras.com\/site\/ucrania-fica-sem-armas-e-ja-admite-derrota-para-os-russos\/#breadcrumb","itemListElement":[{"@type":"ListItem","position":1,"name":"In\u00edcio","item":"https:\/\/www.notibras.com\/site\/"},{"@type":"ListItem","position":2,"name":"Ucr\u00e2nia fica sem armas e j\u00e1 admite derrota para os russos"}]},{"@type":"WebSite","@id":"https:\/\/www.notibras.com\/site\/#website","url":"https:\/\/www.notibras.com\/site\/","name":"Notibras","description":"Not\u00edcias de Bras\u00edlia, do Brasil e do Mundo","publisher":{"@id":"https:\/\/www.notibras.com\/site\/#organization"},"potentialAction":[{"@type":"SearchAction","target":{"@type":"EntryPoint","urlTemplate":"https:\/\/www.notibras.com\/site\/?s={search_term_string}"},"query-input":{"@type":"PropertyValueSpecification","valueRequired":true,"valueName":"search_term_string"}}],"inLanguage":"pt-BR"},{"@type":"Organization","@id":"https:\/\/www.notibras.com\/site\/#organization","name":"Grupo Notibras de Comunica\u00e7\u00e3o","url":"https:\/\/www.notibras.com\/site\/","logo":{"@type":"ImageObject","inLanguage":"pt-BR","@id":"https:\/\/www.notibras.com\/site\/#\/schema\/logo\/image\/","url":"https:\/\/www.notibras.com\/site\/wp-content\/uploads\/2023\/01\/notibras23.png","contentUrl":"https:\/\/www.notibras.com\/site\/wp-content\/uploads\/2023\/01\/notibras23.png","width":350,"height":87,"caption":"Grupo Notibras de Comunica\u00e7\u00e3o"},"image":{"@id":"https:\/\/www.notibras.com\/site\/#\/schema\/logo\/image\/"},"sameAs":["https:\/\/www.facebook.com\/notibras\/","https:\/\/x.com\/Notibras","https:\/\/www.instagram.com\/notibras\/"]},{"@type":"Person","@id":"https:\/\/www.notibras.com\/site\/#\/schema\/person\/36ab0979449956132d3e5b517ea76ac8","name":"Reda\u00e7\u00e3o","image":{"@type":"ImageObject","inLanguage":"pt-BR","@id":"https:\/\/secure.gravatar.com\/avatar\/e0a867bdedb85fd243eadf09663511f96fc81e0720a4a42581f334ad4303aa6b?s=96&d=mm&r=g","url":"https:\/\/secure.gravatar.com\/avatar\/e0a867bdedb85fd243eadf09663511f96fc81e0720a4a42581f334ad4303aa6b?s=96&d=mm&r=g","contentUrl":"https:\/\/secure.gravatar.com\/avatar\/e0a867bdedb85fd243eadf09663511f96fc81e0720a4a42581f334ad4303aa6b?s=96&d=mm&r=g","caption":"Reda\u00e7\u00e3o"}}]}},"amp_enabled":true,"_links":{"self":[{"href":"https:\/\/www.notibras.com\/site\/wp-json\/wp\/v2\/posts\/287436","targetHints":{"allow":["GET"]}}],"collection":[{"href":"https:\/\/www.notibras.com\/site\/wp-json\/wp\/v2\/posts"}],"about":[{"href":"https:\/\/www.notibras.com\/site\/wp-json\/wp\/v2\/types\/post"}],"author":[{"embeddable":true,"href":"https:\/\/www.notibras.com\/site\/wp-json\/wp\/v2\/users\/2"}],"replies":[{"embeddable":true,"href":"https:\/\/www.notibras.com\/site\/wp-json\/wp\/v2\/comments?post=287436"}],"version-history":[{"count":3,"href":"https:\/\/www.notibras.com\/site\/wp-json\/wp\/v2\/posts\/287436\/revisions"}],"predecessor-version":[{"id":287441,"href":"https:\/\/www.notibras.com\/site\/wp-json\/wp\/v2\/posts\/287436\/revisions\/287441"}],"wp:featuredmedia":[{"embeddable":true,"href":"https:\/\/www.notibras.com\/site\/wp-json\/wp\/v2\/media\/287437"}],"wp:attachment":[{"href":"https:\/\/www.notibras.com\/site\/wp-json\/wp\/v2\/media?parent=287436"}],"wp:term":[{"taxonomy":"category","embeddable":true,"href":"https:\/\/www.notibras.com\/site\/wp-json\/wp\/v2\/categories?post=287436"},{"taxonomy":"post_tag","embeddable":true,"href":"https:\/\/www.notibras.com\/site\/wp-json\/wp\/v2\/tags?post=287436"}],"curies":[{"name":"wp","href":"https:\/\/api.w.org\/{rel}","templated":true}]}}