{"id":28745,"date":"2014-11-18T22:53:53","date_gmt":"2014-11-19T01:53:53","guid":{"rendered":"http:\/\/www.notibras.com\/site\/?p=28745"},"modified":"2014-11-19T16:14:22","modified_gmt":"2014-11-19T19:14:22","slug":"delator-e-sinonimo-de-dedo-duro-paulo-roberto-e-youssef-nao-sao-nenhuma-madre-tereza","status":"publish","type":"post","link":"https:\/\/www.notibras.com\/site\/delator-e-sinonimo-de-dedo-duro-paulo-roberto-e-youssef-nao-sao-nenhuma-madre-tereza\/","title":{"rendered":"Delator \u00e9 dedo-duro. Paulo Roberto e Youssef n\u00e3o s\u00e3o Madre Tereza de Calcut\u00e1"},"content":{"rendered":"<p>O advogado Jos\u00e9 Lu\u00eds Oliveira Lima, que defende o diretor de \u00d3leo e G\u00e1s da Galv\u00e3o Engenharia, Erton Medeiros Fonseca, confirmou nesta ter\u00e7a-feira que seu cliente afirmou, em depoimento \u00e0 Pol\u00edcia Federal, que pagou propina ao esquema de corrup\u00e7\u00e3o na Petrobras. Fonseca e outros 22 executivos foram presos na \u00faltima sexta-feira na s\u00e9tima fase da Opera\u00e7\u00e3o Lava Jato.<\/p>\n<p>De acordo com Lima, Fonseca entregou o dinheiro \u2013 que seria enviado ao Partido Progressista (PP) \u2013 depois de ser extorquido pelo ex-diretor de Abastecimento da Petrobras Paulo Roberto Costa e pelo doleiro Alberto Youssef, que chefiavam o esquema e fizeram acordo de dela\u00e7\u00e3o premiada no processo.<\/p>\n<p>\u201c(Ele foi v\u00edtima) de crime de extors\u00e3o e de concuss\u00e3o. Foi isso o que o meu cliente, com todas as letras, disse perante a autoridade policial. Ele disse que todos os contratos obtidos pela empresa que ele representa foram obtidos dentro da lei e que, ap\u00f3s ele receber esses contratos, ap\u00f3s ele ganhar licitamente de maneira correta esses contratos, ele foi procurado e, a\u00ed sim, foi v\u00edtima de concuss\u00e3o e do crime de extors\u00e3o\u201d, afirmou Lima em visita \u00e0 sede da Pol\u00edcia Federal em Curitiba, onde est\u00e3o os presos da Opera\u00e7\u00e3o Lava Jato.<\/p>\n<blockquote><p>O advogado disse ainda que Fonseca j\u00e1 aceitou participar de uma eventual acarea\u00e7\u00e3o com Costa e Youssef e aproveitou para ironizar os delatores. \u201cEle se coloca \u00e0 disposi\u00e7\u00e3o da autoridade policial e de qualquer autoridade para fazer uma acarea\u00e7\u00e3o com o senhor Paulo Roberto e com o senhor Alberto Youssef, que est\u00e3o longe de ser a Madre Teresa de Calcut\u00e1.\u201d<\/p><\/blockquote>\n<p>Questionado sobre o motivo pelo qual Fonseca n\u00e3o denunciou a extors\u00e3o, o advogado devolveu com outra pergunta e disse que seu cliente foi amea\u00e7ado: \u201cVoc\u00ea coloca 10 mil fam\u00edlias na rua? A repres\u00e1lia \u00e9 textual, \u00e9 afirmada. Para voc\u00ea ter um crime de concuss\u00e3o e extors\u00e3o h\u00e1 a necessidade de que a pessoa te ameace, que ela fa\u00e7a uma coa\u00e7\u00e3o, e a coa\u00e7\u00e3o foi nesse sentido\u201d, afirmou, querendo dizer uma den\u00fancia prejudicaria os 10 mil funcion\u00e1rios da Galv\u00e3o Engenharia.<\/p>\n<p>Batizada Ju\u00edzo Final, a s\u00e9tima fase da Opera\u00e7\u00e3o Lava Jato investiga den\u00fancias de crimes cometidos por funcion\u00e1rios de empreiteiras que tinham contratos com a Petrobras.<\/p>\n<p>Dos 23 executivos presos na s\u00e9tima fase da opera\u00e7\u00e3o, batizada de Ju\u00edzo Final, ao menos 18 j\u00e1 foram ouvidos, e a expectativa da Pol\u00edcia Federal \u00e9 encerrar hoje essa fase de depoimentos. Isso porque, do total de presos, seis est\u00e3o em regime de pris\u00e3o preventiva (30 dias, renov\u00e1veis pelo mesmo prazo) e 17 est\u00e3o em pris\u00e3o tempor\u00e1ria, com dura\u00e7\u00e3o de cinco dias. Como as deten\u00e7\u00f5es ocorreram na sexta-feira, o prazo das pris\u00f5es tempor\u00e1rias acaba \u00e0 meia-noite desta ter\u00e7a-feira.<\/p>\n<p>A Pol\u00edcia Federal ainda n\u00e3o informou se tentar\u00e1 renovar as pris\u00f5es ou transform\u00e1-las em preventivas, mas os advogados de alguns presos est\u00e3o confiantes.<\/p>\n<p>\u201cOs nossos clientes responderam, sem exce\u00e7\u00e3o, a todas as perguntas que lhes foram formuladas. Espero que, com isso, possam ter cessada a pris\u00e3o tempor\u00e1ria que recai sobre eles. Todas as perguntas foram respondidas, de foram clara e franca, e por isso n\u00f3s esperamos que eles sejam, como consequ\u00eancia, colocados em liberdade\u201d, disse o advogado Alberto Toron, que defende funcion\u00e1rios da UTC \u2013 o presidente Ricardo Ribeiro Pessoa; o diretor financeiro da UTC Participa\u00e7\u00f5es Walmir Pinheiro Santana; e o auxiliar Edinaldo Alves da Silva.<\/p>\n","protected":false},"excerpt":{"rendered":"<p>O advogado Jos\u00e9 Lu\u00eds Oliveira Lima, que defende o diretor de \u00d3leo e G\u00e1s da Galv\u00e3o Engenharia, Erton Medeiros Fonseca, confirmou nesta ter\u00e7a-feira que seu cliente afirmou, em depoimento \u00e0 Pol\u00edcia Federal, que pagou propina ao esquema de corrup\u00e7\u00e3o na Petrobras. Fonseca e outros 22 executivos foram presos na \u00faltima sexta-feira na s\u00e9tima fase da [&hellip;]<\/p>\n","protected":false},"author":2,"featured_media":28746,"comment_status":"open","ping_status":"closed","sticky":false,"template":"","format":"standard","meta":{"_acf_changed":false,"footnotes":""},"categories":[16],"tags":[],"class_list":["post-28745","post","type-post","status-publish","format-standard","has-post-thumbnail","hentry","category-brasil"],"acf":[],"yoast_head":"<!-- This site is optimized with the Yoast SEO plugin v27.2 - https:\/\/yoast.com\/product\/yoast-seo-wordpress\/ -->\n<title>Delator \u00e9 dedo-duro. Paulo Roberto e Youssef n\u00e3o s\u00e3o Madre Tereza de Calcut\u00e1 - Notibras<\/title>\n<meta name=\"robots\" content=\"index, follow, max-snippet:-1, max-image-preview:large, max-video-preview:-1\" \/>\n<link rel=\"canonical\" href=\"https:\/\/www.notibras.com\/site\/delator-e-sinonimo-de-dedo-duro-paulo-roberto-e-youssef-nao-sao-nenhuma-madre-tereza\/\" \/>\n<meta property=\"og:locale\" content=\"pt_BR\" \/>\n<meta property=\"og:type\" content=\"article\" \/>\n<meta property=\"og:title\" content=\"Delator \u00e9 dedo-duro. Paulo Roberto e Youssef n\u00e3o s\u00e3o Madre Tereza de Calcut\u00e1 - Notibras\" \/>\n<meta property=\"og:description\" content=\"O advogado Jos\u00e9 Lu\u00eds Oliveira Lima, que defende o diretor de \u00d3leo e G\u00e1s da Galv\u00e3o Engenharia, Erton Medeiros Fonseca, confirmou nesta ter\u00e7a-feira que seu cliente afirmou, em depoimento \u00e0 Pol\u00edcia Federal, que pagou propina ao esquema de corrup\u00e7\u00e3o na Petrobras. Fonseca e outros 22 executivos foram presos na \u00faltima sexta-feira na s\u00e9tima fase da [&hellip;]\" \/>\n<meta property=\"og:url\" content=\"https:\/\/www.notibras.com\/site\/delator-e-sinonimo-de-dedo-duro-paulo-roberto-e-youssef-nao-sao-nenhuma-madre-tereza\/\" \/>\n<meta property=\"og:site_name\" content=\"Notibras\" \/>\n<meta property=\"article:publisher\" content=\"https:\/\/www.facebook.com\/notibras\/\" \/>\n<meta property=\"article:published_time\" content=\"2014-11-19T01:53:53+00:00\" \/>\n<meta property=\"article:modified_time\" content=\"2014-11-19T19:14:22+00:00\" \/>\n<meta property=\"og:image\" content=\"https:\/\/www.notibras.com\/site\/wp-content\/uploads\/2014\/11\/2639264-3515-rec.jpg\" \/>\n\t<meta property=\"og:image:width\" content=\"460\" \/>\n\t<meta property=\"og:image:height\" content=\"340\" \/>\n\t<meta property=\"og:image:type\" content=\"image\/jpeg\" \/>\n<meta name=\"author\" content=\"Reda\u00e7\u00e3o\" \/>\n<meta name=\"twitter:card\" content=\"summary_large_image\" \/>\n<meta name=\"twitter:creator\" content=\"@Notibras\" \/>\n<meta name=\"twitter:site\" content=\"@Notibras\" \/>\n<meta name=\"twitter:label1\" content=\"Escrito por\" \/>\n\t<meta name=\"twitter:data1\" content=\"Reda\u00e7\u00e3o\" \/>\n\t<meta name=\"twitter:label2\" content=\"Est. tempo de leitura\" \/>\n\t<meta name=\"twitter:data2\" content=\"3 minutos\" \/>\n<script type=\"application\/ld+json\" class=\"yoast-schema-graph\">{\"@context\":\"https:\/\/schema.org\",\"@graph\":[{\"@type\":\"Article\",\"@id\":\"https:\/\/www.notibras.com\/site\/delator-e-sinonimo-de-dedo-duro-paulo-roberto-e-youssef-nao-sao-nenhuma-madre-tereza\/#article\",\"isPartOf\":{\"@id\":\"https:\/\/www.notibras.com\/site\/delator-e-sinonimo-de-dedo-duro-paulo-roberto-e-youssef-nao-sao-nenhuma-madre-tereza\/\"},\"author\":{\"name\":\"Reda\u00e7\u00e3o\",\"@id\":\"https:\/\/www.notibras.com\/site\/#\/schema\/person\/36ab0979449956132d3e5b517ea76ac8\"},\"headline\":\"Delator \u00e9 dedo-duro. Paulo Roberto e Youssef n\u00e3o s\u00e3o Madre Tereza de Calcut\u00e1\",\"datePublished\":\"2014-11-19T01:53:53+00:00\",\"dateModified\":\"2014-11-19T19:14:22+00:00\",\"mainEntityOfPage\":{\"@id\":\"https:\/\/www.notibras.com\/site\/delator-e-sinonimo-de-dedo-duro-paulo-roberto-e-youssef-nao-sao-nenhuma-madre-tereza\/\"},\"wordCount\":612,\"commentCount\":0,\"publisher\":{\"@id\":\"https:\/\/www.notibras.com\/site\/#organization\"},\"image\":{\"@id\":\"https:\/\/www.notibras.com\/site\/delator-e-sinonimo-de-dedo-duro-paulo-roberto-e-youssef-nao-sao-nenhuma-madre-tereza\/#primaryimage\"},\"thumbnailUrl\":\"https:\/\/www.notibras.com\/site\/wp-content\/uploads\/2014\/11\/2639264-3515-rec.jpg\",\"articleSection\":[\"Brasil\"],\"inLanguage\":\"pt-BR\",\"potentialAction\":[{\"@type\":\"CommentAction\",\"name\":\"Comment\",\"target\":[\"https:\/\/www.notibras.com\/site\/delator-e-sinonimo-de-dedo-duro-paulo-roberto-e-youssef-nao-sao-nenhuma-madre-tereza\/#respond\"]}]},{\"@type\":\"WebPage\",\"@id\":\"https:\/\/www.notibras.com\/site\/delator-e-sinonimo-de-dedo-duro-paulo-roberto-e-youssef-nao-sao-nenhuma-madre-tereza\/\",\"url\":\"https:\/\/www.notibras.com\/site\/delator-e-sinonimo-de-dedo-duro-paulo-roberto-e-youssef-nao-sao-nenhuma-madre-tereza\/\",\"name\":\"Delator \u00e9 dedo-duro. Paulo Roberto e Youssef n\u00e3o s\u00e3o Madre Tereza de Calcut\u00e1 - Notibras\",\"isPartOf\":{\"@id\":\"https:\/\/www.notibras.com\/site\/#website\"},\"primaryImageOfPage\":{\"@id\":\"https:\/\/www.notibras.com\/site\/delator-e-sinonimo-de-dedo-duro-paulo-roberto-e-youssef-nao-sao-nenhuma-madre-tereza\/#primaryimage\"},\"image\":{\"@id\":\"https:\/\/www.notibras.com\/site\/delator-e-sinonimo-de-dedo-duro-paulo-roberto-e-youssef-nao-sao-nenhuma-madre-tereza\/#primaryimage\"},\"thumbnailUrl\":\"https:\/\/www.notibras.com\/site\/wp-content\/uploads\/2014\/11\/2639264-3515-rec.jpg\",\"datePublished\":\"2014-11-19T01:53:53+00:00\",\"dateModified\":\"2014-11-19T19:14:22+00:00\",\"breadcrumb\":{\"@id\":\"https:\/\/www.notibras.com\/site\/delator-e-sinonimo-de-dedo-duro-paulo-roberto-e-youssef-nao-sao-nenhuma-madre-tereza\/#breadcrumb\"},\"inLanguage\":\"pt-BR\",\"potentialAction\":[{\"@type\":\"ReadAction\",\"target\":[\"https:\/\/www.notibras.com\/site\/delator-e-sinonimo-de-dedo-duro-paulo-roberto-e-youssef-nao-sao-nenhuma-madre-tereza\/\"]}]},{\"@type\":\"ImageObject\",\"inLanguage\":\"pt-BR\",\"@id\":\"https:\/\/www.notibras.com\/site\/delator-e-sinonimo-de-dedo-duro-paulo-roberto-e-youssef-nao-sao-nenhuma-madre-tereza\/#primaryimage\",\"url\":\"https:\/\/www.notibras.com\/site\/wp-content\/uploads\/2014\/11\/2639264-3515-rec.jpg\",\"contentUrl\":\"https:\/\/www.notibras.com\/site\/wp-content\/uploads\/2014\/11\/2639264-3515-rec.jpg\",\"width\":460,\"height\":340},{\"@type\":\"BreadcrumbList\",\"@id\":\"https:\/\/www.notibras.com\/site\/delator-e-sinonimo-de-dedo-duro-paulo-roberto-e-youssef-nao-sao-nenhuma-madre-tereza\/#breadcrumb\",\"itemListElement\":[{\"@type\":\"ListItem\",\"position\":1,\"name\":\"In\u00edcio\",\"item\":\"https:\/\/www.notibras.com\/site\/\"},{\"@type\":\"ListItem\",\"position\":2,\"name\":\"Delator \u00e9 dedo-duro. Paulo Roberto e Youssef n\u00e3o s\u00e3o Madre Tereza de Calcut\u00e1\"}]},{\"@type\":\"WebSite\",\"@id\":\"https:\/\/www.notibras.com\/site\/#website\",\"url\":\"https:\/\/www.notibras.com\/site\/\",\"name\":\"Notibras\",\"description\":\"Not\u00edcias de Bras\u00edlia, do Brasil e do Mundo\",\"publisher\":{\"@id\":\"https:\/\/www.notibras.com\/site\/#organization\"},\"potentialAction\":[{\"@type\":\"SearchAction\",\"target\":{\"@type\":\"EntryPoint\",\"urlTemplate\":\"https:\/\/www.notibras.com\/site\/?s={search_term_string}\"},\"query-input\":{\"@type\":\"PropertyValueSpecification\",\"valueRequired\":true,\"valueName\":\"search_term_string\"}}],\"inLanguage\":\"pt-BR\"},{\"@type\":\"Organization\",\"@id\":\"https:\/\/www.notibras.com\/site\/#organization\",\"name\":\"Grupo Notibras de Comunica\u00e7\u00e3o\",\"url\":\"https:\/\/www.notibras.com\/site\/\",\"logo\":{\"@type\":\"ImageObject\",\"inLanguage\":\"pt-BR\",\"@id\":\"https:\/\/www.notibras.com\/site\/#\/schema\/logo\/image\/\",\"url\":\"https:\/\/www.notibras.com\/site\/wp-content\/uploads\/2023\/01\/notibras23.png\",\"contentUrl\":\"https:\/\/www.notibras.com\/site\/wp-content\/uploads\/2023\/01\/notibras23.png\",\"width\":350,\"height\":87,\"caption\":\"Grupo Notibras de Comunica\u00e7\u00e3o\"},\"image\":{\"@id\":\"https:\/\/www.notibras.com\/site\/#\/schema\/logo\/image\/\"},\"sameAs\":[\"https:\/\/www.facebook.com\/notibras\/\",\"https:\/\/x.com\/Notibras\",\"https:\/\/www.instagram.com\/notibras\/\"]},{\"@type\":\"Person\",\"@id\":\"https:\/\/www.notibras.com\/site\/#\/schema\/person\/36ab0979449956132d3e5b517ea76ac8\",\"name\":\"Reda\u00e7\u00e3o\",\"image\":{\"@type\":\"ImageObject\",\"inLanguage\":\"pt-BR\",\"@id\":\"https:\/\/secure.gravatar.com\/avatar\/e0a867bdedb85fd243eadf09663511f96fc81e0720a4a42581f334ad4303aa6b?s=96&d=mm&r=g\",\"url\":\"https:\/\/secure.gravatar.com\/avatar\/e0a867bdedb85fd243eadf09663511f96fc81e0720a4a42581f334ad4303aa6b?s=96&d=mm&r=g\",\"contentUrl\":\"https:\/\/secure.gravatar.com\/avatar\/e0a867bdedb85fd243eadf09663511f96fc81e0720a4a42581f334ad4303aa6b?s=96&d=mm&r=g\",\"caption\":\"Reda\u00e7\u00e3o\"}}]}<\/script>\n<!-- \/ Yoast SEO plugin. -->","yoast_head_json":{"title":"Delator \u00e9 dedo-duro. Paulo Roberto e Youssef n\u00e3o s\u00e3o Madre Tereza de Calcut\u00e1 - Notibras","robots":{"index":"index","follow":"follow","max-snippet":"max-snippet:-1","max-image-preview":"max-image-preview:large","max-video-preview":"max-video-preview:-1"},"canonical":"https:\/\/www.notibras.com\/site\/delator-e-sinonimo-de-dedo-duro-paulo-roberto-e-youssef-nao-sao-nenhuma-madre-tereza\/","og_locale":"pt_BR","og_type":"article","og_title":"Delator \u00e9 dedo-duro. Paulo Roberto e Youssef n\u00e3o s\u00e3o Madre Tereza de Calcut\u00e1 - Notibras","og_description":"O advogado Jos\u00e9 Lu\u00eds Oliveira Lima, que defende o diretor de \u00d3leo e G\u00e1s da Galv\u00e3o Engenharia, Erton Medeiros Fonseca, confirmou nesta ter\u00e7a-feira que seu cliente afirmou, em depoimento \u00e0 Pol\u00edcia Federal, que pagou propina ao esquema de corrup\u00e7\u00e3o na Petrobras. Fonseca e outros 22 executivos foram presos na \u00faltima sexta-feira na s\u00e9tima fase da [&hellip;]","og_url":"https:\/\/www.notibras.com\/site\/delator-e-sinonimo-de-dedo-duro-paulo-roberto-e-youssef-nao-sao-nenhuma-madre-tereza\/","og_site_name":"Notibras","article_publisher":"https:\/\/www.facebook.com\/notibras\/","article_published_time":"2014-11-19T01:53:53+00:00","article_modified_time":"2014-11-19T19:14:22+00:00","og_image":[{"width":460,"height":340,"url":"https:\/\/www.notibras.com\/site\/wp-content\/uploads\/2014\/11\/2639264-3515-rec.jpg","type":"image\/jpeg"}],"author":"Reda\u00e7\u00e3o","twitter_card":"summary_large_image","twitter_creator":"@Notibras","twitter_site":"@Notibras","twitter_misc":{"Escrito por":"Reda\u00e7\u00e3o","Est. tempo de leitura":"3 minutos"},"schema":{"@context":"https:\/\/schema.org","@graph":[{"@type":"Article","@id":"https:\/\/www.notibras.com\/site\/delator-e-sinonimo-de-dedo-duro-paulo-roberto-e-youssef-nao-sao-nenhuma-madre-tereza\/#article","isPartOf":{"@id":"https:\/\/www.notibras.com\/site\/delator-e-sinonimo-de-dedo-duro-paulo-roberto-e-youssef-nao-sao-nenhuma-madre-tereza\/"},"author":{"name":"Reda\u00e7\u00e3o","@id":"https:\/\/www.notibras.com\/site\/#\/schema\/person\/36ab0979449956132d3e5b517ea76ac8"},"headline":"Delator \u00e9 dedo-duro. Paulo Roberto e Youssef n\u00e3o s\u00e3o Madre Tereza de Calcut\u00e1","datePublished":"2014-11-19T01:53:53+00:00","dateModified":"2014-11-19T19:14:22+00:00","mainEntityOfPage":{"@id":"https:\/\/www.notibras.com\/site\/delator-e-sinonimo-de-dedo-duro-paulo-roberto-e-youssef-nao-sao-nenhuma-madre-tereza\/"},"wordCount":612,"commentCount":0,"publisher":{"@id":"https:\/\/www.notibras.com\/site\/#organization"},"image":{"@id":"https:\/\/www.notibras.com\/site\/delator-e-sinonimo-de-dedo-duro-paulo-roberto-e-youssef-nao-sao-nenhuma-madre-tereza\/#primaryimage"},"thumbnailUrl":"https:\/\/www.notibras.com\/site\/wp-content\/uploads\/2014\/11\/2639264-3515-rec.jpg","articleSection":["Brasil"],"inLanguage":"pt-BR","potentialAction":[{"@type":"CommentAction","name":"Comment","target":["https:\/\/www.notibras.com\/site\/delator-e-sinonimo-de-dedo-duro-paulo-roberto-e-youssef-nao-sao-nenhuma-madre-tereza\/#respond"]}]},{"@type":"WebPage","@id":"https:\/\/www.notibras.com\/site\/delator-e-sinonimo-de-dedo-duro-paulo-roberto-e-youssef-nao-sao-nenhuma-madre-tereza\/","url":"https:\/\/www.notibras.com\/site\/delator-e-sinonimo-de-dedo-duro-paulo-roberto-e-youssef-nao-sao-nenhuma-madre-tereza\/","name":"Delator \u00e9 dedo-duro. Paulo Roberto e Youssef n\u00e3o s\u00e3o Madre Tereza de Calcut\u00e1 - Notibras","isPartOf":{"@id":"https:\/\/www.notibras.com\/site\/#website"},"primaryImageOfPage":{"@id":"https:\/\/www.notibras.com\/site\/delator-e-sinonimo-de-dedo-duro-paulo-roberto-e-youssef-nao-sao-nenhuma-madre-tereza\/#primaryimage"},"image":{"@id":"https:\/\/www.notibras.com\/site\/delator-e-sinonimo-de-dedo-duro-paulo-roberto-e-youssef-nao-sao-nenhuma-madre-tereza\/#primaryimage"},"thumbnailUrl":"https:\/\/www.notibras.com\/site\/wp-content\/uploads\/2014\/11\/2639264-3515-rec.jpg","datePublished":"2014-11-19T01:53:53+00:00","dateModified":"2014-11-19T19:14:22+00:00","breadcrumb":{"@id":"https:\/\/www.notibras.com\/site\/delator-e-sinonimo-de-dedo-duro-paulo-roberto-e-youssef-nao-sao-nenhuma-madre-tereza\/#breadcrumb"},"inLanguage":"pt-BR","potentialAction":[{"@type":"ReadAction","target":["https:\/\/www.notibras.com\/site\/delator-e-sinonimo-de-dedo-duro-paulo-roberto-e-youssef-nao-sao-nenhuma-madre-tereza\/"]}]},{"@type":"ImageObject","inLanguage":"pt-BR","@id":"https:\/\/www.notibras.com\/site\/delator-e-sinonimo-de-dedo-duro-paulo-roberto-e-youssef-nao-sao-nenhuma-madre-tereza\/#primaryimage","url":"https:\/\/www.notibras.com\/site\/wp-content\/uploads\/2014\/11\/2639264-3515-rec.jpg","contentUrl":"https:\/\/www.notibras.com\/site\/wp-content\/uploads\/2014\/11\/2639264-3515-rec.jpg","width":460,"height":340},{"@type":"BreadcrumbList","@id":"https:\/\/www.notibras.com\/site\/delator-e-sinonimo-de-dedo-duro-paulo-roberto-e-youssef-nao-sao-nenhuma-madre-tereza\/#breadcrumb","itemListElement":[{"@type":"ListItem","position":1,"name":"In\u00edcio","item":"https:\/\/www.notibras.com\/site\/"},{"@type":"ListItem","position":2,"name":"Delator \u00e9 dedo-duro. Paulo Roberto e Youssef n\u00e3o s\u00e3o Madre Tereza de Calcut\u00e1"}]},{"@type":"WebSite","@id":"https:\/\/www.notibras.com\/site\/#website","url":"https:\/\/www.notibras.com\/site\/","name":"Notibras","description":"Not\u00edcias de Bras\u00edlia, do Brasil e do Mundo","publisher":{"@id":"https:\/\/www.notibras.com\/site\/#organization"},"potentialAction":[{"@type":"SearchAction","target":{"@type":"EntryPoint","urlTemplate":"https:\/\/www.notibras.com\/site\/?s={search_term_string}"},"query-input":{"@type":"PropertyValueSpecification","valueRequired":true,"valueName":"search_term_string"}}],"inLanguage":"pt-BR"},{"@type":"Organization","@id":"https:\/\/www.notibras.com\/site\/#organization","name":"Grupo Notibras de Comunica\u00e7\u00e3o","url":"https:\/\/www.notibras.com\/site\/","logo":{"@type":"ImageObject","inLanguage":"pt-BR","@id":"https:\/\/www.notibras.com\/site\/#\/schema\/logo\/image\/","url":"https:\/\/www.notibras.com\/site\/wp-content\/uploads\/2023\/01\/notibras23.png","contentUrl":"https:\/\/www.notibras.com\/site\/wp-content\/uploads\/2023\/01\/notibras23.png","width":350,"height":87,"caption":"Grupo Notibras de Comunica\u00e7\u00e3o"},"image":{"@id":"https:\/\/www.notibras.com\/site\/#\/schema\/logo\/image\/"},"sameAs":["https:\/\/www.facebook.com\/notibras\/","https:\/\/x.com\/Notibras","https:\/\/www.instagram.com\/notibras\/"]},{"@type":"Person","@id":"https:\/\/www.notibras.com\/site\/#\/schema\/person\/36ab0979449956132d3e5b517ea76ac8","name":"Reda\u00e7\u00e3o","image":{"@type":"ImageObject","inLanguage":"pt-BR","@id":"https:\/\/secure.gravatar.com\/avatar\/e0a867bdedb85fd243eadf09663511f96fc81e0720a4a42581f334ad4303aa6b?s=96&d=mm&r=g","url":"https:\/\/secure.gravatar.com\/avatar\/e0a867bdedb85fd243eadf09663511f96fc81e0720a4a42581f334ad4303aa6b?s=96&d=mm&r=g","contentUrl":"https:\/\/secure.gravatar.com\/avatar\/e0a867bdedb85fd243eadf09663511f96fc81e0720a4a42581f334ad4303aa6b?s=96&d=mm&r=g","caption":"Reda\u00e7\u00e3o"}}]}},"amp_enabled":true,"_links":{"self":[{"href":"https:\/\/www.notibras.com\/site\/wp-json\/wp\/v2\/posts\/28745","targetHints":{"allow":["GET"]}}],"collection":[{"href":"https:\/\/www.notibras.com\/site\/wp-json\/wp\/v2\/posts"}],"about":[{"href":"https:\/\/www.notibras.com\/site\/wp-json\/wp\/v2\/types\/post"}],"author":[{"embeddable":true,"href":"https:\/\/www.notibras.com\/site\/wp-json\/wp\/v2\/users\/2"}],"replies":[{"embeddable":true,"href":"https:\/\/www.notibras.com\/site\/wp-json\/wp\/v2\/comments?post=28745"}],"version-history":[{"count":0,"href":"https:\/\/www.notibras.com\/site\/wp-json\/wp\/v2\/posts\/28745\/revisions"}],"wp:featuredmedia":[{"embeddable":true,"href":"https:\/\/www.notibras.com\/site\/wp-json\/wp\/v2\/media\/28746"}],"wp:attachment":[{"href":"https:\/\/www.notibras.com\/site\/wp-json\/wp\/v2\/media?parent=28745"}],"wp:term":[{"taxonomy":"category","embeddable":true,"href":"https:\/\/www.notibras.com\/site\/wp-json\/wp\/v2\/categories?post=28745"},{"taxonomy":"post_tag","embeddable":true,"href":"https:\/\/www.notibras.com\/site\/wp-json\/wp\/v2\/tags?post=28745"}],"curies":[{"name":"wp","href":"https:\/\/api.w.org\/{rel}","templated":true}]}}