{"id":287495,"date":"2022-06-15T07:55:55","date_gmt":"2022-06-15T10:55:55","guid":{"rendered":"https:\/\/www.notibras.com\/site\/?p=287495"},"modified":"2022-06-15T07:55:55","modified_gmt":"2022-06-15T10:55:55","slug":"otan-tenta-socorrer-kiev-e-moscou-volta-a-ameacar","status":"publish","type":"post","link":"https:\/\/www.notibras.com\/site\/otan-tenta-socorrer-kiev-e-moscou-volta-a-ameacar\/","title":{"rendered":"Otan tenta socorrer Kiev, e Moscou volta a amea\u00e7ar"},"content":{"rendered":"<p>O secret\u00e1rio de Defesa dos EUA, Lloyd Austin, seus colegas da Otan e outros parceiros se reunir\u00e3o em Bruxelas nesta quarta e quinta-feira para discutir assist\u00eancia de seguran\u00e7a adicional para enviar \u00e0 Ucr\u00e2nia e a postura da for\u00e7a da alian\u00e7a militar na Europa Oriental.<\/p>\n<p>A reuni\u00e3o est\u00e1 ocorrendo semanas depois que o Congresso dos EUA aprovou US$ 40 bilh\u00f5es em assist\u00eancia para a Ucr\u00e2nia e enquanto a R\u00fassia refor\u00e7a seus esfor\u00e7os para proteger a regi\u00e3o de Donbass.<\/p>\n<p>A reuni\u00e3o do Grupo de Contato de Defesa da Ucr\u00e2nia inclui representantes de quase 50 pa\u00edses que est\u00e3o atualmente fornecendo algum tipo de assist\u00eancia \u00e0 Ucr\u00e2nia. As autoridades revisar\u00e3o a assist\u00eancia de seguran\u00e7a adicional que podem fornecer \u00e0 Ucr\u00e2nia imediatamente e a longo prazo, \u00e0 medida que combate as for\u00e7as russas.<\/p>\n<p>De acordo com o secret\u00e1rio-geral da Otan, Jens Stoltenberg, o grupo de contato na Ucr\u00e2nia discutir\u00e1 o fornecimento de armas pesadas a Kiev.<\/p>\n<p>Os Estados Unidos v\u00eam avaliando que tipo de assist\u00eancia podem fornecer \u00e0 Ucr\u00e2nia para atender \u00e0s suas necessidades e se outros pa\u00edses t\u00eam capacidade para atender a esses pedidos, de acordo com a embaixadora dos EUA nas Na\u00e7\u00f5es Unidas, Julianne Smith.<\/p>\n<p>Ap\u00f3s a reuni\u00e3o do grupo de contato, Austin se juntar\u00e1 aos ministros da Defesa da Otan e v\u00e1rios outros estados n\u00e3o membros para discutir a dissuas\u00e3o e a postura de defesa da alian\u00e7a frente ao conflito na Ucr\u00e2nia. Os aliados da Otan revisar\u00e3o quais capacidades de defesa a m\u00e9dio e longo prazo na Europa.<\/p>\n<p>A R\u00fassia voltou a advertir que o Ocidente est\u00e1 entrando em uma aventura que pode levar a um conflito sem precedentes, inclusive com o uso de armas nucleares se sentir seu territ\u00f3rio amea\u00e7ado.<\/p>\n","protected":false},"excerpt":{"rendered":"<p>O secret\u00e1rio de Defesa dos EUA, Lloyd Austin, seus colegas da Otan e outros parceiros se reunir\u00e3o em Bruxelas nesta quarta e quinta-feira para discutir assist\u00eancia de seguran\u00e7a adicional para enviar \u00e0 Ucr\u00e2nia e a postura da for\u00e7a da alian\u00e7a militar na Europa Oriental. A reuni\u00e3o est\u00e1 ocorrendo semanas depois que o Congresso dos EUA [&hellip;]<\/p>\n","protected":false},"author":2,"featured_media":287496,"comment_status":"closed","ping_status":"closed","sticky":false,"template":"","format":"standard","meta":{"_acf_changed":false,"footnotes":""},"categories":[159],"tags":[],"class_list":["post-287495","post","type-post","status-publish","format-standard","has-post-thumbnail","hentry","category-apocalipse"],"acf":[],"yoast_head":"<!-- This site is optimized with the Yoast SEO plugin v27.2 - https:\/\/yoast.com\/product\/yoast-seo-wordpress\/ -->\n<title>Otan tenta socorrer Kiev, e Moscou volta a amea\u00e7ar - Notibras<\/title>\n<meta name=\"robots\" content=\"index, follow, max-snippet:-1, max-image-preview:large, max-video-preview:-1\" \/>\n<link rel=\"canonical\" href=\"https:\/\/www.notibras.com\/site\/otan-tenta-socorrer-kiev-e-moscou-volta-a-ameacar\/\" \/>\n<meta property=\"og:locale\" content=\"pt_BR\" \/>\n<meta property=\"og:type\" content=\"article\" \/>\n<meta property=\"og:title\" content=\"Otan tenta socorrer Kiev, e Moscou volta a amea\u00e7ar - Notibras\" \/>\n<meta property=\"og:description\" content=\"O secret\u00e1rio de Defesa dos EUA, Lloyd Austin, seus colegas da Otan e outros parceiros se reunir\u00e3o em Bruxelas nesta quarta e quinta-feira para discutir assist\u00eancia de seguran\u00e7a adicional para enviar \u00e0 Ucr\u00e2nia e a postura da for\u00e7a da alian\u00e7a militar na Europa Oriental. A reuni\u00e3o est\u00e1 ocorrendo semanas depois que o Congresso dos EUA [&hellip;]\" \/>\n<meta property=\"og:url\" content=\"https:\/\/www.notibras.com\/site\/otan-tenta-socorrer-kiev-e-moscou-volta-a-ameacar\/\" \/>\n<meta property=\"og:site_name\" content=\"Notibras\" \/>\n<meta property=\"article:publisher\" content=\"https:\/\/www.facebook.com\/notibras\/\" \/>\n<meta property=\"article:published_time\" content=\"2022-06-15T10:55:55+00:00\" \/>\n<meta property=\"og:image\" content=\"https:\/\/www.notibras.com\/site\/wp-content\/uploads\/2022\/06\/otan.ajuda_.webp\" \/>\n\t<meta property=\"og:image:width\" content=\"1920\" \/>\n\t<meta property=\"og:image:height\" content=\"1079\" \/>\n\t<meta property=\"og:image:type\" content=\"image\/webp\" \/>\n<meta name=\"author\" content=\"Reda\u00e7\u00e3o\" \/>\n<meta name=\"twitter:card\" content=\"summary_large_image\" \/>\n<meta name=\"twitter:creator\" content=\"@Notibras\" \/>\n<meta name=\"twitter:site\" content=\"@Notibras\" \/>\n<meta name=\"twitter:label1\" content=\"Escrito por\" \/>\n\t<meta name=\"twitter:data1\" content=\"Reda\u00e7\u00e3o\" \/>\n\t<meta name=\"twitter:label2\" content=\"Est. tempo de leitura\" \/>\n\t<meta name=\"twitter:data2\" content=\"2 minutos\" \/>\n<script type=\"application\/ld+json\" class=\"yoast-schema-graph\">{\"@context\":\"https:\/\/schema.org\",\"@graph\":[{\"@type\":\"Article\",\"@id\":\"https:\/\/www.notibras.com\/site\/otan-tenta-socorrer-kiev-e-moscou-volta-a-ameacar\/#article\",\"isPartOf\":{\"@id\":\"https:\/\/www.notibras.com\/site\/otan-tenta-socorrer-kiev-e-moscou-volta-a-ameacar\/\"},\"author\":{\"name\":\"Reda\u00e7\u00e3o\",\"@id\":\"https:\/\/www.notibras.com\/site\/#\/schema\/person\/36ab0979449956132d3e5b517ea76ac8\"},\"headline\":\"Otan tenta socorrer Kiev, e Moscou volta a amea\u00e7ar\",\"datePublished\":\"2022-06-15T10:55:55+00:00\",\"mainEntityOfPage\":{\"@id\":\"https:\/\/www.notibras.com\/site\/otan-tenta-socorrer-kiev-e-moscou-volta-a-ameacar\/\"},\"wordCount\":328,\"publisher\":{\"@id\":\"https:\/\/www.notibras.com\/site\/#organization\"},\"image\":{\"@id\":\"https:\/\/www.notibras.com\/site\/otan-tenta-socorrer-kiev-e-moscou-volta-a-ameacar\/#primaryimage\"},\"thumbnailUrl\":\"https:\/\/www.notibras.com\/site\/wp-content\/uploads\/2022\/06\/otan.ajuda_.webp\",\"articleSection\":[\"Apocalipse\"],\"inLanguage\":\"pt-BR\"},{\"@type\":\"WebPage\",\"@id\":\"https:\/\/www.notibras.com\/site\/otan-tenta-socorrer-kiev-e-moscou-volta-a-ameacar\/\",\"url\":\"https:\/\/www.notibras.com\/site\/otan-tenta-socorrer-kiev-e-moscou-volta-a-ameacar\/\",\"name\":\"Otan tenta socorrer Kiev, e Moscou volta a amea\u00e7ar - Notibras\",\"isPartOf\":{\"@id\":\"https:\/\/www.notibras.com\/site\/#website\"},\"primaryImageOfPage\":{\"@id\":\"https:\/\/www.notibras.com\/site\/otan-tenta-socorrer-kiev-e-moscou-volta-a-ameacar\/#primaryimage\"},\"image\":{\"@id\":\"https:\/\/www.notibras.com\/site\/otan-tenta-socorrer-kiev-e-moscou-volta-a-ameacar\/#primaryimage\"},\"thumbnailUrl\":\"https:\/\/www.notibras.com\/site\/wp-content\/uploads\/2022\/06\/otan.ajuda_.webp\",\"datePublished\":\"2022-06-15T10:55:55+00:00\",\"breadcrumb\":{\"@id\":\"https:\/\/www.notibras.com\/site\/otan-tenta-socorrer-kiev-e-moscou-volta-a-ameacar\/#breadcrumb\"},\"inLanguage\":\"pt-BR\",\"potentialAction\":[{\"@type\":\"ReadAction\",\"target\":[\"https:\/\/www.notibras.com\/site\/otan-tenta-socorrer-kiev-e-moscou-volta-a-ameacar\/\"]}]},{\"@type\":\"ImageObject\",\"inLanguage\":\"pt-BR\",\"@id\":\"https:\/\/www.notibras.com\/site\/otan-tenta-socorrer-kiev-e-moscou-volta-a-ameacar\/#primaryimage\",\"url\":\"https:\/\/www.notibras.com\/site\/wp-content\/uploads\/2022\/06\/otan.ajuda_.webp\",\"contentUrl\":\"https:\/\/www.notibras.com\/site\/wp-content\/uploads\/2022\/06\/otan.ajuda_.webp\",\"width\":1920,\"height\":1079},{\"@type\":\"BreadcrumbList\",\"@id\":\"https:\/\/www.notibras.com\/site\/otan-tenta-socorrer-kiev-e-moscou-volta-a-ameacar\/#breadcrumb\",\"itemListElement\":[{\"@type\":\"ListItem\",\"position\":1,\"name\":\"In\u00edcio\",\"item\":\"https:\/\/www.notibras.com\/site\/\"},{\"@type\":\"ListItem\",\"position\":2,\"name\":\"Otan tenta socorrer Kiev, e Moscou volta a amea\u00e7ar\"}]},{\"@type\":\"WebSite\",\"@id\":\"https:\/\/www.notibras.com\/site\/#website\",\"url\":\"https:\/\/www.notibras.com\/site\/\",\"name\":\"Notibras\",\"description\":\"Not\u00edcias de Bras\u00edlia, do Brasil e do Mundo\",\"publisher\":{\"@id\":\"https:\/\/www.notibras.com\/site\/#organization\"},\"potentialAction\":[{\"@type\":\"SearchAction\",\"target\":{\"@type\":\"EntryPoint\",\"urlTemplate\":\"https:\/\/www.notibras.com\/site\/?s={search_term_string}\"},\"query-input\":{\"@type\":\"PropertyValueSpecification\",\"valueRequired\":true,\"valueName\":\"search_term_string\"}}],\"inLanguage\":\"pt-BR\"},{\"@type\":\"Organization\",\"@id\":\"https:\/\/www.notibras.com\/site\/#organization\",\"name\":\"Grupo Notibras de Comunica\u00e7\u00e3o\",\"url\":\"https:\/\/www.notibras.com\/site\/\",\"logo\":{\"@type\":\"ImageObject\",\"inLanguage\":\"pt-BR\",\"@id\":\"https:\/\/www.notibras.com\/site\/#\/schema\/logo\/image\/\",\"url\":\"https:\/\/www.notibras.com\/site\/wp-content\/uploads\/2023\/01\/notibras23.png\",\"contentUrl\":\"https:\/\/www.notibras.com\/site\/wp-content\/uploads\/2023\/01\/notibras23.png\",\"width\":350,\"height\":87,\"caption\":\"Grupo Notibras de Comunica\u00e7\u00e3o\"},\"image\":{\"@id\":\"https:\/\/www.notibras.com\/site\/#\/schema\/logo\/image\/\"},\"sameAs\":[\"https:\/\/www.facebook.com\/notibras\/\",\"https:\/\/x.com\/Notibras\",\"https:\/\/www.instagram.com\/notibras\/\"]},{\"@type\":\"Person\",\"@id\":\"https:\/\/www.notibras.com\/site\/#\/schema\/person\/36ab0979449956132d3e5b517ea76ac8\",\"name\":\"Reda\u00e7\u00e3o\",\"image\":{\"@type\":\"ImageObject\",\"inLanguage\":\"pt-BR\",\"@id\":\"https:\/\/secure.gravatar.com\/avatar\/e0a867bdedb85fd243eadf09663511f96fc81e0720a4a42581f334ad4303aa6b?s=96&d=mm&r=g\",\"url\":\"https:\/\/secure.gravatar.com\/avatar\/e0a867bdedb85fd243eadf09663511f96fc81e0720a4a42581f334ad4303aa6b?s=96&d=mm&r=g\",\"contentUrl\":\"https:\/\/secure.gravatar.com\/avatar\/e0a867bdedb85fd243eadf09663511f96fc81e0720a4a42581f334ad4303aa6b?s=96&d=mm&r=g\",\"caption\":\"Reda\u00e7\u00e3o\"}}]}<\/script>\n<!-- \/ Yoast SEO plugin. -->","yoast_head_json":{"title":"Otan tenta socorrer Kiev, e Moscou volta a amea\u00e7ar - Notibras","robots":{"index":"index","follow":"follow","max-snippet":"max-snippet:-1","max-image-preview":"max-image-preview:large","max-video-preview":"max-video-preview:-1"},"canonical":"https:\/\/www.notibras.com\/site\/otan-tenta-socorrer-kiev-e-moscou-volta-a-ameacar\/","og_locale":"pt_BR","og_type":"article","og_title":"Otan tenta socorrer Kiev, e Moscou volta a amea\u00e7ar - Notibras","og_description":"O secret\u00e1rio de Defesa dos EUA, Lloyd Austin, seus colegas da Otan e outros parceiros se reunir\u00e3o em Bruxelas nesta quarta e quinta-feira para discutir assist\u00eancia de seguran\u00e7a adicional para enviar \u00e0 Ucr\u00e2nia e a postura da for\u00e7a da alian\u00e7a militar na Europa Oriental. A reuni\u00e3o est\u00e1 ocorrendo semanas depois que o Congresso dos EUA [&hellip;]","og_url":"https:\/\/www.notibras.com\/site\/otan-tenta-socorrer-kiev-e-moscou-volta-a-ameacar\/","og_site_name":"Notibras","article_publisher":"https:\/\/www.facebook.com\/notibras\/","article_published_time":"2022-06-15T10:55:55+00:00","og_image":[{"width":1920,"height":1079,"url":"https:\/\/www.notibras.com\/site\/wp-content\/uploads\/2022\/06\/otan.ajuda_.webp","type":"image\/webp"}],"author":"Reda\u00e7\u00e3o","twitter_card":"summary_large_image","twitter_creator":"@Notibras","twitter_site":"@Notibras","twitter_misc":{"Escrito por":"Reda\u00e7\u00e3o","Est. tempo de leitura":"2 minutos"},"schema":{"@context":"https:\/\/schema.org","@graph":[{"@type":"Article","@id":"https:\/\/www.notibras.com\/site\/otan-tenta-socorrer-kiev-e-moscou-volta-a-ameacar\/#article","isPartOf":{"@id":"https:\/\/www.notibras.com\/site\/otan-tenta-socorrer-kiev-e-moscou-volta-a-ameacar\/"},"author":{"name":"Reda\u00e7\u00e3o","@id":"https:\/\/www.notibras.com\/site\/#\/schema\/person\/36ab0979449956132d3e5b517ea76ac8"},"headline":"Otan tenta socorrer Kiev, e Moscou volta a amea\u00e7ar","datePublished":"2022-06-15T10:55:55+00:00","mainEntityOfPage":{"@id":"https:\/\/www.notibras.com\/site\/otan-tenta-socorrer-kiev-e-moscou-volta-a-ameacar\/"},"wordCount":328,"publisher":{"@id":"https:\/\/www.notibras.com\/site\/#organization"},"image":{"@id":"https:\/\/www.notibras.com\/site\/otan-tenta-socorrer-kiev-e-moscou-volta-a-ameacar\/#primaryimage"},"thumbnailUrl":"https:\/\/www.notibras.com\/site\/wp-content\/uploads\/2022\/06\/otan.ajuda_.webp","articleSection":["Apocalipse"],"inLanguage":"pt-BR"},{"@type":"WebPage","@id":"https:\/\/www.notibras.com\/site\/otan-tenta-socorrer-kiev-e-moscou-volta-a-ameacar\/","url":"https:\/\/www.notibras.com\/site\/otan-tenta-socorrer-kiev-e-moscou-volta-a-ameacar\/","name":"Otan tenta socorrer Kiev, e Moscou volta a amea\u00e7ar - Notibras","isPartOf":{"@id":"https:\/\/www.notibras.com\/site\/#website"},"primaryImageOfPage":{"@id":"https:\/\/www.notibras.com\/site\/otan-tenta-socorrer-kiev-e-moscou-volta-a-ameacar\/#primaryimage"},"image":{"@id":"https:\/\/www.notibras.com\/site\/otan-tenta-socorrer-kiev-e-moscou-volta-a-ameacar\/#primaryimage"},"thumbnailUrl":"https:\/\/www.notibras.com\/site\/wp-content\/uploads\/2022\/06\/otan.ajuda_.webp","datePublished":"2022-06-15T10:55:55+00:00","breadcrumb":{"@id":"https:\/\/www.notibras.com\/site\/otan-tenta-socorrer-kiev-e-moscou-volta-a-ameacar\/#breadcrumb"},"inLanguage":"pt-BR","potentialAction":[{"@type":"ReadAction","target":["https:\/\/www.notibras.com\/site\/otan-tenta-socorrer-kiev-e-moscou-volta-a-ameacar\/"]}]},{"@type":"ImageObject","inLanguage":"pt-BR","@id":"https:\/\/www.notibras.com\/site\/otan-tenta-socorrer-kiev-e-moscou-volta-a-ameacar\/#primaryimage","url":"https:\/\/www.notibras.com\/site\/wp-content\/uploads\/2022\/06\/otan.ajuda_.webp","contentUrl":"https:\/\/www.notibras.com\/site\/wp-content\/uploads\/2022\/06\/otan.ajuda_.webp","width":1920,"height":1079},{"@type":"BreadcrumbList","@id":"https:\/\/www.notibras.com\/site\/otan-tenta-socorrer-kiev-e-moscou-volta-a-ameacar\/#breadcrumb","itemListElement":[{"@type":"ListItem","position":1,"name":"In\u00edcio","item":"https:\/\/www.notibras.com\/site\/"},{"@type":"ListItem","position":2,"name":"Otan tenta socorrer Kiev, e Moscou volta a amea\u00e7ar"}]},{"@type":"WebSite","@id":"https:\/\/www.notibras.com\/site\/#website","url":"https:\/\/www.notibras.com\/site\/","name":"Notibras","description":"Not\u00edcias de Bras\u00edlia, do Brasil e do Mundo","publisher":{"@id":"https:\/\/www.notibras.com\/site\/#organization"},"potentialAction":[{"@type":"SearchAction","target":{"@type":"EntryPoint","urlTemplate":"https:\/\/www.notibras.com\/site\/?s={search_term_string}"},"query-input":{"@type":"PropertyValueSpecification","valueRequired":true,"valueName":"search_term_string"}}],"inLanguage":"pt-BR"},{"@type":"Organization","@id":"https:\/\/www.notibras.com\/site\/#organization","name":"Grupo Notibras de Comunica\u00e7\u00e3o","url":"https:\/\/www.notibras.com\/site\/","logo":{"@type":"ImageObject","inLanguage":"pt-BR","@id":"https:\/\/www.notibras.com\/site\/#\/schema\/logo\/image\/","url":"https:\/\/www.notibras.com\/site\/wp-content\/uploads\/2023\/01\/notibras23.png","contentUrl":"https:\/\/www.notibras.com\/site\/wp-content\/uploads\/2023\/01\/notibras23.png","width":350,"height":87,"caption":"Grupo Notibras de Comunica\u00e7\u00e3o"},"image":{"@id":"https:\/\/www.notibras.com\/site\/#\/schema\/logo\/image\/"},"sameAs":["https:\/\/www.facebook.com\/notibras\/","https:\/\/x.com\/Notibras","https:\/\/www.instagram.com\/notibras\/"]},{"@type":"Person","@id":"https:\/\/www.notibras.com\/site\/#\/schema\/person\/36ab0979449956132d3e5b517ea76ac8","name":"Reda\u00e7\u00e3o","image":{"@type":"ImageObject","inLanguage":"pt-BR","@id":"https:\/\/secure.gravatar.com\/avatar\/e0a867bdedb85fd243eadf09663511f96fc81e0720a4a42581f334ad4303aa6b?s=96&d=mm&r=g","url":"https:\/\/secure.gravatar.com\/avatar\/e0a867bdedb85fd243eadf09663511f96fc81e0720a4a42581f334ad4303aa6b?s=96&d=mm&r=g","contentUrl":"https:\/\/secure.gravatar.com\/avatar\/e0a867bdedb85fd243eadf09663511f96fc81e0720a4a42581f334ad4303aa6b?s=96&d=mm&r=g","caption":"Reda\u00e7\u00e3o"}}]}},"amp_enabled":true,"_links":{"self":[{"href":"https:\/\/www.notibras.com\/site\/wp-json\/wp\/v2\/posts\/287495","targetHints":{"allow":["GET"]}}],"collection":[{"href":"https:\/\/www.notibras.com\/site\/wp-json\/wp\/v2\/posts"}],"about":[{"href":"https:\/\/www.notibras.com\/site\/wp-json\/wp\/v2\/types\/post"}],"author":[{"embeddable":true,"href":"https:\/\/www.notibras.com\/site\/wp-json\/wp\/v2\/users\/2"}],"replies":[{"embeddable":true,"href":"https:\/\/www.notibras.com\/site\/wp-json\/wp\/v2\/comments?post=287495"}],"version-history":[{"count":1,"href":"https:\/\/www.notibras.com\/site\/wp-json\/wp\/v2\/posts\/287495\/revisions"}],"predecessor-version":[{"id":287497,"href":"https:\/\/www.notibras.com\/site\/wp-json\/wp\/v2\/posts\/287495\/revisions\/287497"}],"wp:featuredmedia":[{"embeddable":true,"href":"https:\/\/www.notibras.com\/site\/wp-json\/wp\/v2\/media\/287496"}],"wp:attachment":[{"href":"https:\/\/www.notibras.com\/site\/wp-json\/wp\/v2\/media?parent=287495"}],"wp:term":[{"taxonomy":"category","embeddable":true,"href":"https:\/\/www.notibras.com\/site\/wp-json\/wp\/v2\/categories?post=287495"},{"taxonomy":"post_tag","embeddable":true,"href":"https:\/\/www.notibras.com\/site\/wp-json\/wp\/v2\/tags?post=287495"}],"curies":[{"name":"wp","href":"https:\/\/api.w.org\/{rel}","templated":true}]}}