{"id":287546,"date":"2022-06-16T04:47:24","date_gmt":"2022-06-16T07:47:24","guid":{"rendered":"https:\/\/www.notibras.com\/site\/?p=287546"},"modified":"2022-06-16T06:54:59","modified_gmt":"2022-06-16T09:54:59","slug":"eua-quer-estreito-de-taiwan-livre-pequim-diz-que-area-e-da-china","status":"publish","type":"post","link":"https:\/\/www.notibras.com\/site\/eua-quer-estreito-de-taiwan-livre-pequim-diz-que-area-e-da-china\/","title":{"rendered":"EUA quer estreito de Taiwan livre; Pequim diz que \u00e1rea \u00e9 da China"},"content":{"rendered":"<p>Embora os EUA n\u00e3o tenham la\u00e7os diplom\u00e1ticos formais com Taiwan, Washington continua a canalizar armas e outros apoios para Taipei de maneira informal. A China, que v\u00ea a ilha como sua prov\u00edncia, condenou repetidamente o apoio americano a Taiwan, criticando-o como uma viola\u00e7\u00e3o dos comunicados que sustentam a rela\u00e7\u00e3o diplom\u00e1tica Washington-Taipei.<\/p>\n<p>Agora, para acirrar a crise, Washington apoiou a afirma\u00e7\u00e3o de Taipei de que o Estreito de Taiwan, que separa a ilha da China, \u00e9 uma via naveg\u00e1vel internacional.<\/p>\n<p>Em entrevista \u00e0 <em>Reuters<\/em>, o porta-voz do Departamento de Estado Ned Price, argumentou que \u201co Estreito de Taiwan \u00e9 uma via naveg\u00e1vel internacional, o que significa que o Estreito de Taiwan \u00e9 uma \u00e1rea onde as liberdades em alto mar, incluindo a liberdade de navega\u00e7\u00e3o e sobrevoo, s\u00e3o garantidas pelo direito internacional.\u201d<\/p>\n<p>Ele acrescentou que o mundo tem \u201cum interesse permanente na paz e estabilidade no Estreito de Taiwan, e n\u00f3s [os EUA] consideramos isso central para a seguran\u00e7a e a prosperidade da regi\u00e3o do Indo-Pac\u00edfico mais ampla\u201d.<\/p>\n<p>Price reiterou as preocupa\u00e7\u00f5es de Washington com a \u201cret\u00f3rica agressiva e atividade coercitiva em rela\u00e7\u00e3o a Taiwan\u201d, prometendo que os EUA \u201ccontinuariam a voar, navegar e operar onde quer que a lei internacional permita, e isso inclui transitar pelo Estreito de Taiwan\u201d.<\/p>\n<p>As observa\u00e7\u00f5es vieram em resposta ao Minist\u00e9rio das Rela\u00e7\u00f5es Exteriores da China argumentando que tem direitos soberanos e administrativos sobre o Estreito de Taiwan e rejeitando as alega\u00e7\u00f5es dos EUA de que a \u00e1rea \u00e9 de \u00e1guas internacionais.<\/p>\n<p>O porta-voz Wang Wenbin insistiu que o Estreito de Taiwan est\u00e1 dentro das \u00e1guas territoriais da China e da zona econ\u00f4mica exclusiva, conforme definido pela Conven\u00e7\u00e3o das Na\u00e7\u00f5es Unidas sobre o Direito do Mar e pela legisla\u00e7\u00e3o dom\u00e9stica.<\/p>\n<p>\u201cA China goza de direitos soberanos e jurisdi\u00e7\u00e3o sobre o Estreito de Taiwan, respeitando os direitos leg\u00edtimos de outros pa\u00edses nas \u00e1reas mar\u00edtimas relevantes\u201d, destacou Wang.<\/p>\n<p>Ele afirmou que \u201cn\u00e3o existe &#8216;\u00e1guas internacionais&#8217; na regi\u00e3o e que \u00e9 \u201cuma alega\u00e7\u00e3o falsa quando certos pa\u00edses chamam o Estreito de Taiwan de &#8216;\u00e1guas internacionais&#8217;\u201d e \u201cpretendem criar uma desculpa para sua manipula\u00e7\u00e3o e amea\u00e7am a soberania e a seguran\u00e7a da China\u201d.<\/p>\n<p>A porta-voz do Minist\u00e9rio das Rela\u00e7\u00f5es Exteriores de Taiwan, Joanne Ou, chamou a posi\u00e7\u00e3o de Pequim de \u201cfal\u00e1cia\u201d, argumentando que \u201co Estreito de Taiwan \u00e9 \u00e1guas internacionais, e as \u00e1guas fora de nossas \u00e1guas territoriais est\u00e3o sujeitas ao princ\u00edpio da liberdade do alto mar do direito internacional\u201d.<\/p>\n<p>Ela foi ecoada pelo primeiro-ministro da ilha, Su Tseng-chang, que afirmou que o Estreito de Taiwan \u201cn\u00e3o era de forma alguma o mar interior da China\u201d.<\/p>\n<p>\u201cA ambi\u00e7\u00e3o da China de engolir Taiwan nunca parou ou foi ocultada; o Estreito de Taiwan \u00e9 uma \u00e1rea mar\u00edtima para navega\u00e7\u00e3o internacional livre\u201d, disse Su.<\/p>\n<p>Ma Xiaoguang, porta-voz do Escrit\u00f3rio de Assuntos de Taiwan da China, por sua vez, argumentou que o governo de Taipei estava \u201ccooperando com for\u00e7as externas para ati\u00e7ar a quest\u00e3o\u201d.<\/p>\n<p>Segundo Ma, isso &#8220;prejudica os interesses dos compatriotas de ambos os lados do Estreito de Taiwan e trai os interesses da na\u00e7\u00e3o chinesa &#8211; \u00e9 desprez\u00edvel&#8221;.<\/p>\n<p>Os coment\u00e1rios seguiram o Minist\u00e9rio da Defesa chin\u00eas no final da semana passada anunciando que Pequim est\u00e1 preparada para tomar medidas resolutas se Taiwan declarar independ\u00eancia.<\/p>\n<p>\u201cSe algu\u00e9m ousar separar Taiwan da China, o ex\u00e9rcito chin\u00eas definitivamente n\u00e3o hesitar\u00e1 em come\u00e7ar uma guerra, n\u00e3o importa o custo\u201d, destacou o porta-voz do minist\u00e9rio, Wu Qian.<\/p>\n<p><strong>Tens\u00f5es \u0421hina-Taiwan<\/strong><br \/>\nAs tens\u00f5es Pequim-Taipei aumentaram depois que os militares chineses enviaram quase 40 ca\u00e7as \u00e0 zona de identifica\u00e7\u00e3o de defesa a\u00e9rea de Taiwan por dois dias consecutivos em outubro de 2021.<\/p>\n<p>Os voos foram precedidos por delega\u00e7\u00f5es dos EUA e da UE que visitaram a ilha e o presidente taiwan\u00eas Tsai Ing-wen admitindo durante uma entrevista \u00e0 <em>CNN<\/em> que as tropas dos EUA foram destacadas em territ\u00f3rio taiwan\u00eas para fins de treinamento.<\/p>\n<p>O <em>Wall Street Journal<\/em> informou anteriormente que os fuzileiros navais dos EUA e as for\u00e7as de opera\u00e7\u00f5es especiais estavam treinando secretamente os soldados de Taiwan &#8220;h\u00e1 mais de um ano&#8221;.<\/p>\n<p>As tens\u00f5es foram exacerbadas pelo envio repetido de navios de guerra pelos EUA para o Estreito de Taiwan, com Pequim apelidando essas miss\u00f5es de provoca\u00e7\u00f5es e criticando Washington como &#8220;o destruidor da paz e da estabilidade&#8221; no Estreito de Taiwan e &#8220;um criador de riscos de seguran\u00e7a na regi\u00e3o&#8221;.<\/p>\n<p>Embora os EUA n\u00e3o tenham rela\u00e7\u00f5es diplom\u00e1ticas formais com Taiwan, Washington mant\u00e9m um escrit\u00f3rio de representa\u00e7\u00e3o em Taipei, permanecendo o maior fornecedor de equipamentos militares da ilha. Durante sua recente visita ao Jap\u00e3o, o presidente Joe Biden disse que os EUA estavam prontos para apoiar militarmente a ilha se a China a invadisse.<\/p>\n<p>Oficialmente conhecida como Rep\u00fablica da China (ROC), Taiwan rompeu todos os la\u00e7os com a China continental em 1949, ap\u00f3s a Guerra Civil Chinesa, na qual as for\u00e7as comunistas de Mao Zedong da Rep\u00fablica Popular da China (RPC) derrotaram os nacionalistas do Kuomintang e os for\u00e7aram a fugir para a ilha.<\/p>\n<p>Com a ROC e a RPC reivindicando o territ\u00f3rio do pa\u00eds, a ONU reconheceu a RPC como a \u00fanica China legal em 1971.<br \/>\nPequim considera a ilha parte integrante da RPC, aderindo a uma pol\u00edtica de reunifica\u00e7\u00e3o pac\u00edfica sob o modelo &#8220;Uma China &#8211; Dois Sistemas&#8221;.<\/p>\n","protected":false},"excerpt":{"rendered":"<p>Embora os EUA n\u00e3o tenham la\u00e7os diplom\u00e1ticos formais com Taiwan, Washington continua a canalizar armas e outros apoios para Taipei de maneira informal. A China, que v\u00ea a ilha como sua prov\u00edncia, condenou repetidamente o apoio americano a Taiwan, criticando-o como uma viola\u00e7\u00e3o dos comunicados que sustentam a rela\u00e7\u00e3o diplom\u00e1tica Washington-Taipei. Agora, para acirrar a [&hellip;]<\/p>\n","protected":false},"author":2,"featured_media":287547,"comment_status":"closed","ping_status":"closed","sticky":false,"template":"","format":"standard","meta":{"_acf_changed":false,"footnotes":""},"categories":[159],"tags":[95],"class_list":["post-287546","post","type-post","status-publish","format-standard","has-post-thumbnail","hentry","category-apocalipse","tag-capa"],"acf":[],"yoast_head":"<!-- This site is optimized with the Yoast SEO plugin v27.2 - https:\/\/yoast.com\/product\/yoast-seo-wordpress\/ -->\n<title>EUA quer estreito de Taiwan livre; Pequim diz que \u00e1rea \u00e9 da China - Notibras<\/title>\n<meta name=\"robots\" content=\"index, follow, max-snippet:-1, max-image-preview:large, max-video-preview:-1\" \/>\n<link rel=\"canonical\" href=\"https:\/\/www.notibras.com\/site\/eua-quer-estreito-de-taiwan-livre-pequim-diz-que-area-e-da-china\/\" \/>\n<meta property=\"og:locale\" content=\"pt_BR\" \/>\n<meta property=\"og:type\" content=\"article\" \/>\n<meta property=\"og:title\" content=\"EUA quer estreito de Taiwan livre; Pequim diz que \u00e1rea \u00e9 da China - Notibras\" \/>\n<meta property=\"og:description\" content=\"Embora os EUA n\u00e3o tenham la\u00e7os diplom\u00e1ticos formais com Taiwan, Washington continua a canalizar armas e outros apoios para Taipei de maneira informal. A China, que v\u00ea a ilha como sua prov\u00edncia, condenou repetidamente o apoio americano a Taiwan, criticando-o como uma viola\u00e7\u00e3o dos comunicados que sustentam a rela\u00e7\u00e3o diplom\u00e1tica Washington-Taipei. Agora, para acirrar a [&hellip;]\" \/>\n<meta property=\"og:url\" content=\"https:\/\/www.notibras.com\/site\/eua-quer-estreito-de-taiwan-livre-pequim-diz-que-area-e-da-china\/\" \/>\n<meta property=\"og:site_name\" content=\"Notibras\" \/>\n<meta property=\"article:publisher\" content=\"https:\/\/www.facebook.com\/notibras\/\" \/>\n<meta property=\"article:published_time\" content=\"2022-06-16T07:47:24+00:00\" \/>\n<meta property=\"article:modified_time\" content=\"2022-06-16T09:54:59+00:00\" \/>\n<meta property=\"og:image\" content=\"https:\/\/www.notibras.com\/site\/wp-content\/uploads\/2022\/06\/estreitodetaiwan.webp\" \/>\n\t<meta property=\"og:image:width\" content=\"1920\" \/>\n\t<meta property=\"og:image:height\" content=\"1079\" \/>\n\t<meta property=\"og:image:type\" content=\"image\/webp\" \/>\n<meta name=\"author\" content=\"Reda\u00e7\u00e3o\" \/>\n<meta name=\"twitter:card\" content=\"summary_large_image\" \/>\n<meta name=\"twitter:creator\" content=\"@Notibras\" \/>\n<meta name=\"twitter:site\" content=\"@Notibras\" \/>\n<meta name=\"twitter:label1\" content=\"Escrito por\" \/>\n\t<meta name=\"twitter:data1\" content=\"Reda\u00e7\u00e3o\" \/>\n\t<meta name=\"twitter:label2\" content=\"Est. tempo de leitura\" \/>\n\t<meta name=\"twitter:data2\" content=\"5 minutos\" \/>\n<script type=\"application\/ld+json\" class=\"yoast-schema-graph\">{\"@context\":\"https:\/\/schema.org\",\"@graph\":[{\"@type\":\"Article\",\"@id\":\"https:\/\/www.notibras.com\/site\/eua-quer-estreito-de-taiwan-livre-pequim-diz-que-area-e-da-china\/#article\",\"isPartOf\":{\"@id\":\"https:\/\/www.notibras.com\/site\/eua-quer-estreito-de-taiwan-livre-pequim-diz-que-area-e-da-china\/\"},\"author\":{\"name\":\"Reda\u00e7\u00e3o\",\"@id\":\"https:\/\/www.notibras.com\/site\/#\/schema\/person\/36ab0979449956132d3e5b517ea76ac8\"},\"headline\":\"EUA quer estreito de Taiwan livre; Pequim diz que \u00e1rea \u00e9 da China\",\"datePublished\":\"2022-06-16T07:47:24+00:00\",\"dateModified\":\"2022-06-16T09:54:59+00:00\",\"mainEntityOfPage\":{\"@id\":\"https:\/\/www.notibras.com\/site\/eua-quer-estreito-de-taiwan-livre-pequim-diz-que-area-e-da-china\/\"},\"wordCount\":962,\"publisher\":{\"@id\":\"https:\/\/www.notibras.com\/site\/#organization\"},\"image\":{\"@id\":\"https:\/\/www.notibras.com\/site\/eua-quer-estreito-de-taiwan-livre-pequim-diz-que-area-e-da-china\/#primaryimage\"},\"thumbnailUrl\":\"https:\/\/www.notibras.com\/site\/wp-content\/uploads\/2022\/06\/estreitodetaiwan.webp\",\"keywords\":[\"capa\"],\"articleSection\":[\"Apocalipse\"],\"inLanguage\":\"pt-BR\"},{\"@type\":\"WebPage\",\"@id\":\"https:\/\/www.notibras.com\/site\/eua-quer-estreito-de-taiwan-livre-pequim-diz-que-area-e-da-china\/\",\"url\":\"https:\/\/www.notibras.com\/site\/eua-quer-estreito-de-taiwan-livre-pequim-diz-que-area-e-da-china\/\",\"name\":\"EUA quer estreito de Taiwan livre; Pequim diz que \u00e1rea \u00e9 da China - Notibras\",\"isPartOf\":{\"@id\":\"https:\/\/www.notibras.com\/site\/#website\"},\"primaryImageOfPage\":{\"@id\":\"https:\/\/www.notibras.com\/site\/eua-quer-estreito-de-taiwan-livre-pequim-diz-que-area-e-da-china\/#primaryimage\"},\"image\":{\"@id\":\"https:\/\/www.notibras.com\/site\/eua-quer-estreito-de-taiwan-livre-pequim-diz-que-area-e-da-china\/#primaryimage\"},\"thumbnailUrl\":\"https:\/\/www.notibras.com\/site\/wp-content\/uploads\/2022\/06\/estreitodetaiwan.webp\",\"datePublished\":\"2022-06-16T07:47:24+00:00\",\"dateModified\":\"2022-06-16T09:54:59+00:00\",\"breadcrumb\":{\"@id\":\"https:\/\/www.notibras.com\/site\/eua-quer-estreito-de-taiwan-livre-pequim-diz-que-area-e-da-china\/#breadcrumb\"},\"inLanguage\":\"pt-BR\",\"potentialAction\":[{\"@type\":\"ReadAction\",\"target\":[\"https:\/\/www.notibras.com\/site\/eua-quer-estreito-de-taiwan-livre-pequim-diz-que-area-e-da-china\/\"]}]},{\"@type\":\"ImageObject\",\"inLanguage\":\"pt-BR\",\"@id\":\"https:\/\/www.notibras.com\/site\/eua-quer-estreito-de-taiwan-livre-pequim-diz-que-area-e-da-china\/#primaryimage\",\"url\":\"https:\/\/www.notibras.com\/site\/wp-content\/uploads\/2022\/06\/estreitodetaiwan.webp\",\"contentUrl\":\"https:\/\/www.notibras.com\/site\/wp-content\/uploads\/2022\/06\/estreitodetaiwan.webp\",\"width\":1920,\"height\":1079},{\"@type\":\"BreadcrumbList\",\"@id\":\"https:\/\/www.notibras.com\/site\/eua-quer-estreito-de-taiwan-livre-pequim-diz-que-area-e-da-china\/#breadcrumb\",\"itemListElement\":[{\"@type\":\"ListItem\",\"position\":1,\"name\":\"In\u00edcio\",\"item\":\"https:\/\/www.notibras.com\/site\/\"},{\"@type\":\"ListItem\",\"position\":2,\"name\":\"EUA quer estreito de Taiwan livre; Pequim diz que \u00e1rea \u00e9 da China\"}]},{\"@type\":\"WebSite\",\"@id\":\"https:\/\/www.notibras.com\/site\/#website\",\"url\":\"https:\/\/www.notibras.com\/site\/\",\"name\":\"Notibras\",\"description\":\"Not\u00edcias de Bras\u00edlia, do Brasil e do Mundo\",\"publisher\":{\"@id\":\"https:\/\/www.notibras.com\/site\/#organization\"},\"potentialAction\":[{\"@type\":\"SearchAction\",\"target\":{\"@type\":\"EntryPoint\",\"urlTemplate\":\"https:\/\/www.notibras.com\/site\/?s={search_term_string}\"},\"query-input\":{\"@type\":\"PropertyValueSpecification\",\"valueRequired\":true,\"valueName\":\"search_term_string\"}}],\"inLanguage\":\"pt-BR\"},{\"@type\":\"Organization\",\"@id\":\"https:\/\/www.notibras.com\/site\/#organization\",\"name\":\"Grupo Notibras de Comunica\u00e7\u00e3o\",\"url\":\"https:\/\/www.notibras.com\/site\/\",\"logo\":{\"@type\":\"ImageObject\",\"inLanguage\":\"pt-BR\",\"@id\":\"https:\/\/www.notibras.com\/site\/#\/schema\/logo\/image\/\",\"url\":\"https:\/\/www.notibras.com\/site\/wp-content\/uploads\/2023\/01\/notibras23.png\",\"contentUrl\":\"https:\/\/www.notibras.com\/site\/wp-content\/uploads\/2023\/01\/notibras23.png\",\"width\":350,\"height\":87,\"caption\":\"Grupo Notibras de Comunica\u00e7\u00e3o\"},\"image\":{\"@id\":\"https:\/\/www.notibras.com\/site\/#\/schema\/logo\/image\/\"},\"sameAs\":[\"https:\/\/www.facebook.com\/notibras\/\",\"https:\/\/x.com\/Notibras\",\"https:\/\/www.instagram.com\/notibras\/\"]},{\"@type\":\"Person\",\"@id\":\"https:\/\/www.notibras.com\/site\/#\/schema\/person\/36ab0979449956132d3e5b517ea76ac8\",\"name\":\"Reda\u00e7\u00e3o\",\"image\":{\"@type\":\"ImageObject\",\"inLanguage\":\"pt-BR\",\"@id\":\"https:\/\/secure.gravatar.com\/avatar\/e0a867bdedb85fd243eadf09663511f96fc81e0720a4a42581f334ad4303aa6b?s=96&d=mm&r=g\",\"url\":\"https:\/\/secure.gravatar.com\/avatar\/e0a867bdedb85fd243eadf09663511f96fc81e0720a4a42581f334ad4303aa6b?s=96&d=mm&r=g\",\"contentUrl\":\"https:\/\/secure.gravatar.com\/avatar\/e0a867bdedb85fd243eadf09663511f96fc81e0720a4a42581f334ad4303aa6b?s=96&d=mm&r=g\",\"caption\":\"Reda\u00e7\u00e3o\"}}]}<\/script>\n<!-- \/ Yoast SEO plugin. -->","yoast_head_json":{"title":"EUA quer estreito de Taiwan livre; Pequim diz que \u00e1rea \u00e9 da China - Notibras","robots":{"index":"index","follow":"follow","max-snippet":"max-snippet:-1","max-image-preview":"max-image-preview:large","max-video-preview":"max-video-preview:-1"},"canonical":"https:\/\/www.notibras.com\/site\/eua-quer-estreito-de-taiwan-livre-pequim-diz-que-area-e-da-china\/","og_locale":"pt_BR","og_type":"article","og_title":"EUA quer estreito de Taiwan livre; Pequim diz que \u00e1rea \u00e9 da China - Notibras","og_description":"Embora os EUA n\u00e3o tenham la\u00e7os diplom\u00e1ticos formais com Taiwan, Washington continua a canalizar armas e outros apoios para Taipei de maneira informal. A China, que v\u00ea a ilha como sua prov\u00edncia, condenou repetidamente o apoio americano a Taiwan, criticando-o como uma viola\u00e7\u00e3o dos comunicados que sustentam a rela\u00e7\u00e3o diplom\u00e1tica Washington-Taipei. Agora, para acirrar a [&hellip;]","og_url":"https:\/\/www.notibras.com\/site\/eua-quer-estreito-de-taiwan-livre-pequim-diz-que-area-e-da-china\/","og_site_name":"Notibras","article_publisher":"https:\/\/www.facebook.com\/notibras\/","article_published_time":"2022-06-16T07:47:24+00:00","article_modified_time":"2022-06-16T09:54:59+00:00","og_image":[{"width":1920,"height":1079,"url":"https:\/\/www.notibras.com\/site\/wp-content\/uploads\/2022\/06\/estreitodetaiwan.webp","type":"image\/webp"}],"author":"Reda\u00e7\u00e3o","twitter_card":"summary_large_image","twitter_creator":"@Notibras","twitter_site":"@Notibras","twitter_misc":{"Escrito por":"Reda\u00e7\u00e3o","Est. tempo de leitura":"5 minutos"},"schema":{"@context":"https:\/\/schema.org","@graph":[{"@type":"Article","@id":"https:\/\/www.notibras.com\/site\/eua-quer-estreito-de-taiwan-livre-pequim-diz-que-area-e-da-china\/#article","isPartOf":{"@id":"https:\/\/www.notibras.com\/site\/eua-quer-estreito-de-taiwan-livre-pequim-diz-que-area-e-da-china\/"},"author":{"name":"Reda\u00e7\u00e3o","@id":"https:\/\/www.notibras.com\/site\/#\/schema\/person\/36ab0979449956132d3e5b517ea76ac8"},"headline":"EUA quer estreito de Taiwan livre; Pequim diz que \u00e1rea \u00e9 da China","datePublished":"2022-06-16T07:47:24+00:00","dateModified":"2022-06-16T09:54:59+00:00","mainEntityOfPage":{"@id":"https:\/\/www.notibras.com\/site\/eua-quer-estreito-de-taiwan-livre-pequim-diz-que-area-e-da-china\/"},"wordCount":962,"publisher":{"@id":"https:\/\/www.notibras.com\/site\/#organization"},"image":{"@id":"https:\/\/www.notibras.com\/site\/eua-quer-estreito-de-taiwan-livre-pequim-diz-que-area-e-da-china\/#primaryimage"},"thumbnailUrl":"https:\/\/www.notibras.com\/site\/wp-content\/uploads\/2022\/06\/estreitodetaiwan.webp","keywords":["capa"],"articleSection":["Apocalipse"],"inLanguage":"pt-BR"},{"@type":"WebPage","@id":"https:\/\/www.notibras.com\/site\/eua-quer-estreito-de-taiwan-livre-pequim-diz-que-area-e-da-china\/","url":"https:\/\/www.notibras.com\/site\/eua-quer-estreito-de-taiwan-livre-pequim-diz-que-area-e-da-china\/","name":"EUA quer estreito de Taiwan livre; Pequim diz que \u00e1rea \u00e9 da China - Notibras","isPartOf":{"@id":"https:\/\/www.notibras.com\/site\/#website"},"primaryImageOfPage":{"@id":"https:\/\/www.notibras.com\/site\/eua-quer-estreito-de-taiwan-livre-pequim-diz-que-area-e-da-china\/#primaryimage"},"image":{"@id":"https:\/\/www.notibras.com\/site\/eua-quer-estreito-de-taiwan-livre-pequim-diz-que-area-e-da-china\/#primaryimage"},"thumbnailUrl":"https:\/\/www.notibras.com\/site\/wp-content\/uploads\/2022\/06\/estreitodetaiwan.webp","datePublished":"2022-06-16T07:47:24+00:00","dateModified":"2022-06-16T09:54:59+00:00","breadcrumb":{"@id":"https:\/\/www.notibras.com\/site\/eua-quer-estreito-de-taiwan-livre-pequim-diz-que-area-e-da-china\/#breadcrumb"},"inLanguage":"pt-BR","potentialAction":[{"@type":"ReadAction","target":["https:\/\/www.notibras.com\/site\/eua-quer-estreito-de-taiwan-livre-pequim-diz-que-area-e-da-china\/"]}]},{"@type":"ImageObject","inLanguage":"pt-BR","@id":"https:\/\/www.notibras.com\/site\/eua-quer-estreito-de-taiwan-livre-pequim-diz-que-area-e-da-china\/#primaryimage","url":"https:\/\/www.notibras.com\/site\/wp-content\/uploads\/2022\/06\/estreitodetaiwan.webp","contentUrl":"https:\/\/www.notibras.com\/site\/wp-content\/uploads\/2022\/06\/estreitodetaiwan.webp","width":1920,"height":1079},{"@type":"BreadcrumbList","@id":"https:\/\/www.notibras.com\/site\/eua-quer-estreito-de-taiwan-livre-pequim-diz-que-area-e-da-china\/#breadcrumb","itemListElement":[{"@type":"ListItem","position":1,"name":"In\u00edcio","item":"https:\/\/www.notibras.com\/site\/"},{"@type":"ListItem","position":2,"name":"EUA quer estreito de Taiwan livre; Pequim diz que \u00e1rea \u00e9 da China"}]},{"@type":"WebSite","@id":"https:\/\/www.notibras.com\/site\/#website","url":"https:\/\/www.notibras.com\/site\/","name":"Notibras","description":"Not\u00edcias de Bras\u00edlia, do Brasil e do Mundo","publisher":{"@id":"https:\/\/www.notibras.com\/site\/#organization"},"potentialAction":[{"@type":"SearchAction","target":{"@type":"EntryPoint","urlTemplate":"https:\/\/www.notibras.com\/site\/?s={search_term_string}"},"query-input":{"@type":"PropertyValueSpecification","valueRequired":true,"valueName":"search_term_string"}}],"inLanguage":"pt-BR"},{"@type":"Organization","@id":"https:\/\/www.notibras.com\/site\/#organization","name":"Grupo Notibras de Comunica\u00e7\u00e3o","url":"https:\/\/www.notibras.com\/site\/","logo":{"@type":"ImageObject","inLanguage":"pt-BR","@id":"https:\/\/www.notibras.com\/site\/#\/schema\/logo\/image\/","url":"https:\/\/www.notibras.com\/site\/wp-content\/uploads\/2023\/01\/notibras23.png","contentUrl":"https:\/\/www.notibras.com\/site\/wp-content\/uploads\/2023\/01\/notibras23.png","width":350,"height":87,"caption":"Grupo Notibras de Comunica\u00e7\u00e3o"},"image":{"@id":"https:\/\/www.notibras.com\/site\/#\/schema\/logo\/image\/"},"sameAs":["https:\/\/www.facebook.com\/notibras\/","https:\/\/x.com\/Notibras","https:\/\/www.instagram.com\/notibras\/"]},{"@type":"Person","@id":"https:\/\/www.notibras.com\/site\/#\/schema\/person\/36ab0979449956132d3e5b517ea76ac8","name":"Reda\u00e7\u00e3o","image":{"@type":"ImageObject","inLanguage":"pt-BR","@id":"https:\/\/secure.gravatar.com\/avatar\/e0a867bdedb85fd243eadf09663511f96fc81e0720a4a42581f334ad4303aa6b?s=96&d=mm&r=g","url":"https:\/\/secure.gravatar.com\/avatar\/e0a867bdedb85fd243eadf09663511f96fc81e0720a4a42581f334ad4303aa6b?s=96&d=mm&r=g","contentUrl":"https:\/\/secure.gravatar.com\/avatar\/e0a867bdedb85fd243eadf09663511f96fc81e0720a4a42581f334ad4303aa6b?s=96&d=mm&r=g","caption":"Reda\u00e7\u00e3o"}}]}},"amp_enabled":true,"_links":{"self":[{"href":"https:\/\/www.notibras.com\/site\/wp-json\/wp\/v2\/posts\/287546","targetHints":{"allow":["GET"]}}],"collection":[{"href":"https:\/\/www.notibras.com\/site\/wp-json\/wp\/v2\/posts"}],"about":[{"href":"https:\/\/www.notibras.com\/site\/wp-json\/wp\/v2\/types\/post"}],"author":[{"embeddable":true,"href":"https:\/\/www.notibras.com\/site\/wp-json\/wp\/v2\/users\/2"}],"replies":[{"embeddable":true,"href":"https:\/\/www.notibras.com\/site\/wp-json\/wp\/v2\/comments?post=287546"}],"version-history":[{"count":2,"href":"https:\/\/www.notibras.com\/site\/wp-json\/wp\/v2\/posts\/287546\/revisions"}],"predecessor-version":[{"id":287552,"href":"https:\/\/www.notibras.com\/site\/wp-json\/wp\/v2\/posts\/287546\/revisions\/287552"}],"wp:featuredmedia":[{"embeddable":true,"href":"https:\/\/www.notibras.com\/site\/wp-json\/wp\/v2\/media\/287547"}],"wp:attachment":[{"href":"https:\/\/www.notibras.com\/site\/wp-json\/wp\/v2\/media?parent=287546"}],"wp:term":[{"taxonomy":"category","embeddable":true,"href":"https:\/\/www.notibras.com\/site\/wp-json\/wp\/v2\/categories?post=287546"},{"taxonomy":"post_tag","embeddable":true,"href":"https:\/\/www.notibras.com\/site\/wp-json\/wp\/v2\/tags?post=287546"}],"curies":[{"name":"wp","href":"https:\/\/api.w.org\/{rel}","templated":true}]}}