{"id":287549,"date":"2022-06-16T05:09:25","date_gmt":"2022-06-16T08:09:25","guid":{"rendered":"https:\/\/www.notibras.com\/site\/?p=287549"},"modified":"2022-06-16T06:53:52","modified_gmt":"2022-06-16T09:53:52","slug":"putin-descarta-conversar-com-biden-sobre-armas-nucleares","status":"publish","type":"post","link":"https:\/\/www.notibras.com\/site\/putin-descarta-conversar-com-biden-sobre-armas-nucleares\/","title":{"rendered":"Putin descarta conversar com Biden sobre armas nucleares"},"content":{"rendered":"<p>As tens\u00f5es entre Washington e Moscou a partir da invas\u00e3o da Ucr\u00e2nia pela R\u00fassia est\u00e3o chegando ao auge. Mas nem por isso Vladimir Putin, presidente russo, est\u00e1 interessado em conversar com seu hom\u00f4nimo norte-americano Joe Biden sobre controle e uso de armas nucleares.<\/p>\n<p>Essa manifesta\u00e7\u00e3o, impl\u00edcita, foi revelada nesta quinta, 16, pelas autoridades russas. &#8220;A Casa Branca e o Kremlin ter\u00e3o que discutir controle de armas um dia, mas n\u00e3o por enquanto; mesmo porque, se a R\u00fassia sentir-se amea\u00e7ada, n\u00e3o hesitar\u00e1 em apertar os bot\u00f5es das arma nucleares&#8221;, avisou Dmitry Peskov, porta-voz de Putin.<\/p>\n<p>&#8220;H\u00e1 um entendimento de que h\u00e1 \u00e1reas que de uma forma ou de outra ainda ter\u00e3o que ser discutidas. S\u00e3o as \u00e1reas de controle de armas e \u00e1reas de desarmamento, o tema da n\u00e3o prolifera\u00e7\u00e3o. Isso \u00e9 algo que os dois pa\u00edses ter\u00e3o que discutir de uma forma ou de outra, mas, obviamente, n\u00e3o agora, quando h\u00e1 uma guerra na Europa e o Ocidente fornece a cada dia mais armas a Kiev&#8221;, enfatizou Peskov.<\/p>\n","protected":false},"excerpt":{"rendered":"<p>As tens\u00f5es entre Washington e Moscou a partir da invas\u00e3o da Ucr\u00e2nia pela R\u00fassia est\u00e3o chegando ao auge. Mas nem por isso Vladimir Putin, presidente russo, est\u00e1 interessado em conversar com seu hom\u00f4nimo norte-americano Joe Biden sobre controle e uso de armas nucleares. Essa manifesta\u00e7\u00e3o, impl\u00edcita, foi revelada nesta quinta, 16, pelas autoridades russas. &#8220;A [&hellip;]<\/p>\n","protected":false},"author":2,"featured_media":287550,"comment_status":"closed","ping_status":"closed","sticky":false,"template":"","format":"standard","meta":{"_acf_changed":false,"footnotes":""},"categories":[159],"tags":[95],"class_list":["post-287549","post","type-post","status-publish","format-standard","has-post-thumbnail","hentry","category-apocalipse","tag-capa"],"acf":[],"yoast_head":"<!-- This site is optimized with the Yoast SEO plugin v27.2 - https:\/\/yoast.com\/product\/yoast-seo-wordpress\/ -->\n<title>Putin descarta conversar com Biden sobre armas nucleares - Notibras<\/title>\n<meta name=\"robots\" content=\"index, follow, max-snippet:-1, max-image-preview:large, max-video-preview:-1\" \/>\n<link rel=\"canonical\" href=\"https:\/\/www.notibras.com\/site\/putin-descarta-conversar-com-biden-sobre-armas-nucleares\/\" \/>\n<meta property=\"og:locale\" content=\"pt_BR\" \/>\n<meta property=\"og:type\" content=\"article\" \/>\n<meta property=\"og:title\" content=\"Putin descarta conversar com Biden sobre armas nucleares - Notibras\" \/>\n<meta property=\"og:description\" content=\"As tens\u00f5es entre Washington e Moscou a partir da invas\u00e3o da Ucr\u00e2nia pela R\u00fassia est\u00e3o chegando ao auge. Mas nem por isso Vladimir Putin, presidente russo, est\u00e1 interessado em conversar com seu hom\u00f4nimo norte-americano Joe Biden sobre controle e uso de armas nucleares. Essa manifesta\u00e7\u00e3o, impl\u00edcita, foi revelada nesta quinta, 16, pelas autoridades russas. &#8220;A [&hellip;]\" \/>\n<meta property=\"og:url\" content=\"https:\/\/www.notibras.com\/site\/putin-descarta-conversar-com-biden-sobre-armas-nucleares\/\" \/>\n<meta property=\"og:site_name\" content=\"Notibras\" \/>\n<meta property=\"article:publisher\" content=\"https:\/\/www.facebook.com\/notibras\/\" \/>\n<meta property=\"article:published_time\" content=\"2022-06-16T08:09:25+00:00\" \/>\n<meta property=\"article:modified_time\" content=\"2022-06-16T09:53:52+00:00\" \/>\n<meta property=\"og:image\" content=\"https:\/\/www.notibras.com\/site\/wp-content\/uploads\/2022\/06\/eua.russia.bombas.webp\" \/>\n\t<meta property=\"og:image:width\" content=\"600\" \/>\n\t<meta property=\"og:image:height\" content=\"338\" \/>\n\t<meta property=\"og:image:type\" content=\"image\/webp\" \/>\n<meta name=\"author\" content=\"Reda\u00e7\u00e3o\" \/>\n<meta name=\"twitter:card\" content=\"summary_large_image\" \/>\n<meta name=\"twitter:creator\" content=\"@Notibras\" \/>\n<meta name=\"twitter:site\" content=\"@Notibras\" \/>\n<meta name=\"twitter:label1\" content=\"Escrito por\" \/>\n\t<meta name=\"twitter:data1\" content=\"Reda\u00e7\u00e3o\" \/>\n\t<meta name=\"twitter:label2\" content=\"Est. tempo de leitura\" \/>\n\t<meta name=\"twitter:data2\" content=\"1 minuto\" \/>\n<script type=\"application\/ld+json\" class=\"yoast-schema-graph\">{\"@context\":\"https:\/\/schema.org\",\"@graph\":[{\"@type\":\"Article\",\"@id\":\"https:\/\/www.notibras.com\/site\/putin-descarta-conversar-com-biden-sobre-armas-nucleares\/#article\",\"isPartOf\":{\"@id\":\"https:\/\/www.notibras.com\/site\/putin-descarta-conversar-com-biden-sobre-armas-nucleares\/\"},\"author\":{\"name\":\"Reda\u00e7\u00e3o\",\"@id\":\"https:\/\/www.notibras.com\/site\/#\/schema\/person\/36ab0979449956132d3e5b517ea76ac8\"},\"headline\":\"Putin descarta conversar com Biden sobre armas nucleares\",\"datePublished\":\"2022-06-16T08:09:25+00:00\",\"dateModified\":\"2022-06-16T09:53:52+00:00\",\"mainEntityOfPage\":{\"@id\":\"https:\/\/www.notibras.com\/site\/putin-descarta-conversar-com-biden-sobre-armas-nucleares\/\"},\"wordCount\":195,\"publisher\":{\"@id\":\"https:\/\/www.notibras.com\/site\/#organization\"},\"image\":{\"@id\":\"https:\/\/www.notibras.com\/site\/putin-descarta-conversar-com-biden-sobre-armas-nucleares\/#primaryimage\"},\"thumbnailUrl\":\"https:\/\/www.notibras.com\/site\/wp-content\/uploads\/2022\/06\/eua.russia.bombas.webp\",\"keywords\":[\"capa\"],\"articleSection\":[\"Apocalipse\"],\"inLanguage\":\"pt-BR\"},{\"@type\":\"WebPage\",\"@id\":\"https:\/\/www.notibras.com\/site\/putin-descarta-conversar-com-biden-sobre-armas-nucleares\/\",\"url\":\"https:\/\/www.notibras.com\/site\/putin-descarta-conversar-com-biden-sobre-armas-nucleares\/\",\"name\":\"Putin descarta conversar com Biden sobre armas nucleares - Notibras\",\"isPartOf\":{\"@id\":\"https:\/\/www.notibras.com\/site\/#website\"},\"primaryImageOfPage\":{\"@id\":\"https:\/\/www.notibras.com\/site\/putin-descarta-conversar-com-biden-sobre-armas-nucleares\/#primaryimage\"},\"image\":{\"@id\":\"https:\/\/www.notibras.com\/site\/putin-descarta-conversar-com-biden-sobre-armas-nucleares\/#primaryimage\"},\"thumbnailUrl\":\"https:\/\/www.notibras.com\/site\/wp-content\/uploads\/2022\/06\/eua.russia.bombas.webp\",\"datePublished\":\"2022-06-16T08:09:25+00:00\",\"dateModified\":\"2022-06-16T09:53:52+00:00\",\"breadcrumb\":{\"@id\":\"https:\/\/www.notibras.com\/site\/putin-descarta-conversar-com-biden-sobre-armas-nucleares\/#breadcrumb\"},\"inLanguage\":\"pt-BR\",\"potentialAction\":[{\"@type\":\"ReadAction\",\"target\":[\"https:\/\/www.notibras.com\/site\/putin-descarta-conversar-com-biden-sobre-armas-nucleares\/\"]}]},{\"@type\":\"ImageObject\",\"inLanguage\":\"pt-BR\",\"@id\":\"https:\/\/www.notibras.com\/site\/putin-descarta-conversar-com-biden-sobre-armas-nucleares\/#primaryimage\",\"url\":\"https:\/\/www.notibras.com\/site\/wp-content\/uploads\/2022\/06\/eua.russia.bombas.webp\",\"contentUrl\":\"https:\/\/www.notibras.com\/site\/wp-content\/uploads\/2022\/06\/eua.russia.bombas.webp\",\"width\":600,\"height\":338},{\"@type\":\"BreadcrumbList\",\"@id\":\"https:\/\/www.notibras.com\/site\/putin-descarta-conversar-com-biden-sobre-armas-nucleares\/#breadcrumb\",\"itemListElement\":[{\"@type\":\"ListItem\",\"position\":1,\"name\":\"In\u00edcio\",\"item\":\"https:\/\/www.notibras.com\/site\/\"},{\"@type\":\"ListItem\",\"position\":2,\"name\":\"Putin descarta conversar com Biden sobre armas nucleares\"}]},{\"@type\":\"WebSite\",\"@id\":\"https:\/\/www.notibras.com\/site\/#website\",\"url\":\"https:\/\/www.notibras.com\/site\/\",\"name\":\"Notibras\",\"description\":\"Not\u00edcias de Bras\u00edlia, do Brasil e do Mundo\",\"publisher\":{\"@id\":\"https:\/\/www.notibras.com\/site\/#organization\"},\"potentialAction\":[{\"@type\":\"SearchAction\",\"target\":{\"@type\":\"EntryPoint\",\"urlTemplate\":\"https:\/\/www.notibras.com\/site\/?s={search_term_string}\"},\"query-input\":{\"@type\":\"PropertyValueSpecification\",\"valueRequired\":true,\"valueName\":\"search_term_string\"}}],\"inLanguage\":\"pt-BR\"},{\"@type\":\"Organization\",\"@id\":\"https:\/\/www.notibras.com\/site\/#organization\",\"name\":\"Grupo Notibras de Comunica\u00e7\u00e3o\",\"url\":\"https:\/\/www.notibras.com\/site\/\",\"logo\":{\"@type\":\"ImageObject\",\"inLanguage\":\"pt-BR\",\"@id\":\"https:\/\/www.notibras.com\/site\/#\/schema\/logo\/image\/\",\"url\":\"https:\/\/www.notibras.com\/site\/wp-content\/uploads\/2023\/01\/notibras23.png\",\"contentUrl\":\"https:\/\/www.notibras.com\/site\/wp-content\/uploads\/2023\/01\/notibras23.png\",\"width\":350,\"height\":87,\"caption\":\"Grupo Notibras de Comunica\u00e7\u00e3o\"},\"image\":{\"@id\":\"https:\/\/www.notibras.com\/site\/#\/schema\/logo\/image\/\"},\"sameAs\":[\"https:\/\/www.facebook.com\/notibras\/\",\"https:\/\/x.com\/Notibras\",\"https:\/\/www.instagram.com\/notibras\/\"]},{\"@type\":\"Person\",\"@id\":\"https:\/\/www.notibras.com\/site\/#\/schema\/person\/36ab0979449956132d3e5b517ea76ac8\",\"name\":\"Reda\u00e7\u00e3o\",\"image\":{\"@type\":\"ImageObject\",\"inLanguage\":\"pt-BR\",\"@id\":\"https:\/\/secure.gravatar.com\/avatar\/e0a867bdedb85fd243eadf09663511f96fc81e0720a4a42581f334ad4303aa6b?s=96&d=mm&r=g\",\"url\":\"https:\/\/secure.gravatar.com\/avatar\/e0a867bdedb85fd243eadf09663511f96fc81e0720a4a42581f334ad4303aa6b?s=96&d=mm&r=g\",\"contentUrl\":\"https:\/\/secure.gravatar.com\/avatar\/e0a867bdedb85fd243eadf09663511f96fc81e0720a4a42581f334ad4303aa6b?s=96&d=mm&r=g\",\"caption\":\"Reda\u00e7\u00e3o\"}}]}<\/script>\n<!-- \/ Yoast SEO plugin. -->","yoast_head_json":{"title":"Putin descarta conversar com Biden sobre armas nucleares - Notibras","robots":{"index":"index","follow":"follow","max-snippet":"max-snippet:-1","max-image-preview":"max-image-preview:large","max-video-preview":"max-video-preview:-1"},"canonical":"https:\/\/www.notibras.com\/site\/putin-descarta-conversar-com-biden-sobre-armas-nucleares\/","og_locale":"pt_BR","og_type":"article","og_title":"Putin descarta conversar com Biden sobre armas nucleares - Notibras","og_description":"As tens\u00f5es entre Washington e Moscou a partir da invas\u00e3o da Ucr\u00e2nia pela R\u00fassia est\u00e3o chegando ao auge. Mas nem por isso Vladimir Putin, presidente russo, est\u00e1 interessado em conversar com seu hom\u00f4nimo norte-americano Joe Biden sobre controle e uso de armas nucleares. Essa manifesta\u00e7\u00e3o, impl\u00edcita, foi revelada nesta quinta, 16, pelas autoridades russas. &#8220;A [&hellip;]","og_url":"https:\/\/www.notibras.com\/site\/putin-descarta-conversar-com-biden-sobre-armas-nucleares\/","og_site_name":"Notibras","article_publisher":"https:\/\/www.facebook.com\/notibras\/","article_published_time":"2022-06-16T08:09:25+00:00","article_modified_time":"2022-06-16T09:53:52+00:00","og_image":[{"width":600,"height":338,"url":"https:\/\/www.notibras.com\/site\/wp-content\/uploads\/2022\/06\/eua.russia.bombas.webp","type":"image\/webp"}],"author":"Reda\u00e7\u00e3o","twitter_card":"summary_large_image","twitter_creator":"@Notibras","twitter_site":"@Notibras","twitter_misc":{"Escrito por":"Reda\u00e7\u00e3o","Est. tempo de leitura":"1 minuto"},"schema":{"@context":"https:\/\/schema.org","@graph":[{"@type":"Article","@id":"https:\/\/www.notibras.com\/site\/putin-descarta-conversar-com-biden-sobre-armas-nucleares\/#article","isPartOf":{"@id":"https:\/\/www.notibras.com\/site\/putin-descarta-conversar-com-biden-sobre-armas-nucleares\/"},"author":{"name":"Reda\u00e7\u00e3o","@id":"https:\/\/www.notibras.com\/site\/#\/schema\/person\/36ab0979449956132d3e5b517ea76ac8"},"headline":"Putin descarta conversar com Biden sobre armas nucleares","datePublished":"2022-06-16T08:09:25+00:00","dateModified":"2022-06-16T09:53:52+00:00","mainEntityOfPage":{"@id":"https:\/\/www.notibras.com\/site\/putin-descarta-conversar-com-biden-sobre-armas-nucleares\/"},"wordCount":195,"publisher":{"@id":"https:\/\/www.notibras.com\/site\/#organization"},"image":{"@id":"https:\/\/www.notibras.com\/site\/putin-descarta-conversar-com-biden-sobre-armas-nucleares\/#primaryimage"},"thumbnailUrl":"https:\/\/www.notibras.com\/site\/wp-content\/uploads\/2022\/06\/eua.russia.bombas.webp","keywords":["capa"],"articleSection":["Apocalipse"],"inLanguage":"pt-BR"},{"@type":"WebPage","@id":"https:\/\/www.notibras.com\/site\/putin-descarta-conversar-com-biden-sobre-armas-nucleares\/","url":"https:\/\/www.notibras.com\/site\/putin-descarta-conversar-com-biden-sobre-armas-nucleares\/","name":"Putin descarta conversar com Biden sobre armas nucleares - Notibras","isPartOf":{"@id":"https:\/\/www.notibras.com\/site\/#website"},"primaryImageOfPage":{"@id":"https:\/\/www.notibras.com\/site\/putin-descarta-conversar-com-biden-sobre-armas-nucleares\/#primaryimage"},"image":{"@id":"https:\/\/www.notibras.com\/site\/putin-descarta-conversar-com-biden-sobre-armas-nucleares\/#primaryimage"},"thumbnailUrl":"https:\/\/www.notibras.com\/site\/wp-content\/uploads\/2022\/06\/eua.russia.bombas.webp","datePublished":"2022-06-16T08:09:25+00:00","dateModified":"2022-06-16T09:53:52+00:00","breadcrumb":{"@id":"https:\/\/www.notibras.com\/site\/putin-descarta-conversar-com-biden-sobre-armas-nucleares\/#breadcrumb"},"inLanguage":"pt-BR","potentialAction":[{"@type":"ReadAction","target":["https:\/\/www.notibras.com\/site\/putin-descarta-conversar-com-biden-sobre-armas-nucleares\/"]}]},{"@type":"ImageObject","inLanguage":"pt-BR","@id":"https:\/\/www.notibras.com\/site\/putin-descarta-conversar-com-biden-sobre-armas-nucleares\/#primaryimage","url":"https:\/\/www.notibras.com\/site\/wp-content\/uploads\/2022\/06\/eua.russia.bombas.webp","contentUrl":"https:\/\/www.notibras.com\/site\/wp-content\/uploads\/2022\/06\/eua.russia.bombas.webp","width":600,"height":338},{"@type":"BreadcrumbList","@id":"https:\/\/www.notibras.com\/site\/putin-descarta-conversar-com-biden-sobre-armas-nucleares\/#breadcrumb","itemListElement":[{"@type":"ListItem","position":1,"name":"In\u00edcio","item":"https:\/\/www.notibras.com\/site\/"},{"@type":"ListItem","position":2,"name":"Putin descarta conversar com Biden sobre armas nucleares"}]},{"@type":"WebSite","@id":"https:\/\/www.notibras.com\/site\/#website","url":"https:\/\/www.notibras.com\/site\/","name":"Notibras","description":"Not\u00edcias de Bras\u00edlia, do Brasil e do Mundo","publisher":{"@id":"https:\/\/www.notibras.com\/site\/#organization"},"potentialAction":[{"@type":"SearchAction","target":{"@type":"EntryPoint","urlTemplate":"https:\/\/www.notibras.com\/site\/?s={search_term_string}"},"query-input":{"@type":"PropertyValueSpecification","valueRequired":true,"valueName":"search_term_string"}}],"inLanguage":"pt-BR"},{"@type":"Organization","@id":"https:\/\/www.notibras.com\/site\/#organization","name":"Grupo Notibras de Comunica\u00e7\u00e3o","url":"https:\/\/www.notibras.com\/site\/","logo":{"@type":"ImageObject","inLanguage":"pt-BR","@id":"https:\/\/www.notibras.com\/site\/#\/schema\/logo\/image\/","url":"https:\/\/www.notibras.com\/site\/wp-content\/uploads\/2023\/01\/notibras23.png","contentUrl":"https:\/\/www.notibras.com\/site\/wp-content\/uploads\/2023\/01\/notibras23.png","width":350,"height":87,"caption":"Grupo Notibras de Comunica\u00e7\u00e3o"},"image":{"@id":"https:\/\/www.notibras.com\/site\/#\/schema\/logo\/image\/"},"sameAs":["https:\/\/www.facebook.com\/notibras\/","https:\/\/x.com\/Notibras","https:\/\/www.instagram.com\/notibras\/"]},{"@type":"Person","@id":"https:\/\/www.notibras.com\/site\/#\/schema\/person\/36ab0979449956132d3e5b517ea76ac8","name":"Reda\u00e7\u00e3o","image":{"@type":"ImageObject","inLanguage":"pt-BR","@id":"https:\/\/secure.gravatar.com\/avatar\/e0a867bdedb85fd243eadf09663511f96fc81e0720a4a42581f334ad4303aa6b?s=96&d=mm&r=g","url":"https:\/\/secure.gravatar.com\/avatar\/e0a867bdedb85fd243eadf09663511f96fc81e0720a4a42581f334ad4303aa6b?s=96&d=mm&r=g","contentUrl":"https:\/\/secure.gravatar.com\/avatar\/e0a867bdedb85fd243eadf09663511f96fc81e0720a4a42581f334ad4303aa6b?s=96&d=mm&r=g","caption":"Reda\u00e7\u00e3o"}}]}},"amp_enabled":true,"_links":{"self":[{"href":"https:\/\/www.notibras.com\/site\/wp-json\/wp\/v2\/posts\/287549","targetHints":{"allow":["GET"]}}],"collection":[{"href":"https:\/\/www.notibras.com\/site\/wp-json\/wp\/v2\/posts"}],"about":[{"href":"https:\/\/www.notibras.com\/site\/wp-json\/wp\/v2\/types\/post"}],"author":[{"embeddable":true,"href":"https:\/\/www.notibras.com\/site\/wp-json\/wp\/v2\/users\/2"}],"replies":[{"embeddable":true,"href":"https:\/\/www.notibras.com\/site\/wp-json\/wp\/v2\/comments?post=287549"}],"version-history":[{"count":1,"href":"https:\/\/www.notibras.com\/site\/wp-json\/wp\/v2\/posts\/287549\/revisions"}],"predecessor-version":[{"id":287551,"href":"https:\/\/www.notibras.com\/site\/wp-json\/wp\/v2\/posts\/287549\/revisions\/287551"}],"wp:featuredmedia":[{"embeddable":true,"href":"https:\/\/www.notibras.com\/site\/wp-json\/wp\/v2\/media\/287550"}],"wp:attachment":[{"href":"https:\/\/www.notibras.com\/site\/wp-json\/wp\/v2\/media?parent=287549"}],"wp:term":[{"taxonomy":"category","embeddable":true,"href":"https:\/\/www.notibras.com\/site\/wp-json\/wp\/v2\/categories?post=287549"},{"taxonomy":"post_tag","embeddable":true,"href":"https:\/\/www.notibras.com\/site\/wp-json\/wp\/v2\/tags?post=287549"}],"curies":[{"name":"wp","href":"https:\/\/api.w.org\/{rel}","templated":true}]}}