{"id":287669,"date":"2022-06-19T09:31:22","date_gmt":"2022-06-19T12:31:22","guid":{"rendered":"https:\/\/www.notibras.com\/site\/?p=287669"},"modified":"2022-06-19T09:34:51","modified_gmt":"2022-06-19T12:34:51","slug":"balas-de-verdade-e-de-festim-no-pelotao-de-fuzilamento","status":"publish","type":"post","link":"https:\/\/www.notibras.com\/site\/balas-de-verdade-e-de-festim-no-pelotao-de-fuzilamento\/","title":{"rendered":"Balas de verdade e de festim no pelot\u00e3o de fuzilamento"},"content":{"rendered":"<p>A Corte Europ\u00e9is de Direitos Humanos acaba e determinar uma medida ao menos controversa: m a\u00e7\u00e3o cautelar, proibiu que um prisioneiro de guerra ucraniano fosse executado, por seus crimes cometidos durante os combates que se travam na regi\u00e3o do Donbass.<\/p>\n<p>A decis\u00e3o da Corte Europeia foi pautada no caso Saadoune v. R\u00fassia e Ucr\u00e2nia (pedido n\u00ba 28944\/22) sobre um cidad\u00e3o marroquino e um membro das For\u00e7as Armadas da Ucr\u00e2nia que se rendeu \u00e0s for\u00e7as russas durante as \u00faltimos hostilidades.<\/p>\n<p>Magistrados russos &#8211; e das rep\u00fablicas autoproclamadas do Donbass &#8211; reagiram \u00e0 medida, pincipalmente quando se trata, ao menos em um caso, de um mercen\u00e1rio (o militar marroquino) pago sabe-se l\u00e1 por quantos euros, para matar cidad\u00e3os pr\u00f3-R\u00fassia.<\/p>\n<p>Ainda n\u00e3o se sabe se a manifesta\u00e7\u00e3o da Corte ser\u00e1 respeitada, uma vez que o Tribunal indicou em particular ao Governo da Federa\u00e7\u00e3o Russa, que devem assegurar que a pena de morte imposta ao requerente seja suspensa; assegurar as condi\u00e7\u00f5es adequadas da sua deten\u00e7\u00e3o; e, fornecer-lhe toda a assist\u00eancia m\u00e9dica e medicamentos.<\/p>\n<p>Em nenhum momento &#8211; \u00e9 o que mais se critica em Moscou &#8211; a\u00a0 Corte fez refer\u00eancias a soldados russos detidos pelas tropas de Kiev, que foram obrigados, sob press\u00e3o de tortura f\u00edsica e psicol\u00f3gica, a admitirem crimes de guerra e tiveram a mesma condena\u00e7\u00e3o.<\/p>\n","protected":false},"excerpt":{"rendered":"<p>A Corte Europ\u00e9is de Direitos Humanos acaba e determinar uma medida ao menos controversa: m a\u00e7\u00e3o cautelar, proibiu que um prisioneiro de guerra ucraniano fosse executado, por seus crimes cometidos durante os combates que se travam na regi\u00e3o do Donbass. A decis\u00e3o da Corte Europeia foi pautada no caso Saadoune v. R\u00fassia e Ucr\u00e2nia (pedido [&hellip;]<\/p>\n","protected":false},"author":2,"featured_media":287670,"comment_status":"closed","ping_status":"closed","sticky":false,"template":"","format":"standard","meta":{"_acf_changed":false,"footnotes":""},"categories":[159],"tags":[],"class_list":["post-287669","post","type-post","status-publish","format-standard","has-post-thumbnail","hentry","category-apocalipse"],"acf":[],"yoast_head":"<!-- This site is optimized with the Yoast SEO plugin v27.2 - https:\/\/yoast.com\/product\/yoast-seo-wordpress\/ -->\n<title>Balas de verdade e de festim no pelot\u00e3o de fuzilamento - Notibras<\/title>\n<meta name=\"robots\" content=\"index, follow, max-snippet:-1, max-image-preview:large, max-video-preview:-1\" \/>\n<link rel=\"canonical\" href=\"https:\/\/www.notibras.com\/site\/balas-de-verdade-e-de-festim-no-pelotao-de-fuzilamento\/\" \/>\n<meta property=\"og:locale\" content=\"pt_BR\" \/>\n<meta property=\"og:type\" content=\"article\" \/>\n<meta property=\"og:title\" content=\"Balas de verdade e de festim no pelot\u00e3o de fuzilamento - Notibras\" \/>\n<meta property=\"og:description\" content=\"A Corte Europ\u00e9is de Direitos Humanos acaba e determinar uma medida ao menos controversa: m a\u00e7\u00e3o cautelar, proibiu que um prisioneiro de guerra ucraniano fosse executado, por seus crimes cometidos durante os combates que se travam na regi\u00e3o do Donbass. A decis\u00e3o da Corte Europeia foi pautada no caso Saadoune v. R\u00fassia e Ucr\u00e2nia (pedido [&hellip;]\" \/>\n<meta property=\"og:url\" content=\"https:\/\/www.notibras.com\/site\/balas-de-verdade-e-de-festim-no-pelotao-de-fuzilamento\/\" \/>\n<meta property=\"og:site_name\" content=\"Notibras\" \/>\n<meta property=\"article:publisher\" content=\"https:\/\/www.facebook.com\/notibras\/\" \/>\n<meta property=\"article:published_time\" content=\"2022-06-19T12:31:22+00:00\" \/>\n<meta property=\"article:modified_time\" content=\"2022-06-19T12:34:51+00:00\" \/>\n<meta property=\"og:image\" content=\"https:\/\/www.notibras.com\/site\/wp-content\/uploads\/2022\/06\/crimes-de-guerra.jpg\" \/>\n\t<meta property=\"og:image:width\" content=\"1000\" \/>\n\t<meta property=\"og:image:height\" content=\"600\" \/>\n\t<meta property=\"og:image:type\" content=\"image\/jpeg\" \/>\n<meta name=\"author\" content=\"Reda\u00e7\u00e3o\" \/>\n<meta name=\"twitter:card\" content=\"summary_large_image\" \/>\n<meta name=\"twitter:creator\" content=\"@Notibras\" \/>\n<meta name=\"twitter:site\" content=\"@Notibras\" \/>\n<meta name=\"twitter:label1\" content=\"Escrito por\" \/>\n\t<meta name=\"twitter:data1\" content=\"Reda\u00e7\u00e3o\" \/>\n\t<meta name=\"twitter:label2\" content=\"Est. tempo de leitura\" \/>\n\t<meta name=\"twitter:data2\" content=\"2 minutos\" \/>\n<script type=\"application\/ld+json\" class=\"yoast-schema-graph\">{\"@context\":\"https:\/\/schema.org\",\"@graph\":[{\"@type\":\"Article\",\"@id\":\"https:\/\/www.notibras.com\/site\/balas-de-verdade-e-de-festim-no-pelotao-de-fuzilamento\/#article\",\"isPartOf\":{\"@id\":\"https:\/\/www.notibras.com\/site\/balas-de-verdade-e-de-festim-no-pelotao-de-fuzilamento\/\"},\"author\":{\"name\":\"Reda\u00e7\u00e3o\",\"@id\":\"https:\/\/www.notibras.com\/site\/#\/schema\/person\/36ab0979449956132d3e5b517ea76ac8\"},\"headline\":\"Balas de verdade e de festim no pelot\u00e3o de fuzilamento\",\"datePublished\":\"2022-06-19T12:31:22+00:00\",\"dateModified\":\"2022-06-19T12:34:51+00:00\",\"mainEntityOfPage\":{\"@id\":\"https:\/\/www.notibras.com\/site\/balas-de-verdade-e-de-festim-no-pelotao-de-fuzilamento\/\"},\"wordCount\":249,\"publisher\":{\"@id\":\"https:\/\/www.notibras.com\/site\/#organization\"},\"image\":{\"@id\":\"https:\/\/www.notibras.com\/site\/balas-de-verdade-e-de-festim-no-pelotao-de-fuzilamento\/#primaryimage\"},\"thumbnailUrl\":\"https:\/\/www.notibras.com\/site\/wp-content\/uploads\/2022\/06\/crimes-de-guerra.jpg\",\"articleSection\":[\"Apocalipse\"],\"inLanguage\":\"pt-BR\"},{\"@type\":\"WebPage\",\"@id\":\"https:\/\/www.notibras.com\/site\/balas-de-verdade-e-de-festim-no-pelotao-de-fuzilamento\/\",\"url\":\"https:\/\/www.notibras.com\/site\/balas-de-verdade-e-de-festim-no-pelotao-de-fuzilamento\/\",\"name\":\"Balas de verdade e de festim no pelot\u00e3o de fuzilamento - Notibras\",\"isPartOf\":{\"@id\":\"https:\/\/www.notibras.com\/site\/#website\"},\"primaryImageOfPage\":{\"@id\":\"https:\/\/www.notibras.com\/site\/balas-de-verdade-e-de-festim-no-pelotao-de-fuzilamento\/#primaryimage\"},\"image\":{\"@id\":\"https:\/\/www.notibras.com\/site\/balas-de-verdade-e-de-festim-no-pelotao-de-fuzilamento\/#primaryimage\"},\"thumbnailUrl\":\"https:\/\/www.notibras.com\/site\/wp-content\/uploads\/2022\/06\/crimes-de-guerra.jpg\",\"datePublished\":\"2022-06-19T12:31:22+00:00\",\"dateModified\":\"2022-06-19T12:34:51+00:00\",\"breadcrumb\":{\"@id\":\"https:\/\/www.notibras.com\/site\/balas-de-verdade-e-de-festim-no-pelotao-de-fuzilamento\/#breadcrumb\"},\"inLanguage\":\"pt-BR\",\"potentialAction\":[{\"@type\":\"ReadAction\",\"target\":[\"https:\/\/www.notibras.com\/site\/balas-de-verdade-e-de-festim-no-pelotao-de-fuzilamento\/\"]}]},{\"@type\":\"ImageObject\",\"inLanguage\":\"pt-BR\",\"@id\":\"https:\/\/www.notibras.com\/site\/balas-de-verdade-e-de-festim-no-pelotao-de-fuzilamento\/#primaryimage\",\"url\":\"https:\/\/www.notibras.com\/site\/wp-content\/uploads\/2022\/06\/crimes-de-guerra.jpg\",\"contentUrl\":\"https:\/\/www.notibras.com\/site\/wp-content\/uploads\/2022\/06\/crimes-de-guerra.jpg\",\"width\":1000,\"height\":600},{\"@type\":\"BreadcrumbList\",\"@id\":\"https:\/\/www.notibras.com\/site\/balas-de-verdade-e-de-festim-no-pelotao-de-fuzilamento\/#breadcrumb\",\"itemListElement\":[{\"@type\":\"ListItem\",\"position\":1,\"name\":\"In\u00edcio\",\"item\":\"https:\/\/www.notibras.com\/site\/\"},{\"@type\":\"ListItem\",\"position\":2,\"name\":\"Balas de verdade e de festim no pelot\u00e3o de fuzilamento\"}]},{\"@type\":\"WebSite\",\"@id\":\"https:\/\/www.notibras.com\/site\/#website\",\"url\":\"https:\/\/www.notibras.com\/site\/\",\"name\":\"Notibras\",\"description\":\"Not\u00edcias de Bras\u00edlia, do Brasil e do Mundo\",\"publisher\":{\"@id\":\"https:\/\/www.notibras.com\/site\/#organization\"},\"potentialAction\":[{\"@type\":\"SearchAction\",\"target\":{\"@type\":\"EntryPoint\",\"urlTemplate\":\"https:\/\/www.notibras.com\/site\/?s={search_term_string}\"},\"query-input\":{\"@type\":\"PropertyValueSpecification\",\"valueRequired\":true,\"valueName\":\"search_term_string\"}}],\"inLanguage\":\"pt-BR\"},{\"@type\":\"Organization\",\"@id\":\"https:\/\/www.notibras.com\/site\/#organization\",\"name\":\"Grupo Notibras de Comunica\u00e7\u00e3o\",\"url\":\"https:\/\/www.notibras.com\/site\/\",\"logo\":{\"@type\":\"ImageObject\",\"inLanguage\":\"pt-BR\",\"@id\":\"https:\/\/www.notibras.com\/site\/#\/schema\/logo\/image\/\",\"url\":\"https:\/\/www.notibras.com\/site\/wp-content\/uploads\/2023\/01\/notibras23.png\",\"contentUrl\":\"https:\/\/www.notibras.com\/site\/wp-content\/uploads\/2023\/01\/notibras23.png\",\"width\":350,\"height\":87,\"caption\":\"Grupo Notibras de Comunica\u00e7\u00e3o\"},\"image\":{\"@id\":\"https:\/\/www.notibras.com\/site\/#\/schema\/logo\/image\/\"},\"sameAs\":[\"https:\/\/www.facebook.com\/notibras\/\",\"https:\/\/x.com\/Notibras\",\"https:\/\/www.instagram.com\/notibras\/\"]},{\"@type\":\"Person\",\"@id\":\"https:\/\/www.notibras.com\/site\/#\/schema\/person\/36ab0979449956132d3e5b517ea76ac8\",\"name\":\"Reda\u00e7\u00e3o\",\"image\":{\"@type\":\"ImageObject\",\"inLanguage\":\"pt-BR\",\"@id\":\"https:\/\/secure.gravatar.com\/avatar\/e0a867bdedb85fd243eadf09663511f96fc81e0720a4a42581f334ad4303aa6b?s=96&d=mm&r=g\",\"url\":\"https:\/\/secure.gravatar.com\/avatar\/e0a867bdedb85fd243eadf09663511f96fc81e0720a4a42581f334ad4303aa6b?s=96&d=mm&r=g\",\"contentUrl\":\"https:\/\/secure.gravatar.com\/avatar\/e0a867bdedb85fd243eadf09663511f96fc81e0720a4a42581f334ad4303aa6b?s=96&d=mm&r=g\",\"caption\":\"Reda\u00e7\u00e3o\"}}]}<\/script>\n<!-- \/ Yoast SEO plugin. -->","yoast_head_json":{"title":"Balas de verdade e de festim no pelot\u00e3o de fuzilamento - Notibras","robots":{"index":"index","follow":"follow","max-snippet":"max-snippet:-1","max-image-preview":"max-image-preview:large","max-video-preview":"max-video-preview:-1"},"canonical":"https:\/\/www.notibras.com\/site\/balas-de-verdade-e-de-festim-no-pelotao-de-fuzilamento\/","og_locale":"pt_BR","og_type":"article","og_title":"Balas de verdade e de festim no pelot\u00e3o de fuzilamento - Notibras","og_description":"A Corte Europ\u00e9is de Direitos Humanos acaba e determinar uma medida ao menos controversa: m a\u00e7\u00e3o cautelar, proibiu que um prisioneiro de guerra ucraniano fosse executado, por seus crimes cometidos durante os combates que se travam na regi\u00e3o do Donbass. A decis\u00e3o da Corte Europeia foi pautada no caso Saadoune v. R\u00fassia e Ucr\u00e2nia (pedido [&hellip;]","og_url":"https:\/\/www.notibras.com\/site\/balas-de-verdade-e-de-festim-no-pelotao-de-fuzilamento\/","og_site_name":"Notibras","article_publisher":"https:\/\/www.facebook.com\/notibras\/","article_published_time":"2022-06-19T12:31:22+00:00","article_modified_time":"2022-06-19T12:34:51+00:00","og_image":[{"width":1000,"height":600,"url":"https:\/\/www.notibras.com\/site\/wp-content\/uploads\/2022\/06\/crimes-de-guerra.jpg","type":"image\/jpeg"}],"author":"Reda\u00e7\u00e3o","twitter_card":"summary_large_image","twitter_creator":"@Notibras","twitter_site":"@Notibras","twitter_misc":{"Escrito por":"Reda\u00e7\u00e3o","Est. tempo de leitura":"2 minutos"},"schema":{"@context":"https:\/\/schema.org","@graph":[{"@type":"Article","@id":"https:\/\/www.notibras.com\/site\/balas-de-verdade-e-de-festim-no-pelotao-de-fuzilamento\/#article","isPartOf":{"@id":"https:\/\/www.notibras.com\/site\/balas-de-verdade-e-de-festim-no-pelotao-de-fuzilamento\/"},"author":{"name":"Reda\u00e7\u00e3o","@id":"https:\/\/www.notibras.com\/site\/#\/schema\/person\/36ab0979449956132d3e5b517ea76ac8"},"headline":"Balas de verdade e de festim no pelot\u00e3o de fuzilamento","datePublished":"2022-06-19T12:31:22+00:00","dateModified":"2022-06-19T12:34:51+00:00","mainEntityOfPage":{"@id":"https:\/\/www.notibras.com\/site\/balas-de-verdade-e-de-festim-no-pelotao-de-fuzilamento\/"},"wordCount":249,"publisher":{"@id":"https:\/\/www.notibras.com\/site\/#organization"},"image":{"@id":"https:\/\/www.notibras.com\/site\/balas-de-verdade-e-de-festim-no-pelotao-de-fuzilamento\/#primaryimage"},"thumbnailUrl":"https:\/\/www.notibras.com\/site\/wp-content\/uploads\/2022\/06\/crimes-de-guerra.jpg","articleSection":["Apocalipse"],"inLanguage":"pt-BR"},{"@type":"WebPage","@id":"https:\/\/www.notibras.com\/site\/balas-de-verdade-e-de-festim-no-pelotao-de-fuzilamento\/","url":"https:\/\/www.notibras.com\/site\/balas-de-verdade-e-de-festim-no-pelotao-de-fuzilamento\/","name":"Balas de verdade e de festim no pelot\u00e3o de fuzilamento - Notibras","isPartOf":{"@id":"https:\/\/www.notibras.com\/site\/#website"},"primaryImageOfPage":{"@id":"https:\/\/www.notibras.com\/site\/balas-de-verdade-e-de-festim-no-pelotao-de-fuzilamento\/#primaryimage"},"image":{"@id":"https:\/\/www.notibras.com\/site\/balas-de-verdade-e-de-festim-no-pelotao-de-fuzilamento\/#primaryimage"},"thumbnailUrl":"https:\/\/www.notibras.com\/site\/wp-content\/uploads\/2022\/06\/crimes-de-guerra.jpg","datePublished":"2022-06-19T12:31:22+00:00","dateModified":"2022-06-19T12:34:51+00:00","breadcrumb":{"@id":"https:\/\/www.notibras.com\/site\/balas-de-verdade-e-de-festim-no-pelotao-de-fuzilamento\/#breadcrumb"},"inLanguage":"pt-BR","potentialAction":[{"@type":"ReadAction","target":["https:\/\/www.notibras.com\/site\/balas-de-verdade-e-de-festim-no-pelotao-de-fuzilamento\/"]}]},{"@type":"ImageObject","inLanguage":"pt-BR","@id":"https:\/\/www.notibras.com\/site\/balas-de-verdade-e-de-festim-no-pelotao-de-fuzilamento\/#primaryimage","url":"https:\/\/www.notibras.com\/site\/wp-content\/uploads\/2022\/06\/crimes-de-guerra.jpg","contentUrl":"https:\/\/www.notibras.com\/site\/wp-content\/uploads\/2022\/06\/crimes-de-guerra.jpg","width":1000,"height":600},{"@type":"BreadcrumbList","@id":"https:\/\/www.notibras.com\/site\/balas-de-verdade-e-de-festim-no-pelotao-de-fuzilamento\/#breadcrumb","itemListElement":[{"@type":"ListItem","position":1,"name":"In\u00edcio","item":"https:\/\/www.notibras.com\/site\/"},{"@type":"ListItem","position":2,"name":"Balas de verdade e de festim no pelot\u00e3o de fuzilamento"}]},{"@type":"WebSite","@id":"https:\/\/www.notibras.com\/site\/#website","url":"https:\/\/www.notibras.com\/site\/","name":"Notibras","description":"Not\u00edcias de Bras\u00edlia, do Brasil e do Mundo","publisher":{"@id":"https:\/\/www.notibras.com\/site\/#organization"},"potentialAction":[{"@type":"SearchAction","target":{"@type":"EntryPoint","urlTemplate":"https:\/\/www.notibras.com\/site\/?s={search_term_string}"},"query-input":{"@type":"PropertyValueSpecification","valueRequired":true,"valueName":"search_term_string"}}],"inLanguage":"pt-BR"},{"@type":"Organization","@id":"https:\/\/www.notibras.com\/site\/#organization","name":"Grupo Notibras de Comunica\u00e7\u00e3o","url":"https:\/\/www.notibras.com\/site\/","logo":{"@type":"ImageObject","inLanguage":"pt-BR","@id":"https:\/\/www.notibras.com\/site\/#\/schema\/logo\/image\/","url":"https:\/\/www.notibras.com\/site\/wp-content\/uploads\/2023\/01\/notibras23.png","contentUrl":"https:\/\/www.notibras.com\/site\/wp-content\/uploads\/2023\/01\/notibras23.png","width":350,"height":87,"caption":"Grupo Notibras de Comunica\u00e7\u00e3o"},"image":{"@id":"https:\/\/www.notibras.com\/site\/#\/schema\/logo\/image\/"},"sameAs":["https:\/\/www.facebook.com\/notibras\/","https:\/\/x.com\/Notibras","https:\/\/www.instagram.com\/notibras\/"]},{"@type":"Person","@id":"https:\/\/www.notibras.com\/site\/#\/schema\/person\/36ab0979449956132d3e5b517ea76ac8","name":"Reda\u00e7\u00e3o","image":{"@type":"ImageObject","inLanguage":"pt-BR","@id":"https:\/\/secure.gravatar.com\/avatar\/e0a867bdedb85fd243eadf09663511f96fc81e0720a4a42581f334ad4303aa6b?s=96&d=mm&r=g","url":"https:\/\/secure.gravatar.com\/avatar\/e0a867bdedb85fd243eadf09663511f96fc81e0720a4a42581f334ad4303aa6b?s=96&d=mm&r=g","contentUrl":"https:\/\/secure.gravatar.com\/avatar\/e0a867bdedb85fd243eadf09663511f96fc81e0720a4a42581f334ad4303aa6b?s=96&d=mm&r=g","caption":"Reda\u00e7\u00e3o"}}]}},"amp_enabled":true,"_links":{"self":[{"href":"https:\/\/www.notibras.com\/site\/wp-json\/wp\/v2\/posts\/287669","targetHints":{"allow":["GET"]}}],"collection":[{"href":"https:\/\/www.notibras.com\/site\/wp-json\/wp\/v2\/posts"}],"about":[{"href":"https:\/\/www.notibras.com\/site\/wp-json\/wp\/v2\/types\/post"}],"author":[{"embeddable":true,"href":"https:\/\/www.notibras.com\/site\/wp-json\/wp\/v2\/users\/2"}],"replies":[{"embeddable":true,"href":"https:\/\/www.notibras.com\/site\/wp-json\/wp\/v2\/comments?post=287669"}],"version-history":[{"count":3,"href":"https:\/\/www.notibras.com\/site\/wp-json\/wp\/v2\/posts\/287669\/revisions"}],"predecessor-version":[{"id":287673,"href":"https:\/\/www.notibras.com\/site\/wp-json\/wp\/v2\/posts\/287669\/revisions\/287673"}],"wp:featuredmedia":[{"embeddable":true,"href":"https:\/\/www.notibras.com\/site\/wp-json\/wp\/v2\/media\/287670"}],"wp:attachment":[{"href":"https:\/\/www.notibras.com\/site\/wp-json\/wp\/v2\/media?parent=287669"}],"wp:term":[{"taxonomy":"category","embeddable":true,"href":"https:\/\/www.notibras.com\/site\/wp-json\/wp\/v2\/categories?post=287669"},{"taxonomy":"post_tag","embeddable":true,"href":"https:\/\/www.notibras.com\/site\/wp-json\/wp\/v2\/tags?post=287669"}],"curies":[{"name":"wp","href":"https:\/\/api.w.org\/{rel}","templated":true}]}}