{"id":287718,"date":"2022-06-20T07:46:57","date_gmt":"2022-06-20T10:46:57","guid":{"rendered":"https:\/\/www.notibras.com\/site\/?p=287718"},"modified":"2022-06-20T08:57:29","modified_gmt":"2022-06-20T11:57:29","slug":"lituania-bloqueia-trens-russos-e-pode-virar-novo-alvo-de-moscou","status":"publish","type":"post","link":"https:\/\/www.notibras.com\/site\/lituania-bloqueia-trens-russos-e-pode-virar-novo-alvo-de-moscou\/","title":{"rendered":"Litu\u00e2nia bloqueia trens russos e pode virar novo alvo de Moscou"},"content":{"rendered":"<p>A decis\u00e3o da Litu\u00e2nia de proibir o tr\u00e2nsito ferrovi\u00e1rio de mercadorias de e para Kaliningrado \u00e9 &#8220;sem precedentes&#8221; e ilegal, e n\u00e3o ficar\u00e1 sem resposta, disse o porta-voz do Kremlin, Dmitry Peskov. &#8220;Esta decis\u00e3o \u00e9 realmente sem precedentes. \u00c9 uma viola\u00e7\u00e3o de tudo. Entendemos que ela est\u00e1 ligada \u00e0 decis\u00e3o tomada pela Uni\u00e3o Europeia &#8211; de estender as san\u00e7\u00f5es ao tr\u00e2nsito. Tamb\u00e9m consideramos ilegal&#8221;, acentuou.<\/p>\n<p>&#8220;Precisamos de uma an\u00e1lise s\u00e9ria e profunda para elaborar nossas decis\u00f5es de resposta&#8221;, disse Peskov, acrescentando que esse trabalho ser\u00e1 realizado nos pr\u00f3ximos dias. Vilnius come\u00e7ou a impor a proibi\u00e7\u00e3o do tr\u00e2nsito de mercadorias sujeitas a san\u00e7\u00f5es da UE entre a R\u00fassia continental e Kaliningrado no s\u00e1bado. O governador Alikhanov disse que materiais de constru\u00e7\u00e3o, produtos met\u00e1licos, carv\u00e3o, cimento, produtos de alta tecnologia e outros bens seriam afetados.<\/p>\n<p>&#8220;Consideramos que isso \u00e9 uma viola\u00e7\u00e3o muito s\u00e9ria&#8230; do direito de tr\u00e2nsito livre dentro e fora da regi\u00e3o de Kaliningrado&#8221;, disse Alikhanov, e prometeu lutar para que as restri\u00e7\u00f5es sejam levantadas rapidamente. Enquanto isso, disse ele, as balsas entre Kaliningrado e S\u00e3o Petersburgo &#8220;lidariam com toda a carga&#8221; para evitar a escassez local, e aconselhou os moradores a evitar compras de p\u00e2nico.<\/p>\n<p>O ministro das Rela\u00e7\u00f5es Exteriores da Litu\u00e2nia, Gabrielius Landsbergis, indicou que as restri\u00e7\u00f5es ao tr\u00e2nsito ferrovi\u00e1rio foram introduzidas &#8220;ap\u00f3s consultas com a Comiss\u00e3o Europeia e sob sua lideran\u00e7a&#8221;.<\/p>\n<p>A senadora russa Olga Kovitidi alertou que o movimento de Vilnius &#8220;retornaria aos pa\u00edses b\u00e1lticos&#8221; e afetaria a &#8220;mobilidade e as oportunidades&#8221; de seus moradores. A Litu\u00e2nia &#8220;deu um tiro no p\u00e9&#8221; ao instituir seu bloqueio, disse.<\/p>\n<p>Enquanto isso, o senador Andrey Klimov alertou que, se Bruxelas n\u00e3o resolver a situa\u00e7\u00e3o imediatamente, &#8220;desautorizar\u00e1 [do lado russo] a legitimidade de todos os documentos sobre a ades\u00e3o da Litu\u00e2nia \u00e0 UE e desatar\u00e1 nossas m\u00e3os para resolver o problema do tr\u00e2nsito para Kaliningrado qualquer forma que escolhermos.&#8221;<\/p>\n<p>Klishas ecoou as preocupa\u00e7\u00f5es de seus colegas, chamando as restri\u00e7\u00f5es de uma tentativa de estabelecer um bloqueio total e &#8220;uma viola\u00e7\u00e3o da soberania da R\u00fassia&#8221;.<\/p>\n<p>Kaliningrado tem uma popula\u00e7\u00e3o de cerca de um milh\u00e3o de pessoas e abriga a Frota do B\u00e1ltico da R\u00fassia. Moscou foi for\u00e7ada a aumentar dramaticamente as defesas a\u00e9reas e antim\u00edsseis da regi\u00e3o nos \u00faltimos anos devido \u00e0 invas\u00e3o das for\u00e7as da Otan e a alian\u00e7a pensando na necessidade de &#8220;tomar&#8221; o enclave russo.<\/p>\n<p>A Litu\u00e2nia fechou seu espa\u00e7o a\u00e9reo para voos de aeronaves comerciais russas para Kaliningrado em fevereiro, for\u00e7ando os avi\u00f5es a voar pela regi\u00e3o atrav\u00e9s do Mar B\u00e1ltico. No m\u00eas passado, o parlamento da Litu\u00e2nia decidiu retirar o embaixador do pa\u00eds e fechar seu consulado geral em S\u00e3o Petersburgo.<\/p>\n","protected":false},"excerpt":{"rendered":"<p>A decis\u00e3o da Litu\u00e2nia de proibir o tr\u00e2nsito ferrovi\u00e1rio de mercadorias de e para Kaliningrado \u00e9 &#8220;sem precedentes&#8221; e ilegal, e n\u00e3o ficar\u00e1 sem resposta, disse o porta-voz do Kremlin, Dmitry Peskov. &#8220;Esta decis\u00e3o \u00e9 realmente sem precedentes. \u00c9 uma viola\u00e7\u00e3o de tudo. Entendemos que ela est\u00e1 ligada \u00e0 decis\u00e3o tomada pela Uni\u00e3o Europeia &#8211; [&hellip;]<\/p>\n","protected":false},"author":2,"featured_media":287719,"comment_status":"closed","ping_status":"closed","sticky":false,"template":"","format":"standard","meta":{"_acf_changed":false,"footnotes":""},"categories":[159],"tags":[95],"class_list":["post-287718","post","type-post","status-publish","format-standard","has-post-thumbnail","hentry","category-apocalipse","tag-capa"],"acf":[],"yoast_head":"<!-- This site is optimized with the Yoast SEO plugin v27.2 - https:\/\/yoast.com\/product\/yoast-seo-wordpress\/ -->\n<title>Litu\u00e2nia bloqueia trens russos e pode virar novo alvo de Moscou - Notibras<\/title>\n<meta name=\"robots\" content=\"index, follow, max-snippet:-1, max-image-preview:large, max-video-preview:-1\" \/>\n<link rel=\"canonical\" href=\"https:\/\/www.notibras.com\/site\/lituania-bloqueia-trens-russos-e-pode-virar-novo-alvo-de-moscou\/\" \/>\n<meta property=\"og:locale\" content=\"pt_BR\" \/>\n<meta property=\"og:type\" content=\"article\" \/>\n<meta property=\"og:title\" content=\"Litu\u00e2nia bloqueia trens russos e pode virar novo alvo de Moscou - Notibras\" \/>\n<meta property=\"og:description\" content=\"A decis\u00e3o da Litu\u00e2nia de proibir o tr\u00e2nsito ferrovi\u00e1rio de mercadorias de e para Kaliningrado \u00e9 &#8220;sem precedentes&#8221; e ilegal, e n\u00e3o ficar\u00e1 sem resposta, disse o porta-voz do Kremlin, Dmitry Peskov. &#8220;Esta decis\u00e3o \u00e9 realmente sem precedentes. \u00c9 uma viola\u00e7\u00e3o de tudo. Entendemos que ela est\u00e1 ligada \u00e0 decis\u00e3o tomada pela Uni\u00e3o Europeia &#8211; [&hellip;]\" \/>\n<meta property=\"og:url\" content=\"https:\/\/www.notibras.com\/site\/lituania-bloqueia-trens-russos-e-pode-virar-novo-alvo-de-moscou\/\" \/>\n<meta property=\"og:site_name\" content=\"Notibras\" \/>\n<meta property=\"article:publisher\" content=\"https:\/\/www.facebook.com\/notibras\/\" \/>\n<meta property=\"article:published_time\" content=\"2022-06-20T10:46:57+00:00\" \/>\n<meta property=\"article:modified_time\" content=\"2022-06-20T11:57:29+00:00\" \/>\n<meta property=\"og:image\" content=\"https:\/\/www.notibras.com\/site\/wp-content\/uploads\/2022\/06\/lituania.webp\" \/>\n\t<meta property=\"og:image:width\" content=\"1920\" \/>\n\t<meta property=\"og:image:height\" content=\"1079\" \/>\n\t<meta property=\"og:image:type\" content=\"image\/webp\" \/>\n<meta name=\"author\" content=\"Reda\u00e7\u00e3o\" \/>\n<meta name=\"twitter:card\" content=\"summary_large_image\" \/>\n<meta name=\"twitter:creator\" content=\"@Notibras\" \/>\n<meta name=\"twitter:site\" content=\"@Notibras\" \/>\n<meta name=\"twitter:label1\" content=\"Escrito por\" \/>\n\t<meta name=\"twitter:data1\" content=\"Reda\u00e7\u00e3o\" \/>\n\t<meta name=\"twitter:label2\" content=\"Est. tempo de leitura\" \/>\n\t<meta name=\"twitter:data2\" content=\"3 minutos\" \/>\n<script type=\"application\/ld+json\" class=\"yoast-schema-graph\">{\"@context\":\"https:\/\/schema.org\",\"@graph\":[{\"@type\":\"Article\",\"@id\":\"https:\/\/www.notibras.com\/site\/lituania-bloqueia-trens-russos-e-pode-virar-novo-alvo-de-moscou\/#article\",\"isPartOf\":{\"@id\":\"https:\/\/www.notibras.com\/site\/lituania-bloqueia-trens-russos-e-pode-virar-novo-alvo-de-moscou\/\"},\"author\":{\"name\":\"Reda\u00e7\u00e3o\",\"@id\":\"https:\/\/www.notibras.com\/site\/#\/schema\/person\/36ab0979449956132d3e5b517ea76ac8\"},\"headline\":\"Litu\u00e2nia bloqueia trens russos e pode virar novo alvo de Moscou\",\"datePublished\":\"2022-06-20T10:46:57+00:00\",\"dateModified\":\"2022-06-20T11:57:29+00:00\",\"mainEntityOfPage\":{\"@id\":\"https:\/\/www.notibras.com\/site\/lituania-bloqueia-trens-russos-e-pode-virar-novo-alvo-de-moscou\/\"},\"wordCount\":515,\"publisher\":{\"@id\":\"https:\/\/www.notibras.com\/site\/#organization\"},\"image\":{\"@id\":\"https:\/\/www.notibras.com\/site\/lituania-bloqueia-trens-russos-e-pode-virar-novo-alvo-de-moscou\/#primaryimage\"},\"thumbnailUrl\":\"https:\/\/www.notibras.com\/site\/wp-content\/uploads\/2022\/06\/lituania.webp\",\"keywords\":[\"capa\"],\"articleSection\":[\"Apocalipse\"],\"inLanguage\":\"pt-BR\"},{\"@type\":\"WebPage\",\"@id\":\"https:\/\/www.notibras.com\/site\/lituania-bloqueia-trens-russos-e-pode-virar-novo-alvo-de-moscou\/\",\"url\":\"https:\/\/www.notibras.com\/site\/lituania-bloqueia-trens-russos-e-pode-virar-novo-alvo-de-moscou\/\",\"name\":\"Litu\u00e2nia bloqueia trens russos e pode virar novo alvo de Moscou - Notibras\",\"isPartOf\":{\"@id\":\"https:\/\/www.notibras.com\/site\/#website\"},\"primaryImageOfPage\":{\"@id\":\"https:\/\/www.notibras.com\/site\/lituania-bloqueia-trens-russos-e-pode-virar-novo-alvo-de-moscou\/#primaryimage\"},\"image\":{\"@id\":\"https:\/\/www.notibras.com\/site\/lituania-bloqueia-trens-russos-e-pode-virar-novo-alvo-de-moscou\/#primaryimage\"},\"thumbnailUrl\":\"https:\/\/www.notibras.com\/site\/wp-content\/uploads\/2022\/06\/lituania.webp\",\"datePublished\":\"2022-06-20T10:46:57+00:00\",\"dateModified\":\"2022-06-20T11:57:29+00:00\",\"breadcrumb\":{\"@id\":\"https:\/\/www.notibras.com\/site\/lituania-bloqueia-trens-russos-e-pode-virar-novo-alvo-de-moscou\/#breadcrumb\"},\"inLanguage\":\"pt-BR\",\"potentialAction\":[{\"@type\":\"ReadAction\",\"target\":[\"https:\/\/www.notibras.com\/site\/lituania-bloqueia-trens-russos-e-pode-virar-novo-alvo-de-moscou\/\"]}]},{\"@type\":\"ImageObject\",\"inLanguage\":\"pt-BR\",\"@id\":\"https:\/\/www.notibras.com\/site\/lituania-bloqueia-trens-russos-e-pode-virar-novo-alvo-de-moscou\/#primaryimage\",\"url\":\"https:\/\/www.notibras.com\/site\/wp-content\/uploads\/2022\/06\/lituania.webp\",\"contentUrl\":\"https:\/\/www.notibras.com\/site\/wp-content\/uploads\/2022\/06\/lituania.webp\",\"width\":1920,\"height\":1079},{\"@type\":\"BreadcrumbList\",\"@id\":\"https:\/\/www.notibras.com\/site\/lituania-bloqueia-trens-russos-e-pode-virar-novo-alvo-de-moscou\/#breadcrumb\",\"itemListElement\":[{\"@type\":\"ListItem\",\"position\":1,\"name\":\"In\u00edcio\",\"item\":\"https:\/\/www.notibras.com\/site\/\"},{\"@type\":\"ListItem\",\"position\":2,\"name\":\"Litu\u00e2nia bloqueia trens russos e pode virar novo alvo de Moscou\"}]},{\"@type\":\"WebSite\",\"@id\":\"https:\/\/www.notibras.com\/site\/#website\",\"url\":\"https:\/\/www.notibras.com\/site\/\",\"name\":\"Notibras\",\"description\":\"Not\u00edcias de Bras\u00edlia, do Brasil e do Mundo\",\"publisher\":{\"@id\":\"https:\/\/www.notibras.com\/site\/#organization\"},\"potentialAction\":[{\"@type\":\"SearchAction\",\"target\":{\"@type\":\"EntryPoint\",\"urlTemplate\":\"https:\/\/www.notibras.com\/site\/?s={search_term_string}\"},\"query-input\":{\"@type\":\"PropertyValueSpecification\",\"valueRequired\":true,\"valueName\":\"search_term_string\"}}],\"inLanguage\":\"pt-BR\"},{\"@type\":\"Organization\",\"@id\":\"https:\/\/www.notibras.com\/site\/#organization\",\"name\":\"Grupo Notibras de Comunica\u00e7\u00e3o\",\"url\":\"https:\/\/www.notibras.com\/site\/\",\"logo\":{\"@type\":\"ImageObject\",\"inLanguage\":\"pt-BR\",\"@id\":\"https:\/\/www.notibras.com\/site\/#\/schema\/logo\/image\/\",\"url\":\"https:\/\/www.notibras.com\/site\/wp-content\/uploads\/2023\/01\/notibras23.png\",\"contentUrl\":\"https:\/\/www.notibras.com\/site\/wp-content\/uploads\/2023\/01\/notibras23.png\",\"width\":350,\"height\":87,\"caption\":\"Grupo Notibras de Comunica\u00e7\u00e3o\"},\"image\":{\"@id\":\"https:\/\/www.notibras.com\/site\/#\/schema\/logo\/image\/\"},\"sameAs\":[\"https:\/\/www.facebook.com\/notibras\/\",\"https:\/\/x.com\/Notibras\",\"https:\/\/www.instagram.com\/notibras\/\"]},{\"@type\":\"Person\",\"@id\":\"https:\/\/www.notibras.com\/site\/#\/schema\/person\/36ab0979449956132d3e5b517ea76ac8\",\"name\":\"Reda\u00e7\u00e3o\",\"image\":{\"@type\":\"ImageObject\",\"inLanguage\":\"pt-BR\",\"@id\":\"https:\/\/secure.gravatar.com\/avatar\/e0a867bdedb85fd243eadf09663511f96fc81e0720a4a42581f334ad4303aa6b?s=96&d=mm&r=g\",\"url\":\"https:\/\/secure.gravatar.com\/avatar\/e0a867bdedb85fd243eadf09663511f96fc81e0720a4a42581f334ad4303aa6b?s=96&d=mm&r=g\",\"contentUrl\":\"https:\/\/secure.gravatar.com\/avatar\/e0a867bdedb85fd243eadf09663511f96fc81e0720a4a42581f334ad4303aa6b?s=96&d=mm&r=g\",\"caption\":\"Reda\u00e7\u00e3o\"}}]}<\/script>\n<!-- \/ Yoast SEO plugin. -->","yoast_head_json":{"title":"Litu\u00e2nia bloqueia trens russos e pode virar novo alvo de Moscou - Notibras","robots":{"index":"index","follow":"follow","max-snippet":"max-snippet:-1","max-image-preview":"max-image-preview:large","max-video-preview":"max-video-preview:-1"},"canonical":"https:\/\/www.notibras.com\/site\/lituania-bloqueia-trens-russos-e-pode-virar-novo-alvo-de-moscou\/","og_locale":"pt_BR","og_type":"article","og_title":"Litu\u00e2nia bloqueia trens russos e pode virar novo alvo de Moscou - Notibras","og_description":"A decis\u00e3o da Litu\u00e2nia de proibir o tr\u00e2nsito ferrovi\u00e1rio de mercadorias de e para Kaliningrado \u00e9 &#8220;sem precedentes&#8221; e ilegal, e n\u00e3o ficar\u00e1 sem resposta, disse o porta-voz do Kremlin, Dmitry Peskov. &#8220;Esta decis\u00e3o \u00e9 realmente sem precedentes. \u00c9 uma viola\u00e7\u00e3o de tudo. Entendemos que ela est\u00e1 ligada \u00e0 decis\u00e3o tomada pela Uni\u00e3o Europeia &#8211; [&hellip;]","og_url":"https:\/\/www.notibras.com\/site\/lituania-bloqueia-trens-russos-e-pode-virar-novo-alvo-de-moscou\/","og_site_name":"Notibras","article_publisher":"https:\/\/www.facebook.com\/notibras\/","article_published_time":"2022-06-20T10:46:57+00:00","article_modified_time":"2022-06-20T11:57:29+00:00","og_image":[{"width":1920,"height":1079,"url":"https:\/\/www.notibras.com\/site\/wp-content\/uploads\/2022\/06\/lituania.webp","type":"image\/webp"}],"author":"Reda\u00e7\u00e3o","twitter_card":"summary_large_image","twitter_creator":"@Notibras","twitter_site":"@Notibras","twitter_misc":{"Escrito por":"Reda\u00e7\u00e3o","Est. tempo de leitura":"3 minutos"},"schema":{"@context":"https:\/\/schema.org","@graph":[{"@type":"Article","@id":"https:\/\/www.notibras.com\/site\/lituania-bloqueia-trens-russos-e-pode-virar-novo-alvo-de-moscou\/#article","isPartOf":{"@id":"https:\/\/www.notibras.com\/site\/lituania-bloqueia-trens-russos-e-pode-virar-novo-alvo-de-moscou\/"},"author":{"name":"Reda\u00e7\u00e3o","@id":"https:\/\/www.notibras.com\/site\/#\/schema\/person\/36ab0979449956132d3e5b517ea76ac8"},"headline":"Litu\u00e2nia bloqueia trens russos e pode virar novo alvo de Moscou","datePublished":"2022-06-20T10:46:57+00:00","dateModified":"2022-06-20T11:57:29+00:00","mainEntityOfPage":{"@id":"https:\/\/www.notibras.com\/site\/lituania-bloqueia-trens-russos-e-pode-virar-novo-alvo-de-moscou\/"},"wordCount":515,"publisher":{"@id":"https:\/\/www.notibras.com\/site\/#organization"},"image":{"@id":"https:\/\/www.notibras.com\/site\/lituania-bloqueia-trens-russos-e-pode-virar-novo-alvo-de-moscou\/#primaryimage"},"thumbnailUrl":"https:\/\/www.notibras.com\/site\/wp-content\/uploads\/2022\/06\/lituania.webp","keywords":["capa"],"articleSection":["Apocalipse"],"inLanguage":"pt-BR"},{"@type":"WebPage","@id":"https:\/\/www.notibras.com\/site\/lituania-bloqueia-trens-russos-e-pode-virar-novo-alvo-de-moscou\/","url":"https:\/\/www.notibras.com\/site\/lituania-bloqueia-trens-russos-e-pode-virar-novo-alvo-de-moscou\/","name":"Litu\u00e2nia bloqueia trens russos e pode virar novo alvo de Moscou - Notibras","isPartOf":{"@id":"https:\/\/www.notibras.com\/site\/#website"},"primaryImageOfPage":{"@id":"https:\/\/www.notibras.com\/site\/lituania-bloqueia-trens-russos-e-pode-virar-novo-alvo-de-moscou\/#primaryimage"},"image":{"@id":"https:\/\/www.notibras.com\/site\/lituania-bloqueia-trens-russos-e-pode-virar-novo-alvo-de-moscou\/#primaryimage"},"thumbnailUrl":"https:\/\/www.notibras.com\/site\/wp-content\/uploads\/2022\/06\/lituania.webp","datePublished":"2022-06-20T10:46:57+00:00","dateModified":"2022-06-20T11:57:29+00:00","breadcrumb":{"@id":"https:\/\/www.notibras.com\/site\/lituania-bloqueia-trens-russos-e-pode-virar-novo-alvo-de-moscou\/#breadcrumb"},"inLanguage":"pt-BR","potentialAction":[{"@type":"ReadAction","target":["https:\/\/www.notibras.com\/site\/lituania-bloqueia-trens-russos-e-pode-virar-novo-alvo-de-moscou\/"]}]},{"@type":"ImageObject","inLanguage":"pt-BR","@id":"https:\/\/www.notibras.com\/site\/lituania-bloqueia-trens-russos-e-pode-virar-novo-alvo-de-moscou\/#primaryimage","url":"https:\/\/www.notibras.com\/site\/wp-content\/uploads\/2022\/06\/lituania.webp","contentUrl":"https:\/\/www.notibras.com\/site\/wp-content\/uploads\/2022\/06\/lituania.webp","width":1920,"height":1079},{"@type":"BreadcrumbList","@id":"https:\/\/www.notibras.com\/site\/lituania-bloqueia-trens-russos-e-pode-virar-novo-alvo-de-moscou\/#breadcrumb","itemListElement":[{"@type":"ListItem","position":1,"name":"In\u00edcio","item":"https:\/\/www.notibras.com\/site\/"},{"@type":"ListItem","position":2,"name":"Litu\u00e2nia bloqueia trens russos e pode virar novo alvo de Moscou"}]},{"@type":"WebSite","@id":"https:\/\/www.notibras.com\/site\/#website","url":"https:\/\/www.notibras.com\/site\/","name":"Notibras","description":"Not\u00edcias de Bras\u00edlia, do Brasil e do Mundo","publisher":{"@id":"https:\/\/www.notibras.com\/site\/#organization"},"potentialAction":[{"@type":"SearchAction","target":{"@type":"EntryPoint","urlTemplate":"https:\/\/www.notibras.com\/site\/?s={search_term_string}"},"query-input":{"@type":"PropertyValueSpecification","valueRequired":true,"valueName":"search_term_string"}}],"inLanguage":"pt-BR"},{"@type":"Organization","@id":"https:\/\/www.notibras.com\/site\/#organization","name":"Grupo Notibras de Comunica\u00e7\u00e3o","url":"https:\/\/www.notibras.com\/site\/","logo":{"@type":"ImageObject","inLanguage":"pt-BR","@id":"https:\/\/www.notibras.com\/site\/#\/schema\/logo\/image\/","url":"https:\/\/www.notibras.com\/site\/wp-content\/uploads\/2023\/01\/notibras23.png","contentUrl":"https:\/\/www.notibras.com\/site\/wp-content\/uploads\/2023\/01\/notibras23.png","width":350,"height":87,"caption":"Grupo Notibras de Comunica\u00e7\u00e3o"},"image":{"@id":"https:\/\/www.notibras.com\/site\/#\/schema\/logo\/image\/"},"sameAs":["https:\/\/www.facebook.com\/notibras\/","https:\/\/x.com\/Notibras","https:\/\/www.instagram.com\/notibras\/"]},{"@type":"Person","@id":"https:\/\/www.notibras.com\/site\/#\/schema\/person\/36ab0979449956132d3e5b517ea76ac8","name":"Reda\u00e7\u00e3o","image":{"@type":"ImageObject","inLanguage":"pt-BR","@id":"https:\/\/secure.gravatar.com\/avatar\/e0a867bdedb85fd243eadf09663511f96fc81e0720a4a42581f334ad4303aa6b?s=96&d=mm&r=g","url":"https:\/\/secure.gravatar.com\/avatar\/e0a867bdedb85fd243eadf09663511f96fc81e0720a4a42581f334ad4303aa6b?s=96&d=mm&r=g","contentUrl":"https:\/\/secure.gravatar.com\/avatar\/e0a867bdedb85fd243eadf09663511f96fc81e0720a4a42581f334ad4303aa6b?s=96&d=mm&r=g","caption":"Reda\u00e7\u00e3o"}}]}},"amp_enabled":true,"_links":{"self":[{"href":"https:\/\/www.notibras.com\/site\/wp-json\/wp\/v2\/posts\/287718","targetHints":{"allow":["GET"]}}],"collection":[{"href":"https:\/\/www.notibras.com\/site\/wp-json\/wp\/v2\/posts"}],"about":[{"href":"https:\/\/www.notibras.com\/site\/wp-json\/wp\/v2\/types\/post"}],"author":[{"embeddable":true,"href":"https:\/\/www.notibras.com\/site\/wp-json\/wp\/v2\/users\/2"}],"replies":[{"embeddable":true,"href":"https:\/\/www.notibras.com\/site\/wp-json\/wp\/v2\/comments?post=287718"}],"version-history":[{"count":1,"href":"https:\/\/www.notibras.com\/site\/wp-json\/wp\/v2\/posts\/287718\/revisions"}],"predecessor-version":[{"id":287720,"href":"https:\/\/www.notibras.com\/site\/wp-json\/wp\/v2\/posts\/287718\/revisions\/287720"}],"wp:featuredmedia":[{"embeddable":true,"href":"https:\/\/www.notibras.com\/site\/wp-json\/wp\/v2\/media\/287719"}],"wp:attachment":[{"href":"https:\/\/www.notibras.com\/site\/wp-json\/wp\/v2\/media?parent=287718"}],"wp:term":[{"taxonomy":"category","embeddable":true,"href":"https:\/\/www.notibras.com\/site\/wp-json\/wp\/v2\/categories?post=287718"},{"taxonomy":"post_tag","embeddable":true,"href":"https:\/\/www.notibras.com\/site\/wp-json\/wp\/v2\/tags?post=287718"}],"curies":[{"name":"wp","href":"https:\/\/api.w.org\/{rel}","templated":true}]}}