{"id":287943,"date":"2022-06-26T08:06:27","date_gmt":"2022-06-26T11:06:27","guid":{"rendered":"https:\/\/www.notibras.com\/site\/?p=287943"},"modified":"2022-06-26T08:23:55","modified_gmt":"2022-06-26T11:23:55","slug":"russia-dara-armas-nucleares-a-belarus-de-olho-na-europa","status":"publish","type":"post","link":"https:\/\/www.notibras.com\/site\/russia-dara-armas-nucleares-a-belarus-de-olho-na-europa\/","title":{"rendered":"R\u00fassia dar\u00e1 armas nucleares \u00e0 Belarus, de olho na Europa"},"content":{"rendered":"<p>O presidente russo, Vladimir Putin prometeu a seu colega de Belarus que Moscou fornecer\u00e1 a Minsk sistemas de m\u00edsseis capazes de transportar armas nucleares. A informa\u00e7\u00e3o \u00e9 do Minist\u00e9rio das Rela\u00e7\u00f5es Exteriores da R\u00fassia.<\/p>\n<p>Em uma reuni\u00e3o com Putin em S\u00e3o Petersburgo, o presidente de Belarus, Alexander Lukashenko, expressou preocupa\u00e7\u00e3o com as pol\u00edticas &#8220;agressivas&#8221;, &#8220;confrontativas&#8221; e &#8220;repulsivas&#8221; de seus vizinhos Litu\u00e2nia e Pol\u00f4nia.<\/p>\n<p>Ele pediu a Putin para ajudar Belarus a montar uma &#8220;resposta sim\u00e9trica&#8221; ao que ele disse serem voos com armas nucleares da alian\u00e7a da Otan liderada pelos EUA perto das fronteiras de Belarus.<\/p>\n<p>Putin disse que n\u00e3o v\u00ea necessidade no momento de uma resposta sim\u00e9trica, mas que os jatos Su-25, de fabrica\u00e7\u00e3o russa, de Belarus poderiam, se necess\u00e1rio, ser atualizados em f\u00e1bricas russas.<\/p>\n<p>&#8220;Vamos transferir os sistemas de m\u00edsseis t\u00e1ticos Iskander-M para Belarus, que podem usar tanto m\u00edsseis bal\u00edsticos e de cruzeiro, tanto em vers\u00f5es convencionais quanto nucleares&#8221;, disse ele em um resumo da reuni\u00e3o feito pelo Minist\u00e9rio das Rela\u00e7\u00f5es Exteriores.<\/p>\n<p>O Iskander-M, um sistema m\u00f3vel de m\u00edsseis guiados com o codinome SS-26 Stone pela Otan, substituiu o Scud sovi\u00e9tico. Seus dois m\u00edsseis guiados t\u00eam alcance de at\u00e9 500 km (300 milhas) e podem transportar ogivas convencionais ou nucleares.<\/p>\n","protected":false},"excerpt":{"rendered":"<p>O presidente russo, Vladimir Putin prometeu a seu colega de Belarus que Moscou fornecer\u00e1 a Minsk sistemas de m\u00edsseis capazes de transportar armas nucleares. A informa\u00e7\u00e3o \u00e9 do Minist\u00e9rio das Rela\u00e7\u00f5es Exteriores da R\u00fassia. Em uma reuni\u00e3o com Putin em S\u00e3o Petersburgo, o presidente de Belarus, Alexander Lukashenko, expressou preocupa\u00e7\u00e3o com as pol\u00edticas &#8220;agressivas&#8221;, &#8220;confrontativas&#8221; [&hellip;]<\/p>\n","protected":false},"author":2,"featured_media":287944,"comment_status":"closed","ping_status":"closed","sticky":false,"template":"","format":"standard","meta":{"_acf_changed":false,"footnotes":""},"categories":[159],"tags":[95],"class_list":["post-287943","post","type-post","status-publish","format-standard","has-post-thumbnail","hentry","category-apocalipse","tag-capa"],"acf":[],"yoast_head":"<!-- This site is optimized with the Yoast SEO plugin v27.2 - https:\/\/yoast.com\/product\/yoast-seo-wordpress\/ -->\n<title>R\u00fassia dar\u00e1 armas nucleares \u00e0 Belarus, de olho na Europa - Notibras<\/title>\n<meta name=\"robots\" content=\"index, follow, max-snippet:-1, max-image-preview:large, max-video-preview:-1\" \/>\n<link rel=\"canonical\" href=\"https:\/\/www.notibras.com\/site\/russia-dara-armas-nucleares-a-belarus-de-olho-na-europa\/\" \/>\n<meta property=\"og:locale\" content=\"pt_BR\" \/>\n<meta property=\"og:type\" content=\"article\" \/>\n<meta property=\"og:title\" content=\"R\u00fassia dar\u00e1 armas nucleares \u00e0 Belarus, de olho na Europa - Notibras\" \/>\n<meta property=\"og:description\" content=\"O presidente russo, Vladimir Putin prometeu a seu colega de Belarus que Moscou fornecer\u00e1 a Minsk sistemas de m\u00edsseis capazes de transportar armas nucleares. A informa\u00e7\u00e3o \u00e9 do Minist\u00e9rio das Rela\u00e7\u00f5es Exteriores da R\u00fassia. Em uma reuni\u00e3o com Putin em S\u00e3o Petersburgo, o presidente de Belarus, Alexander Lukashenko, expressou preocupa\u00e7\u00e3o com as pol\u00edticas &#8220;agressivas&#8221;, &#8220;confrontativas&#8221; [&hellip;]\" \/>\n<meta property=\"og:url\" content=\"https:\/\/www.notibras.com\/site\/russia-dara-armas-nucleares-a-belarus-de-olho-na-europa\/\" \/>\n<meta property=\"og:site_name\" content=\"Notibras\" \/>\n<meta property=\"article:publisher\" content=\"https:\/\/www.facebook.com\/notibras\/\" \/>\n<meta property=\"article:published_time\" content=\"2022-06-26T11:06:27+00:00\" \/>\n<meta property=\"article:modified_time\" content=\"2022-06-26T11:23:55+00:00\" \/>\n<meta property=\"og:image\" content=\"https:\/\/www.notibras.com\/site\/wp-content\/uploads\/2022\/06\/2022-06-25t153033z_571226490_rc23zu9cimnl_rtrmadp_3_ukraine-crisis-russia-belarus.jpg\" \/>\n\t<meta property=\"og:image:width\" content=\"1170\" \/>\n\t<meta property=\"og:image:height\" content=\"700\" \/>\n\t<meta property=\"og:image:type\" content=\"image\/jpeg\" \/>\n<meta name=\"author\" content=\"Reda\u00e7\u00e3o\" \/>\n<meta name=\"twitter:card\" content=\"summary_large_image\" \/>\n<meta name=\"twitter:creator\" content=\"@Notibras\" \/>\n<meta name=\"twitter:site\" content=\"@Notibras\" \/>\n<meta name=\"twitter:label1\" content=\"Escrito por\" \/>\n\t<meta name=\"twitter:data1\" content=\"Reda\u00e7\u00e3o\" \/>\n\t<meta name=\"twitter:label2\" content=\"Est. tempo de leitura\" \/>\n\t<meta name=\"twitter:data2\" content=\"1 minuto\" \/>\n<script type=\"application\/ld+json\" class=\"yoast-schema-graph\">{\"@context\":\"https:\/\/schema.org\",\"@graph\":[{\"@type\":\"Article\",\"@id\":\"https:\/\/www.notibras.com\/site\/russia-dara-armas-nucleares-a-belarus-de-olho-na-europa\/#article\",\"isPartOf\":{\"@id\":\"https:\/\/www.notibras.com\/site\/russia-dara-armas-nucleares-a-belarus-de-olho-na-europa\/\"},\"author\":{\"name\":\"Reda\u00e7\u00e3o\",\"@id\":\"https:\/\/www.notibras.com\/site\/#\/schema\/person\/36ab0979449956132d3e5b517ea76ac8\"},\"headline\":\"R\u00fassia dar\u00e1 armas nucleares \u00e0 Belarus, de olho na Europa\",\"datePublished\":\"2022-06-26T11:06:27+00:00\",\"dateModified\":\"2022-06-26T11:23:55+00:00\",\"mainEntityOfPage\":{\"@id\":\"https:\/\/www.notibras.com\/site\/russia-dara-armas-nucleares-a-belarus-de-olho-na-europa\/\"},\"wordCount\":240,\"publisher\":{\"@id\":\"https:\/\/www.notibras.com\/site\/#organization\"},\"image\":{\"@id\":\"https:\/\/www.notibras.com\/site\/russia-dara-armas-nucleares-a-belarus-de-olho-na-europa\/#primaryimage\"},\"thumbnailUrl\":\"https:\/\/www.notibras.com\/site\/wp-content\/uploads\/2022\/06\/2022-06-25t153033z_571226490_rc23zu9cimnl_rtrmadp_3_ukraine-crisis-russia-belarus.jpg\",\"keywords\":[\"capa\"],\"articleSection\":[\"Apocalipse\"],\"inLanguage\":\"pt-BR\"},{\"@type\":\"WebPage\",\"@id\":\"https:\/\/www.notibras.com\/site\/russia-dara-armas-nucleares-a-belarus-de-olho-na-europa\/\",\"url\":\"https:\/\/www.notibras.com\/site\/russia-dara-armas-nucleares-a-belarus-de-olho-na-europa\/\",\"name\":\"R\u00fassia dar\u00e1 armas nucleares \u00e0 Belarus, de olho na Europa - Notibras\",\"isPartOf\":{\"@id\":\"https:\/\/www.notibras.com\/site\/#website\"},\"primaryImageOfPage\":{\"@id\":\"https:\/\/www.notibras.com\/site\/russia-dara-armas-nucleares-a-belarus-de-olho-na-europa\/#primaryimage\"},\"image\":{\"@id\":\"https:\/\/www.notibras.com\/site\/russia-dara-armas-nucleares-a-belarus-de-olho-na-europa\/#primaryimage\"},\"thumbnailUrl\":\"https:\/\/www.notibras.com\/site\/wp-content\/uploads\/2022\/06\/2022-06-25t153033z_571226490_rc23zu9cimnl_rtrmadp_3_ukraine-crisis-russia-belarus.jpg\",\"datePublished\":\"2022-06-26T11:06:27+00:00\",\"dateModified\":\"2022-06-26T11:23:55+00:00\",\"breadcrumb\":{\"@id\":\"https:\/\/www.notibras.com\/site\/russia-dara-armas-nucleares-a-belarus-de-olho-na-europa\/#breadcrumb\"},\"inLanguage\":\"pt-BR\",\"potentialAction\":[{\"@type\":\"ReadAction\",\"target\":[\"https:\/\/www.notibras.com\/site\/russia-dara-armas-nucleares-a-belarus-de-olho-na-europa\/\"]}]},{\"@type\":\"ImageObject\",\"inLanguage\":\"pt-BR\",\"@id\":\"https:\/\/www.notibras.com\/site\/russia-dara-armas-nucleares-a-belarus-de-olho-na-europa\/#primaryimage\",\"url\":\"https:\/\/www.notibras.com\/site\/wp-content\/uploads\/2022\/06\/2022-06-25t153033z_571226490_rc23zu9cimnl_rtrmadp_3_ukraine-crisis-russia-belarus.jpg\",\"contentUrl\":\"https:\/\/www.notibras.com\/site\/wp-content\/uploads\/2022\/06\/2022-06-25t153033z_571226490_rc23zu9cimnl_rtrmadp_3_ukraine-crisis-russia-belarus.jpg\",\"width\":1170,\"height\":700},{\"@type\":\"BreadcrumbList\",\"@id\":\"https:\/\/www.notibras.com\/site\/russia-dara-armas-nucleares-a-belarus-de-olho-na-europa\/#breadcrumb\",\"itemListElement\":[{\"@type\":\"ListItem\",\"position\":1,\"name\":\"In\u00edcio\",\"item\":\"https:\/\/www.notibras.com\/site\/\"},{\"@type\":\"ListItem\",\"position\":2,\"name\":\"R\u00fassia dar\u00e1 armas nucleares \u00e0 Belarus, de olho na Europa\"}]},{\"@type\":\"WebSite\",\"@id\":\"https:\/\/www.notibras.com\/site\/#website\",\"url\":\"https:\/\/www.notibras.com\/site\/\",\"name\":\"Notibras\",\"description\":\"Not\u00edcias de Bras\u00edlia, do Brasil e do Mundo\",\"publisher\":{\"@id\":\"https:\/\/www.notibras.com\/site\/#organization\"},\"potentialAction\":[{\"@type\":\"SearchAction\",\"target\":{\"@type\":\"EntryPoint\",\"urlTemplate\":\"https:\/\/www.notibras.com\/site\/?s={search_term_string}\"},\"query-input\":{\"@type\":\"PropertyValueSpecification\",\"valueRequired\":true,\"valueName\":\"search_term_string\"}}],\"inLanguage\":\"pt-BR\"},{\"@type\":\"Organization\",\"@id\":\"https:\/\/www.notibras.com\/site\/#organization\",\"name\":\"Grupo Notibras de Comunica\u00e7\u00e3o\",\"url\":\"https:\/\/www.notibras.com\/site\/\",\"logo\":{\"@type\":\"ImageObject\",\"inLanguage\":\"pt-BR\",\"@id\":\"https:\/\/www.notibras.com\/site\/#\/schema\/logo\/image\/\",\"url\":\"https:\/\/www.notibras.com\/site\/wp-content\/uploads\/2023\/01\/notibras23.png\",\"contentUrl\":\"https:\/\/www.notibras.com\/site\/wp-content\/uploads\/2023\/01\/notibras23.png\",\"width\":350,\"height\":87,\"caption\":\"Grupo Notibras de Comunica\u00e7\u00e3o\"},\"image\":{\"@id\":\"https:\/\/www.notibras.com\/site\/#\/schema\/logo\/image\/\"},\"sameAs\":[\"https:\/\/www.facebook.com\/notibras\/\",\"https:\/\/x.com\/Notibras\",\"https:\/\/www.instagram.com\/notibras\/\"]},{\"@type\":\"Person\",\"@id\":\"https:\/\/www.notibras.com\/site\/#\/schema\/person\/36ab0979449956132d3e5b517ea76ac8\",\"name\":\"Reda\u00e7\u00e3o\",\"image\":{\"@type\":\"ImageObject\",\"inLanguage\":\"pt-BR\",\"@id\":\"https:\/\/secure.gravatar.com\/avatar\/e0a867bdedb85fd243eadf09663511f96fc81e0720a4a42581f334ad4303aa6b?s=96&d=mm&r=g\",\"url\":\"https:\/\/secure.gravatar.com\/avatar\/e0a867bdedb85fd243eadf09663511f96fc81e0720a4a42581f334ad4303aa6b?s=96&d=mm&r=g\",\"contentUrl\":\"https:\/\/secure.gravatar.com\/avatar\/e0a867bdedb85fd243eadf09663511f96fc81e0720a4a42581f334ad4303aa6b?s=96&d=mm&r=g\",\"caption\":\"Reda\u00e7\u00e3o\"}}]}<\/script>\n<!-- \/ Yoast SEO plugin. -->","yoast_head_json":{"title":"R\u00fassia dar\u00e1 armas nucleares \u00e0 Belarus, de olho na Europa - Notibras","robots":{"index":"index","follow":"follow","max-snippet":"max-snippet:-1","max-image-preview":"max-image-preview:large","max-video-preview":"max-video-preview:-1"},"canonical":"https:\/\/www.notibras.com\/site\/russia-dara-armas-nucleares-a-belarus-de-olho-na-europa\/","og_locale":"pt_BR","og_type":"article","og_title":"R\u00fassia dar\u00e1 armas nucleares \u00e0 Belarus, de olho na Europa - Notibras","og_description":"O presidente russo, Vladimir Putin prometeu a seu colega de Belarus que Moscou fornecer\u00e1 a Minsk sistemas de m\u00edsseis capazes de transportar armas nucleares. A informa\u00e7\u00e3o \u00e9 do Minist\u00e9rio das Rela\u00e7\u00f5es Exteriores da R\u00fassia. Em uma reuni\u00e3o com Putin em S\u00e3o Petersburgo, o presidente de Belarus, Alexander Lukashenko, expressou preocupa\u00e7\u00e3o com as pol\u00edticas &#8220;agressivas&#8221;, &#8220;confrontativas&#8221; [&hellip;]","og_url":"https:\/\/www.notibras.com\/site\/russia-dara-armas-nucleares-a-belarus-de-olho-na-europa\/","og_site_name":"Notibras","article_publisher":"https:\/\/www.facebook.com\/notibras\/","article_published_time":"2022-06-26T11:06:27+00:00","article_modified_time":"2022-06-26T11:23:55+00:00","og_image":[{"width":1170,"height":700,"url":"https:\/\/www.notibras.com\/site\/wp-content\/uploads\/2022\/06\/2022-06-25t153033z_571226490_rc23zu9cimnl_rtrmadp_3_ukraine-crisis-russia-belarus.jpg","type":"image\/jpeg"}],"author":"Reda\u00e7\u00e3o","twitter_card":"summary_large_image","twitter_creator":"@Notibras","twitter_site":"@Notibras","twitter_misc":{"Escrito por":"Reda\u00e7\u00e3o","Est. tempo de leitura":"1 minuto"},"schema":{"@context":"https:\/\/schema.org","@graph":[{"@type":"Article","@id":"https:\/\/www.notibras.com\/site\/russia-dara-armas-nucleares-a-belarus-de-olho-na-europa\/#article","isPartOf":{"@id":"https:\/\/www.notibras.com\/site\/russia-dara-armas-nucleares-a-belarus-de-olho-na-europa\/"},"author":{"name":"Reda\u00e7\u00e3o","@id":"https:\/\/www.notibras.com\/site\/#\/schema\/person\/36ab0979449956132d3e5b517ea76ac8"},"headline":"R\u00fassia dar\u00e1 armas nucleares \u00e0 Belarus, de olho na Europa","datePublished":"2022-06-26T11:06:27+00:00","dateModified":"2022-06-26T11:23:55+00:00","mainEntityOfPage":{"@id":"https:\/\/www.notibras.com\/site\/russia-dara-armas-nucleares-a-belarus-de-olho-na-europa\/"},"wordCount":240,"publisher":{"@id":"https:\/\/www.notibras.com\/site\/#organization"},"image":{"@id":"https:\/\/www.notibras.com\/site\/russia-dara-armas-nucleares-a-belarus-de-olho-na-europa\/#primaryimage"},"thumbnailUrl":"https:\/\/www.notibras.com\/site\/wp-content\/uploads\/2022\/06\/2022-06-25t153033z_571226490_rc23zu9cimnl_rtrmadp_3_ukraine-crisis-russia-belarus.jpg","keywords":["capa"],"articleSection":["Apocalipse"],"inLanguage":"pt-BR"},{"@type":"WebPage","@id":"https:\/\/www.notibras.com\/site\/russia-dara-armas-nucleares-a-belarus-de-olho-na-europa\/","url":"https:\/\/www.notibras.com\/site\/russia-dara-armas-nucleares-a-belarus-de-olho-na-europa\/","name":"R\u00fassia dar\u00e1 armas nucleares \u00e0 Belarus, de olho na Europa - Notibras","isPartOf":{"@id":"https:\/\/www.notibras.com\/site\/#website"},"primaryImageOfPage":{"@id":"https:\/\/www.notibras.com\/site\/russia-dara-armas-nucleares-a-belarus-de-olho-na-europa\/#primaryimage"},"image":{"@id":"https:\/\/www.notibras.com\/site\/russia-dara-armas-nucleares-a-belarus-de-olho-na-europa\/#primaryimage"},"thumbnailUrl":"https:\/\/www.notibras.com\/site\/wp-content\/uploads\/2022\/06\/2022-06-25t153033z_571226490_rc23zu9cimnl_rtrmadp_3_ukraine-crisis-russia-belarus.jpg","datePublished":"2022-06-26T11:06:27+00:00","dateModified":"2022-06-26T11:23:55+00:00","breadcrumb":{"@id":"https:\/\/www.notibras.com\/site\/russia-dara-armas-nucleares-a-belarus-de-olho-na-europa\/#breadcrumb"},"inLanguage":"pt-BR","potentialAction":[{"@type":"ReadAction","target":["https:\/\/www.notibras.com\/site\/russia-dara-armas-nucleares-a-belarus-de-olho-na-europa\/"]}]},{"@type":"ImageObject","inLanguage":"pt-BR","@id":"https:\/\/www.notibras.com\/site\/russia-dara-armas-nucleares-a-belarus-de-olho-na-europa\/#primaryimage","url":"https:\/\/www.notibras.com\/site\/wp-content\/uploads\/2022\/06\/2022-06-25t153033z_571226490_rc23zu9cimnl_rtrmadp_3_ukraine-crisis-russia-belarus.jpg","contentUrl":"https:\/\/www.notibras.com\/site\/wp-content\/uploads\/2022\/06\/2022-06-25t153033z_571226490_rc23zu9cimnl_rtrmadp_3_ukraine-crisis-russia-belarus.jpg","width":1170,"height":700},{"@type":"BreadcrumbList","@id":"https:\/\/www.notibras.com\/site\/russia-dara-armas-nucleares-a-belarus-de-olho-na-europa\/#breadcrumb","itemListElement":[{"@type":"ListItem","position":1,"name":"In\u00edcio","item":"https:\/\/www.notibras.com\/site\/"},{"@type":"ListItem","position":2,"name":"R\u00fassia dar\u00e1 armas nucleares \u00e0 Belarus, de olho na Europa"}]},{"@type":"WebSite","@id":"https:\/\/www.notibras.com\/site\/#website","url":"https:\/\/www.notibras.com\/site\/","name":"Notibras","description":"Not\u00edcias de Bras\u00edlia, do Brasil e do Mundo","publisher":{"@id":"https:\/\/www.notibras.com\/site\/#organization"},"potentialAction":[{"@type":"SearchAction","target":{"@type":"EntryPoint","urlTemplate":"https:\/\/www.notibras.com\/site\/?s={search_term_string}"},"query-input":{"@type":"PropertyValueSpecification","valueRequired":true,"valueName":"search_term_string"}}],"inLanguage":"pt-BR"},{"@type":"Organization","@id":"https:\/\/www.notibras.com\/site\/#organization","name":"Grupo Notibras de Comunica\u00e7\u00e3o","url":"https:\/\/www.notibras.com\/site\/","logo":{"@type":"ImageObject","inLanguage":"pt-BR","@id":"https:\/\/www.notibras.com\/site\/#\/schema\/logo\/image\/","url":"https:\/\/www.notibras.com\/site\/wp-content\/uploads\/2023\/01\/notibras23.png","contentUrl":"https:\/\/www.notibras.com\/site\/wp-content\/uploads\/2023\/01\/notibras23.png","width":350,"height":87,"caption":"Grupo Notibras de Comunica\u00e7\u00e3o"},"image":{"@id":"https:\/\/www.notibras.com\/site\/#\/schema\/logo\/image\/"},"sameAs":["https:\/\/www.facebook.com\/notibras\/","https:\/\/x.com\/Notibras","https:\/\/www.instagram.com\/notibras\/"]},{"@type":"Person","@id":"https:\/\/www.notibras.com\/site\/#\/schema\/person\/36ab0979449956132d3e5b517ea76ac8","name":"Reda\u00e7\u00e3o","image":{"@type":"ImageObject","inLanguage":"pt-BR","@id":"https:\/\/secure.gravatar.com\/avatar\/e0a867bdedb85fd243eadf09663511f96fc81e0720a4a42581f334ad4303aa6b?s=96&d=mm&r=g","url":"https:\/\/secure.gravatar.com\/avatar\/e0a867bdedb85fd243eadf09663511f96fc81e0720a4a42581f334ad4303aa6b?s=96&d=mm&r=g","contentUrl":"https:\/\/secure.gravatar.com\/avatar\/e0a867bdedb85fd243eadf09663511f96fc81e0720a4a42581f334ad4303aa6b?s=96&d=mm&r=g","caption":"Reda\u00e7\u00e3o"}}]}},"amp_enabled":true,"_links":{"self":[{"href":"https:\/\/www.notibras.com\/site\/wp-json\/wp\/v2\/posts\/287943","targetHints":{"allow":["GET"]}}],"collection":[{"href":"https:\/\/www.notibras.com\/site\/wp-json\/wp\/v2\/posts"}],"about":[{"href":"https:\/\/www.notibras.com\/site\/wp-json\/wp\/v2\/types\/post"}],"author":[{"embeddable":true,"href":"https:\/\/www.notibras.com\/site\/wp-json\/wp\/v2\/users\/2"}],"replies":[{"embeddable":true,"href":"https:\/\/www.notibras.com\/site\/wp-json\/wp\/v2\/comments?post=287943"}],"version-history":[{"count":1,"href":"https:\/\/www.notibras.com\/site\/wp-json\/wp\/v2\/posts\/287943\/revisions"}],"predecessor-version":[{"id":287945,"href":"https:\/\/www.notibras.com\/site\/wp-json\/wp\/v2\/posts\/287943\/revisions\/287945"}],"wp:featuredmedia":[{"embeddable":true,"href":"https:\/\/www.notibras.com\/site\/wp-json\/wp\/v2\/media\/287944"}],"wp:attachment":[{"href":"https:\/\/www.notibras.com\/site\/wp-json\/wp\/v2\/media?parent=287943"}],"wp:term":[{"taxonomy":"category","embeddable":true,"href":"https:\/\/www.notibras.com\/site\/wp-json\/wp\/v2\/categories?post=287943"},{"taxonomy":"post_tag","embeddable":true,"href":"https:\/\/www.notibras.com\/site\/wp-json\/wp\/v2\/tags?post=287943"}],"curies":[{"name":"wp","href":"https:\/\/api.w.org\/{rel}","templated":true}]}}