{"id":288015,"date":"2022-06-27T07:57:50","date_gmt":"2022-06-27T10:57:50","guid":{"rendered":"https:\/\/www.notibras.com\/site\/?p=288015"},"modified":"2022-06-27T07:57:50","modified_gmt":"2022-06-27T10:57:50","slug":"ue-atrai-ucrania-e-moldavia-e-deixa-putin-p-da-vida","status":"publish","type":"post","link":"https:\/\/www.notibras.com\/site\/ue-atrai-ucrania-e-moldavia-e-deixa-putin-p-da-vida\/","title":{"rendered":"UE atrai Ucr\u00e2nia e Mold\u00e1via e deixa Putin &#8216;p&#8217; da vida"},"content":{"rendered":"<p>O presidente russo Vladimir Putin est\u00e1<em> P<\/em> da vida com o Ocidente. Tamb\u00e9m, n\u00e3o \u00e9 para menos. Obrigado a enfrentar armas americanas, francesas, inglesas e alem\u00e3es na guerra que trava contra os ucranianos, ele v\u00ea-se agora num dilema pior: o que far\u00e1 com a eventual decis\u00e3o, prestes a ser assinada, de as ex-rep\u00fablicas sovi\u00e9ticas Ucr\u00e2nia e Mold\u00e1via entrarem na Uni\u00e3o Europeia?<\/p>\n<p>A Ucr\u00e2nia foi aceita na quinta-feira, 23, como candidata \u00e0 UE. A medida, um rev\u00e9s para Moscou, eleva o moral do pa\u00eds em meio \u00e0 intensifica\u00e7\u00e3o dos ataques russos em duas cidades na regi\u00e3o leste de Donbas. Ainda que a aprova\u00e7\u00e3o do status de candidata seja apenas o primeiro de muitos processos at\u00e9 a entrada oficial, a a\u00e7\u00e3o indica que o Ocidente qur mesmo colocar Putin contra a parede.<\/p>\n<p>A Mold\u00e1via, outra ex-rep\u00fablica sovi\u00e9tica que o Kremlin quer ver dentro de sua esfera de influ\u00eancia, tamb\u00e9m foi aceita como candidata, em outro indicativo de press\u00e3o sobre Moscou.<\/p>\n<p>Os l\u00edderes da Alemanha, Fran\u00e7a e It\u00e1lia, os maiores pa\u00edses do bloco, assim como a Rom\u00eania, deram uma pr\u00e9via da decis\u00e3o em uma visita a Kiev na semana passada, dizendo que apoiavam deixar a Ucr\u00e2nia se tornar candidata \u00e0 ades\u00e3o. Ainda assim, muitos de pa\u00edses membros precisavam ser convencidos de que, apesar da falta de prontid\u00e3o da Ucr\u00e2nia para aderir \u00e0 uni\u00e3o, era importante dar-lhe ao menos a perspectiva.<\/p>\n<p>A decis\u00e3o \u00e9 o primeiro passo de um longo caminho. A Turquia, por exemplo, \u00e9 candidata h\u00e1 21 anos, mas ainda n\u00e3o \u00e9 membro. Outros pa\u00edses na fila s\u00e3o Maced\u00f4nia do Norte, Montenegro, Alb\u00e2nia e S\u00e9rvia, Em um sistema que funciona por consenso, cada na\u00e7\u00e3o membro efetivamente tem direito de veto sobre quaisquer novos membros.<\/p>\n<p>A Holanda e muitos membros menores t\u00eam sido c\u00e9ticos quanto a conceder o status de candidato incondicional \u00e0 Ucr\u00e2nia imediatamente, por v\u00e1rias raz\u00f5es. Os eleitores holandeses rejeitaram a perspectiva da ades\u00e3o da Ucr\u00e2nia \u00e0 UE em um referendo de 2014, e seus l\u00edderes foram pressionados a ignorar essa vota\u00e7\u00e3o, apesar do grande e sustentado apoio p\u00fablico \u00e0 Ucr\u00e2nia em sua atual luta contra a invas\u00e3o da R\u00fassia.<\/p>\n<p>Al\u00e9m disso, a candidatura \u00e0 UE \u00e9 simb\u00f3lica. Ela sinaliza que uma na\u00e7\u00e3o est\u00e1 em posi\u00e7\u00e3o, se certas condi\u00e7\u00f5es forem atendidas, para iniciar um processo mais detalhado, minucioso e de anos de reformas e negocia\u00e7\u00f5es com o bloco, com vistas \u00e0 sua ades\u00e3o.<\/p>\n<p>No entanto, prepara o terreno para a transfer\u00eancia gradual de fundos e conhecimentos da UE para ajudar as reformas. Quando a Ucr\u00e2nia entrar, talvez daqui a uma d\u00e9cada ou mais, pode muito bem ser que o bloco tenha se tornado um clube de orienta\u00e7\u00e3o mais militar, mas por enquanto n\u00e3o est\u00e1 nem perto de um substituto para a Otan, nem um fornecedor de qualquer defesa significativa.<\/p>\n<p>Muitos pa\u00edses n\u00e3o t\u00eam interesse que o bloco cres\u00e7a, em parte porque seus 27 membros j\u00e1 acham muito dif\u00edcil chegar a um acordo sobre quest\u00f5es vitais como liberdades democr\u00e1ticas, reformas econ\u00f4micas e o papel dos tribunais.<\/p>\n<p>O hist\u00f3rico de corrup\u00e7\u00e3o da Ucr\u00e2nia tamb\u00e9m semeou d\u00favidas, e alguns membros da UE est\u00e3o preocupados com a capacidade do bloco de absorver um pa\u00eds do tamanho e da popula\u00e7\u00e3o da Ucr\u00e2nia, citando repercuss\u00f5es econ\u00f4micas e sociais de longo prazo.<\/p>\n<p>Algumas na\u00e7\u00f5es europeias tamb\u00e9m gostariam de ver a Alb\u00e2nia e a Maced\u00f4nia do Norte, na\u00e7\u00f5es balc\u00e2nicas que s\u00e3o candidatas h\u00e1 mais de uma d\u00e9cada, admitidas no bloco antes da Ucr\u00e2nia.<\/p>\n","protected":false},"excerpt":{"rendered":"<p>O presidente russo Vladimir Putin est\u00e1 P da vida com o Ocidente. Tamb\u00e9m, n\u00e3o \u00e9 para menos. Obrigado a enfrentar armas americanas, francesas, inglesas e alem\u00e3es na guerra que trava contra os ucranianos, ele v\u00ea-se agora num dilema pior: o que far\u00e1 com a eventual decis\u00e3o, prestes a ser assinada, de as ex-rep\u00fablicas sovi\u00e9ticas Ucr\u00e2nia [&hellip;]<\/p>\n","protected":false},"author":2,"featured_media":287210,"comment_status":"closed","ping_status":"closed","sticky":false,"template":"","format":"standard","meta":{"_acf_changed":false,"footnotes":""},"categories":[159],"tags":[],"class_list":["post-288015","post","type-post","status-publish","format-standard","has-post-thumbnail","hentry","category-apocalipse"],"acf":[],"yoast_head":"<!-- This site is optimized with the Yoast SEO plugin v27.2 - https:\/\/yoast.com\/product\/yoast-seo-wordpress\/ -->\n<title>UE atrai Ucr\u00e2nia e Mold\u00e1via e deixa Putin &#039;p&#039; da vida - Notibras<\/title>\n<meta name=\"robots\" content=\"index, follow, max-snippet:-1, max-image-preview:large, max-video-preview:-1\" \/>\n<link rel=\"canonical\" href=\"https:\/\/www.notibras.com\/site\/ue-atrai-ucrania-e-moldavia-e-deixa-putin-p-da-vida\/\" \/>\n<meta property=\"og:locale\" content=\"pt_BR\" \/>\n<meta property=\"og:type\" content=\"article\" \/>\n<meta property=\"og:title\" content=\"UE atrai Ucr\u00e2nia e Mold\u00e1via e deixa Putin &#039;p&#039; da vida - Notibras\" \/>\n<meta property=\"og:description\" content=\"O presidente russo Vladimir Putin est\u00e1 P da vida com o Ocidente. Tamb\u00e9m, n\u00e3o \u00e9 para menos. Obrigado a enfrentar armas americanas, francesas, inglesas e alem\u00e3es na guerra que trava contra os ucranianos, ele v\u00ea-se agora num dilema pior: o que far\u00e1 com a eventual decis\u00e3o, prestes a ser assinada, de as ex-rep\u00fablicas sovi\u00e9ticas Ucr\u00e2nia [&hellip;]\" \/>\n<meta property=\"og:url\" content=\"https:\/\/www.notibras.com\/site\/ue-atrai-ucrania-e-moldavia-e-deixa-putin-p-da-vida\/\" \/>\n<meta property=\"og:site_name\" content=\"Notibras\" \/>\n<meta property=\"article:publisher\" content=\"https:\/\/www.facebook.com\/notibras\/\" \/>\n<meta property=\"article:published_time\" content=\"2022-06-27T10:57:50+00:00\" \/>\n<meta property=\"og:image\" content=\"https:\/\/www.notibras.com\/site\/wp-content\/uploads\/2022\/06\/putin.inflacao.webp\" \/>\n\t<meta property=\"og:image:width\" content=\"1920\" \/>\n\t<meta property=\"og:image:height\" content=\"1080\" \/>\n\t<meta property=\"og:image:type\" content=\"image\/webp\" \/>\n<meta name=\"author\" content=\"Reda\u00e7\u00e3o\" \/>\n<meta name=\"twitter:card\" content=\"summary_large_image\" \/>\n<meta name=\"twitter:creator\" content=\"@Notibras\" \/>\n<meta name=\"twitter:site\" content=\"@Notibras\" \/>\n<meta name=\"twitter:label1\" content=\"Escrito por\" \/>\n\t<meta name=\"twitter:data1\" content=\"Reda\u00e7\u00e3o\" \/>\n\t<meta name=\"twitter:label2\" content=\"Est. tempo de leitura\" \/>\n\t<meta name=\"twitter:data2\" content=\"4 minutos\" \/>\n<script type=\"application\/ld+json\" class=\"yoast-schema-graph\">{\"@context\":\"https:\/\/schema.org\",\"@graph\":[{\"@type\":\"Article\",\"@id\":\"https:\/\/www.notibras.com\/site\/ue-atrai-ucrania-e-moldavia-e-deixa-putin-p-da-vida\/#article\",\"isPartOf\":{\"@id\":\"https:\/\/www.notibras.com\/site\/ue-atrai-ucrania-e-moldavia-e-deixa-putin-p-da-vida\/\"},\"author\":{\"name\":\"Reda\u00e7\u00e3o\",\"@id\":\"https:\/\/www.notibras.com\/site\/#\/schema\/person\/36ab0979449956132d3e5b517ea76ac8\"},\"headline\":\"UE atrai Ucr\u00e2nia e Mold\u00e1via e deixa Putin &#8216;p&#8217; da vida\",\"datePublished\":\"2022-06-27T10:57:50+00:00\",\"mainEntityOfPage\":{\"@id\":\"https:\/\/www.notibras.com\/site\/ue-atrai-ucrania-e-moldavia-e-deixa-putin-p-da-vida\/\"},\"wordCount\":656,\"publisher\":{\"@id\":\"https:\/\/www.notibras.com\/site\/#organization\"},\"image\":{\"@id\":\"https:\/\/www.notibras.com\/site\/ue-atrai-ucrania-e-moldavia-e-deixa-putin-p-da-vida\/#primaryimage\"},\"thumbnailUrl\":\"https:\/\/www.notibras.com\/site\/wp-content\/uploads\/2022\/06\/putin.inflacao.webp\",\"articleSection\":[\"Apocalipse\"],\"inLanguage\":\"pt-BR\"},{\"@type\":\"WebPage\",\"@id\":\"https:\/\/www.notibras.com\/site\/ue-atrai-ucrania-e-moldavia-e-deixa-putin-p-da-vida\/\",\"url\":\"https:\/\/www.notibras.com\/site\/ue-atrai-ucrania-e-moldavia-e-deixa-putin-p-da-vida\/\",\"name\":\"UE atrai Ucr\u00e2nia e Mold\u00e1via e deixa Putin 'p' da vida - Notibras\",\"isPartOf\":{\"@id\":\"https:\/\/www.notibras.com\/site\/#website\"},\"primaryImageOfPage\":{\"@id\":\"https:\/\/www.notibras.com\/site\/ue-atrai-ucrania-e-moldavia-e-deixa-putin-p-da-vida\/#primaryimage\"},\"image\":{\"@id\":\"https:\/\/www.notibras.com\/site\/ue-atrai-ucrania-e-moldavia-e-deixa-putin-p-da-vida\/#primaryimage\"},\"thumbnailUrl\":\"https:\/\/www.notibras.com\/site\/wp-content\/uploads\/2022\/06\/putin.inflacao.webp\",\"datePublished\":\"2022-06-27T10:57:50+00:00\",\"breadcrumb\":{\"@id\":\"https:\/\/www.notibras.com\/site\/ue-atrai-ucrania-e-moldavia-e-deixa-putin-p-da-vida\/#breadcrumb\"},\"inLanguage\":\"pt-BR\",\"potentialAction\":[{\"@type\":\"ReadAction\",\"target\":[\"https:\/\/www.notibras.com\/site\/ue-atrai-ucrania-e-moldavia-e-deixa-putin-p-da-vida\/\"]}]},{\"@type\":\"ImageObject\",\"inLanguage\":\"pt-BR\",\"@id\":\"https:\/\/www.notibras.com\/site\/ue-atrai-ucrania-e-moldavia-e-deixa-putin-p-da-vida\/#primaryimage\",\"url\":\"https:\/\/www.notibras.com\/site\/wp-content\/uploads\/2022\/06\/putin.inflacao.webp\",\"contentUrl\":\"https:\/\/www.notibras.com\/site\/wp-content\/uploads\/2022\/06\/putin.inflacao.webp\",\"width\":1920,\"height\":1080},{\"@type\":\"BreadcrumbList\",\"@id\":\"https:\/\/www.notibras.com\/site\/ue-atrai-ucrania-e-moldavia-e-deixa-putin-p-da-vida\/#breadcrumb\",\"itemListElement\":[{\"@type\":\"ListItem\",\"position\":1,\"name\":\"In\u00edcio\",\"item\":\"https:\/\/www.notibras.com\/site\/\"},{\"@type\":\"ListItem\",\"position\":2,\"name\":\"UE atrai Ucr\u00e2nia e Mold\u00e1via e deixa Putin &#8216;p&#8217; da vida\"}]},{\"@type\":\"WebSite\",\"@id\":\"https:\/\/www.notibras.com\/site\/#website\",\"url\":\"https:\/\/www.notibras.com\/site\/\",\"name\":\"Notibras\",\"description\":\"Not\u00edcias de Bras\u00edlia, do Brasil e do Mundo\",\"publisher\":{\"@id\":\"https:\/\/www.notibras.com\/site\/#organization\"},\"potentialAction\":[{\"@type\":\"SearchAction\",\"target\":{\"@type\":\"EntryPoint\",\"urlTemplate\":\"https:\/\/www.notibras.com\/site\/?s={search_term_string}\"},\"query-input\":{\"@type\":\"PropertyValueSpecification\",\"valueRequired\":true,\"valueName\":\"search_term_string\"}}],\"inLanguage\":\"pt-BR\"},{\"@type\":\"Organization\",\"@id\":\"https:\/\/www.notibras.com\/site\/#organization\",\"name\":\"Grupo Notibras de Comunica\u00e7\u00e3o\",\"url\":\"https:\/\/www.notibras.com\/site\/\",\"logo\":{\"@type\":\"ImageObject\",\"inLanguage\":\"pt-BR\",\"@id\":\"https:\/\/www.notibras.com\/site\/#\/schema\/logo\/image\/\",\"url\":\"https:\/\/www.notibras.com\/site\/wp-content\/uploads\/2023\/01\/notibras23.png\",\"contentUrl\":\"https:\/\/www.notibras.com\/site\/wp-content\/uploads\/2023\/01\/notibras23.png\",\"width\":350,\"height\":87,\"caption\":\"Grupo Notibras de Comunica\u00e7\u00e3o\"},\"image\":{\"@id\":\"https:\/\/www.notibras.com\/site\/#\/schema\/logo\/image\/\"},\"sameAs\":[\"https:\/\/www.facebook.com\/notibras\/\",\"https:\/\/x.com\/Notibras\",\"https:\/\/www.instagram.com\/notibras\/\"]},{\"@type\":\"Person\",\"@id\":\"https:\/\/www.notibras.com\/site\/#\/schema\/person\/36ab0979449956132d3e5b517ea76ac8\",\"name\":\"Reda\u00e7\u00e3o\",\"image\":{\"@type\":\"ImageObject\",\"inLanguage\":\"pt-BR\",\"@id\":\"https:\/\/secure.gravatar.com\/avatar\/e0a867bdedb85fd243eadf09663511f96fc81e0720a4a42581f334ad4303aa6b?s=96&d=mm&r=g\",\"url\":\"https:\/\/secure.gravatar.com\/avatar\/e0a867bdedb85fd243eadf09663511f96fc81e0720a4a42581f334ad4303aa6b?s=96&d=mm&r=g\",\"contentUrl\":\"https:\/\/secure.gravatar.com\/avatar\/e0a867bdedb85fd243eadf09663511f96fc81e0720a4a42581f334ad4303aa6b?s=96&d=mm&r=g\",\"caption\":\"Reda\u00e7\u00e3o\"}}]}<\/script>\n<!-- \/ Yoast SEO plugin. -->","yoast_head_json":{"title":"UE atrai Ucr\u00e2nia e Mold\u00e1via e deixa Putin 'p' da vida - Notibras","robots":{"index":"index","follow":"follow","max-snippet":"max-snippet:-1","max-image-preview":"max-image-preview:large","max-video-preview":"max-video-preview:-1"},"canonical":"https:\/\/www.notibras.com\/site\/ue-atrai-ucrania-e-moldavia-e-deixa-putin-p-da-vida\/","og_locale":"pt_BR","og_type":"article","og_title":"UE atrai Ucr\u00e2nia e Mold\u00e1via e deixa Putin 'p' da vida - Notibras","og_description":"O presidente russo Vladimir Putin est\u00e1 P da vida com o Ocidente. Tamb\u00e9m, n\u00e3o \u00e9 para menos. Obrigado a enfrentar armas americanas, francesas, inglesas e alem\u00e3es na guerra que trava contra os ucranianos, ele v\u00ea-se agora num dilema pior: o que far\u00e1 com a eventual decis\u00e3o, prestes a ser assinada, de as ex-rep\u00fablicas sovi\u00e9ticas Ucr\u00e2nia [&hellip;]","og_url":"https:\/\/www.notibras.com\/site\/ue-atrai-ucrania-e-moldavia-e-deixa-putin-p-da-vida\/","og_site_name":"Notibras","article_publisher":"https:\/\/www.facebook.com\/notibras\/","article_published_time":"2022-06-27T10:57:50+00:00","og_image":[{"width":1920,"height":1080,"url":"https:\/\/www.notibras.com\/site\/wp-content\/uploads\/2022\/06\/putin.inflacao.webp","type":"image\/webp"}],"author":"Reda\u00e7\u00e3o","twitter_card":"summary_large_image","twitter_creator":"@Notibras","twitter_site":"@Notibras","twitter_misc":{"Escrito por":"Reda\u00e7\u00e3o","Est. tempo de leitura":"4 minutos"},"schema":{"@context":"https:\/\/schema.org","@graph":[{"@type":"Article","@id":"https:\/\/www.notibras.com\/site\/ue-atrai-ucrania-e-moldavia-e-deixa-putin-p-da-vida\/#article","isPartOf":{"@id":"https:\/\/www.notibras.com\/site\/ue-atrai-ucrania-e-moldavia-e-deixa-putin-p-da-vida\/"},"author":{"name":"Reda\u00e7\u00e3o","@id":"https:\/\/www.notibras.com\/site\/#\/schema\/person\/36ab0979449956132d3e5b517ea76ac8"},"headline":"UE atrai Ucr\u00e2nia e Mold\u00e1via e deixa Putin &#8216;p&#8217; da vida","datePublished":"2022-06-27T10:57:50+00:00","mainEntityOfPage":{"@id":"https:\/\/www.notibras.com\/site\/ue-atrai-ucrania-e-moldavia-e-deixa-putin-p-da-vida\/"},"wordCount":656,"publisher":{"@id":"https:\/\/www.notibras.com\/site\/#organization"},"image":{"@id":"https:\/\/www.notibras.com\/site\/ue-atrai-ucrania-e-moldavia-e-deixa-putin-p-da-vida\/#primaryimage"},"thumbnailUrl":"https:\/\/www.notibras.com\/site\/wp-content\/uploads\/2022\/06\/putin.inflacao.webp","articleSection":["Apocalipse"],"inLanguage":"pt-BR"},{"@type":"WebPage","@id":"https:\/\/www.notibras.com\/site\/ue-atrai-ucrania-e-moldavia-e-deixa-putin-p-da-vida\/","url":"https:\/\/www.notibras.com\/site\/ue-atrai-ucrania-e-moldavia-e-deixa-putin-p-da-vida\/","name":"UE atrai Ucr\u00e2nia e Mold\u00e1via e deixa Putin 'p' da vida - Notibras","isPartOf":{"@id":"https:\/\/www.notibras.com\/site\/#website"},"primaryImageOfPage":{"@id":"https:\/\/www.notibras.com\/site\/ue-atrai-ucrania-e-moldavia-e-deixa-putin-p-da-vida\/#primaryimage"},"image":{"@id":"https:\/\/www.notibras.com\/site\/ue-atrai-ucrania-e-moldavia-e-deixa-putin-p-da-vida\/#primaryimage"},"thumbnailUrl":"https:\/\/www.notibras.com\/site\/wp-content\/uploads\/2022\/06\/putin.inflacao.webp","datePublished":"2022-06-27T10:57:50+00:00","breadcrumb":{"@id":"https:\/\/www.notibras.com\/site\/ue-atrai-ucrania-e-moldavia-e-deixa-putin-p-da-vida\/#breadcrumb"},"inLanguage":"pt-BR","potentialAction":[{"@type":"ReadAction","target":["https:\/\/www.notibras.com\/site\/ue-atrai-ucrania-e-moldavia-e-deixa-putin-p-da-vida\/"]}]},{"@type":"ImageObject","inLanguage":"pt-BR","@id":"https:\/\/www.notibras.com\/site\/ue-atrai-ucrania-e-moldavia-e-deixa-putin-p-da-vida\/#primaryimage","url":"https:\/\/www.notibras.com\/site\/wp-content\/uploads\/2022\/06\/putin.inflacao.webp","contentUrl":"https:\/\/www.notibras.com\/site\/wp-content\/uploads\/2022\/06\/putin.inflacao.webp","width":1920,"height":1080},{"@type":"BreadcrumbList","@id":"https:\/\/www.notibras.com\/site\/ue-atrai-ucrania-e-moldavia-e-deixa-putin-p-da-vida\/#breadcrumb","itemListElement":[{"@type":"ListItem","position":1,"name":"In\u00edcio","item":"https:\/\/www.notibras.com\/site\/"},{"@type":"ListItem","position":2,"name":"UE atrai Ucr\u00e2nia e Mold\u00e1via e deixa Putin &#8216;p&#8217; da vida"}]},{"@type":"WebSite","@id":"https:\/\/www.notibras.com\/site\/#website","url":"https:\/\/www.notibras.com\/site\/","name":"Notibras","description":"Not\u00edcias de Bras\u00edlia, do Brasil e do Mundo","publisher":{"@id":"https:\/\/www.notibras.com\/site\/#organization"},"potentialAction":[{"@type":"SearchAction","target":{"@type":"EntryPoint","urlTemplate":"https:\/\/www.notibras.com\/site\/?s={search_term_string}"},"query-input":{"@type":"PropertyValueSpecification","valueRequired":true,"valueName":"search_term_string"}}],"inLanguage":"pt-BR"},{"@type":"Organization","@id":"https:\/\/www.notibras.com\/site\/#organization","name":"Grupo Notibras de Comunica\u00e7\u00e3o","url":"https:\/\/www.notibras.com\/site\/","logo":{"@type":"ImageObject","inLanguage":"pt-BR","@id":"https:\/\/www.notibras.com\/site\/#\/schema\/logo\/image\/","url":"https:\/\/www.notibras.com\/site\/wp-content\/uploads\/2023\/01\/notibras23.png","contentUrl":"https:\/\/www.notibras.com\/site\/wp-content\/uploads\/2023\/01\/notibras23.png","width":350,"height":87,"caption":"Grupo Notibras de Comunica\u00e7\u00e3o"},"image":{"@id":"https:\/\/www.notibras.com\/site\/#\/schema\/logo\/image\/"},"sameAs":["https:\/\/www.facebook.com\/notibras\/","https:\/\/x.com\/Notibras","https:\/\/www.instagram.com\/notibras\/"]},{"@type":"Person","@id":"https:\/\/www.notibras.com\/site\/#\/schema\/person\/36ab0979449956132d3e5b517ea76ac8","name":"Reda\u00e7\u00e3o","image":{"@type":"ImageObject","inLanguage":"pt-BR","@id":"https:\/\/secure.gravatar.com\/avatar\/e0a867bdedb85fd243eadf09663511f96fc81e0720a4a42581f334ad4303aa6b?s=96&d=mm&r=g","url":"https:\/\/secure.gravatar.com\/avatar\/e0a867bdedb85fd243eadf09663511f96fc81e0720a4a42581f334ad4303aa6b?s=96&d=mm&r=g","contentUrl":"https:\/\/secure.gravatar.com\/avatar\/e0a867bdedb85fd243eadf09663511f96fc81e0720a4a42581f334ad4303aa6b?s=96&d=mm&r=g","caption":"Reda\u00e7\u00e3o"}}]}},"amp_enabled":true,"_links":{"self":[{"href":"https:\/\/www.notibras.com\/site\/wp-json\/wp\/v2\/posts\/288015","targetHints":{"allow":["GET"]}}],"collection":[{"href":"https:\/\/www.notibras.com\/site\/wp-json\/wp\/v2\/posts"}],"about":[{"href":"https:\/\/www.notibras.com\/site\/wp-json\/wp\/v2\/types\/post"}],"author":[{"embeddable":true,"href":"https:\/\/www.notibras.com\/site\/wp-json\/wp\/v2\/users\/2"}],"replies":[{"embeddable":true,"href":"https:\/\/www.notibras.com\/site\/wp-json\/wp\/v2\/comments?post=288015"}],"version-history":[{"count":1,"href":"https:\/\/www.notibras.com\/site\/wp-json\/wp\/v2\/posts\/288015\/revisions"}],"predecessor-version":[{"id":288016,"href":"https:\/\/www.notibras.com\/site\/wp-json\/wp\/v2\/posts\/288015\/revisions\/288016"}],"wp:featuredmedia":[{"embeddable":true,"href":"https:\/\/www.notibras.com\/site\/wp-json\/wp\/v2\/media\/287210"}],"wp:attachment":[{"href":"https:\/\/www.notibras.com\/site\/wp-json\/wp\/v2\/media?parent=288015"}],"wp:term":[{"taxonomy":"category","embeddable":true,"href":"https:\/\/www.notibras.com\/site\/wp-json\/wp\/v2\/categories?post=288015"},{"taxonomy":"post_tag","embeddable":true,"href":"https:\/\/www.notibras.com\/site\/wp-json\/wp\/v2\/tags?post=288015"}],"curies":[{"name":"wp","href":"https:\/\/api.w.org\/{rel}","templated":true}]}}