{"id":288088,"date":"2022-06-28T06:40:19","date_gmt":"2022-06-28T09:40:19","guid":{"rendered":"https:\/\/www.notibras.com\/site\/?p=288088"},"modified":"2022-06-27T23:58:47","modified_gmt":"2022-06-28T02:58:47","slug":"coreia-do-norte-prepara-novo-missil-para-o-quer-der-e-vier","status":"publish","type":"post","link":"https:\/\/www.notibras.com\/site\/coreia-do-norte-prepara-novo-missil-para-o-quer-der-e-vier\/","title":{"rendered":"Coreia do Norte prepara novo m\u00edssil para &#8220;o quer der e vier&#8221;"},"content":{"rendered":"<p>A Coreia do Norte completou todos os preparativos para um teste nuclear, mas est\u00e1 esperando o momento certo para maximizar seu efeito, enquanto observa de perto a situa\u00e7\u00e3o na arena internacional e dom\u00e9stica, disse o ministro sul-coreano da unifica\u00e7\u00e3o, Kwon Young-se.<\/p>\n<p>&#8220;N\u00e3o ser\u00e1 uma surpresa se a Coreia do Norte realizar um teste nuclear a qualquer momento&#8230; Para resumir, a RPDC completou todos os preparativos e resta apenas uma decis\u00e3o pol\u00edtica. A quest\u00e3o \u00e9 por que eles ainda n\u00e3o realizaram o teste? Na verdade, n\u00e3o sabemos o motivo exato. A Coreia do Norte pode estar avaliando a situa\u00e7\u00e3o no mundo e no pa\u00eds para maximizar o efeito do teste nuclear&#8221;, disse o ministro em entrevista coletiva.<\/p>\n<p>O ministro observou que a comunidade internacional deve pressionar Pyongyang ao di\u00e1logo. &#8220;A China tem muita influ\u00eancia sobre a Coreia do Norte, e acreditamos que a China e a comunidade internacional devem continuar aconselhando a RPDC a n\u00e3o realizar um teste nuclear&#8221;, observou Kwon Young-se, acrescentando que acredita no compromisso da lideran\u00e7a chinesa em a desnucleariza\u00e7\u00e3o da pen\u00ednsula coreana.<\/p>\n<p>O ministro tamb\u00e9m explicou que a mudan\u00e7a da Coreia do Norte de testar m\u00edsseis de longo alcance para m\u00edsseis de curto alcance mais avan\u00e7ados e desenvolver armas nucleares t\u00e1ticas significa que Pyongyang est\u00e1 agora se preparando para enfrentar os EUA e a Coreia do Sul.<\/p>\n<p>&#8220;Gostaria de observar que aqueles que disseram que as armas nucleares da Coreia do Norte n\u00e3o s\u00e3o direcionadas \u00e0 Coreia do Sul est\u00e3o errados&#8221;, disse o ministro.<\/p>\n<p>Mais cedo nesta segunda-feira, o Estado-Maior Conjunto da Coreia do Sul disse mais uma vez que a Coreia do Norte &#8220;at\u00e9 certo ponto&#8221; completou a prepara\u00e7\u00e3o da infraestrutura para um teste nuclear, mas n\u00e3o p\u00f4de especificar quando o teste est\u00e1 programado.<\/p>\n<p>A Coreia do Norte intensificou os lan\u00e7amentos de m\u00edsseis bal\u00edsticos e outros proj\u00e9teis em 2022. Desde o in\u00edcio do ano, Pyongyang lan\u00e7ou 18 m\u00edsseis, alguns dos quais disse serem hipers\u00f4nicos. A intelig\u00eancia dos EUA disse que a Coreia do Norte pode estar se preparando para realizar um teste nuclear.<\/p>\n","protected":false},"excerpt":{"rendered":"<p>A Coreia do Norte completou todos os preparativos para um teste nuclear, mas est\u00e1 esperando o momento certo para maximizar seu efeito, enquanto observa de perto a situa\u00e7\u00e3o na arena internacional e dom\u00e9stica, disse o ministro sul-coreano da unifica\u00e7\u00e3o, Kwon Young-se. &#8220;N\u00e3o ser\u00e1 uma surpresa se a Coreia do Norte realizar um teste nuclear a [&hellip;]<\/p>\n","protected":false},"author":2,"featured_media":288089,"comment_status":"closed","ping_status":"closed","sticky":false,"template":"","format":"standard","meta":{"_acf_changed":false,"footnotes":""},"categories":[159],"tags":[95],"class_list":["post-288088","post","type-post","status-publish","format-standard","has-post-thumbnail","hentry","category-apocalipse","tag-capa"],"acf":[],"yoast_head":"<!-- This site is optimized with the Yoast SEO plugin v27.2 - https:\/\/yoast.com\/product\/yoast-seo-wordpress\/ -->\n<title>Coreia do Norte prepara novo m\u00edssil para &quot;o quer der e vier&quot; - Notibras<\/title>\n<meta name=\"robots\" content=\"index, follow, max-snippet:-1, max-image-preview:large, max-video-preview:-1\" \/>\n<link rel=\"canonical\" href=\"https:\/\/www.notibras.com\/site\/coreia-do-norte-prepara-novo-missil-para-o-quer-der-e-vier\/\" \/>\n<meta property=\"og:locale\" content=\"pt_BR\" \/>\n<meta property=\"og:type\" content=\"article\" \/>\n<meta property=\"og:title\" content=\"Coreia do Norte prepara novo m\u00edssil para &quot;o quer der e vier&quot; - Notibras\" \/>\n<meta property=\"og:description\" content=\"A Coreia do Norte completou todos os preparativos para um teste nuclear, mas est\u00e1 esperando o momento certo para maximizar seu efeito, enquanto observa de perto a situa\u00e7\u00e3o na arena internacional e dom\u00e9stica, disse o ministro sul-coreano da unifica\u00e7\u00e3o, Kwon Young-se. &#8220;N\u00e3o ser\u00e1 uma surpresa se a Coreia do Norte realizar um teste nuclear a [&hellip;]\" \/>\n<meta property=\"og:url\" content=\"https:\/\/www.notibras.com\/site\/coreia-do-norte-prepara-novo-missil-para-o-quer-der-e-vier\/\" \/>\n<meta property=\"og:site_name\" content=\"Notibras\" \/>\n<meta property=\"article:publisher\" content=\"https:\/\/www.facebook.com\/notibras\/\" \/>\n<meta property=\"article:published_time\" content=\"2022-06-28T09:40:19+00:00\" \/>\n<meta property=\"og:image\" content=\"https:\/\/www.notibras.com\/site\/wp-content\/uploads\/2022\/06\/test.coria_.webp\" \/>\n\t<meta property=\"og:image:width\" content=\"1920\" \/>\n\t<meta property=\"og:image:height\" content=\"1080\" \/>\n\t<meta property=\"og:image:type\" content=\"image\/webp\" \/>\n<meta name=\"author\" content=\"Reda\u00e7\u00e3o\" \/>\n<meta name=\"twitter:card\" content=\"summary_large_image\" \/>\n<meta name=\"twitter:creator\" content=\"@Notibras\" \/>\n<meta name=\"twitter:site\" content=\"@Notibras\" \/>\n<meta name=\"twitter:label1\" content=\"Escrito por\" \/>\n\t<meta name=\"twitter:data1\" content=\"Reda\u00e7\u00e3o\" \/>\n\t<meta name=\"twitter:label2\" content=\"Est. tempo de leitura\" \/>\n\t<meta name=\"twitter:data2\" content=\"2 minutos\" \/>\n<script type=\"application\/ld+json\" class=\"yoast-schema-graph\">{\"@context\":\"https:\/\/schema.org\",\"@graph\":[{\"@type\":\"Article\",\"@id\":\"https:\/\/www.notibras.com\/site\/coreia-do-norte-prepara-novo-missil-para-o-quer-der-e-vier\/#article\",\"isPartOf\":{\"@id\":\"https:\/\/www.notibras.com\/site\/coreia-do-norte-prepara-novo-missil-para-o-quer-der-e-vier\/\"},\"author\":{\"name\":\"Reda\u00e7\u00e3o\",\"@id\":\"https:\/\/www.notibras.com\/site\/#\/schema\/person\/36ab0979449956132d3e5b517ea76ac8\"},\"headline\":\"Coreia do Norte prepara novo m\u00edssil para &#8220;o quer der e vier&#8221;\",\"datePublished\":\"2022-06-28T09:40:19+00:00\",\"mainEntityOfPage\":{\"@id\":\"https:\/\/www.notibras.com\/site\/coreia-do-norte-prepara-novo-missil-para-o-quer-der-e-vier\/\"},\"wordCount\":384,\"publisher\":{\"@id\":\"https:\/\/www.notibras.com\/site\/#organization\"},\"image\":{\"@id\":\"https:\/\/www.notibras.com\/site\/coreia-do-norte-prepara-novo-missil-para-o-quer-der-e-vier\/#primaryimage\"},\"thumbnailUrl\":\"https:\/\/www.notibras.com\/site\/wp-content\/uploads\/2022\/06\/test.coria_.webp\",\"keywords\":[\"capa\"],\"articleSection\":[\"Apocalipse\"],\"inLanguage\":\"pt-BR\"},{\"@type\":\"WebPage\",\"@id\":\"https:\/\/www.notibras.com\/site\/coreia-do-norte-prepara-novo-missil-para-o-quer-der-e-vier\/\",\"url\":\"https:\/\/www.notibras.com\/site\/coreia-do-norte-prepara-novo-missil-para-o-quer-der-e-vier\/\",\"name\":\"Coreia do Norte prepara novo m\u00edssil para \\\"o quer der e vier\\\" - Notibras\",\"isPartOf\":{\"@id\":\"https:\/\/www.notibras.com\/site\/#website\"},\"primaryImageOfPage\":{\"@id\":\"https:\/\/www.notibras.com\/site\/coreia-do-norte-prepara-novo-missil-para-o-quer-der-e-vier\/#primaryimage\"},\"image\":{\"@id\":\"https:\/\/www.notibras.com\/site\/coreia-do-norte-prepara-novo-missil-para-o-quer-der-e-vier\/#primaryimage\"},\"thumbnailUrl\":\"https:\/\/www.notibras.com\/site\/wp-content\/uploads\/2022\/06\/test.coria_.webp\",\"datePublished\":\"2022-06-28T09:40:19+00:00\",\"breadcrumb\":{\"@id\":\"https:\/\/www.notibras.com\/site\/coreia-do-norte-prepara-novo-missil-para-o-quer-der-e-vier\/#breadcrumb\"},\"inLanguage\":\"pt-BR\",\"potentialAction\":[{\"@type\":\"ReadAction\",\"target\":[\"https:\/\/www.notibras.com\/site\/coreia-do-norte-prepara-novo-missil-para-o-quer-der-e-vier\/\"]}]},{\"@type\":\"ImageObject\",\"inLanguage\":\"pt-BR\",\"@id\":\"https:\/\/www.notibras.com\/site\/coreia-do-norte-prepara-novo-missil-para-o-quer-der-e-vier\/#primaryimage\",\"url\":\"https:\/\/www.notibras.com\/site\/wp-content\/uploads\/2022\/06\/test.coria_.webp\",\"contentUrl\":\"https:\/\/www.notibras.com\/site\/wp-content\/uploads\/2022\/06\/test.coria_.webp\",\"width\":1920,\"height\":1080},{\"@type\":\"BreadcrumbList\",\"@id\":\"https:\/\/www.notibras.com\/site\/coreia-do-norte-prepara-novo-missil-para-o-quer-der-e-vier\/#breadcrumb\",\"itemListElement\":[{\"@type\":\"ListItem\",\"position\":1,\"name\":\"In\u00edcio\",\"item\":\"https:\/\/www.notibras.com\/site\/\"},{\"@type\":\"ListItem\",\"position\":2,\"name\":\"Coreia do Norte prepara novo m\u00edssil para &#8220;o quer der e vier&#8221;\"}]},{\"@type\":\"WebSite\",\"@id\":\"https:\/\/www.notibras.com\/site\/#website\",\"url\":\"https:\/\/www.notibras.com\/site\/\",\"name\":\"Notibras\",\"description\":\"Not\u00edcias de Bras\u00edlia, do Brasil e do Mundo\",\"publisher\":{\"@id\":\"https:\/\/www.notibras.com\/site\/#organization\"},\"potentialAction\":[{\"@type\":\"SearchAction\",\"target\":{\"@type\":\"EntryPoint\",\"urlTemplate\":\"https:\/\/www.notibras.com\/site\/?s={search_term_string}\"},\"query-input\":{\"@type\":\"PropertyValueSpecification\",\"valueRequired\":true,\"valueName\":\"search_term_string\"}}],\"inLanguage\":\"pt-BR\"},{\"@type\":\"Organization\",\"@id\":\"https:\/\/www.notibras.com\/site\/#organization\",\"name\":\"Grupo Notibras de Comunica\u00e7\u00e3o\",\"url\":\"https:\/\/www.notibras.com\/site\/\",\"logo\":{\"@type\":\"ImageObject\",\"inLanguage\":\"pt-BR\",\"@id\":\"https:\/\/www.notibras.com\/site\/#\/schema\/logo\/image\/\",\"url\":\"https:\/\/www.notibras.com\/site\/wp-content\/uploads\/2023\/01\/notibras23.png\",\"contentUrl\":\"https:\/\/www.notibras.com\/site\/wp-content\/uploads\/2023\/01\/notibras23.png\",\"width\":350,\"height\":87,\"caption\":\"Grupo Notibras de Comunica\u00e7\u00e3o\"},\"image\":{\"@id\":\"https:\/\/www.notibras.com\/site\/#\/schema\/logo\/image\/\"},\"sameAs\":[\"https:\/\/www.facebook.com\/notibras\/\",\"https:\/\/x.com\/Notibras\",\"https:\/\/www.instagram.com\/notibras\/\"]},{\"@type\":\"Person\",\"@id\":\"https:\/\/www.notibras.com\/site\/#\/schema\/person\/36ab0979449956132d3e5b517ea76ac8\",\"name\":\"Reda\u00e7\u00e3o\",\"image\":{\"@type\":\"ImageObject\",\"inLanguage\":\"pt-BR\",\"@id\":\"https:\/\/secure.gravatar.com\/avatar\/e0a867bdedb85fd243eadf09663511f96fc81e0720a4a42581f334ad4303aa6b?s=96&d=mm&r=g\",\"url\":\"https:\/\/secure.gravatar.com\/avatar\/e0a867bdedb85fd243eadf09663511f96fc81e0720a4a42581f334ad4303aa6b?s=96&d=mm&r=g\",\"contentUrl\":\"https:\/\/secure.gravatar.com\/avatar\/e0a867bdedb85fd243eadf09663511f96fc81e0720a4a42581f334ad4303aa6b?s=96&d=mm&r=g\",\"caption\":\"Reda\u00e7\u00e3o\"}}]}<\/script>\n<!-- \/ Yoast SEO plugin. -->","yoast_head_json":{"title":"Coreia do Norte prepara novo m\u00edssil para \"o quer der e vier\" - Notibras","robots":{"index":"index","follow":"follow","max-snippet":"max-snippet:-1","max-image-preview":"max-image-preview:large","max-video-preview":"max-video-preview:-1"},"canonical":"https:\/\/www.notibras.com\/site\/coreia-do-norte-prepara-novo-missil-para-o-quer-der-e-vier\/","og_locale":"pt_BR","og_type":"article","og_title":"Coreia do Norte prepara novo m\u00edssil para \"o quer der e vier\" - Notibras","og_description":"A Coreia do Norte completou todos os preparativos para um teste nuclear, mas est\u00e1 esperando o momento certo para maximizar seu efeito, enquanto observa de perto a situa\u00e7\u00e3o na arena internacional e dom\u00e9stica, disse o ministro sul-coreano da unifica\u00e7\u00e3o, Kwon Young-se. &#8220;N\u00e3o ser\u00e1 uma surpresa se a Coreia do Norte realizar um teste nuclear a [&hellip;]","og_url":"https:\/\/www.notibras.com\/site\/coreia-do-norte-prepara-novo-missil-para-o-quer-der-e-vier\/","og_site_name":"Notibras","article_publisher":"https:\/\/www.facebook.com\/notibras\/","article_published_time":"2022-06-28T09:40:19+00:00","og_image":[{"width":1920,"height":1080,"url":"https:\/\/www.notibras.com\/site\/wp-content\/uploads\/2022\/06\/test.coria_.webp","type":"image\/webp"}],"author":"Reda\u00e7\u00e3o","twitter_card":"summary_large_image","twitter_creator":"@Notibras","twitter_site":"@Notibras","twitter_misc":{"Escrito por":"Reda\u00e7\u00e3o","Est. tempo de leitura":"2 minutos"},"schema":{"@context":"https:\/\/schema.org","@graph":[{"@type":"Article","@id":"https:\/\/www.notibras.com\/site\/coreia-do-norte-prepara-novo-missil-para-o-quer-der-e-vier\/#article","isPartOf":{"@id":"https:\/\/www.notibras.com\/site\/coreia-do-norte-prepara-novo-missil-para-o-quer-der-e-vier\/"},"author":{"name":"Reda\u00e7\u00e3o","@id":"https:\/\/www.notibras.com\/site\/#\/schema\/person\/36ab0979449956132d3e5b517ea76ac8"},"headline":"Coreia do Norte prepara novo m\u00edssil para &#8220;o quer der e vier&#8221;","datePublished":"2022-06-28T09:40:19+00:00","mainEntityOfPage":{"@id":"https:\/\/www.notibras.com\/site\/coreia-do-norte-prepara-novo-missil-para-o-quer-der-e-vier\/"},"wordCount":384,"publisher":{"@id":"https:\/\/www.notibras.com\/site\/#organization"},"image":{"@id":"https:\/\/www.notibras.com\/site\/coreia-do-norte-prepara-novo-missil-para-o-quer-der-e-vier\/#primaryimage"},"thumbnailUrl":"https:\/\/www.notibras.com\/site\/wp-content\/uploads\/2022\/06\/test.coria_.webp","keywords":["capa"],"articleSection":["Apocalipse"],"inLanguage":"pt-BR"},{"@type":"WebPage","@id":"https:\/\/www.notibras.com\/site\/coreia-do-norte-prepara-novo-missil-para-o-quer-der-e-vier\/","url":"https:\/\/www.notibras.com\/site\/coreia-do-norte-prepara-novo-missil-para-o-quer-der-e-vier\/","name":"Coreia do Norte prepara novo m\u00edssil para \"o quer der e vier\" - Notibras","isPartOf":{"@id":"https:\/\/www.notibras.com\/site\/#website"},"primaryImageOfPage":{"@id":"https:\/\/www.notibras.com\/site\/coreia-do-norte-prepara-novo-missil-para-o-quer-der-e-vier\/#primaryimage"},"image":{"@id":"https:\/\/www.notibras.com\/site\/coreia-do-norte-prepara-novo-missil-para-o-quer-der-e-vier\/#primaryimage"},"thumbnailUrl":"https:\/\/www.notibras.com\/site\/wp-content\/uploads\/2022\/06\/test.coria_.webp","datePublished":"2022-06-28T09:40:19+00:00","breadcrumb":{"@id":"https:\/\/www.notibras.com\/site\/coreia-do-norte-prepara-novo-missil-para-o-quer-der-e-vier\/#breadcrumb"},"inLanguage":"pt-BR","potentialAction":[{"@type":"ReadAction","target":["https:\/\/www.notibras.com\/site\/coreia-do-norte-prepara-novo-missil-para-o-quer-der-e-vier\/"]}]},{"@type":"ImageObject","inLanguage":"pt-BR","@id":"https:\/\/www.notibras.com\/site\/coreia-do-norte-prepara-novo-missil-para-o-quer-der-e-vier\/#primaryimage","url":"https:\/\/www.notibras.com\/site\/wp-content\/uploads\/2022\/06\/test.coria_.webp","contentUrl":"https:\/\/www.notibras.com\/site\/wp-content\/uploads\/2022\/06\/test.coria_.webp","width":1920,"height":1080},{"@type":"BreadcrumbList","@id":"https:\/\/www.notibras.com\/site\/coreia-do-norte-prepara-novo-missil-para-o-quer-der-e-vier\/#breadcrumb","itemListElement":[{"@type":"ListItem","position":1,"name":"In\u00edcio","item":"https:\/\/www.notibras.com\/site\/"},{"@type":"ListItem","position":2,"name":"Coreia do Norte prepara novo m\u00edssil para &#8220;o quer der e vier&#8221;"}]},{"@type":"WebSite","@id":"https:\/\/www.notibras.com\/site\/#website","url":"https:\/\/www.notibras.com\/site\/","name":"Notibras","description":"Not\u00edcias de Bras\u00edlia, do Brasil e do Mundo","publisher":{"@id":"https:\/\/www.notibras.com\/site\/#organization"},"potentialAction":[{"@type":"SearchAction","target":{"@type":"EntryPoint","urlTemplate":"https:\/\/www.notibras.com\/site\/?s={search_term_string}"},"query-input":{"@type":"PropertyValueSpecification","valueRequired":true,"valueName":"search_term_string"}}],"inLanguage":"pt-BR"},{"@type":"Organization","@id":"https:\/\/www.notibras.com\/site\/#organization","name":"Grupo Notibras de Comunica\u00e7\u00e3o","url":"https:\/\/www.notibras.com\/site\/","logo":{"@type":"ImageObject","inLanguage":"pt-BR","@id":"https:\/\/www.notibras.com\/site\/#\/schema\/logo\/image\/","url":"https:\/\/www.notibras.com\/site\/wp-content\/uploads\/2023\/01\/notibras23.png","contentUrl":"https:\/\/www.notibras.com\/site\/wp-content\/uploads\/2023\/01\/notibras23.png","width":350,"height":87,"caption":"Grupo Notibras de Comunica\u00e7\u00e3o"},"image":{"@id":"https:\/\/www.notibras.com\/site\/#\/schema\/logo\/image\/"},"sameAs":["https:\/\/www.facebook.com\/notibras\/","https:\/\/x.com\/Notibras","https:\/\/www.instagram.com\/notibras\/"]},{"@type":"Person","@id":"https:\/\/www.notibras.com\/site\/#\/schema\/person\/36ab0979449956132d3e5b517ea76ac8","name":"Reda\u00e7\u00e3o","image":{"@type":"ImageObject","inLanguage":"pt-BR","@id":"https:\/\/secure.gravatar.com\/avatar\/e0a867bdedb85fd243eadf09663511f96fc81e0720a4a42581f334ad4303aa6b?s=96&d=mm&r=g","url":"https:\/\/secure.gravatar.com\/avatar\/e0a867bdedb85fd243eadf09663511f96fc81e0720a4a42581f334ad4303aa6b?s=96&d=mm&r=g","contentUrl":"https:\/\/secure.gravatar.com\/avatar\/e0a867bdedb85fd243eadf09663511f96fc81e0720a4a42581f334ad4303aa6b?s=96&d=mm&r=g","caption":"Reda\u00e7\u00e3o"}}]}},"amp_enabled":true,"_links":{"self":[{"href":"https:\/\/www.notibras.com\/site\/wp-json\/wp\/v2\/posts\/288088","targetHints":{"allow":["GET"]}}],"collection":[{"href":"https:\/\/www.notibras.com\/site\/wp-json\/wp\/v2\/posts"}],"about":[{"href":"https:\/\/www.notibras.com\/site\/wp-json\/wp\/v2\/types\/post"}],"author":[{"embeddable":true,"href":"https:\/\/www.notibras.com\/site\/wp-json\/wp\/v2\/users\/2"}],"replies":[{"embeddable":true,"href":"https:\/\/www.notibras.com\/site\/wp-json\/wp\/v2\/comments?post=288088"}],"version-history":[{"count":4,"href":"https:\/\/www.notibras.com\/site\/wp-json\/wp\/v2\/posts\/288088\/revisions"}],"predecessor-version":[{"id":288093,"href":"https:\/\/www.notibras.com\/site\/wp-json\/wp\/v2\/posts\/288088\/revisions\/288093"}],"wp:featuredmedia":[{"embeddable":true,"href":"https:\/\/www.notibras.com\/site\/wp-json\/wp\/v2\/media\/288089"}],"wp:attachment":[{"href":"https:\/\/www.notibras.com\/site\/wp-json\/wp\/v2\/media?parent=288088"}],"wp:term":[{"taxonomy":"category","embeddable":true,"href":"https:\/\/www.notibras.com\/site\/wp-json\/wp\/v2\/categories?post=288088"},{"taxonomy":"post_tag","embeddable":true,"href":"https:\/\/www.notibras.com\/site\/wp-json\/wp\/v2\/tags?post=288088"}],"curies":[{"name":"wp","href":"https:\/\/api.w.org\/{rel}","templated":true}]}}