{"id":28817,"date":"2014-11-19T16:08:01","date_gmt":"2014-11-19T19:08:01","guid":{"rendered":"http:\/\/www.notibras.com\/site\/?p=28817"},"modified":"2014-11-20T02:04:09","modified_gmt":"2014-11-20T05:04:09","slug":"policia-federal-investiga-compra-de-votos-e-prende-grupo-de-petistas-em-minas","status":"publish","type":"post","link":"https:\/\/www.notibras.com\/site\/policia-federal-investiga-compra-de-votos-e-prende-grupo-de-petistas-em-minas\/","title":{"rendered":"Pol\u00edcia Federal apura compra de votos e pega grupo petista"},"content":{"rendered":"<div class=\"entry-inner\">\n<p class=\"text\">Os tucanos de Minas Gerais est\u00e3o em polvorosa. O PSDB se diz pronto para recorrer \u00e0 Justi\u00e7a Eleitoral, para que seja investigada uma suposta compra de votos nas \u00faltimas elei\u00e7\u00f5es. A nova pol\u00eamica est\u00e1 associada \u00e0 opera\u00e7\u00e3o \u201cCuringa\u201d, deflagrada na ter\u00e7a-feira (18) pela Pol\u00edcia Federal e Minist\u00e9rio P\u00fablico Federal.<\/p>\n<p class=\"text\">A a\u00e7\u00e3o identificou que aposentadorias rurais eram concedidas irregularmente mediante pagamentos para os facilitadores da fraude e com o objetivo de capta\u00e7\u00e3o de votos. Pol\u00edticos foram presos. Entre os detidos est\u00e3o o vice-prefeito de Monte Azul, Ant\u00f4nio Teixeira e os vereadores Geraldo Moreira e Marineide Freitas. Todos s\u00e3o do PT.<\/p>\n<blockquote>\n<p class=\"text\">Em comunicado divulgado nesta quarta-feira o PSDB mineiro se diz \u201cperplexo\u201d com\u00a0\u00a0ind\u00edcios\u00a0da\u00a0pr\u00e1tica de crimes na disputa eleitoral deste ano. Os tucanos citam informa\u00e7\u00f5es reveladas\u00a0pela Pol\u00edcia Federal apontando autoridades e candidatos do PT\u00a0 que teriam comprado votos no Estado.<\/p>\n<\/blockquote>\n<p class=\"text\">\u201c\u00c9 degradante assistirmos, em pleno s\u00e9culo 21, prefeitos, vereadores e deputados do PT sob suspeita de envolvimento no uso abusivo de programas sociais, como o Bolsa Fam\u00edlia, o Pronaf e o aux\u00edlio doen\u00e7a, e at\u00e9 mesmo na distribui\u00e7\u00e3o de dentaduras\u201d, diz o texto.<\/p>\n<p class=\"text\">De acordo com o diret\u00f3rio estadual do partido, comandado por Marcus Pestana,\u00a0se confirmados, os crimes merecem \u201co rep\u00fadio de todos os mineiros e brasileiros\u201d.<\/p>\n<blockquote>\n<p class=\"text\">\u201cEnquanto assistimos estarrecidos no Brasil ao maior esc\u00e2ndalo de corrup\u00e7\u00e3o j\u00e1 ocorrido no mundo, arquitetado e mantido durante os anos do governo do PT e nas gest\u00f5es de seus indicados na Petrobras, revelam-se em Minas as mais antigas e ultrapassadas pr\u00e1ticas de manipula\u00e7\u00e3o e de abuso da boa f\u00e9 da popula\u00e7\u00e3o mais pobre e dependente das pol\u00edticas sociais do governo federal (\u2026). A\u00a0aus\u00eancia de limites e o emprego de quaisquer meios parecem ser o caminho de petistas para alcan\u00e7ar seus objetivos de manuten\u00e7\u00e3o no poder\u201d, afirma, lembrando, em seguida, dos \u201c51 milh\u00f5es de brasileiros que manifestaram voto em A\u00e9cio Neves\u201d contra \u201ca corrup\u00e7\u00e3o, os desvios e os malfeitos\u201d.<\/p>\n<\/blockquote>\n<p><strong>Publicado originalmente em <a href=\"http:\/\/www.naredecomjoseseabra.com.br\" target=\"_blank\">naredecomjoseseabra.com.br<\/a><\/strong><\/p>\n<\/div>\n","protected":false},"excerpt":{"rendered":"<p>Os tucanos de Minas Gerais est\u00e3o em polvorosa. O PSDB se diz pronto para recorrer \u00e0 Justi\u00e7a Eleitoral, para que seja investigada uma suposta compra de votos nas \u00faltimas elei\u00e7\u00f5es. A nova pol\u00eamica est\u00e1 associada \u00e0 opera\u00e7\u00e3o \u201cCuringa\u201d, deflagrada na ter\u00e7a-feira (18) pela Pol\u00edcia Federal e Minist\u00e9rio P\u00fablico Federal. A a\u00e7\u00e3o identificou que aposentadorias rurais [&hellip;]<\/p>\n","protected":false},"author":2,"featured_media":28818,"comment_status":"open","ping_status":"closed","sticky":false,"template":"","format":"standard","meta":{"_acf_changed":false,"footnotes":""},"categories":[16],"tags":[],"class_list":["post-28817","post","type-post","status-publish","format-standard","has-post-thumbnail","hentry","category-brasil"],"acf":[],"yoast_head":"<!-- This site is optimized with the Yoast SEO plugin v27.2 - https:\/\/yoast.com\/product\/yoast-seo-wordpress\/ -->\n<title>Pol\u00edcia Federal apura compra de votos e pega grupo petista - Notibras<\/title>\n<meta name=\"robots\" content=\"index, follow, max-snippet:-1, max-image-preview:large, max-video-preview:-1\" \/>\n<link rel=\"canonical\" href=\"https:\/\/www.notibras.com\/site\/policia-federal-investiga-compra-de-votos-e-prende-grupo-de-petistas-em-minas\/\" \/>\n<meta property=\"og:locale\" content=\"pt_BR\" \/>\n<meta property=\"og:type\" content=\"article\" \/>\n<meta property=\"og:title\" content=\"Pol\u00edcia Federal apura compra de votos e pega grupo petista - Notibras\" \/>\n<meta property=\"og:description\" content=\"Os tucanos de Minas Gerais est\u00e3o em polvorosa. O PSDB se diz pronto para recorrer \u00e0 Justi\u00e7a Eleitoral, para que seja investigada uma suposta compra de votos nas \u00faltimas elei\u00e7\u00f5es. A nova pol\u00eamica est\u00e1 associada \u00e0 opera\u00e7\u00e3o \u201cCuringa\u201d, deflagrada na ter\u00e7a-feira (18) pela Pol\u00edcia Federal e Minist\u00e9rio P\u00fablico Federal. A a\u00e7\u00e3o identificou que aposentadorias rurais [&hellip;]\" \/>\n<meta property=\"og:url\" content=\"https:\/\/www.notibras.com\/site\/policia-federal-investiga-compra-de-votos-e-prende-grupo-de-petistas-em-minas\/\" \/>\n<meta property=\"og:site_name\" content=\"Notibras\" \/>\n<meta property=\"article:publisher\" content=\"https:\/\/www.facebook.com\/notibras\/\" \/>\n<meta property=\"article:published_time\" content=\"2014-11-19T19:08:01+00:00\" \/>\n<meta property=\"article:modified_time\" content=\"2014-11-20T05:04:09+00:00\" \/>\n<meta property=\"og:image\" content=\"https:\/\/www.notibras.com\/site\/wp-content\/uploads\/2014\/11\/pf.jpg\" \/>\n\t<meta property=\"og:image:width\" content=\"620\" \/>\n\t<meta property=\"og:image:height\" content=\"465\" \/>\n\t<meta property=\"og:image:type\" content=\"image\/jpeg\" \/>\n<meta name=\"author\" content=\"Reda\u00e7\u00e3o\" \/>\n<meta name=\"twitter:card\" content=\"summary_large_image\" \/>\n<meta name=\"twitter:creator\" content=\"@Notibras\" \/>\n<meta name=\"twitter:site\" content=\"@Notibras\" \/>\n<meta name=\"twitter:label1\" content=\"Escrito por\" \/>\n\t<meta name=\"twitter:data1\" content=\"Reda\u00e7\u00e3o\" \/>\n\t<meta name=\"twitter:label2\" content=\"Est. tempo de leitura\" \/>\n\t<meta name=\"twitter:data2\" content=\"2 minutos\" \/>\n<script type=\"application\/ld+json\" class=\"yoast-schema-graph\">{\"@context\":\"https:\/\/schema.org\",\"@graph\":[{\"@type\":\"Article\",\"@id\":\"https:\/\/www.notibras.com\/site\/policia-federal-investiga-compra-de-votos-e-prende-grupo-de-petistas-em-minas\/#article\",\"isPartOf\":{\"@id\":\"https:\/\/www.notibras.com\/site\/policia-federal-investiga-compra-de-votos-e-prende-grupo-de-petistas-em-minas\/\"},\"author\":{\"name\":\"Reda\u00e7\u00e3o\",\"@id\":\"https:\/\/www.notibras.com\/site\/#\/schema\/person\/36ab0979449956132d3e5b517ea76ac8\"},\"headline\":\"Pol\u00edcia Federal apura compra de votos e pega grupo petista\",\"datePublished\":\"2014-11-19T19:08:01+00:00\",\"dateModified\":\"2014-11-20T05:04:09+00:00\",\"mainEntityOfPage\":{\"@id\":\"https:\/\/www.notibras.com\/site\/policia-federal-investiga-compra-de-votos-e-prende-grupo-de-petistas-em-minas\/\"},\"wordCount\":367,\"commentCount\":0,\"publisher\":{\"@id\":\"https:\/\/www.notibras.com\/site\/#organization\"},\"image\":{\"@id\":\"https:\/\/www.notibras.com\/site\/policia-federal-investiga-compra-de-votos-e-prende-grupo-de-petistas-em-minas\/#primaryimage\"},\"thumbnailUrl\":\"https:\/\/www.notibras.com\/site\/wp-content\/uploads\/2014\/11\/pf.jpg\",\"articleSection\":[\"Brasil\"],\"inLanguage\":\"pt-BR\",\"potentialAction\":[{\"@type\":\"CommentAction\",\"name\":\"Comment\",\"target\":[\"https:\/\/www.notibras.com\/site\/policia-federal-investiga-compra-de-votos-e-prende-grupo-de-petistas-em-minas\/#respond\"]}]},{\"@type\":\"WebPage\",\"@id\":\"https:\/\/www.notibras.com\/site\/policia-federal-investiga-compra-de-votos-e-prende-grupo-de-petistas-em-minas\/\",\"url\":\"https:\/\/www.notibras.com\/site\/policia-federal-investiga-compra-de-votos-e-prende-grupo-de-petistas-em-minas\/\",\"name\":\"Pol\u00edcia Federal apura compra de votos e pega grupo petista - Notibras\",\"isPartOf\":{\"@id\":\"https:\/\/www.notibras.com\/site\/#website\"},\"primaryImageOfPage\":{\"@id\":\"https:\/\/www.notibras.com\/site\/policia-federal-investiga-compra-de-votos-e-prende-grupo-de-petistas-em-minas\/#primaryimage\"},\"image\":{\"@id\":\"https:\/\/www.notibras.com\/site\/policia-federal-investiga-compra-de-votos-e-prende-grupo-de-petistas-em-minas\/#primaryimage\"},\"thumbnailUrl\":\"https:\/\/www.notibras.com\/site\/wp-content\/uploads\/2014\/11\/pf.jpg\",\"datePublished\":\"2014-11-19T19:08:01+00:00\",\"dateModified\":\"2014-11-20T05:04:09+00:00\",\"breadcrumb\":{\"@id\":\"https:\/\/www.notibras.com\/site\/policia-federal-investiga-compra-de-votos-e-prende-grupo-de-petistas-em-minas\/#breadcrumb\"},\"inLanguage\":\"pt-BR\",\"potentialAction\":[{\"@type\":\"ReadAction\",\"target\":[\"https:\/\/www.notibras.com\/site\/policia-federal-investiga-compra-de-votos-e-prende-grupo-de-petistas-em-minas\/\"]}]},{\"@type\":\"ImageObject\",\"inLanguage\":\"pt-BR\",\"@id\":\"https:\/\/www.notibras.com\/site\/policia-federal-investiga-compra-de-votos-e-prende-grupo-de-petistas-em-minas\/#primaryimage\",\"url\":\"https:\/\/www.notibras.com\/site\/wp-content\/uploads\/2014\/11\/pf.jpg\",\"contentUrl\":\"https:\/\/www.notibras.com\/site\/wp-content\/uploads\/2014\/11\/pf.jpg\",\"width\":620,\"height\":465},{\"@type\":\"BreadcrumbList\",\"@id\":\"https:\/\/www.notibras.com\/site\/policia-federal-investiga-compra-de-votos-e-prende-grupo-de-petistas-em-minas\/#breadcrumb\",\"itemListElement\":[{\"@type\":\"ListItem\",\"position\":1,\"name\":\"In\u00edcio\",\"item\":\"https:\/\/www.notibras.com\/site\/\"},{\"@type\":\"ListItem\",\"position\":2,\"name\":\"Pol\u00edcia Federal apura compra de votos e pega grupo petista\"}]},{\"@type\":\"WebSite\",\"@id\":\"https:\/\/www.notibras.com\/site\/#website\",\"url\":\"https:\/\/www.notibras.com\/site\/\",\"name\":\"Notibras\",\"description\":\"Not\u00edcias de Bras\u00edlia, do Brasil e do Mundo\",\"publisher\":{\"@id\":\"https:\/\/www.notibras.com\/site\/#organization\"},\"potentialAction\":[{\"@type\":\"SearchAction\",\"target\":{\"@type\":\"EntryPoint\",\"urlTemplate\":\"https:\/\/www.notibras.com\/site\/?s={search_term_string}\"},\"query-input\":{\"@type\":\"PropertyValueSpecification\",\"valueRequired\":true,\"valueName\":\"search_term_string\"}}],\"inLanguage\":\"pt-BR\"},{\"@type\":\"Organization\",\"@id\":\"https:\/\/www.notibras.com\/site\/#organization\",\"name\":\"Grupo Notibras de Comunica\u00e7\u00e3o\",\"url\":\"https:\/\/www.notibras.com\/site\/\",\"logo\":{\"@type\":\"ImageObject\",\"inLanguage\":\"pt-BR\",\"@id\":\"https:\/\/www.notibras.com\/site\/#\/schema\/logo\/image\/\",\"url\":\"https:\/\/www.notibras.com\/site\/wp-content\/uploads\/2023\/01\/notibras23.png\",\"contentUrl\":\"https:\/\/www.notibras.com\/site\/wp-content\/uploads\/2023\/01\/notibras23.png\",\"width\":350,\"height\":87,\"caption\":\"Grupo Notibras de Comunica\u00e7\u00e3o\"},\"image\":{\"@id\":\"https:\/\/www.notibras.com\/site\/#\/schema\/logo\/image\/\"},\"sameAs\":[\"https:\/\/www.facebook.com\/notibras\/\",\"https:\/\/x.com\/Notibras\",\"https:\/\/www.instagram.com\/notibras\/\"]},{\"@type\":\"Person\",\"@id\":\"https:\/\/www.notibras.com\/site\/#\/schema\/person\/36ab0979449956132d3e5b517ea76ac8\",\"name\":\"Reda\u00e7\u00e3o\",\"image\":{\"@type\":\"ImageObject\",\"inLanguage\":\"pt-BR\",\"@id\":\"https:\/\/secure.gravatar.com\/avatar\/e0a867bdedb85fd243eadf09663511f96fc81e0720a4a42581f334ad4303aa6b?s=96&d=mm&r=g\",\"url\":\"https:\/\/secure.gravatar.com\/avatar\/e0a867bdedb85fd243eadf09663511f96fc81e0720a4a42581f334ad4303aa6b?s=96&d=mm&r=g\",\"contentUrl\":\"https:\/\/secure.gravatar.com\/avatar\/e0a867bdedb85fd243eadf09663511f96fc81e0720a4a42581f334ad4303aa6b?s=96&d=mm&r=g\",\"caption\":\"Reda\u00e7\u00e3o\"}}]}<\/script>\n<!-- \/ Yoast SEO plugin. -->","yoast_head_json":{"title":"Pol\u00edcia Federal apura compra de votos e pega grupo petista - Notibras","robots":{"index":"index","follow":"follow","max-snippet":"max-snippet:-1","max-image-preview":"max-image-preview:large","max-video-preview":"max-video-preview:-1"},"canonical":"https:\/\/www.notibras.com\/site\/policia-federal-investiga-compra-de-votos-e-prende-grupo-de-petistas-em-minas\/","og_locale":"pt_BR","og_type":"article","og_title":"Pol\u00edcia Federal apura compra de votos e pega grupo petista - Notibras","og_description":"Os tucanos de Minas Gerais est\u00e3o em polvorosa. O PSDB se diz pronto para recorrer \u00e0 Justi\u00e7a Eleitoral, para que seja investigada uma suposta compra de votos nas \u00faltimas elei\u00e7\u00f5es. A nova pol\u00eamica est\u00e1 associada \u00e0 opera\u00e7\u00e3o \u201cCuringa\u201d, deflagrada na ter\u00e7a-feira (18) pela Pol\u00edcia Federal e Minist\u00e9rio P\u00fablico Federal. A a\u00e7\u00e3o identificou que aposentadorias rurais [&hellip;]","og_url":"https:\/\/www.notibras.com\/site\/policia-federal-investiga-compra-de-votos-e-prende-grupo-de-petistas-em-minas\/","og_site_name":"Notibras","article_publisher":"https:\/\/www.facebook.com\/notibras\/","article_published_time":"2014-11-19T19:08:01+00:00","article_modified_time":"2014-11-20T05:04:09+00:00","og_image":[{"width":620,"height":465,"url":"https:\/\/www.notibras.com\/site\/wp-content\/uploads\/2014\/11\/pf.jpg","type":"image\/jpeg"}],"author":"Reda\u00e7\u00e3o","twitter_card":"summary_large_image","twitter_creator":"@Notibras","twitter_site":"@Notibras","twitter_misc":{"Escrito por":"Reda\u00e7\u00e3o","Est. tempo de leitura":"2 minutos"},"schema":{"@context":"https:\/\/schema.org","@graph":[{"@type":"Article","@id":"https:\/\/www.notibras.com\/site\/policia-federal-investiga-compra-de-votos-e-prende-grupo-de-petistas-em-minas\/#article","isPartOf":{"@id":"https:\/\/www.notibras.com\/site\/policia-federal-investiga-compra-de-votos-e-prende-grupo-de-petistas-em-minas\/"},"author":{"name":"Reda\u00e7\u00e3o","@id":"https:\/\/www.notibras.com\/site\/#\/schema\/person\/36ab0979449956132d3e5b517ea76ac8"},"headline":"Pol\u00edcia Federal apura compra de votos e pega grupo petista","datePublished":"2014-11-19T19:08:01+00:00","dateModified":"2014-11-20T05:04:09+00:00","mainEntityOfPage":{"@id":"https:\/\/www.notibras.com\/site\/policia-federal-investiga-compra-de-votos-e-prende-grupo-de-petistas-em-minas\/"},"wordCount":367,"commentCount":0,"publisher":{"@id":"https:\/\/www.notibras.com\/site\/#organization"},"image":{"@id":"https:\/\/www.notibras.com\/site\/policia-federal-investiga-compra-de-votos-e-prende-grupo-de-petistas-em-minas\/#primaryimage"},"thumbnailUrl":"https:\/\/www.notibras.com\/site\/wp-content\/uploads\/2014\/11\/pf.jpg","articleSection":["Brasil"],"inLanguage":"pt-BR","potentialAction":[{"@type":"CommentAction","name":"Comment","target":["https:\/\/www.notibras.com\/site\/policia-federal-investiga-compra-de-votos-e-prende-grupo-de-petistas-em-minas\/#respond"]}]},{"@type":"WebPage","@id":"https:\/\/www.notibras.com\/site\/policia-federal-investiga-compra-de-votos-e-prende-grupo-de-petistas-em-minas\/","url":"https:\/\/www.notibras.com\/site\/policia-federal-investiga-compra-de-votos-e-prende-grupo-de-petistas-em-minas\/","name":"Pol\u00edcia Federal apura compra de votos e pega grupo petista - Notibras","isPartOf":{"@id":"https:\/\/www.notibras.com\/site\/#website"},"primaryImageOfPage":{"@id":"https:\/\/www.notibras.com\/site\/policia-federal-investiga-compra-de-votos-e-prende-grupo-de-petistas-em-minas\/#primaryimage"},"image":{"@id":"https:\/\/www.notibras.com\/site\/policia-federal-investiga-compra-de-votos-e-prende-grupo-de-petistas-em-minas\/#primaryimage"},"thumbnailUrl":"https:\/\/www.notibras.com\/site\/wp-content\/uploads\/2014\/11\/pf.jpg","datePublished":"2014-11-19T19:08:01+00:00","dateModified":"2014-11-20T05:04:09+00:00","breadcrumb":{"@id":"https:\/\/www.notibras.com\/site\/policia-federal-investiga-compra-de-votos-e-prende-grupo-de-petistas-em-minas\/#breadcrumb"},"inLanguage":"pt-BR","potentialAction":[{"@type":"ReadAction","target":["https:\/\/www.notibras.com\/site\/policia-federal-investiga-compra-de-votos-e-prende-grupo-de-petistas-em-minas\/"]}]},{"@type":"ImageObject","inLanguage":"pt-BR","@id":"https:\/\/www.notibras.com\/site\/policia-federal-investiga-compra-de-votos-e-prende-grupo-de-petistas-em-minas\/#primaryimage","url":"https:\/\/www.notibras.com\/site\/wp-content\/uploads\/2014\/11\/pf.jpg","contentUrl":"https:\/\/www.notibras.com\/site\/wp-content\/uploads\/2014\/11\/pf.jpg","width":620,"height":465},{"@type":"BreadcrumbList","@id":"https:\/\/www.notibras.com\/site\/policia-federal-investiga-compra-de-votos-e-prende-grupo-de-petistas-em-minas\/#breadcrumb","itemListElement":[{"@type":"ListItem","position":1,"name":"In\u00edcio","item":"https:\/\/www.notibras.com\/site\/"},{"@type":"ListItem","position":2,"name":"Pol\u00edcia Federal apura compra de votos e pega grupo petista"}]},{"@type":"WebSite","@id":"https:\/\/www.notibras.com\/site\/#website","url":"https:\/\/www.notibras.com\/site\/","name":"Notibras","description":"Not\u00edcias de Bras\u00edlia, do Brasil e do Mundo","publisher":{"@id":"https:\/\/www.notibras.com\/site\/#organization"},"potentialAction":[{"@type":"SearchAction","target":{"@type":"EntryPoint","urlTemplate":"https:\/\/www.notibras.com\/site\/?s={search_term_string}"},"query-input":{"@type":"PropertyValueSpecification","valueRequired":true,"valueName":"search_term_string"}}],"inLanguage":"pt-BR"},{"@type":"Organization","@id":"https:\/\/www.notibras.com\/site\/#organization","name":"Grupo Notibras de Comunica\u00e7\u00e3o","url":"https:\/\/www.notibras.com\/site\/","logo":{"@type":"ImageObject","inLanguage":"pt-BR","@id":"https:\/\/www.notibras.com\/site\/#\/schema\/logo\/image\/","url":"https:\/\/www.notibras.com\/site\/wp-content\/uploads\/2023\/01\/notibras23.png","contentUrl":"https:\/\/www.notibras.com\/site\/wp-content\/uploads\/2023\/01\/notibras23.png","width":350,"height":87,"caption":"Grupo Notibras de Comunica\u00e7\u00e3o"},"image":{"@id":"https:\/\/www.notibras.com\/site\/#\/schema\/logo\/image\/"},"sameAs":["https:\/\/www.facebook.com\/notibras\/","https:\/\/x.com\/Notibras","https:\/\/www.instagram.com\/notibras\/"]},{"@type":"Person","@id":"https:\/\/www.notibras.com\/site\/#\/schema\/person\/36ab0979449956132d3e5b517ea76ac8","name":"Reda\u00e7\u00e3o","image":{"@type":"ImageObject","inLanguage":"pt-BR","@id":"https:\/\/secure.gravatar.com\/avatar\/e0a867bdedb85fd243eadf09663511f96fc81e0720a4a42581f334ad4303aa6b?s=96&d=mm&r=g","url":"https:\/\/secure.gravatar.com\/avatar\/e0a867bdedb85fd243eadf09663511f96fc81e0720a4a42581f334ad4303aa6b?s=96&d=mm&r=g","contentUrl":"https:\/\/secure.gravatar.com\/avatar\/e0a867bdedb85fd243eadf09663511f96fc81e0720a4a42581f334ad4303aa6b?s=96&d=mm&r=g","caption":"Reda\u00e7\u00e3o"}}]}},"amp_enabled":true,"_links":{"self":[{"href":"https:\/\/www.notibras.com\/site\/wp-json\/wp\/v2\/posts\/28817","targetHints":{"allow":["GET"]}}],"collection":[{"href":"https:\/\/www.notibras.com\/site\/wp-json\/wp\/v2\/posts"}],"about":[{"href":"https:\/\/www.notibras.com\/site\/wp-json\/wp\/v2\/types\/post"}],"author":[{"embeddable":true,"href":"https:\/\/www.notibras.com\/site\/wp-json\/wp\/v2\/users\/2"}],"replies":[{"embeddable":true,"href":"https:\/\/www.notibras.com\/site\/wp-json\/wp\/v2\/comments?post=28817"}],"version-history":[{"count":0,"href":"https:\/\/www.notibras.com\/site\/wp-json\/wp\/v2\/posts\/28817\/revisions"}],"wp:featuredmedia":[{"embeddable":true,"href":"https:\/\/www.notibras.com\/site\/wp-json\/wp\/v2\/media\/28818"}],"wp:attachment":[{"href":"https:\/\/www.notibras.com\/site\/wp-json\/wp\/v2\/media?parent=28817"}],"wp:term":[{"taxonomy":"category","embeddable":true,"href":"https:\/\/www.notibras.com\/site\/wp-json\/wp\/v2\/categories?post=28817"},{"taxonomy":"post_tag","embeddable":true,"href":"https:\/\/www.notibras.com\/site\/wp-json\/wp\/v2\/tags?post=28817"}],"curies":[{"name":"wp","href":"https:\/\/api.w.org\/{rel}","templated":true}]}}