{"id":288171,"date":"2022-06-29T13:12:07","date_gmt":"2022-06-29T16:12:07","guid":{"rendered":"https:\/\/www.notibras.com\/site\/?p=288171"},"modified":"2022-06-29T18:36:25","modified_gmt":"2022-06-29T21:36:25","slug":"biden-teme-ameaca-russa-e-manda-soldados-para-europa","status":"publish","type":"post","link":"https:\/\/www.notibras.com\/site\/biden-teme-ameaca-russa-e-manda-soldados-para-europa\/","title":{"rendered":"Biden teme amea\u00e7a russa e manda soldados para Europa"},"content":{"rendered":"<p>Os Estados Unidos (EUA) aumentar\u00e3o suas for\u00e7as e equipamentos em toda a Europa, incluindo um novo quartel-general permanente do Ex\u00e9rcito na Pol\u00f4nia, em resposta \u00e0s amea\u00e7as da R\u00fassia, disse nesta qurta (29) o presidente norte-americano, Joe Biden.<\/p>\n<p>Durante c\u00fapula da Organiza\u00e7\u00e3o do Tratado do Atl\u00e2ntico Norte (Otan) em Madri, Biden destacou o compromisso da alian\u00e7a atl\u00e2ntica de &#8220;defender cada cent\u00edmetro&#8221; de seu territ\u00f3rio.<\/p>\n<p>&#8220;\u00c9 isso que significa quando dizemos que um ataque contra um \u00e9 contra todos&#8221;, afirmou a rep\u00f3rteres no in\u00edcio de uma reuni\u00e3o com o secret\u00e1rio-geral da Otan, Jens Stoltenberg.<\/p>\n<p>Os passos dos pa\u00edses anteriormente neutros Finl\u00e2ndia e Su\u00e9cia para entrar na alian\u00e7a tornar\u00e3o a Otan mais forte e todos os seus membros mais seguros, acrescentou.<\/p>\n<p>&#8220;Estamos enviando uma mensagem inconfund\u00edvel &#8211; de que a Otan \u00e9 forte, unida e os passos que estamos tomando durante esta c\u00fapula aumentar\u00e3o ainda mais nossa for\u00e7a coletiva.&#8221;<\/p>\n<p>Biden disse ainda que Washington trabalhar\u00e1 com a Espanha para aumentar o n\u00famero de destr\u00f3ieres dos EUA baseados em Rota, na Espanha, de quatro para seis, e enviar dois esquadr\u00f5es F-35 adicionais para o Reino Unido.<\/p>\n<p>Ele tamb\u00e9m destacou mudan\u00e7as que continuar\u00e3o a aumentar o n\u00famero de for\u00e7as, defesas a\u00e9reas e outras armas norte-americanas na Pol\u00f4nia, Rom\u00eania, Estados b\u00e1lticos e outras bases em toda a Europa.<\/p>\n<p>Stoltenberg disse a Biden que o aumento demonstrou a &#8220;lideran\u00e7a decisiva&#8221; dos EUA.<\/p>\n<p>&#8220;Vamos garantir que a Otan esteja pronta para enfrentar amea\u00e7as de todas as dire\u00e7\u00f5es, em todos os dom\u00ednios&#8221;, afirmou Biden. &#8220;Estamos provando que a Otan \u00e9 mais necess\u00e1ria agora do que nunca.&#8221;<\/p>\n","protected":false},"excerpt":{"rendered":"<p>Os Estados Unidos (EUA) aumentar\u00e3o suas for\u00e7as e equipamentos em toda a Europa, incluindo um novo quartel-general permanente do Ex\u00e9rcito na Pol\u00f4nia, em resposta \u00e0s amea\u00e7as da R\u00fassia, disse nesta qurta (29) o presidente norte-americano, Joe Biden. Durante c\u00fapula da Organiza\u00e7\u00e3o do Tratado do Atl\u00e2ntico Norte (Otan) em Madri, Biden destacou o compromisso da alian\u00e7a [&hellip;]<\/p>\n","protected":false},"author":2,"featured_media":288172,"comment_status":"closed","ping_status":"closed","sticky":false,"template":"","format":"standard","meta":{"_acf_changed":false,"footnotes":""},"categories":[159],"tags":[],"class_list":["post-288171","post","type-post","status-publish","format-standard","has-post-thumbnail","hentry","category-apocalipse"],"acf":[],"yoast_head":"<!-- This site is optimized with the Yoast SEO plugin v27.2 - https:\/\/yoast.com\/product\/yoast-seo-wordpress\/ -->\n<title>Biden teme amea\u00e7a russa e manda soldados para Europa - Notibras<\/title>\n<meta name=\"robots\" content=\"index, follow, max-snippet:-1, max-image-preview:large, max-video-preview:-1\" \/>\n<link rel=\"canonical\" href=\"https:\/\/www.notibras.com\/site\/biden-teme-ameaca-russa-e-manda-soldados-para-europa\/\" \/>\n<meta property=\"og:locale\" content=\"pt_BR\" \/>\n<meta property=\"og:type\" content=\"article\" \/>\n<meta property=\"og:title\" content=\"Biden teme amea\u00e7a russa e manda soldados para Europa - Notibras\" \/>\n<meta property=\"og:description\" content=\"Os Estados Unidos (EUA) aumentar\u00e3o suas for\u00e7as e equipamentos em toda a Europa, incluindo um novo quartel-general permanente do Ex\u00e9rcito na Pol\u00f4nia, em resposta \u00e0s amea\u00e7as da R\u00fassia, disse nesta qurta (29) o presidente norte-americano, Joe Biden. Durante c\u00fapula da Organiza\u00e7\u00e3o do Tratado do Atl\u00e2ntico Norte (Otan) em Madri, Biden destacou o compromisso da alian\u00e7a [&hellip;]\" \/>\n<meta property=\"og:url\" content=\"https:\/\/www.notibras.com\/site\/biden-teme-ameaca-russa-e-manda-soldados-para-europa\/\" \/>\n<meta property=\"og:site_name\" content=\"Notibras\" \/>\n<meta property=\"article:publisher\" content=\"https:\/\/www.facebook.com\/notibras\/\" \/>\n<meta property=\"article:published_time\" content=\"2022-06-29T16:12:07+00:00\" \/>\n<meta property=\"article:modified_time\" content=\"2022-06-29T21:36:25+00:00\" \/>\n<meta property=\"og:image\" content=\"https:\/\/www.notibras.com\/site\/wp-content\/uploads\/2022\/06\/2022-05-12t164908z_1_lynxnpei4b0we_rtroptp_4_usa-biden.jpg\" \/>\n\t<meta property=\"og:image:width\" content=\"1170\" \/>\n\t<meta property=\"og:image:height\" content=\"700\" \/>\n\t<meta property=\"og:image:type\" content=\"image\/jpeg\" \/>\n<meta name=\"author\" content=\"Reda\u00e7\u00e3o\" \/>\n<meta name=\"twitter:card\" content=\"summary_large_image\" \/>\n<meta name=\"twitter:creator\" content=\"@Notibras\" \/>\n<meta name=\"twitter:site\" content=\"@Notibras\" \/>\n<meta name=\"twitter:label1\" content=\"Escrito por\" \/>\n\t<meta name=\"twitter:data1\" content=\"Reda\u00e7\u00e3o\" \/>\n\t<meta name=\"twitter:label2\" content=\"Est. tempo de leitura\" \/>\n\t<meta name=\"twitter:data2\" content=\"2 minutos\" \/>\n<script type=\"application\/ld+json\" class=\"yoast-schema-graph\">{\"@context\":\"https:\/\/schema.org\",\"@graph\":[{\"@type\":\"Article\",\"@id\":\"https:\/\/www.notibras.com\/site\/biden-teme-ameaca-russa-e-manda-soldados-para-europa\/#article\",\"isPartOf\":{\"@id\":\"https:\/\/www.notibras.com\/site\/biden-teme-ameaca-russa-e-manda-soldados-para-europa\/\"},\"author\":{\"name\":\"Reda\u00e7\u00e3o\",\"@id\":\"https:\/\/www.notibras.com\/site\/#\/schema\/person\/36ab0979449956132d3e5b517ea76ac8\"},\"headline\":\"Biden teme amea\u00e7a russa e manda soldados para Europa\",\"datePublished\":\"2022-06-29T16:12:07+00:00\",\"dateModified\":\"2022-06-29T21:36:25+00:00\",\"mainEntityOfPage\":{\"@id\":\"https:\/\/www.notibras.com\/site\/biden-teme-ameaca-russa-e-manda-soldados-para-europa\/\"},\"wordCount\":305,\"publisher\":{\"@id\":\"https:\/\/www.notibras.com\/site\/#organization\"},\"image\":{\"@id\":\"https:\/\/www.notibras.com\/site\/biden-teme-ameaca-russa-e-manda-soldados-para-europa\/#primaryimage\"},\"thumbnailUrl\":\"https:\/\/www.notibras.com\/site\/wp-content\/uploads\/2022\/06\/2022-05-12t164908z_1_lynxnpei4b0we_rtroptp_4_usa-biden.jpg\",\"articleSection\":[\"Apocalipse\"],\"inLanguage\":\"pt-BR\"},{\"@type\":\"WebPage\",\"@id\":\"https:\/\/www.notibras.com\/site\/biden-teme-ameaca-russa-e-manda-soldados-para-europa\/\",\"url\":\"https:\/\/www.notibras.com\/site\/biden-teme-ameaca-russa-e-manda-soldados-para-europa\/\",\"name\":\"Biden teme amea\u00e7a russa e manda soldados para Europa - Notibras\",\"isPartOf\":{\"@id\":\"https:\/\/www.notibras.com\/site\/#website\"},\"primaryImageOfPage\":{\"@id\":\"https:\/\/www.notibras.com\/site\/biden-teme-ameaca-russa-e-manda-soldados-para-europa\/#primaryimage\"},\"image\":{\"@id\":\"https:\/\/www.notibras.com\/site\/biden-teme-ameaca-russa-e-manda-soldados-para-europa\/#primaryimage\"},\"thumbnailUrl\":\"https:\/\/www.notibras.com\/site\/wp-content\/uploads\/2022\/06\/2022-05-12t164908z_1_lynxnpei4b0we_rtroptp_4_usa-biden.jpg\",\"datePublished\":\"2022-06-29T16:12:07+00:00\",\"dateModified\":\"2022-06-29T21:36:25+00:00\",\"breadcrumb\":{\"@id\":\"https:\/\/www.notibras.com\/site\/biden-teme-ameaca-russa-e-manda-soldados-para-europa\/#breadcrumb\"},\"inLanguage\":\"pt-BR\",\"potentialAction\":[{\"@type\":\"ReadAction\",\"target\":[\"https:\/\/www.notibras.com\/site\/biden-teme-ameaca-russa-e-manda-soldados-para-europa\/\"]}]},{\"@type\":\"ImageObject\",\"inLanguage\":\"pt-BR\",\"@id\":\"https:\/\/www.notibras.com\/site\/biden-teme-ameaca-russa-e-manda-soldados-para-europa\/#primaryimage\",\"url\":\"https:\/\/www.notibras.com\/site\/wp-content\/uploads\/2022\/06\/2022-05-12t164908z_1_lynxnpei4b0we_rtroptp_4_usa-biden.jpg\",\"contentUrl\":\"https:\/\/www.notibras.com\/site\/wp-content\/uploads\/2022\/06\/2022-05-12t164908z_1_lynxnpei4b0we_rtroptp_4_usa-biden.jpg\",\"width\":1170,\"height\":700},{\"@type\":\"BreadcrumbList\",\"@id\":\"https:\/\/www.notibras.com\/site\/biden-teme-ameaca-russa-e-manda-soldados-para-europa\/#breadcrumb\",\"itemListElement\":[{\"@type\":\"ListItem\",\"position\":1,\"name\":\"In\u00edcio\",\"item\":\"https:\/\/www.notibras.com\/site\/\"},{\"@type\":\"ListItem\",\"position\":2,\"name\":\"Biden teme amea\u00e7a russa e manda soldados para Europa\"}]},{\"@type\":\"WebSite\",\"@id\":\"https:\/\/www.notibras.com\/site\/#website\",\"url\":\"https:\/\/www.notibras.com\/site\/\",\"name\":\"Notibras\",\"description\":\"Not\u00edcias de Bras\u00edlia, do Brasil e do Mundo\",\"publisher\":{\"@id\":\"https:\/\/www.notibras.com\/site\/#organization\"},\"potentialAction\":[{\"@type\":\"SearchAction\",\"target\":{\"@type\":\"EntryPoint\",\"urlTemplate\":\"https:\/\/www.notibras.com\/site\/?s={search_term_string}\"},\"query-input\":{\"@type\":\"PropertyValueSpecification\",\"valueRequired\":true,\"valueName\":\"search_term_string\"}}],\"inLanguage\":\"pt-BR\"},{\"@type\":\"Organization\",\"@id\":\"https:\/\/www.notibras.com\/site\/#organization\",\"name\":\"Grupo Notibras de Comunica\u00e7\u00e3o\",\"url\":\"https:\/\/www.notibras.com\/site\/\",\"logo\":{\"@type\":\"ImageObject\",\"inLanguage\":\"pt-BR\",\"@id\":\"https:\/\/www.notibras.com\/site\/#\/schema\/logo\/image\/\",\"url\":\"https:\/\/www.notibras.com\/site\/wp-content\/uploads\/2023\/01\/notibras23.png\",\"contentUrl\":\"https:\/\/www.notibras.com\/site\/wp-content\/uploads\/2023\/01\/notibras23.png\",\"width\":350,\"height\":87,\"caption\":\"Grupo Notibras de Comunica\u00e7\u00e3o\"},\"image\":{\"@id\":\"https:\/\/www.notibras.com\/site\/#\/schema\/logo\/image\/\"},\"sameAs\":[\"https:\/\/www.facebook.com\/notibras\/\",\"https:\/\/x.com\/Notibras\",\"https:\/\/www.instagram.com\/notibras\/\"]},{\"@type\":\"Person\",\"@id\":\"https:\/\/www.notibras.com\/site\/#\/schema\/person\/36ab0979449956132d3e5b517ea76ac8\",\"name\":\"Reda\u00e7\u00e3o\",\"image\":{\"@type\":\"ImageObject\",\"inLanguage\":\"pt-BR\",\"@id\":\"https:\/\/secure.gravatar.com\/avatar\/e0a867bdedb85fd243eadf09663511f96fc81e0720a4a42581f334ad4303aa6b?s=96&d=mm&r=g\",\"url\":\"https:\/\/secure.gravatar.com\/avatar\/e0a867bdedb85fd243eadf09663511f96fc81e0720a4a42581f334ad4303aa6b?s=96&d=mm&r=g\",\"contentUrl\":\"https:\/\/secure.gravatar.com\/avatar\/e0a867bdedb85fd243eadf09663511f96fc81e0720a4a42581f334ad4303aa6b?s=96&d=mm&r=g\",\"caption\":\"Reda\u00e7\u00e3o\"}}]}<\/script>\n<!-- \/ Yoast SEO plugin. -->","yoast_head_json":{"title":"Biden teme amea\u00e7a russa e manda soldados para Europa - Notibras","robots":{"index":"index","follow":"follow","max-snippet":"max-snippet:-1","max-image-preview":"max-image-preview:large","max-video-preview":"max-video-preview:-1"},"canonical":"https:\/\/www.notibras.com\/site\/biden-teme-ameaca-russa-e-manda-soldados-para-europa\/","og_locale":"pt_BR","og_type":"article","og_title":"Biden teme amea\u00e7a russa e manda soldados para Europa - Notibras","og_description":"Os Estados Unidos (EUA) aumentar\u00e3o suas for\u00e7as e equipamentos em toda a Europa, incluindo um novo quartel-general permanente do Ex\u00e9rcito na Pol\u00f4nia, em resposta \u00e0s amea\u00e7as da R\u00fassia, disse nesta qurta (29) o presidente norte-americano, Joe Biden. Durante c\u00fapula da Organiza\u00e7\u00e3o do Tratado do Atl\u00e2ntico Norte (Otan) em Madri, Biden destacou o compromisso da alian\u00e7a [&hellip;]","og_url":"https:\/\/www.notibras.com\/site\/biden-teme-ameaca-russa-e-manda-soldados-para-europa\/","og_site_name":"Notibras","article_publisher":"https:\/\/www.facebook.com\/notibras\/","article_published_time":"2022-06-29T16:12:07+00:00","article_modified_time":"2022-06-29T21:36:25+00:00","og_image":[{"width":1170,"height":700,"url":"https:\/\/www.notibras.com\/site\/wp-content\/uploads\/2022\/06\/2022-05-12t164908z_1_lynxnpei4b0we_rtroptp_4_usa-biden.jpg","type":"image\/jpeg"}],"author":"Reda\u00e7\u00e3o","twitter_card":"summary_large_image","twitter_creator":"@Notibras","twitter_site":"@Notibras","twitter_misc":{"Escrito por":"Reda\u00e7\u00e3o","Est. tempo de leitura":"2 minutos"},"schema":{"@context":"https:\/\/schema.org","@graph":[{"@type":"Article","@id":"https:\/\/www.notibras.com\/site\/biden-teme-ameaca-russa-e-manda-soldados-para-europa\/#article","isPartOf":{"@id":"https:\/\/www.notibras.com\/site\/biden-teme-ameaca-russa-e-manda-soldados-para-europa\/"},"author":{"name":"Reda\u00e7\u00e3o","@id":"https:\/\/www.notibras.com\/site\/#\/schema\/person\/36ab0979449956132d3e5b517ea76ac8"},"headline":"Biden teme amea\u00e7a russa e manda soldados para Europa","datePublished":"2022-06-29T16:12:07+00:00","dateModified":"2022-06-29T21:36:25+00:00","mainEntityOfPage":{"@id":"https:\/\/www.notibras.com\/site\/biden-teme-ameaca-russa-e-manda-soldados-para-europa\/"},"wordCount":305,"publisher":{"@id":"https:\/\/www.notibras.com\/site\/#organization"},"image":{"@id":"https:\/\/www.notibras.com\/site\/biden-teme-ameaca-russa-e-manda-soldados-para-europa\/#primaryimage"},"thumbnailUrl":"https:\/\/www.notibras.com\/site\/wp-content\/uploads\/2022\/06\/2022-05-12t164908z_1_lynxnpei4b0we_rtroptp_4_usa-biden.jpg","articleSection":["Apocalipse"],"inLanguage":"pt-BR"},{"@type":"WebPage","@id":"https:\/\/www.notibras.com\/site\/biden-teme-ameaca-russa-e-manda-soldados-para-europa\/","url":"https:\/\/www.notibras.com\/site\/biden-teme-ameaca-russa-e-manda-soldados-para-europa\/","name":"Biden teme amea\u00e7a russa e manda soldados para Europa - Notibras","isPartOf":{"@id":"https:\/\/www.notibras.com\/site\/#website"},"primaryImageOfPage":{"@id":"https:\/\/www.notibras.com\/site\/biden-teme-ameaca-russa-e-manda-soldados-para-europa\/#primaryimage"},"image":{"@id":"https:\/\/www.notibras.com\/site\/biden-teme-ameaca-russa-e-manda-soldados-para-europa\/#primaryimage"},"thumbnailUrl":"https:\/\/www.notibras.com\/site\/wp-content\/uploads\/2022\/06\/2022-05-12t164908z_1_lynxnpei4b0we_rtroptp_4_usa-biden.jpg","datePublished":"2022-06-29T16:12:07+00:00","dateModified":"2022-06-29T21:36:25+00:00","breadcrumb":{"@id":"https:\/\/www.notibras.com\/site\/biden-teme-ameaca-russa-e-manda-soldados-para-europa\/#breadcrumb"},"inLanguage":"pt-BR","potentialAction":[{"@type":"ReadAction","target":["https:\/\/www.notibras.com\/site\/biden-teme-ameaca-russa-e-manda-soldados-para-europa\/"]}]},{"@type":"ImageObject","inLanguage":"pt-BR","@id":"https:\/\/www.notibras.com\/site\/biden-teme-ameaca-russa-e-manda-soldados-para-europa\/#primaryimage","url":"https:\/\/www.notibras.com\/site\/wp-content\/uploads\/2022\/06\/2022-05-12t164908z_1_lynxnpei4b0we_rtroptp_4_usa-biden.jpg","contentUrl":"https:\/\/www.notibras.com\/site\/wp-content\/uploads\/2022\/06\/2022-05-12t164908z_1_lynxnpei4b0we_rtroptp_4_usa-biden.jpg","width":1170,"height":700},{"@type":"BreadcrumbList","@id":"https:\/\/www.notibras.com\/site\/biden-teme-ameaca-russa-e-manda-soldados-para-europa\/#breadcrumb","itemListElement":[{"@type":"ListItem","position":1,"name":"In\u00edcio","item":"https:\/\/www.notibras.com\/site\/"},{"@type":"ListItem","position":2,"name":"Biden teme amea\u00e7a russa e manda soldados para Europa"}]},{"@type":"WebSite","@id":"https:\/\/www.notibras.com\/site\/#website","url":"https:\/\/www.notibras.com\/site\/","name":"Notibras","description":"Not\u00edcias de Bras\u00edlia, do Brasil e do Mundo","publisher":{"@id":"https:\/\/www.notibras.com\/site\/#organization"},"potentialAction":[{"@type":"SearchAction","target":{"@type":"EntryPoint","urlTemplate":"https:\/\/www.notibras.com\/site\/?s={search_term_string}"},"query-input":{"@type":"PropertyValueSpecification","valueRequired":true,"valueName":"search_term_string"}}],"inLanguage":"pt-BR"},{"@type":"Organization","@id":"https:\/\/www.notibras.com\/site\/#organization","name":"Grupo Notibras de Comunica\u00e7\u00e3o","url":"https:\/\/www.notibras.com\/site\/","logo":{"@type":"ImageObject","inLanguage":"pt-BR","@id":"https:\/\/www.notibras.com\/site\/#\/schema\/logo\/image\/","url":"https:\/\/www.notibras.com\/site\/wp-content\/uploads\/2023\/01\/notibras23.png","contentUrl":"https:\/\/www.notibras.com\/site\/wp-content\/uploads\/2023\/01\/notibras23.png","width":350,"height":87,"caption":"Grupo Notibras de Comunica\u00e7\u00e3o"},"image":{"@id":"https:\/\/www.notibras.com\/site\/#\/schema\/logo\/image\/"},"sameAs":["https:\/\/www.facebook.com\/notibras\/","https:\/\/x.com\/Notibras","https:\/\/www.instagram.com\/notibras\/"]},{"@type":"Person","@id":"https:\/\/www.notibras.com\/site\/#\/schema\/person\/36ab0979449956132d3e5b517ea76ac8","name":"Reda\u00e7\u00e3o","image":{"@type":"ImageObject","inLanguage":"pt-BR","@id":"https:\/\/secure.gravatar.com\/avatar\/e0a867bdedb85fd243eadf09663511f96fc81e0720a4a42581f334ad4303aa6b?s=96&d=mm&r=g","url":"https:\/\/secure.gravatar.com\/avatar\/e0a867bdedb85fd243eadf09663511f96fc81e0720a4a42581f334ad4303aa6b?s=96&d=mm&r=g","contentUrl":"https:\/\/secure.gravatar.com\/avatar\/e0a867bdedb85fd243eadf09663511f96fc81e0720a4a42581f334ad4303aa6b?s=96&d=mm&r=g","caption":"Reda\u00e7\u00e3o"}}]}},"amp_enabled":true,"_links":{"self":[{"href":"https:\/\/www.notibras.com\/site\/wp-json\/wp\/v2\/posts\/288171","targetHints":{"allow":["GET"]}}],"collection":[{"href":"https:\/\/www.notibras.com\/site\/wp-json\/wp\/v2\/posts"}],"about":[{"href":"https:\/\/www.notibras.com\/site\/wp-json\/wp\/v2\/types\/post"}],"author":[{"embeddable":true,"href":"https:\/\/www.notibras.com\/site\/wp-json\/wp\/v2\/users\/2"}],"replies":[{"embeddable":true,"href":"https:\/\/www.notibras.com\/site\/wp-json\/wp\/v2\/comments?post=288171"}],"version-history":[{"count":2,"href":"https:\/\/www.notibras.com\/site\/wp-json\/wp\/v2\/posts\/288171\/revisions"}],"predecessor-version":[{"id":288174,"href":"https:\/\/www.notibras.com\/site\/wp-json\/wp\/v2\/posts\/288171\/revisions\/288174"}],"wp:featuredmedia":[{"embeddable":true,"href":"https:\/\/www.notibras.com\/site\/wp-json\/wp\/v2\/media\/288172"}],"wp:attachment":[{"href":"https:\/\/www.notibras.com\/site\/wp-json\/wp\/v2\/media?parent=288171"}],"wp:term":[{"taxonomy":"category","embeddable":true,"href":"https:\/\/www.notibras.com\/site\/wp-json\/wp\/v2\/categories?post=288171"},{"taxonomy":"post_tag","embeddable":true,"href":"https:\/\/www.notibras.com\/site\/wp-json\/wp\/v2\/tags?post=288171"}],"curies":[{"name":"wp","href":"https:\/\/api.w.org\/{rel}","templated":true}]}}