{"id":288246,"date":"2022-07-01T07:12:46","date_gmt":"2022-07-01T10:12:46","guid":{"rendered":"https:\/\/www.notibras.com\/site\/?p=288246"},"modified":"2022-07-01T07:14:57","modified_gmt":"2022-07-01T10:14:57","slug":"senado-abraca-bondades-de-41-bi-de-bolsonaro-em-ano-eleitoral","status":"publish","type":"post","link":"https:\/\/www.notibras.com\/site\/senado-abraca-bondades-de-41-bi-de-bolsonaro-em-ano-eleitoral\/","title":{"rendered":"Senado abra\u00e7a bondades de 41 bi de Bolsonaro em ano eleitoral"},"content":{"rendered":"<p>O Senado aprovou a Proposta de Emenda \u00e0 Constitui\u00e7\u00e3o 1, que traz um pacote de medidas para diminuir os impactos gerados pela alta dos combust\u00edveis e aumentar o valor de benef\u00edcios sociais. Ap\u00f3s v\u00e1rios arranjos e negocia\u00e7\u00f5es, a PEC com propostas do governo para compensar os estados e o Distrito Federal pela redu\u00e7\u00e3o do ICMS sobre o diesel se transformou em um um projeto para ampliar o valor do Aux\u00edlio Brasil, programa assistencial que substituiu o Bolsa Fam\u00edlia, com o valo mensal passando para 600 reais. .<\/p>\n<p>Da PEC 16, que acabou apensada \u00e0 PEC 1, o \u00fanico ponto que restou foi a compensa\u00e7\u00e3o aos estados que reduzirem a al\u00edquota de ICMS sobre o etanol. A medida tamb\u00e9m traz o pagamento do voucher caminhoneiro, no valor de R$ 1 mil mensais por cinco meses. Os taxistas tamb\u00e9m entram nesss pacote. Outra proposta \u00e9 a inclus\u00e3o de mais 1,6 milh\u00e3o de fam\u00edlias no Aux\u00edlio Brasil, Agora, a PEC segue para an\u00e1lise da C\u00e2mara.<\/p>\n<p>A aprova\u00e7\u00e3o da PEC contou com votos de alguns senadores que se manifestaram contra trechos da proposta, discordaram de parte do texto, mas votaram favoravelmente. A justificativa foi de que os mais carentes precisam de ajuda neste momento de crise no qual vive o pa\u00eds. Estima-se que esse &#8216;pacote de bondades&#8217;, a 3 meses da elei\u00e7\u00f5es, custe aos cofres p\u00fablicos 41 bilh\u00f5es de reais.<\/p>\n<p>Para ajudar na aprova\u00e7\u00e3o da PEC, o relator, Fernando Bezerra (MDB-PE), retirou um dispositivo do texto que daria uma esp\u00e9cie de \u201ccheque em branco\u201d para o governo gastar com aux\u00edlios sem ficar sujeito \u00e0 aplica\u00e7\u00e3o de \u201cqualquer veda\u00e7\u00e3o ou restri\u00e7\u00e3o prevista em norma de qualquer natureza\u201d. Bezerra afirmou que o texto n\u00e3o extrapola os limites legais, mas atua de forma emergencial.<\/p>\n<p>\u201cO texto recolheu as principais preocupa\u00e7\u00f5es, de modo que pud\u00e9ssemos respeitar o mandamento jur\u00eddico do pa\u00eds, mas podendo agir de forma emergencial, como exige a situa\u00e7\u00e3o que estamos enfrentando\u201d.<\/p>\n<p><strong>Estado de Emerg\u00eancia<\/strong><br \/>\nA oposi\u00e7\u00e3o questionou muito a possibilidade prevista na PEC de o governo decretar Estado de Emerg\u00eancia. Esse dispositivo foi inserido na proposta para o governo n\u00e3o correr risco de cometer crime eleitoral ao repassar benef\u00edcios assistenciais a menos de tr\u00eas meses das elei\u00e7\u00f5es. A cria\u00e7\u00e3o desse tipo de benef\u00edcio \u00e9 proibida em ano de elei\u00e7\u00f5es. A \u00fanica exce\u00e7\u00e3o \u00e9 justamente durante a vig\u00eancia de Estado de Emerg\u00eancia.<\/p>\n<p>Segundo Bezerra, no entanto, as medidas autorizadas por um eventual decreto de Estado de Emerg\u00eancia ser\u00e3o somente aquelas previstas na PEC, sem a possibilidade de novos programas usarem a PEC para ampliar os gastos. \u201cN\u00e3o resta d\u00favidas, pois, de que n\u00e3o haver\u00e1 brecha ou espa\u00e7o para novas medidas ou amplia\u00e7\u00e3o de gastos dessas mesmas medidas\u201d, disse Bezerra.<\/p>\n<p><strong>Taxistas<\/strong><br \/>\nHoras antes da vota\u00e7\u00e3o, o relator incluiu um trecho que garante tamb\u00e9m benef\u00edcios para os taxistas, outra categoria, assim como os caminhoneiros, afetada diretamente pela alta dos combust\u00edveis. O aux\u00edlio vai custar mais R$ 2 bilh\u00f5es aos cofres p\u00fablicos. Os motoristas de aplicativos e mototaxistas n\u00e3o est\u00e3o inclu\u00eddos na medida.<\/p>\n<p>Tamb\u00e9m foi inclu\u00eddo um suplemento or\u00e7ament\u00e1rio de R$ 500 milh\u00f5es ao programa Alimenta Brasil, regulamentado em dezembro do ano passado. Trata-se de um programa de aquisi\u00e7\u00e3o de alimentos de produtores rurais familiares, extrativistas, pescadores artesanais, povos ind\u00edgenas e demais popula\u00e7\u00f5es tradicionais.<\/p>\n<p>Bezerra tamb\u00e9m incluiu um trecho que pro\u00edbe o governo de fazer publicidade sobre pagamento desses benef\u00edcios. A medida agradou a oposi\u00e7\u00e3o, j\u00e1 que dificulta uma tentativa de capitalizar politicamente com esses benef\u00edcios a tr\u00eas meses das elei\u00e7\u00f5es.<\/p>\n<p><strong>Aux\u00edlio Brasil<\/strong><br \/>\nA PEC prev\u00ea a inclus\u00e3o de mais 1,6 milh\u00e3o de fam\u00edlias que aguardam cadastro no Aux\u00edlio Brasil, zerando, assim, a fila de espera do programa. Al\u00e9m de aumentar o n\u00famero de benefici\u00e1rios do programa social, h\u00e1 previs\u00e3o de um incremento de R$ 200 no valor do programa at\u00e9 dezembro deste ano.<\/p>\n<p>Com o aumento, o custo adicional ser\u00e1 de cerca de R$ 26 bilh\u00f5es. A justificativa para o adicional no aux\u00edlio, segundo Bezerra, \u00e9 a exacerba\u00e7\u00e3o do quadro inflacion\u00e1rio brasileiro e a infla\u00e7\u00e3o de dois d\u00edgitos, que tem consumido a renda dos mais pobres.<\/p>\n<p><strong>Transporte de idosos<\/strong><br \/>\nEm rela\u00e7\u00e3o ao transporte p\u00fablico de passageiros, o texto que ser\u00e1 apresentado trar\u00e1 compensa\u00e7\u00e3o \u00e0s empresas pela gratuidade para idosos no transporte urbano, metropolitano e semi-urbano, inclusive o existente dentro de uma mesma Regi\u00e3o Integrada de Desenvolvimento (Ride).<\/p>\n<p>O Distrito Federal, com seu entorno, tem a maior do pa\u00eds. Para a medida, o custo ser\u00e1 de R$ 2,5 bilh\u00f5es. A inten\u00e7\u00e3o \u00e9 aliviar o sistema tamb\u00e9m prejudicado pela eleva\u00e7\u00e3o do pre\u00e7o do diesel.<\/p>\n<p><strong>Etanol<\/strong><br \/>\nO texto prev\u00ea ainda a modifica\u00e7\u00e3o na forma de ressarcimento aos estados na redu\u00e7\u00e3o da tributa\u00e7\u00e3o do etanol hidratado. Segundo Bezerra, para dar mais equil\u00edbrio aos pre\u00e7os finais da gasolina e do \u00e1lcool, influenciados pelo teto de 17% de arrecada\u00e7\u00e3o de ICMS, o governo precisar\u00e1 repassar o valor de R$ 3,8 bilh\u00f5es aos estados. Esse dinheiro ser\u00e1 aplicado em cr\u00e9ditos tribut\u00e1rios.<\/p>\n<p>O crit\u00e9rio de distribui\u00e7\u00e3o desse valor \u00e9 o n\u00edvel de consumo do etanol em cada unidade federativa. S\u00e3o Paulo deve ficar com cerca de 55% dos recursos, segundo o parlamentar. Antes de sair do papel, no entanto, caber\u00e1 aos governadores definirem legisla\u00e7\u00e3o espec\u00edfica para distribui\u00e7\u00e3o desses cr\u00e9ditos.<\/p>\n<p>Com exce\u00e7\u00e3o da inclus\u00e3o de novas fam\u00edlias no Aux\u00edlio Brasil, todas as demais medidas ter\u00e3o validade apenas at\u00e9 31 de dezembro deste ano, inclusive o incremento de R$ 200 no programa que substituiu o Bolsa Fam\u00edlia.<\/p>\n","protected":false},"excerpt":{"rendered":"<p>O Senado aprovou a Proposta de Emenda \u00e0 Constitui\u00e7\u00e3o 1, que traz um pacote de medidas para diminuir os impactos gerados pela alta dos combust\u00edveis e aumentar o valor de benef\u00edcios sociais. Ap\u00f3s v\u00e1rios arranjos e negocia\u00e7\u00f5es, a PEC com propostas do governo para compensar os estados e o Distrito Federal pela redu\u00e7\u00e3o do ICMS [&hellip;]<\/p>\n","protected":false},"author":2,"featured_media":288247,"comment_status":"closed","ping_status":"closed","sticky":false,"template":"","format":"standard","meta":{"_acf_changed":false,"footnotes":""},"categories":[26],"tags":[95],"class_list":["post-288246","post","type-post","status-publish","format-standard","has-post-thumbnail","hentry","category-eleicoes-2022","tag-capa"],"acf":[],"yoast_head":"<!-- This site is optimized with the Yoast SEO plugin v27.2 - https:\/\/yoast.com\/product\/yoast-seo-wordpress\/ -->\n<title>Senado abra\u00e7a bondades de 41 bi de Bolsonaro em ano eleitoral - Notibras<\/title>\n<meta name=\"robots\" content=\"index, follow, max-snippet:-1, max-image-preview:large, max-video-preview:-1\" \/>\n<link rel=\"canonical\" href=\"https:\/\/www.notibras.com\/site\/senado-abraca-bondades-de-41-bi-de-bolsonaro-em-ano-eleitoral\/\" \/>\n<meta property=\"og:locale\" content=\"pt_BR\" \/>\n<meta property=\"og:type\" content=\"article\" \/>\n<meta property=\"og:title\" content=\"Senado abra\u00e7a bondades de 41 bi de Bolsonaro em ano eleitoral - Notibras\" \/>\n<meta property=\"og:description\" content=\"O Senado aprovou a Proposta de Emenda \u00e0 Constitui\u00e7\u00e3o 1, que traz um pacote de medidas para diminuir os impactos gerados pela alta dos combust\u00edveis e aumentar o valor de benef\u00edcios sociais. Ap\u00f3s v\u00e1rios arranjos e negocia\u00e7\u00f5es, a PEC com propostas do governo para compensar os estados e o Distrito Federal pela redu\u00e7\u00e3o do ICMS [&hellip;]\" \/>\n<meta property=\"og:url\" content=\"https:\/\/www.notibras.com\/site\/senado-abraca-bondades-de-41-bi-de-bolsonaro-em-ano-eleitoral\/\" \/>\n<meta property=\"og:site_name\" content=\"Notibras\" \/>\n<meta property=\"article:publisher\" content=\"https:\/\/www.facebook.com\/notibras\/\" \/>\n<meta property=\"article:published_time\" content=\"2022-07-01T10:12:46+00:00\" \/>\n<meta property=\"article:modified_time\" content=\"2022-07-01T10:14:57+00:00\" \/>\n<meta property=\"og:image\" content=\"https:\/\/www.notibras.com\/site\/wp-content\/uploads\/2022\/07\/valter-campanato-snado.jpg\" \/>\n\t<meta property=\"og:image:width\" content=\"1170\" \/>\n\t<meta property=\"og:image:height\" content=\"700\" \/>\n\t<meta property=\"og:image:type\" content=\"image\/jpeg\" \/>\n<meta name=\"author\" content=\"Reda\u00e7\u00e3o\" \/>\n<meta name=\"twitter:card\" content=\"summary_large_image\" \/>\n<meta name=\"twitter:creator\" content=\"@Notibras\" \/>\n<meta name=\"twitter:site\" content=\"@Notibras\" \/>\n<meta name=\"twitter:label1\" content=\"Escrito por\" \/>\n\t<meta name=\"twitter:data1\" content=\"Reda\u00e7\u00e3o\" \/>\n\t<meta name=\"twitter:label2\" content=\"Est. tempo de leitura\" \/>\n\t<meta name=\"twitter:data2\" content=\"5 minutos\" \/>\n<script type=\"application\/ld+json\" class=\"yoast-schema-graph\">{\"@context\":\"https:\/\/schema.org\",\"@graph\":[{\"@type\":\"Article\",\"@id\":\"https:\/\/www.notibras.com\/site\/senado-abraca-bondades-de-41-bi-de-bolsonaro-em-ano-eleitoral\/#article\",\"isPartOf\":{\"@id\":\"https:\/\/www.notibras.com\/site\/senado-abraca-bondades-de-41-bi-de-bolsonaro-em-ano-eleitoral\/\"},\"author\":{\"name\":\"Reda\u00e7\u00e3o\",\"@id\":\"https:\/\/www.notibras.com\/site\/#\/schema\/person\/36ab0979449956132d3e5b517ea76ac8\"},\"headline\":\"Senado abra\u00e7a bondades de 41 bi de Bolsonaro em ano eleitoral\",\"datePublished\":\"2022-07-01T10:12:46+00:00\",\"dateModified\":\"2022-07-01T10:14:57+00:00\",\"mainEntityOfPage\":{\"@id\":\"https:\/\/www.notibras.com\/site\/senado-abraca-bondades-de-41-bi-de-bolsonaro-em-ano-eleitoral\/\"},\"wordCount\":1000,\"publisher\":{\"@id\":\"https:\/\/www.notibras.com\/site\/#organization\"},\"image\":{\"@id\":\"https:\/\/www.notibras.com\/site\/senado-abraca-bondades-de-41-bi-de-bolsonaro-em-ano-eleitoral\/#primaryimage\"},\"thumbnailUrl\":\"https:\/\/www.notibras.com\/site\/wp-content\/uploads\/2022\/07\/valter-campanato-snado.jpg\",\"keywords\":[\"capa\"],\"articleSection\":[\"Elei\u00e7\u00f5es 2022\"],\"inLanguage\":\"pt-BR\"},{\"@type\":\"WebPage\",\"@id\":\"https:\/\/www.notibras.com\/site\/senado-abraca-bondades-de-41-bi-de-bolsonaro-em-ano-eleitoral\/\",\"url\":\"https:\/\/www.notibras.com\/site\/senado-abraca-bondades-de-41-bi-de-bolsonaro-em-ano-eleitoral\/\",\"name\":\"Senado abra\u00e7a bondades de 41 bi de Bolsonaro em ano eleitoral - Notibras\",\"isPartOf\":{\"@id\":\"https:\/\/www.notibras.com\/site\/#website\"},\"primaryImageOfPage\":{\"@id\":\"https:\/\/www.notibras.com\/site\/senado-abraca-bondades-de-41-bi-de-bolsonaro-em-ano-eleitoral\/#primaryimage\"},\"image\":{\"@id\":\"https:\/\/www.notibras.com\/site\/senado-abraca-bondades-de-41-bi-de-bolsonaro-em-ano-eleitoral\/#primaryimage\"},\"thumbnailUrl\":\"https:\/\/www.notibras.com\/site\/wp-content\/uploads\/2022\/07\/valter-campanato-snado.jpg\",\"datePublished\":\"2022-07-01T10:12:46+00:00\",\"dateModified\":\"2022-07-01T10:14:57+00:00\",\"breadcrumb\":{\"@id\":\"https:\/\/www.notibras.com\/site\/senado-abraca-bondades-de-41-bi-de-bolsonaro-em-ano-eleitoral\/#breadcrumb\"},\"inLanguage\":\"pt-BR\",\"potentialAction\":[{\"@type\":\"ReadAction\",\"target\":[\"https:\/\/www.notibras.com\/site\/senado-abraca-bondades-de-41-bi-de-bolsonaro-em-ano-eleitoral\/\"]}]},{\"@type\":\"ImageObject\",\"inLanguage\":\"pt-BR\",\"@id\":\"https:\/\/www.notibras.com\/site\/senado-abraca-bondades-de-41-bi-de-bolsonaro-em-ano-eleitoral\/#primaryimage\",\"url\":\"https:\/\/www.notibras.com\/site\/wp-content\/uploads\/2022\/07\/valter-campanato-snado.jpg\",\"contentUrl\":\"https:\/\/www.notibras.com\/site\/wp-content\/uploads\/2022\/07\/valter-campanato-snado.jpg\",\"width\":1170,\"height\":700,\"caption\":\"Final de tarde em em Bras\u00edlia, pr\u00e9dio do Congresso Nacional\"},{\"@type\":\"BreadcrumbList\",\"@id\":\"https:\/\/www.notibras.com\/site\/senado-abraca-bondades-de-41-bi-de-bolsonaro-em-ano-eleitoral\/#breadcrumb\",\"itemListElement\":[{\"@type\":\"ListItem\",\"position\":1,\"name\":\"In\u00edcio\",\"item\":\"https:\/\/www.notibras.com\/site\/\"},{\"@type\":\"ListItem\",\"position\":2,\"name\":\"Senado abra\u00e7a bondades de 41 bi de Bolsonaro em ano eleitoral\"}]},{\"@type\":\"WebSite\",\"@id\":\"https:\/\/www.notibras.com\/site\/#website\",\"url\":\"https:\/\/www.notibras.com\/site\/\",\"name\":\"Notibras\",\"description\":\"Not\u00edcias de Bras\u00edlia, do Brasil e do Mundo\",\"publisher\":{\"@id\":\"https:\/\/www.notibras.com\/site\/#organization\"},\"potentialAction\":[{\"@type\":\"SearchAction\",\"target\":{\"@type\":\"EntryPoint\",\"urlTemplate\":\"https:\/\/www.notibras.com\/site\/?s={search_term_string}\"},\"query-input\":{\"@type\":\"PropertyValueSpecification\",\"valueRequired\":true,\"valueName\":\"search_term_string\"}}],\"inLanguage\":\"pt-BR\"},{\"@type\":\"Organization\",\"@id\":\"https:\/\/www.notibras.com\/site\/#organization\",\"name\":\"Grupo Notibras de Comunica\u00e7\u00e3o\",\"url\":\"https:\/\/www.notibras.com\/site\/\",\"logo\":{\"@type\":\"ImageObject\",\"inLanguage\":\"pt-BR\",\"@id\":\"https:\/\/www.notibras.com\/site\/#\/schema\/logo\/image\/\",\"url\":\"https:\/\/www.notibras.com\/site\/wp-content\/uploads\/2023\/01\/notibras23.png\",\"contentUrl\":\"https:\/\/www.notibras.com\/site\/wp-content\/uploads\/2023\/01\/notibras23.png\",\"width\":350,\"height\":87,\"caption\":\"Grupo Notibras de Comunica\u00e7\u00e3o\"},\"image\":{\"@id\":\"https:\/\/www.notibras.com\/site\/#\/schema\/logo\/image\/\"},\"sameAs\":[\"https:\/\/www.facebook.com\/notibras\/\",\"https:\/\/x.com\/Notibras\",\"https:\/\/www.instagram.com\/notibras\/\"]},{\"@type\":\"Person\",\"@id\":\"https:\/\/www.notibras.com\/site\/#\/schema\/person\/36ab0979449956132d3e5b517ea76ac8\",\"name\":\"Reda\u00e7\u00e3o\",\"image\":{\"@type\":\"ImageObject\",\"inLanguage\":\"pt-BR\",\"@id\":\"https:\/\/secure.gravatar.com\/avatar\/e0a867bdedb85fd243eadf09663511f96fc81e0720a4a42581f334ad4303aa6b?s=96&d=mm&r=g\",\"url\":\"https:\/\/secure.gravatar.com\/avatar\/e0a867bdedb85fd243eadf09663511f96fc81e0720a4a42581f334ad4303aa6b?s=96&d=mm&r=g\",\"contentUrl\":\"https:\/\/secure.gravatar.com\/avatar\/e0a867bdedb85fd243eadf09663511f96fc81e0720a4a42581f334ad4303aa6b?s=96&d=mm&r=g\",\"caption\":\"Reda\u00e7\u00e3o\"}}]}<\/script>\n<!-- \/ Yoast SEO plugin. -->","yoast_head_json":{"title":"Senado abra\u00e7a bondades de 41 bi de Bolsonaro em ano eleitoral - Notibras","robots":{"index":"index","follow":"follow","max-snippet":"max-snippet:-1","max-image-preview":"max-image-preview:large","max-video-preview":"max-video-preview:-1"},"canonical":"https:\/\/www.notibras.com\/site\/senado-abraca-bondades-de-41-bi-de-bolsonaro-em-ano-eleitoral\/","og_locale":"pt_BR","og_type":"article","og_title":"Senado abra\u00e7a bondades de 41 bi de Bolsonaro em ano eleitoral - Notibras","og_description":"O Senado aprovou a Proposta de Emenda \u00e0 Constitui\u00e7\u00e3o 1, que traz um pacote de medidas para diminuir os impactos gerados pela alta dos combust\u00edveis e aumentar o valor de benef\u00edcios sociais. Ap\u00f3s v\u00e1rios arranjos e negocia\u00e7\u00f5es, a PEC com propostas do governo para compensar os estados e o Distrito Federal pela redu\u00e7\u00e3o do ICMS [&hellip;]","og_url":"https:\/\/www.notibras.com\/site\/senado-abraca-bondades-de-41-bi-de-bolsonaro-em-ano-eleitoral\/","og_site_name":"Notibras","article_publisher":"https:\/\/www.facebook.com\/notibras\/","article_published_time":"2022-07-01T10:12:46+00:00","article_modified_time":"2022-07-01T10:14:57+00:00","og_image":[{"width":1170,"height":700,"url":"https:\/\/www.notibras.com\/site\/wp-content\/uploads\/2022\/07\/valter-campanato-snado.jpg","type":"image\/jpeg"}],"author":"Reda\u00e7\u00e3o","twitter_card":"summary_large_image","twitter_creator":"@Notibras","twitter_site":"@Notibras","twitter_misc":{"Escrito por":"Reda\u00e7\u00e3o","Est. tempo de leitura":"5 minutos"},"schema":{"@context":"https:\/\/schema.org","@graph":[{"@type":"Article","@id":"https:\/\/www.notibras.com\/site\/senado-abraca-bondades-de-41-bi-de-bolsonaro-em-ano-eleitoral\/#article","isPartOf":{"@id":"https:\/\/www.notibras.com\/site\/senado-abraca-bondades-de-41-bi-de-bolsonaro-em-ano-eleitoral\/"},"author":{"name":"Reda\u00e7\u00e3o","@id":"https:\/\/www.notibras.com\/site\/#\/schema\/person\/36ab0979449956132d3e5b517ea76ac8"},"headline":"Senado abra\u00e7a bondades de 41 bi de Bolsonaro em ano eleitoral","datePublished":"2022-07-01T10:12:46+00:00","dateModified":"2022-07-01T10:14:57+00:00","mainEntityOfPage":{"@id":"https:\/\/www.notibras.com\/site\/senado-abraca-bondades-de-41-bi-de-bolsonaro-em-ano-eleitoral\/"},"wordCount":1000,"publisher":{"@id":"https:\/\/www.notibras.com\/site\/#organization"},"image":{"@id":"https:\/\/www.notibras.com\/site\/senado-abraca-bondades-de-41-bi-de-bolsonaro-em-ano-eleitoral\/#primaryimage"},"thumbnailUrl":"https:\/\/www.notibras.com\/site\/wp-content\/uploads\/2022\/07\/valter-campanato-snado.jpg","keywords":["capa"],"articleSection":["Elei\u00e7\u00f5es 2022"],"inLanguage":"pt-BR"},{"@type":"WebPage","@id":"https:\/\/www.notibras.com\/site\/senado-abraca-bondades-de-41-bi-de-bolsonaro-em-ano-eleitoral\/","url":"https:\/\/www.notibras.com\/site\/senado-abraca-bondades-de-41-bi-de-bolsonaro-em-ano-eleitoral\/","name":"Senado abra\u00e7a bondades de 41 bi de Bolsonaro em ano eleitoral - Notibras","isPartOf":{"@id":"https:\/\/www.notibras.com\/site\/#website"},"primaryImageOfPage":{"@id":"https:\/\/www.notibras.com\/site\/senado-abraca-bondades-de-41-bi-de-bolsonaro-em-ano-eleitoral\/#primaryimage"},"image":{"@id":"https:\/\/www.notibras.com\/site\/senado-abraca-bondades-de-41-bi-de-bolsonaro-em-ano-eleitoral\/#primaryimage"},"thumbnailUrl":"https:\/\/www.notibras.com\/site\/wp-content\/uploads\/2022\/07\/valter-campanato-snado.jpg","datePublished":"2022-07-01T10:12:46+00:00","dateModified":"2022-07-01T10:14:57+00:00","breadcrumb":{"@id":"https:\/\/www.notibras.com\/site\/senado-abraca-bondades-de-41-bi-de-bolsonaro-em-ano-eleitoral\/#breadcrumb"},"inLanguage":"pt-BR","potentialAction":[{"@type":"ReadAction","target":["https:\/\/www.notibras.com\/site\/senado-abraca-bondades-de-41-bi-de-bolsonaro-em-ano-eleitoral\/"]}]},{"@type":"ImageObject","inLanguage":"pt-BR","@id":"https:\/\/www.notibras.com\/site\/senado-abraca-bondades-de-41-bi-de-bolsonaro-em-ano-eleitoral\/#primaryimage","url":"https:\/\/www.notibras.com\/site\/wp-content\/uploads\/2022\/07\/valter-campanato-snado.jpg","contentUrl":"https:\/\/www.notibras.com\/site\/wp-content\/uploads\/2022\/07\/valter-campanato-snado.jpg","width":1170,"height":700,"caption":"Final de tarde em em Bras\u00edlia, pr\u00e9dio do Congresso Nacional"},{"@type":"BreadcrumbList","@id":"https:\/\/www.notibras.com\/site\/senado-abraca-bondades-de-41-bi-de-bolsonaro-em-ano-eleitoral\/#breadcrumb","itemListElement":[{"@type":"ListItem","position":1,"name":"In\u00edcio","item":"https:\/\/www.notibras.com\/site\/"},{"@type":"ListItem","position":2,"name":"Senado abra\u00e7a bondades de 41 bi de Bolsonaro em ano eleitoral"}]},{"@type":"WebSite","@id":"https:\/\/www.notibras.com\/site\/#website","url":"https:\/\/www.notibras.com\/site\/","name":"Notibras","description":"Not\u00edcias de Bras\u00edlia, do Brasil e do Mundo","publisher":{"@id":"https:\/\/www.notibras.com\/site\/#organization"},"potentialAction":[{"@type":"SearchAction","target":{"@type":"EntryPoint","urlTemplate":"https:\/\/www.notibras.com\/site\/?s={search_term_string}"},"query-input":{"@type":"PropertyValueSpecification","valueRequired":true,"valueName":"search_term_string"}}],"inLanguage":"pt-BR"},{"@type":"Organization","@id":"https:\/\/www.notibras.com\/site\/#organization","name":"Grupo Notibras de Comunica\u00e7\u00e3o","url":"https:\/\/www.notibras.com\/site\/","logo":{"@type":"ImageObject","inLanguage":"pt-BR","@id":"https:\/\/www.notibras.com\/site\/#\/schema\/logo\/image\/","url":"https:\/\/www.notibras.com\/site\/wp-content\/uploads\/2023\/01\/notibras23.png","contentUrl":"https:\/\/www.notibras.com\/site\/wp-content\/uploads\/2023\/01\/notibras23.png","width":350,"height":87,"caption":"Grupo Notibras de Comunica\u00e7\u00e3o"},"image":{"@id":"https:\/\/www.notibras.com\/site\/#\/schema\/logo\/image\/"},"sameAs":["https:\/\/www.facebook.com\/notibras\/","https:\/\/x.com\/Notibras","https:\/\/www.instagram.com\/notibras\/"]},{"@type":"Person","@id":"https:\/\/www.notibras.com\/site\/#\/schema\/person\/36ab0979449956132d3e5b517ea76ac8","name":"Reda\u00e7\u00e3o","image":{"@type":"ImageObject","inLanguage":"pt-BR","@id":"https:\/\/secure.gravatar.com\/avatar\/e0a867bdedb85fd243eadf09663511f96fc81e0720a4a42581f334ad4303aa6b?s=96&d=mm&r=g","url":"https:\/\/secure.gravatar.com\/avatar\/e0a867bdedb85fd243eadf09663511f96fc81e0720a4a42581f334ad4303aa6b?s=96&d=mm&r=g","contentUrl":"https:\/\/secure.gravatar.com\/avatar\/e0a867bdedb85fd243eadf09663511f96fc81e0720a4a42581f334ad4303aa6b?s=96&d=mm&r=g","caption":"Reda\u00e7\u00e3o"}}]}},"amp_enabled":true,"_links":{"self":[{"href":"https:\/\/www.notibras.com\/site\/wp-json\/wp\/v2\/posts\/288246","targetHints":{"allow":["GET"]}}],"collection":[{"href":"https:\/\/www.notibras.com\/site\/wp-json\/wp\/v2\/posts"}],"about":[{"href":"https:\/\/www.notibras.com\/site\/wp-json\/wp\/v2\/types\/post"}],"author":[{"embeddable":true,"href":"https:\/\/www.notibras.com\/site\/wp-json\/wp\/v2\/users\/2"}],"replies":[{"embeddable":true,"href":"https:\/\/www.notibras.com\/site\/wp-json\/wp\/v2\/comments?post=288246"}],"version-history":[{"count":3,"href":"https:\/\/www.notibras.com\/site\/wp-json\/wp\/v2\/posts\/288246\/revisions"}],"predecessor-version":[{"id":288250,"href":"https:\/\/www.notibras.com\/site\/wp-json\/wp\/v2\/posts\/288246\/revisions\/288250"}],"wp:featuredmedia":[{"embeddable":true,"href":"https:\/\/www.notibras.com\/site\/wp-json\/wp\/v2\/media\/288247"}],"wp:attachment":[{"href":"https:\/\/www.notibras.com\/site\/wp-json\/wp\/v2\/media?parent=288246"}],"wp:term":[{"taxonomy":"category","embeddable":true,"href":"https:\/\/www.notibras.com\/site\/wp-json\/wp\/v2\/categories?post=288246"},{"taxonomy":"post_tag","embeddable":true,"href":"https:\/\/www.notibras.com\/site\/wp-json\/wp\/v2\/tags?post=288246"}],"curies":[{"name":"wp","href":"https:\/\/api.w.org\/{rel}","templated":true}]}}