{"id":288251,"date":"2022-07-01T07:04:07","date_gmt":"2022-07-01T10:04:07","guid":{"rendered":"https:\/\/www.notibras.com\/site\/?p=288251"},"modified":"2022-07-01T14:00:03","modified_gmt":"2022-07-01T17:00:03","slug":"bolsonarismo-agrega-coragem-para-enaltecer-pior-presidente","status":"publish","type":"post","link":"https:\/\/www.notibras.com\/site\/bolsonarismo-agrega-coragem-para-enaltecer-pior-presidente\/","title":{"rendered":"Bolsonarismo agrega coragem para enaltecer pior presidente"},"content":{"rendered":"<p>Palavra da moda quando o reduto a ser mencionado \u00e9 bolsonarista, a desintelig\u00eancia parece ter tomado conta do corpo e da alma de boa parte da popula\u00e7\u00e3o brasileira que ainda acredita no palavreado chulo, \u00e0s vezes obsceno, do tenente presidente. Em decorr\u00eancia do que ou\u00e7o ou recebo pelo zap zap, \u00e9 nisso que acredito. E, sinceramente, acredito com alguma decep\u00e7\u00e3o e com um pesar descomunal, daqueles que n\u00e3o cabe na alma. Profanar ideais e romper com o progresso conquistado com dor e suor \u00e9 pior do que eventualmente cuspir na pr\u00f3pria imagem. \u00c9 o que vejo e sinto na labuta insana daqueles que trabalham dia e noite para fazer do atual governo o pior que j\u00e1 tivemos desde a independ\u00eancia, em 1822. Insanos, mas merecem respeito. S\u00e3o corajosos.<\/p>\n<p>Ser\u00e1 que estou exagerando? Esqueci de algum? Com certeza, n\u00e3o. Tivemos parecidos. Pior, jamais. Em resposta \u00e0 afirma\u00e7\u00e3o inicial (a da tal desintelig\u00eancia), o epis\u00f3dio da pris\u00e3o do ex-ministro Milton Ribeiro e a quase certeza de interven\u00e7\u00e3o do comando do governo na Pol\u00edcia Federal provam que o presidente acha que, fora ele e seu entorno, todo o restante do pa\u00eds \u00e9 burro, tapado, ignorante ou, na melhor das hip\u00f3teses, ing\u00eanuo para acreditar em tudo que diz. Os inquestion\u00e1veis dados das recentes pesquisas de inten\u00e7\u00e3o de votos mostram que, se h\u00e1 algum inocente nessa hist\u00f3ria, \u00e9 o pr\u00f3prio mandat\u00e1rio. Nesse caso, os que circulam no entorno de sua excel\u00eancia s\u00e3o os inocentes \u00fateis.<\/p>\n<p>E n\u00e3o \u00e9 pra menos. S\u00e3o 44% de votos teoricamente consolidados, contra 32% flutuantes. Como tratamos de pol\u00edtica, nada que n\u00e3o possa mudar em um piscar de olhos. No entanto, como tratamos de pol\u00edticos, os n\u00fameros certamente assustaram e j\u00e1 afastaram supostos correligion\u00e1rios do mito. Os caciques daquele grupo fisiol\u00f3gico n\u00e3o sabem mais o que fazer. Na verdade, permanecer\u00e3o no governo enquanto o tacho n\u00e3o estiver limpo. Sempre foi assim e assim sempre ser\u00e1. Isso quer dizer que, salvo estrondosos enganos, o cen\u00e1rio permanecer\u00e1 inalterado at\u00e9 outubro. Pode ser que n\u00e3o, pois a descren\u00e7a em rela\u00e7\u00e3o ao governo hoje \u00e9 bem maior do que o picadeiro de onde eram destilados \u00f3dio, pensamentos negativos e outros ressentimentos venenosos.<\/p>\n<p>Nada foi reformulado. Apenas o eleitor n\u00e3o \u00e9 mais o mesmo. Considerando a preocupa\u00e7\u00e3o das pilastras e dos quadros fixos dos pal\u00e1cios do Planalto e da Alvorada, sua excel\u00eancia est\u00e1 com as esporas, os pedais da moto, o motor do jet ski, os p\u00e9s e as barbas em grossa salmora. Talvez besuntado de pasta d\u2019\u00e1gua para evitar que, al\u00e9m da cara, queime tamb\u00e9m a consci\u00eancia. \u00c9 o governo do absurdo. O povo sem emprego, morrendo de fome, a Covid ainda sobrasando e acusa\u00e7\u00f5es terr\u00edveis de ass\u00e9dio, mas, para os defensores do caos, somos uma maravilha a ser estudada pelo mundo moderno. Eita!! Se algu\u00e9m ou alguma coisa precisa ser estudado no Brasil \u00e9 justamente aquele que acha que desemprego, fome, aus\u00eancia de probidade e corrup\u00e7\u00e3o na atual administra\u00e7\u00e3o s\u00e3o inven\u00e7\u00f5es da m\u00eddia comunista.<\/p>\n<p>S\u00e3o os mesmos que tamb\u00e9m debocham de monitoramento da Universidade de S\u00e3o Paulo (USP), cujo resultado revela que seis em cada dez mortos e internados entre mar\u00e7o e junho por conta da Covid-19 n\u00e3o tomaram a terceira dose da vacina. \u00c9 triste, mas quem procura acha. Louvo a coragem dos que negam a vida. Uma pena, mas negacionista raiz precisa mesmo conhecer outros mundos para, quem sabe, voltar depurado em encarna\u00e7\u00f5es futuras. \u00c9 a chance de eles experimentarem algum conhecimento de Deus. N\u00e3o o do slogan presidencial, mas o Mestre dos mestres, o que n\u00e3o tolera a banaliza\u00e7\u00e3o do \u00f3dio gratuito entre irm\u00e3os. Luiz In\u00e1cio, Ciro Gomes, Simone Tebet, Papa Francisco ou o pr\u00f3prio Bolsonaro?<\/p>\n<p>Do ponto de vista da recupera\u00e7\u00e3o econ\u00f4mico-social, realmente n\u00e3o importa quem ser\u00e1 o presidente da Rep\u00fablica em 2023. Contando ou n\u00e3o com maci\u00e7a simpatia do eleitorado, o escolhido ter\u00e1 de recolher cacos para tentar remendar o Brasil de nossos tenebrosos dias. O ideal \u00e9 que fosse eleito quem nos colocou no abismo. Provaria do pr\u00f3prio veneno. No entanto, suceder o mito \u00e9 uma maldi\u00e7\u00e3o t\u00e3o absurda que n\u00e3o deve ser lan\u00e7ada nem para os piores inimigos. Sei que \u00e9 ruim, mas precisamos mudar para evitar um precip\u00edcio mais profundo. Na pior das hip\u00f3teses, temos de estar livres dos que pregam a palavra de Deus apenas para tirar o sagrado din din do bolso do povo. Para eles, o povo que se exploda. Concluindo, nunca \u00e9 demais repetir: E agora, Jair? Gotham City te espera.<\/p>\n<p><strong>*Mathuzal\u00e9m J\u00fanior \u00e9 jornalista profissional desde 1978<\/strong><\/p>\n","protected":false},"excerpt":{"rendered":"<p>Palavra da moda quando o reduto a ser mencionado \u00e9 bolsonarista, a desintelig\u00eancia parece ter tomado conta do corpo e da alma de boa parte da popula\u00e7\u00e3o brasileira que ainda acredita no palavreado chulo, \u00e0s vezes obsceno, do tenente presidente. Em decorr\u00eancia do que ou\u00e7o ou recebo pelo zap zap, \u00e9 nisso que acredito. E, [&hellip;]<\/p>\n","protected":false},"author":2,"featured_media":288252,"comment_status":"closed","ping_status":"closed","sticky":false,"template":"","format":"standard","meta":{"_acf_changed":false,"footnotes":""},"categories":[26],"tags":[95],"class_list":["post-288251","post","type-post","status-publish","format-standard","has-post-thumbnail","hentry","category-eleicoes-2022","tag-capa"],"acf":[],"yoast_head":"<!-- This site is optimized with the Yoast SEO plugin v27.2 - https:\/\/yoast.com\/product\/yoast-seo-wordpress\/ -->\n<title>Bolsonarismo agrega coragem para enaltecer pior presidente - Notibras<\/title>\n<meta name=\"robots\" content=\"index, follow, max-snippet:-1, max-image-preview:large, max-video-preview:-1\" \/>\n<link rel=\"canonical\" href=\"https:\/\/www.notibras.com\/site\/bolsonarismo-agrega-coragem-para-enaltecer-pior-presidente\/\" \/>\n<meta property=\"og:locale\" content=\"pt_BR\" \/>\n<meta property=\"og:type\" content=\"article\" \/>\n<meta property=\"og:title\" content=\"Bolsonarismo agrega coragem para enaltecer pior presidente - Notibras\" \/>\n<meta property=\"og:description\" content=\"Palavra da moda quando o reduto a ser mencionado \u00e9 bolsonarista, a desintelig\u00eancia parece ter tomado conta do corpo e da alma de boa parte da popula\u00e7\u00e3o brasileira que ainda acredita no palavreado chulo, \u00e0s vezes obsceno, do tenente presidente. Em decorr\u00eancia do que ou\u00e7o ou recebo pelo zap zap, \u00e9 nisso que acredito. E, [&hellip;]\" \/>\n<meta property=\"og:url\" content=\"https:\/\/www.notibras.com\/site\/bolsonarismo-agrega-coragem-para-enaltecer-pior-presidente\/\" \/>\n<meta property=\"og:site_name\" content=\"Notibras\" \/>\n<meta property=\"article:publisher\" content=\"https:\/\/www.facebook.com\/notibras\/\" \/>\n<meta property=\"article:published_time\" content=\"2022-07-01T10:04:07+00:00\" \/>\n<meta property=\"article:modified_time\" content=\"2022-07-01T17:00:03+00:00\" \/>\n<meta property=\"og:image\" content=\"https:\/\/www.notibras.com\/site\/wp-content\/uploads\/2022\/07\/jb-isaac-nobrega.jpg\" \/>\n\t<meta property=\"og:image:width\" content=\"770\" \/>\n\t<meta property=\"og:image:height\" content=\"513\" \/>\n\t<meta property=\"og:image:type\" content=\"image\/jpeg\" \/>\n<meta name=\"author\" content=\"Reda\u00e7\u00e3o\" \/>\n<meta name=\"twitter:card\" content=\"summary_large_image\" \/>\n<meta name=\"twitter:creator\" content=\"@Notibras\" \/>\n<meta name=\"twitter:site\" content=\"@Notibras\" \/>\n<meta name=\"twitter:label1\" content=\"Escrito por\" \/>\n\t<meta name=\"twitter:data1\" content=\"Reda\u00e7\u00e3o\" \/>\n\t<meta name=\"twitter:label2\" content=\"Est. tempo de leitura\" \/>\n\t<meta name=\"twitter:data2\" content=\"5 minutos\" \/>\n<script type=\"application\/ld+json\" class=\"yoast-schema-graph\">{\"@context\":\"https:\/\/schema.org\",\"@graph\":[{\"@type\":\"Article\",\"@id\":\"https:\/\/www.notibras.com\/site\/bolsonarismo-agrega-coragem-para-enaltecer-pior-presidente\/#article\",\"isPartOf\":{\"@id\":\"https:\/\/www.notibras.com\/site\/bolsonarismo-agrega-coragem-para-enaltecer-pior-presidente\/\"},\"author\":{\"name\":\"Reda\u00e7\u00e3o\",\"@id\":\"https:\/\/www.notibras.com\/site\/#\/schema\/person\/36ab0979449956132d3e5b517ea76ac8\"},\"headline\":\"Bolsonarismo agrega coragem para enaltecer pior presidente\",\"datePublished\":\"2022-07-01T10:04:07+00:00\",\"dateModified\":\"2022-07-01T17:00:03+00:00\",\"mainEntityOfPage\":{\"@id\":\"https:\/\/www.notibras.com\/site\/bolsonarismo-agrega-coragem-para-enaltecer-pior-presidente\/\"},\"wordCount\":816,\"publisher\":{\"@id\":\"https:\/\/www.notibras.com\/site\/#organization\"},\"image\":{\"@id\":\"https:\/\/www.notibras.com\/site\/bolsonarismo-agrega-coragem-para-enaltecer-pior-presidente\/#primaryimage\"},\"thumbnailUrl\":\"https:\/\/www.notibras.com\/site\/wp-content\/uploads\/2022\/07\/jb-isaac-nobrega.jpg\",\"keywords\":[\"capa\"],\"articleSection\":[\"Elei\u00e7\u00f5es 2022\"],\"inLanguage\":\"pt-BR\"},{\"@type\":\"WebPage\",\"@id\":\"https:\/\/www.notibras.com\/site\/bolsonarismo-agrega-coragem-para-enaltecer-pior-presidente\/\",\"url\":\"https:\/\/www.notibras.com\/site\/bolsonarismo-agrega-coragem-para-enaltecer-pior-presidente\/\",\"name\":\"Bolsonarismo agrega coragem para enaltecer pior presidente - Notibras\",\"isPartOf\":{\"@id\":\"https:\/\/www.notibras.com\/site\/#website\"},\"primaryImageOfPage\":{\"@id\":\"https:\/\/www.notibras.com\/site\/bolsonarismo-agrega-coragem-para-enaltecer-pior-presidente\/#primaryimage\"},\"image\":{\"@id\":\"https:\/\/www.notibras.com\/site\/bolsonarismo-agrega-coragem-para-enaltecer-pior-presidente\/#primaryimage\"},\"thumbnailUrl\":\"https:\/\/www.notibras.com\/site\/wp-content\/uploads\/2022\/07\/jb-isaac-nobrega.jpg\",\"datePublished\":\"2022-07-01T10:04:07+00:00\",\"dateModified\":\"2022-07-01T17:00:03+00:00\",\"breadcrumb\":{\"@id\":\"https:\/\/www.notibras.com\/site\/bolsonarismo-agrega-coragem-para-enaltecer-pior-presidente\/#breadcrumb\"},\"inLanguage\":\"pt-BR\",\"potentialAction\":[{\"@type\":\"ReadAction\",\"target\":[\"https:\/\/www.notibras.com\/site\/bolsonarismo-agrega-coragem-para-enaltecer-pior-presidente\/\"]}]},{\"@type\":\"ImageObject\",\"inLanguage\":\"pt-BR\",\"@id\":\"https:\/\/www.notibras.com\/site\/bolsonarismo-agrega-coragem-para-enaltecer-pior-presidente\/#primaryimage\",\"url\":\"https:\/\/www.notibras.com\/site\/wp-content\/uploads\/2022\/07\/jb-isaac-nobrega.jpg\",\"contentUrl\":\"https:\/\/www.notibras.com\/site\/wp-content\/uploads\/2022\/07\/jb-isaac-nobrega.jpg\",\"width\":770,\"height\":513,\"caption\":\"(Rio de Janeiro - RJ, 08\/06\/2022) Encontro com Empres\u00e1rios. Foto: Isac N\u00f3brega\/PR\"},{\"@type\":\"BreadcrumbList\",\"@id\":\"https:\/\/www.notibras.com\/site\/bolsonarismo-agrega-coragem-para-enaltecer-pior-presidente\/#breadcrumb\",\"itemListElement\":[{\"@type\":\"ListItem\",\"position\":1,\"name\":\"In\u00edcio\",\"item\":\"https:\/\/www.notibras.com\/site\/\"},{\"@type\":\"ListItem\",\"position\":2,\"name\":\"Bolsonarismo agrega coragem para enaltecer pior presidente\"}]},{\"@type\":\"WebSite\",\"@id\":\"https:\/\/www.notibras.com\/site\/#website\",\"url\":\"https:\/\/www.notibras.com\/site\/\",\"name\":\"Notibras\",\"description\":\"Not\u00edcias de Bras\u00edlia, do Brasil e do Mundo\",\"publisher\":{\"@id\":\"https:\/\/www.notibras.com\/site\/#organization\"},\"potentialAction\":[{\"@type\":\"SearchAction\",\"target\":{\"@type\":\"EntryPoint\",\"urlTemplate\":\"https:\/\/www.notibras.com\/site\/?s={search_term_string}\"},\"query-input\":{\"@type\":\"PropertyValueSpecification\",\"valueRequired\":true,\"valueName\":\"search_term_string\"}}],\"inLanguage\":\"pt-BR\"},{\"@type\":\"Organization\",\"@id\":\"https:\/\/www.notibras.com\/site\/#organization\",\"name\":\"Grupo Notibras de Comunica\u00e7\u00e3o\",\"url\":\"https:\/\/www.notibras.com\/site\/\",\"logo\":{\"@type\":\"ImageObject\",\"inLanguage\":\"pt-BR\",\"@id\":\"https:\/\/www.notibras.com\/site\/#\/schema\/logo\/image\/\",\"url\":\"https:\/\/www.notibras.com\/site\/wp-content\/uploads\/2023\/01\/notibras23.png\",\"contentUrl\":\"https:\/\/www.notibras.com\/site\/wp-content\/uploads\/2023\/01\/notibras23.png\",\"width\":350,\"height\":87,\"caption\":\"Grupo Notibras de Comunica\u00e7\u00e3o\"},\"image\":{\"@id\":\"https:\/\/www.notibras.com\/site\/#\/schema\/logo\/image\/\"},\"sameAs\":[\"https:\/\/www.facebook.com\/notibras\/\",\"https:\/\/x.com\/Notibras\",\"https:\/\/www.instagram.com\/notibras\/\"]},{\"@type\":\"Person\",\"@id\":\"https:\/\/www.notibras.com\/site\/#\/schema\/person\/36ab0979449956132d3e5b517ea76ac8\",\"name\":\"Reda\u00e7\u00e3o\",\"image\":{\"@type\":\"ImageObject\",\"inLanguage\":\"pt-BR\",\"@id\":\"https:\/\/secure.gravatar.com\/avatar\/e0a867bdedb85fd243eadf09663511f96fc81e0720a4a42581f334ad4303aa6b?s=96&d=mm&r=g\",\"url\":\"https:\/\/secure.gravatar.com\/avatar\/e0a867bdedb85fd243eadf09663511f96fc81e0720a4a42581f334ad4303aa6b?s=96&d=mm&r=g\",\"contentUrl\":\"https:\/\/secure.gravatar.com\/avatar\/e0a867bdedb85fd243eadf09663511f96fc81e0720a4a42581f334ad4303aa6b?s=96&d=mm&r=g\",\"caption\":\"Reda\u00e7\u00e3o\"}}]}<\/script>\n<!-- \/ Yoast SEO plugin. -->","yoast_head_json":{"title":"Bolsonarismo agrega coragem para enaltecer pior presidente - Notibras","robots":{"index":"index","follow":"follow","max-snippet":"max-snippet:-1","max-image-preview":"max-image-preview:large","max-video-preview":"max-video-preview:-1"},"canonical":"https:\/\/www.notibras.com\/site\/bolsonarismo-agrega-coragem-para-enaltecer-pior-presidente\/","og_locale":"pt_BR","og_type":"article","og_title":"Bolsonarismo agrega coragem para enaltecer pior presidente - Notibras","og_description":"Palavra da moda quando o reduto a ser mencionado \u00e9 bolsonarista, a desintelig\u00eancia parece ter tomado conta do corpo e da alma de boa parte da popula\u00e7\u00e3o brasileira que ainda acredita no palavreado chulo, \u00e0s vezes obsceno, do tenente presidente. Em decorr\u00eancia do que ou\u00e7o ou recebo pelo zap zap, \u00e9 nisso que acredito. E, [&hellip;]","og_url":"https:\/\/www.notibras.com\/site\/bolsonarismo-agrega-coragem-para-enaltecer-pior-presidente\/","og_site_name":"Notibras","article_publisher":"https:\/\/www.facebook.com\/notibras\/","article_published_time":"2022-07-01T10:04:07+00:00","article_modified_time":"2022-07-01T17:00:03+00:00","og_image":[{"width":770,"height":513,"url":"https:\/\/www.notibras.com\/site\/wp-content\/uploads\/2022\/07\/jb-isaac-nobrega.jpg","type":"image\/jpeg"}],"author":"Reda\u00e7\u00e3o","twitter_card":"summary_large_image","twitter_creator":"@Notibras","twitter_site":"@Notibras","twitter_misc":{"Escrito por":"Reda\u00e7\u00e3o","Est. tempo de leitura":"5 minutos"},"schema":{"@context":"https:\/\/schema.org","@graph":[{"@type":"Article","@id":"https:\/\/www.notibras.com\/site\/bolsonarismo-agrega-coragem-para-enaltecer-pior-presidente\/#article","isPartOf":{"@id":"https:\/\/www.notibras.com\/site\/bolsonarismo-agrega-coragem-para-enaltecer-pior-presidente\/"},"author":{"name":"Reda\u00e7\u00e3o","@id":"https:\/\/www.notibras.com\/site\/#\/schema\/person\/36ab0979449956132d3e5b517ea76ac8"},"headline":"Bolsonarismo agrega coragem para enaltecer pior presidente","datePublished":"2022-07-01T10:04:07+00:00","dateModified":"2022-07-01T17:00:03+00:00","mainEntityOfPage":{"@id":"https:\/\/www.notibras.com\/site\/bolsonarismo-agrega-coragem-para-enaltecer-pior-presidente\/"},"wordCount":816,"publisher":{"@id":"https:\/\/www.notibras.com\/site\/#organization"},"image":{"@id":"https:\/\/www.notibras.com\/site\/bolsonarismo-agrega-coragem-para-enaltecer-pior-presidente\/#primaryimage"},"thumbnailUrl":"https:\/\/www.notibras.com\/site\/wp-content\/uploads\/2022\/07\/jb-isaac-nobrega.jpg","keywords":["capa"],"articleSection":["Elei\u00e7\u00f5es 2022"],"inLanguage":"pt-BR"},{"@type":"WebPage","@id":"https:\/\/www.notibras.com\/site\/bolsonarismo-agrega-coragem-para-enaltecer-pior-presidente\/","url":"https:\/\/www.notibras.com\/site\/bolsonarismo-agrega-coragem-para-enaltecer-pior-presidente\/","name":"Bolsonarismo agrega coragem para enaltecer pior presidente - Notibras","isPartOf":{"@id":"https:\/\/www.notibras.com\/site\/#website"},"primaryImageOfPage":{"@id":"https:\/\/www.notibras.com\/site\/bolsonarismo-agrega-coragem-para-enaltecer-pior-presidente\/#primaryimage"},"image":{"@id":"https:\/\/www.notibras.com\/site\/bolsonarismo-agrega-coragem-para-enaltecer-pior-presidente\/#primaryimage"},"thumbnailUrl":"https:\/\/www.notibras.com\/site\/wp-content\/uploads\/2022\/07\/jb-isaac-nobrega.jpg","datePublished":"2022-07-01T10:04:07+00:00","dateModified":"2022-07-01T17:00:03+00:00","breadcrumb":{"@id":"https:\/\/www.notibras.com\/site\/bolsonarismo-agrega-coragem-para-enaltecer-pior-presidente\/#breadcrumb"},"inLanguage":"pt-BR","potentialAction":[{"@type":"ReadAction","target":["https:\/\/www.notibras.com\/site\/bolsonarismo-agrega-coragem-para-enaltecer-pior-presidente\/"]}]},{"@type":"ImageObject","inLanguage":"pt-BR","@id":"https:\/\/www.notibras.com\/site\/bolsonarismo-agrega-coragem-para-enaltecer-pior-presidente\/#primaryimage","url":"https:\/\/www.notibras.com\/site\/wp-content\/uploads\/2022\/07\/jb-isaac-nobrega.jpg","contentUrl":"https:\/\/www.notibras.com\/site\/wp-content\/uploads\/2022\/07\/jb-isaac-nobrega.jpg","width":770,"height":513,"caption":"(Rio de Janeiro - RJ, 08\/06\/2022) Encontro com Empres\u00e1rios. Foto: Isac N\u00f3brega\/PR"},{"@type":"BreadcrumbList","@id":"https:\/\/www.notibras.com\/site\/bolsonarismo-agrega-coragem-para-enaltecer-pior-presidente\/#breadcrumb","itemListElement":[{"@type":"ListItem","position":1,"name":"In\u00edcio","item":"https:\/\/www.notibras.com\/site\/"},{"@type":"ListItem","position":2,"name":"Bolsonarismo agrega coragem para enaltecer pior presidente"}]},{"@type":"WebSite","@id":"https:\/\/www.notibras.com\/site\/#website","url":"https:\/\/www.notibras.com\/site\/","name":"Notibras","description":"Not\u00edcias de Bras\u00edlia, do Brasil e do Mundo","publisher":{"@id":"https:\/\/www.notibras.com\/site\/#organization"},"potentialAction":[{"@type":"SearchAction","target":{"@type":"EntryPoint","urlTemplate":"https:\/\/www.notibras.com\/site\/?s={search_term_string}"},"query-input":{"@type":"PropertyValueSpecification","valueRequired":true,"valueName":"search_term_string"}}],"inLanguage":"pt-BR"},{"@type":"Organization","@id":"https:\/\/www.notibras.com\/site\/#organization","name":"Grupo Notibras de Comunica\u00e7\u00e3o","url":"https:\/\/www.notibras.com\/site\/","logo":{"@type":"ImageObject","inLanguage":"pt-BR","@id":"https:\/\/www.notibras.com\/site\/#\/schema\/logo\/image\/","url":"https:\/\/www.notibras.com\/site\/wp-content\/uploads\/2023\/01\/notibras23.png","contentUrl":"https:\/\/www.notibras.com\/site\/wp-content\/uploads\/2023\/01\/notibras23.png","width":350,"height":87,"caption":"Grupo Notibras de Comunica\u00e7\u00e3o"},"image":{"@id":"https:\/\/www.notibras.com\/site\/#\/schema\/logo\/image\/"},"sameAs":["https:\/\/www.facebook.com\/notibras\/","https:\/\/x.com\/Notibras","https:\/\/www.instagram.com\/notibras\/"]},{"@type":"Person","@id":"https:\/\/www.notibras.com\/site\/#\/schema\/person\/36ab0979449956132d3e5b517ea76ac8","name":"Reda\u00e7\u00e3o","image":{"@type":"ImageObject","inLanguage":"pt-BR","@id":"https:\/\/secure.gravatar.com\/avatar\/e0a867bdedb85fd243eadf09663511f96fc81e0720a4a42581f334ad4303aa6b?s=96&d=mm&r=g","url":"https:\/\/secure.gravatar.com\/avatar\/e0a867bdedb85fd243eadf09663511f96fc81e0720a4a42581f334ad4303aa6b?s=96&d=mm&r=g","contentUrl":"https:\/\/secure.gravatar.com\/avatar\/e0a867bdedb85fd243eadf09663511f96fc81e0720a4a42581f334ad4303aa6b?s=96&d=mm&r=g","caption":"Reda\u00e7\u00e3o"}}]}},"amp_enabled":true,"_links":{"self":[{"href":"https:\/\/www.notibras.com\/site\/wp-json\/wp\/v2\/posts\/288251","targetHints":{"allow":["GET"]}}],"collection":[{"href":"https:\/\/www.notibras.com\/site\/wp-json\/wp\/v2\/posts"}],"about":[{"href":"https:\/\/www.notibras.com\/site\/wp-json\/wp\/v2\/types\/post"}],"author":[{"embeddable":true,"href":"https:\/\/www.notibras.com\/site\/wp-json\/wp\/v2\/users\/2"}],"replies":[{"embeddable":true,"href":"https:\/\/www.notibras.com\/site\/wp-json\/wp\/v2\/comments?post=288251"}],"version-history":[{"count":3,"href":"https:\/\/www.notibras.com\/site\/wp-json\/wp\/v2\/posts\/288251\/revisions"}],"predecessor-version":[{"id":288294,"href":"https:\/\/www.notibras.com\/site\/wp-json\/wp\/v2\/posts\/288251\/revisions\/288294"}],"wp:featuredmedia":[{"embeddable":true,"href":"https:\/\/www.notibras.com\/site\/wp-json\/wp\/v2\/media\/288252"}],"wp:attachment":[{"href":"https:\/\/www.notibras.com\/site\/wp-json\/wp\/v2\/media?parent=288251"}],"wp:term":[{"taxonomy":"category","embeddable":true,"href":"https:\/\/www.notibras.com\/site\/wp-json\/wp\/v2\/categories?post=288251"},{"taxonomy":"post_tag","embeddable":true,"href":"https:\/\/www.notibras.com\/site\/wp-json\/wp\/v2\/tags?post=288251"}],"curies":[{"name":"wp","href":"https:\/\/api.w.org\/{rel}","templated":true}]}}