{"id":288277,"date":"2022-07-01T09:30:00","date_gmt":"2022-07-01T12:30:00","guid":{"rendered":"https:\/\/www.notibras.com\/site\/?p=288277"},"modified":"2022-07-01T09:30:00","modified_gmt":"2022-07-01T12:30:00","slug":"papa-acusa-a-russia-de-agressao-e-imperialismo","status":"publish","type":"post","link":"https:\/\/www.notibras.com\/site\/papa-acusa-a-russia-de-agressao-e-imperialismo\/","title":{"rendered":"Papa acusa a R\u00fassia de agress\u00e3o e imperialismo"},"content":{"rendered":"<p>O papa Francisco acusou implicitamente a R\u00fassia nesta quinta-feira (30) de &#8220;conquista armada, expansionismo e imperialismo&#8221; na Ucr\u00e2nia. Ele chamou o conflito de &#8220;guerra de agress\u00e3o cruel e sem sentido&#8221;.<\/p>\n<p>Falando a uma delega\u00e7\u00e3o de l\u00edderes ortodoxos do Patriarcado Ecum\u00eanico de Istambul, o pont\u00edfice afirmou que o conflito colocou os crist\u00e3os uns contra os outros.<\/p>\n<p>Tanto a R\u00fassia quanto a Ucr\u00e2nia s\u00e3o predominantemente crist\u00e3s ortodoxas, mas h\u00e1 uma influente minoria cat\u00f3lica de rito bizantino na Ucr\u00e2nia que \u00e9 leal ao papa.<\/p>\n<p>Os ramos oriental e ocidental do cristianismo se separaram no Grande Cisma de 1054.<\/p>\n<p>&#8220;A reconcilia\u00e7\u00e3o entre os crist\u00e3os separados, como meio de contribuir para a paz entre os povos em conflito, \u00e9 uma considera\u00e7\u00e3o muito oportuna nos dias de hoje, pois nosso mundo est\u00e1 perturbado por uma guerra de agress\u00e3o cruel e sem sentido em que muitos, muitos crist\u00e3os est\u00e3o lutando entre si&#8221;, disse o papa.<\/p>\n<p>Francisco tamb\u00e9m afirmou aos visitantes ortodoxos, em clara refer\u00eancia \u00e0 R\u00fassia, que todos precisam &#8220;reconhecer que a conquista armada, o expansionismo e o imperialismo n\u00e3o t\u00eam nada a ver com o reino que Jesus proclamou&#8221;.<\/p>\n<p>Foi o segundo dia consecutivo em que o papa falou sobre o conflito na Ucr\u00e2nia. Na quarta-feira, ele condenou o bombardeio de um shopping center na cidade de Kremenchuk, chamando-o de o mais recente de uma s\u00e9rie de &#8220;ataques b\u00e1rbaros&#8221; contra a Ucr\u00e2nia.<\/p>\n","protected":false},"excerpt":{"rendered":"<p>O papa Francisco acusou implicitamente a R\u00fassia nesta quinta-feira (30) de &#8220;conquista armada, expansionismo e imperialismo&#8221; na Ucr\u00e2nia. Ele chamou o conflito de &#8220;guerra de agress\u00e3o cruel e sem sentido&#8221;. Falando a uma delega\u00e7\u00e3o de l\u00edderes ortodoxos do Patriarcado Ecum\u00eanico de Istambul, o pont\u00edfice afirmou que o conflito colocou os crist\u00e3os uns contra os outros. [&hellip;]<\/p>\n","protected":false},"author":2,"featured_media":288278,"comment_status":"closed","ping_status":"closed","sticky":false,"template":"","format":"standard","meta":{"_acf_changed":false,"footnotes":""},"categories":[159],"tags":[],"class_list":["post-288277","post","type-post","status-publish","format-standard","has-post-thumbnail","hentry","category-apocalipse"],"acf":[],"yoast_head":"<!-- This site is optimized with the Yoast SEO plugin v27.2 - https:\/\/yoast.com\/product\/yoast-seo-wordpress\/ -->\n<title>Papa acusa a R\u00fassia de agress\u00e3o e imperialismo - Notibras<\/title>\n<meta name=\"robots\" content=\"index, follow, max-snippet:-1, max-image-preview:large, max-video-preview:-1\" \/>\n<link rel=\"canonical\" href=\"https:\/\/www.notibras.com\/site\/papa-acusa-a-russia-de-agressao-e-imperialismo\/\" \/>\n<meta property=\"og:locale\" content=\"pt_BR\" \/>\n<meta property=\"og:type\" content=\"article\" \/>\n<meta property=\"og:title\" content=\"Papa acusa a R\u00fassia de agress\u00e3o e imperialismo - Notibras\" \/>\n<meta property=\"og:description\" content=\"O papa Francisco acusou implicitamente a R\u00fassia nesta quinta-feira (30) de &#8220;conquista armada, expansionismo e imperialismo&#8221; na Ucr\u00e2nia. Ele chamou o conflito de &#8220;guerra de agress\u00e3o cruel e sem sentido&#8221;. Falando a uma delega\u00e7\u00e3o de l\u00edderes ortodoxos do Patriarcado Ecum\u00eanico de Istambul, o pont\u00edfice afirmou que o conflito colocou os crist\u00e3os uns contra os outros. [&hellip;]\" \/>\n<meta property=\"og:url\" content=\"https:\/\/www.notibras.com\/site\/papa-acusa-a-russia-de-agressao-e-imperialismo\/\" \/>\n<meta property=\"og:site_name\" content=\"Notibras\" \/>\n<meta property=\"article:publisher\" content=\"https:\/\/www.facebook.com\/notibras\/\" \/>\n<meta property=\"article:published_time\" content=\"2022-07-01T12:30:00+00:00\" \/>\n<meta property=\"og:image\" content=\"https:\/\/www.notibras.com\/site\/wp-content\/uploads\/2022\/07\/2022-06-14t115924z_1_lynxmpei5d0i6_rtroptp_4_ucrania-crise-papa.jpg\" \/>\n\t<meta property=\"og:image:width\" content=\"1170\" \/>\n\t<meta property=\"og:image:height\" content=\"700\" \/>\n\t<meta property=\"og:image:type\" content=\"image\/jpeg\" \/>\n<meta name=\"author\" content=\"Reda\u00e7\u00e3o\" \/>\n<meta name=\"twitter:card\" content=\"summary_large_image\" \/>\n<meta name=\"twitter:creator\" content=\"@Notibras\" \/>\n<meta name=\"twitter:site\" content=\"@Notibras\" \/>\n<meta name=\"twitter:label1\" content=\"Escrito por\" \/>\n\t<meta name=\"twitter:data1\" content=\"Reda\u00e7\u00e3o\" \/>\n\t<meta name=\"twitter:label2\" content=\"Est. tempo de leitura\" \/>\n\t<meta name=\"twitter:data2\" content=\"2 minutos\" \/>\n<script type=\"application\/ld+json\" class=\"yoast-schema-graph\">{\"@context\":\"https:\/\/schema.org\",\"@graph\":[{\"@type\":\"Article\",\"@id\":\"https:\/\/www.notibras.com\/site\/papa-acusa-a-russia-de-agressao-e-imperialismo\/#article\",\"isPartOf\":{\"@id\":\"https:\/\/www.notibras.com\/site\/papa-acusa-a-russia-de-agressao-e-imperialismo\/\"},\"author\":{\"name\":\"Reda\u00e7\u00e3o\",\"@id\":\"https:\/\/www.notibras.com\/site\/#\/schema\/person\/36ab0979449956132d3e5b517ea76ac8\"},\"headline\":\"Papa acusa a R\u00fassia de agress\u00e3o e imperialismo\",\"datePublished\":\"2022-07-01T12:30:00+00:00\",\"mainEntityOfPage\":{\"@id\":\"https:\/\/www.notibras.com\/site\/papa-acusa-a-russia-de-agressao-e-imperialismo\/\"},\"wordCount\":260,\"publisher\":{\"@id\":\"https:\/\/www.notibras.com\/site\/#organization\"},\"image\":{\"@id\":\"https:\/\/www.notibras.com\/site\/papa-acusa-a-russia-de-agressao-e-imperialismo\/#primaryimage\"},\"thumbnailUrl\":\"https:\/\/www.notibras.com\/site\/wp-content\/uploads\/2022\/07\/2022-06-14t115924z_1_lynxmpei5d0i6_rtroptp_4_ucrania-crise-papa.jpg\",\"articleSection\":[\"Apocalipse\"],\"inLanguage\":\"pt-BR\"},{\"@type\":\"WebPage\",\"@id\":\"https:\/\/www.notibras.com\/site\/papa-acusa-a-russia-de-agressao-e-imperialismo\/\",\"url\":\"https:\/\/www.notibras.com\/site\/papa-acusa-a-russia-de-agressao-e-imperialismo\/\",\"name\":\"Papa acusa a R\u00fassia de agress\u00e3o e imperialismo - Notibras\",\"isPartOf\":{\"@id\":\"https:\/\/www.notibras.com\/site\/#website\"},\"primaryImageOfPage\":{\"@id\":\"https:\/\/www.notibras.com\/site\/papa-acusa-a-russia-de-agressao-e-imperialismo\/#primaryimage\"},\"image\":{\"@id\":\"https:\/\/www.notibras.com\/site\/papa-acusa-a-russia-de-agressao-e-imperialismo\/#primaryimage\"},\"thumbnailUrl\":\"https:\/\/www.notibras.com\/site\/wp-content\/uploads\/2022\/07\/2022-06-14t115924z_1_lynxmpei5d0i6_rtroptp_4_ucrania-crise-papa.jpg\",\"datePublished\":\"2022-07-01T12:30:00+00:00\",\"breadcrumb\":{\"@id\":\"https:\/\/www.notibras.com\/site\/papa-acusa-a-russia-de-agressao-e-imperialismo\/#breadcrumb\"},\"inLanguage\":\"pt-BR\",\"potentialAction\":[{\"@type\":\"ReadAction\",\"target\":[\"https:\/\/www.notibras.com\/site\/papa-acusa-a-russia-de-agressao-e-imperialismo\/\"]}]},{\"@type\":\"ImageObject\",\"inLanguage\":\"pt-BR\",\"@id\":\"https:\/\/www.notibras.com\/site\/papa-acusa-a-russia-de-agressao-e-imperialismo\/#primaryimage\",\"url\":\"https:\/\/www.notibras.com\/site\/wp-content\/uploads\/2022\/07\/2022-06-14t115924z_1_lynxmpei5d0i6_rtroptp_4_ucrania-crise-papa.jpg\",\"contentUrl\":\"https:\/\/www.notibras.com\/site\/wp-content\/uploads\/2022\/07\/2022-06-14t115924z_1_lynxmpei5d0i6_rtroptp_4_ucrania-crise-papa.jpg\",\"width\":1170,\"height\":700},{\"@type\":\"BreadcrumbList\",\"@id\":\"https:\/\/www.notibras.com\/site\/papa-acusa-a-russia-de-agressao-e-imperialismo\/#breadcrumb\",\"itemListElement\":[{\"@type\":\"ListItem\",\"position\":1,\"name\":\"In\u00edcio\",\"item\":\"https:\/\/www.notibras.com\/site\/\"},{\"@type\":\"ListItem\",\"position\":2,\"name\":\"Papa acusa a R\u00fassia de agress\u00e3o e imperialismo\"}]},{\"@type\":\"WebSite\",\"@id\":\"https:\/\/www.notibras.com\/site\/#website\",\"url\":\"https:\/\/www.notibras.com\/site\/\",\"name\":\"Notibras\",\"description\":\"Not\u00edcias de Bras\u00edlia, do Brasil e do Mundo\",\"publisher\":{\"@id\":\"https:\/\/www.notibras.com\/site\/#organization\"},\"potentialAction\":[{\"@type\":\"SearchAction\",\"target\":{\"@type\":\"EntryPoint\",\"urlTemplate\":\"https:\/\/www.notibras.com\/site\/?s={search_term_string}\"},\"query-input\":{\"@type\":\"PropertyValueSpecification\",\"valueRequired\":true,\"valueName\":\"search_term_string\"}}],\"inLanguage\":\"pt-BR\"},{\"@type\":\"Organization\",\"@id\":\"https:\/\/www.notibras.com\/site\/#organization\",\"name\":\"Grupo Notibras de Comunica\u00e7\u00e3o\",\"url\":\"https:\/\/www.notibras.com\/site\/\",\"logo\":{\"@type\":\"ImageObject\",\"inLanguage\":\"pt-BR\",\"@id\":\"https:\/\/www.notibras.com\/site\/#\/schema\/logo\/image\/\",\"url\":\"https:\/\/www.notibras.com\/site\/wp-content\/uploads\/2023\/01\/notibras23.png\",\"contentUrl\":\"https:\/\/www.notibras.com\/site\/wp-content\/uploads\/2023\/01\/notibras23.png\",\"width\":350,\"height\":87,\"caption\":\"Grupo Notibras de Comunica\u00e7\u00e3o\"},\"image\":{\"@id\":\"https:\/\/www.notibras.com\/site\/#\/schema\/logo\/image\/\"},\"sameAs\":[\"https:\/\/www.facebook.com\/notibras\/\",\"https:\/\/x.com\/Notibras\",\"https:\/\/www.instagram.com\/notibras\/\"]},{\"@type\":\"Person\",\"@id\":\"https:\/\/www.notibras.com\/site\/#\/schema\/person\/36ab0979449956132d3e5b517ea76ac8\",\"name\":\"Reda\u00e7\u00e3o\",\"image\":{\"@type\":\"ImageObject\",\"inLanguage\":\"pt-BR\",\"@id\":\"https:\/\/secure.gravatar.com\/avatar\/e0a867bdedb85fd243eadf09663511f96fc81e0720a4a42581f334ad4303aa6b?s=96&d=mm&r=g\",\"url\":\"https:\/\/secure.gravatar.com\/avatar\/e0a867bdedb85fd243eadf09663511f96fc81e0720a4a42581f334ad4303aa6b?s=96&d=mm&r=g\",\"contentUrl\":\"https:\/\/secure.gravatar.com\/avatar\/e0a867bdedb85fd243eadf09663511f96fc81e0720a4a42581f334ad4303aa6b?s=96&d=mm&r=g\",\"caption\":\"Reda\u00e7\u00e3o\"}}]}<\/script>\n<!-- \/ Yoast SEO plugin. -->","yoast_head_json":{"title":"Papa acusa a R\u00fassia de agress\u00e3o e imperialismo - Notibras","robots":{"index":"index","follow":"follow","max-snippet":"max-snippet:-1","max-image-preview":"max-image-preview:large","max-video-preview":"max-video-preview:-1"},"canonical":"https:\/\/www.notibras.com\/site\/papa-acusa-a-russia-de-agressao-e-imperialismo\/","og_locale":"pt_BR","og_type":"article","og_title":"Papa acusa a R\u00fassia de agress\u00e3o e imperialismo - Notibras","og_description":"O papa Francisco acusou implicitamente a R\u00fassia nesta quinta-feira (30) de &#8220;conquista armada, expansionismo e imperialismo&#8221; na Ucr\u00e2nia. Ele chamou o conflito de &#8220;guerra de agress\u00e3o cruel e sem sentido&#8221;. Falando a uma delega\u00e7\u00e3o de l\u00edderes ortodoxos do Patriarcado Ecum\u00eanico de Istambul, o pont\u00edfice afirmou que o conflito colocou os crist\u00e3os uns contra os outros. [&hellip;]","og_url":"https:\/\/www.notibras.com\/site\/papa-acusa-a-russia-de-agressao-e-imperialismo\/","og_site_name":"Notibras","article_publisher":"https:\/\/www.facebook.com\/notibras\/","article_published_time":"2022-07-01T12:30:00+00:00","og_image":[{"width":1170,"height":700,"url":"https:\/\/www.notibras.com\/site\/wp-content\/uploads\/2022\/07\/2022-06-14t115924z_1_lynxmpei5d0i6_rtroptp_4_ucrania-crise-papa.jpg","type":"image\/jpeg"}],"author":"Reda\u00e7\u00e3o","twitter_card":"summary_large_image","twitter_creator":"@Notibras","twitter_site":"@Notibras","twitter_misc":{"Escrito por":"Reda\u00e7\u00e3o","Est. tempo de leitura":"2 minutos"},"schema":{"@context":"https:\/\/schema.org","@graph":[{"@type":"Article","@id":"https:\/\/www.notibras.com\/site\/papa-acusa-a-russia-de-agressao-e-imperialismo\/#article","isPartOf":{"@id":"https:\/\/www.notibras.com\/site\/papa-acusa-a-russia-de-agressao-e-imperialismo\/"},"author":{"name":"Reda\u00e7\u00e3o","@id":"https:\/\/www.notibras.com\/site\/#\/schema\/person\/36ab0979449956132d3e5b517ea76ac8"},"headline":"Papa acusa a R\u00fassia de agress\u00e3o e imperialismo","datePublished":"2022-07-01T12:30:00+00:00","mainEntityOfPage":{"@id":"https:\/\/www.notibras.com\/site\/papa-acusa-a-russia-de-agressao-e-imperialismo\/"},"wordCount":260,"publisher":{"@id":"https:\/\/www.notibras.com\/site\/#organization"},"image":{"@id":"https:\/\/www.notibras.com\/site\/papa-acusa-a-russia-de-agressao-e-imperialismo\/#primaryimage"},"thumbnailUrl":"https:\/\/www.notibras.com\/site\/wp-content\/uploads\/2022\/07\/2022-06-14t115924z_1_lynxmpei5d0i6_rtroptp_4_ucrania-crise-papa.jpg","articleSection":["Apocalipse"],"inLanguage":"pt-BR"},{"@type":"WebPage","@id":"https:\/\/www.notibras.com\/site\/papa-acusa-a-russia-de-agressao-e-imperialismo\/","url":"https:\/\/www.notibras.com\/site\/papa-acusa-a-russia-de-agressao-e-imperialismo\/","name":"Papa acusa a R\u00fassia de agress\u00e3o e imperialismo - Notibras","isPartOf":{"@id":"https:\/\/www.notibras.com\/site\/#website"},"primaryImageOfPage":{"@id":"https:\/\/www.notibras.com\/site\/papa-acusa-a-russia-de-agressao-e-imperialismo\/#primaryimage"},"image":{"@id":"https:\/\/www.notibras.com\/site\/papa-acusa-a-russia-de-agressao-e-imperialismo\/#primaryimage"},"thumbnailUrl":"https:\/\/www.notibras.com\/site\/wp-content\/uploads\/2022\/07\/2022-06-14t115924z_1_lynxmpei5d0i6_rtroptp_4_ucrania-crise-papa.jpg","datePublished":"2022-07-01T12:30:00+00:00","breadcrumb":{"@id":"https:\/\/www.notibras.com\/site\/papa-acusa-a-russia-de-agressao-e-imperialismo\/#breadcrumb"},"inLanguage":"pt-BR","potentialAction":[{"@type":"ReadAction","target":["https:\/\/www.notibras.com\/site\/papa-acusa-a-russia-de-agressao-e-imperialismo\/"]}]},{"@type":"ImageObject","inLanguage":"pt-BR","@id":"https:\/\/www.notibras.com\/site\/papa-acusa-a-russia-de-agressao-e-imperialismo\/#primaryimage","url":"https:\/\/www.notibras.com\/site\/wp-content\/uploads\/2022\/07\/2022-06-14t115924z_1_lynxmpei5d0i6_rtroptp_4_ucrania-crise-papa.jpg","contentUrl":"https:\/\/www.notibras.com\/site\/wp-content\/uploads\/2022\/07\/2022-06-14t115924z_1_lynxmpei5d0i6_rtroptp_4_ucrania-crise-papa.jpg","width":1170,"height":700},{"@type":"BreadcrumbList","@id":"https:\/\/www.notibras.com\/site\/papa-acusa-a-russia-de-agressao-e-imperialismo\/#breadcrumb","itemListElement":[{"@type":"ListItem","position":1,"name":"In\u00edcio","item":"https:\/\/www.notibras.com\/site\/"},{"@type":"ListItem","position":2,"name":"Papa acusa a R\u00fassia de agress\u00e3o e imperialismo"}]},{"@type":"WebSite","@id":"https:\/\/www.notibras.com\/site\/#website","url":"https:\/\/www.notibras.com\/site\/","name":"Notibras","description":"Not\u00edcias de Bras\u00edlia, do Brasil e do Mundo","publisher":{"@id":"https:\/\/www.notibras.com\/site\/#organization"},"potentialAction":[{"@type":"SearchAction","target":{"@type":"EntryPoint","urlTemplate":"https:\/\/www.notibras.com\/site\/?s={search_term_string}"},"query-input":{"@type":"PropertyValueSpecification","valueRequired":true,"valueName":"search_term_string"}}],"inLanguage":"pt-BR"},{"@type":"Organization","@id":"https:\/\/www.notibras.com\/site\/#organization","name":"Grupo Notibras de Comunica\u00e7\u00e3o","url":"https:\/\/www.notibras.com\/site\/","logo":{"@type":"ImageObject","inLanguage":"pt-BR","@id":"https:\/\/www.notibras.com\/site\/#\/schema\/logo\/image\/","url":"https:\/\/www.notibras.com\/site\/wp-content\/uploads\/2023\/01\/notibras23.png","contentUrl":"https:\/\/www.notibras.com\/site\/wp-content\/uploads\/2023\/01\/notibras23.png","width":350,"height":87,"caption":"Grupo Notibras de Comunica\u00e7\u00e3o"},"image":{"@id":"https:\/\/www.notibras.com\/site\/#\/schema\/logo\/image\/"},"sameAs":["https:\/\/www.facebook.com\/notibras\/","https:\/\/x.com\/Notibras","https:\/\/www.instagram.com\/notibras\/"]},{"@type":"Person","@id":"https:\/\/www.notibras.com\/site\/#\/schema\/person\/36ab0979449956132d3e5b517ea76ac8","name":"Reda\u00e7\u00e3o","image":{"@type":"ImageObject","inLanguage":"pt-BR","@id":"https:\/\/secure.gravatar.com\/avatar\/e0a867bdedb85fd243eadf09663511f96fc81e0720a4a42581f334ad4303aa6b?s=96&d=mm&r=g","url":"https:\/\/secure.gravatar.com\/avatar\/e0a867bdedb85fd243eadf09663511f96fc81e0720a4a42581f334ad4303aa6b?s=96&d=mm&r=g","contentUrl":"https:\/\/secure.gravatar.com\/avatar\/e0a867bdedb85fd243eadf09663511f96fc81e0720a4a42581f334ad4303aa6b?s=96&d=mm&r=g","caption":"Reda\u00e7\u00e3o"}}]}},"amp_enabled":true,"_links":{"self":[{"href":"https:\/\/www.notibras.com\/site\/wp-json\/wp\/v2\/posts\/288277","targetHints":{"allow":["GET"]}}],"collection":[{"href":"https:\/\/www.notibras.com\/site\/wp-json\/wp\/v2\/posts"}],"about":[{"href":"https:\/\/www.notibras.com\/site\/wp-json\/wp\/v2\/types\/post"}],"author":[{"embeddable":true,"href":"https:\/\/www.notibras.com\/site\/wp-json\/wp\/v2\/users\/2"}],"replies":[{"embeddable":true,"href":"https:\/\/www.notibras.com\/site\/wp-json\/wp\/v2\/comments?post=288277"}],"version-history":[{"count":1,"href":"https:\/\/www.notibras.com\/site\/wp-json\/wp\/v2\/posts\/288277\/revisions"}],"predecessor-version":[{"id":288279,"href":"https:\/\/www.notibras.com\/site\/wp-json\/wp\/v2\/posts\/288277\/revisions\/288279"}],"wp:featuredmedia":[{"embeddable":true,"href":"https:\/\/www.notibras.com\/site\/wp-json\/wp\/v2\/media\/288278"}],"wp:attachment":[{"href":"https:\/\/www.notibras.com\/site\/wp-json\/wp\/v2\/media?parent=288277"}],"wp:term":[{"taxonomy":"category","embeddable":true,"href":"https:\/\/www.notibras.com\/site\/wp-json\/wp\/v2\/categories?post=288277"},{"taxonomy":"post_tag","embeddable":true,"href":"https:\/\/www.notibras.com\/site\/wp-json\/wp\/v2\/tags?post=288277"}],"curies":[{"name":"wp","href":"https:\/\/api.w.org\/{rel}","templated":true}]}}