{"id":288306,"date":"2022-07-02T06:33:47","date_gmt":"2022-07-02T09:33:47","guid":{"rendered":"https:\/\/www.notibras.com\/site\/?p=288306"},"modified":"2022-07-02T06:36:57","modified_gmt":"2022-07-02T09:36:57","slug":"bolsonaro-nada-em-direcao-a-militares-para-nao-se-afogar","status":"publish","type":"post","link":"https:\/\/www.notibras.com\/site\/bolsonaro-nada-em-direcao-a-militares-para-nao-se-afogar\/","title":{"rendered":"Bolsonaro nada em dire\u00e7\u00e3o a militares para n\u00e3o se afogar"},"content":{"rendered":"<p>Os militares brasileiros receberam um present\u00e3o de um dos maiores aliados de Bolsonaro na sua campanha permanente contra o STF e pela dissolu\u00e7\u00e3o da nossa democracia, Daniel Silveira.<\/p>\n<p>O deputado, condenado a 8 anos de pris\u00e3o pelo STF pelos crimes de tentativa de impedir o livre exerc\u00edcio dos poderes, por coa\u00e7\u00e3o em processo judicial e perdoado pelo Bolsonaro, incluiu as For\u00e7as Armadas entre os \u00f3rg\u00e3os de seguran\u00e7a que podem ser agraciados com uma amplia\u00e7\u00e3o do excludente de ilicitude pretendida pelo PL 733\/2022. Essa semana, o PL que cria a figura da &#8220;circunst\u00e2ncia exculpante&#8221; foi aprovado pela Comiss\u00e3o de Seguran\u00e7a P\u00fablica da C\u00e2mara.<\/p>\n<p>Excludente de ilicitude \u00e9 o seguinte: certas classes de brasileiros, como policiais e militares, t\u00eam, em algumas circunst\u00e2ncias, permiss\u00e3o para matar sem que isso seja considerado crime. Agora, ao lado do excludente de ilicitude, as tais &#8220;circunst\u00e2ncias exculpantes&#8221; permitiriam que membros das For\u00e7as Armadas matassem cidad\u00e3os que estiverem portando armas ou &#8220;outro instrumento capaz de causar morte ou les\u00e3o corporal de natureza grave&#8221;.<\/p>\n<p>Al\u00e9m de matar em caso de legitima defesa pr\u00f3pria ou de terceiros, os militares tamb\u00e9m poderiam atirar em &#8220;defesa da inviolabilidade do domic\u00edlio&#8221; ou diante de &#8220;atos de terrorismo&#8221;, dois casos que os bolsonaristas sonham aplicar contra movimentos sociais. Finalmente, os militares n\u00e3o precisariam estar oficialmente em uma GLO (opera\u00e7\u00e3o de Garantia da Lei e da Ordem), mas poderiam estar &#8220;em a\u00e7\u00f5es subsidi\u00e1rias&#8221;- ou seja, quando destacados para construir uma ponte, pintar uma cal\u00e7ada ou construir um hospital.<\/p>\n<p>Hoje, eles t\u00eam permiss\u00e3o de matar apenas durante opera\u00e7\u00f5es militares e de garantia da lei e da ordem, e apenas quando ha\u0301 um &#8220;ato hostil que represente grave amea\u00e7a a\u0300 integridade f\u00edsica dos integrantes da For\u00e7a&#8221; ou da popula\u00e7\u00e3o. Os soldados devem fazer uso &#8220;escalonado&#8221;, &#8220;gradual&#8221; ou &#8220;gradiente&#8221; da forc\u0327a, comec\u0327ando com uma ordem verbal, passando por armas na\u0303o letais e disparos de advert\u00eancia, e apenas &#8220;como \u00faltimo recurso&#8221; eles podem atirar em civis.<\/p>\n<p>A permiss\u00e3o para matar mais com mais liberdade \u00e9 uma demanda antiga da c\u00fapula militar desde que passou a ser empregada com mais frequ\u00eancia em opera\u00e7\u00f5es GLO, h\u00e1 uma d\u00e9cada. Em sua alian\u00e7a com Temer, conseguiram mudar a lei para que todos os casos sejam enviados \u00e0 Justi\u00e7a Militar onde, por regra, s\u00e3o absolvidos, conforme eu relatei no livro Dano Colateral (ed Objetiva\/Cia das Letras).<\/p>\n<p>Bolsonaro j\u00e1 havia tentado ampliar o excludente de ilicitude para militares em 2019, inserindo-o dentro do pacote anticrime, enviado pelo ent\u00e3o ministro S\u00e9rgio Moro ao Congresso. Na \u00e9poca, o trecho foi retirado pelos parlamentares. A nova movimenta\u00e7\u00e3o comprova que os militares seguem interessados em uma carta branca para matar.<\/p>\n<p>Demonstra tamb\u00e9m que seguem sendo grandes aliados de Bolsonaro, que pretende valer-se deles na prov\u00e1vel derrota para Lula nas elei\u00e7\u00f5es de outubro. Se h\u00e1 uma parte do generalato que propala \u00e0 imprensa \u2013 sempre em off \u2013que as For\u00e7as Armadas n\u00e3o se entregariam a uma aventura golpista, certo \u00e9 que Bolsonaro e seu c\u00edrculo duvidam da firmeza dessa decis\u00e3o. E seguem trabalhando para convencer os generais de que a empreitada \u2013 seja ela qu\u00e3o maluca for \u2013 trar\u00e1 ainda mais recompensas.<\/p>\n","protected":false},"excerpt":{"rendered":"<p>Os militares brasileiros receberam um present\u00e3o de um dos maiores aliados de Bolsonaro na sua campanha permanente contra o STF e pela dissolu\u00e7\u00e3o da nossa democracia, Daniel Silveira. O deputado, condenado a 8 anos de pris\u00e3o pelo STF pelos crimes de tentativa de impedir o livre exerc\u00edcio dos poderes, por coa\u00e7\u00e3o em processo judicial e [&hellip;]<\/p>\n","protected":false},"author":2,"featured_media":267811,"comment_status":"closed","ping_status":"closed","sticky":false,"template":"","format":"standard","meta":{"_acf_changed":false,"footnotes":""},"categories":[26],"tags":[95],"class_list":["post-288306","post","type-post","status-publish","format-standard","has-post-thumbnail","hentry","category-eleicoes-2022","tag-capa"],"acf":[],"yoast_head":"<!-- This site is optimized with the Yoast SEO plugin v27.2 - https:\/\/yoast.com\/product\/yoast-seo-wordpress\/ -->\n<title>Bolsonaro nada em dire\u00e7\u00e3o a militares para n\u00e3o se afogar - Notibras<\/title>\n<meta name=\"robots\" content=\"index, follow, max-snippet:-1, max-image-preview:large, max-video-preview:-1\" \/>\n<link rel=\"canonical\" href=\"https:\/\/www.notibras.com\/site\/bolsonaro-nada-em-direcao-a-militares-para-nao-se-afogar\/\" \/>\n<meta property=\"og:locale\" content=\"pt_BR\" \/>\n<meta property=\"og:type\" content=\"article\" \/>\n<meta property=\"og:title\" content=\"Bolsonaro nada em dire\u00e7\u00e3o a militares para n\u00e3o se afogar - Notibras\" \/>\n<meta property=\"og:description\" content=\"Os militares brasileiros receberam um present\u00e3o de um dos maiores aliados de Bolsonaro na sua campanha permanente contra o STF e pela dissolu\u00e7\u00e3o da nossa democracia, Daniel Silveira. O deputado, condenado a 8 anos de pris\u00e3o pelo STF pelos crimes de tentativa de impedir o livre exerc\u00edcio dos poderes, por coa\u00e7\u00e3o em processo judicial e [&hellip;]\" \/>\n<meta property=\"og:url\" content=\"https:\/\/www.notibras.com\/site\/bolsonaro-nada-em-direcao-a-militares-para-nao-se-afogar\/\" \/>\n<meta property=\"og:site_name\" content=\"Notibras\" \/>\n<meta property=\"article:publisher\" content=\"https:\/\/www.facebook.com\/notibras\/\" \/>\n<meta property=\"article:published_time\" content=\"2022-07-02T09:33:47+00:00\" \/>\n<meta property=\"article:modified_time\" content=\"2022-07-02T09:36:57+00:00\" \/>\n<meta property=\"og:image\" content=\"https:\/\/www.notibras.com\/site\/wp-content\/uploads\/2021\/08\/bolsonaro.militares.bbc_.jpg\" \/>\n\t<meta property=\"og:image:width\" content=\"800\" \/>\n\t<meta property=\"og:image:height\" content=\"450\" \/>\n\t<meta property=\"og:image:type\" content=\"image\/jpeg\" \/>\n<meta name=\"author\" content=\"Reda\u00e7\u00e3o\" \/>\n<meta name=\"twitter:card\" content=\"summary_large_image\" \/>\n<meta name=\"twitter:creator\" content=\"@Notibras\" \/>\n<meta name=\"twitter:site\" content=\"@Notibras\" \/>\n<meta name=\"twitter:label1\" content=\"Escrito por\" \/>\n\t<meta name=\"twitter:data1\" content=\"Reda\u00e7\u00e3o\" \/>\n\t<meta name=\"twitter:label2\" content=\"Est. tempo de leitura\" \/>\n\t<meta name=\"twitter:data2\" content=\"3 minutos\" \/>\n<script type=\"application\/ld+json\" class=\"yoast-schema-graph\">{\"@context\":\"https:\/\/schema.org\",\"@graph\":[{\"@type\":\"Article\",\"@id\":\"https:\/\/www.notibras.com\/site\/bolsonaro-nada-em-direcao-a-militares-para-nao-se-afogar\/#article\",\"isPartOf\":{\"@id\":\"https:\/\/www.notibras.com\/site\/bolsonaro-nada-em-direcao-a-militares-para-nao-se-afogar\/\"},\"author\":{\"name\":\"Reda\u00e7\u00e3o\",\"@id\":\"https:\/\/www.notibras.com\/site\/#\/schema\/person\/36ab0979449956132d3e5b517ea76ac8\"},\"headline\":\"Bolsonaro nada em dire\u00e7\u00e3o a militares para n\u00e3o se afogar\",\"datePublished\":\"2022-07-02T09:33:47+00:00\",\"dateModified\":\"2022-07-02T09:36:57+00:00\",\"mainEntityOfPage\":{\"@id\":\"https:\/\/www.notibras.com\/site\/bolsonaro-nada-em-direcao-a-militares-para-nao-se-afogar\/\"},\"wordCount\":575,\"publisher\":{\"@id\":\"https:\/\/www.notibras.com\/site\/#organization\"},\"image\":{\"@id\":\"https:\/\/www.notibras.com\/site\/bolsonaro-nada-em-direcao-a-militares-para-nao-se-afogar\/#primaryimage\"},\"thumbnailUrl\":\"https:\/\/www.notibras.com\/site\/wp-content\/uploads\/2021\/08\/bolsonaro.militares.bbc_.jpg\",\"keywords\":[\"capa\"],\"articleSection\":[\"Elei\u00e7\u00f5es 2022\"],\"inLanguage\":\"pt-BR\"},{\"@type\":\"WebPage\",\"@id\":\"https:\/\/www.notibras.com\/site\/bolsonaro-nada-em-direcao-a-militares-para-nao-se-afogar\/\",\"url\":\"https:\/\/www.notibras.com\/site\/bolsonaro-nada-em-direcao-a-militares-para-nao-se-afogar\/\",\"name\":\"Bolsonaro nada em dire\u00e7\u00e3o a militares para n\u00e3o se afogar - Notibras\",\"isPartOf\":{\"@id\":\"https:\/\/www.notibras.com\/site\/#website\"},\"primaryImageOfPage\":{\"@id\":\"https:\/\/www.notibras.com\/site\/bolsonaro-nada-em-direcao-a-militares-para-nao-se-afogar\/#primaryimage\"},\"image\":{\"@id\":\"https:\/\/www.notibras.com\/site\/bolsonaro-nada-em-direcao-a-militares-para-nao-se-afogar\/#primaryimage\"},\"thumbnailUrl\":\"https:\/\/www.notibras.com\/site\/wp-content\/uploads\/2021\/08\/bolsonaro.militares.bbc_.jpg\",\"datePublished\":\"2022-07-02T09:33:47+00:00\",\"dateModified\":\"2022-07-02T09:36:57+00:00\",\"breadcrumb\":{\"@id\":\"https:\/\/www.notibras.com\/site\/bolsonaro-nada-em-direcao-a-militares-para-nao-se-afogar\/#breadcrumb\"},\"inLanguage\":\"pt-BR\",\"potentialAction\":[{\"@type\":\"ReadAction\",\"target\":[\"https:\/\/www.notibras.com\/site\/bolsonaro-nada-em-direcao-a-militares-para-nao-se-afogar\/\"]}]},{\"@type\":\"ImageObject\",\"inLanguage\":\"pt-BR\",\"@id\":\"https:\/\/www.notibras.com\/site\/bolsonaro-nada-em-direcao-a-militares-para-nao-se-afogar\/#primaryimage\",\"url\":\"https:\/\/www.notibras.com\/site\/wp-content\/uploads\/2021\/08\/bolsonaro.militares.bbc_.jpg\",\"contentUrl\":\"https:\/\/www.notibras.com\/site\/wp-content\/uploads\/2021\/08\/bolsonaro.militares.bbc_.jpg\",\"width\":800,\"height\":450},{\"@type\":\"BreadcrumbList\",\"@id\":\"https:\/\/www.notibras.com\/site\/bolsonaro-nada-em-direcao-a-militares-para-nao-se-afogar\/#breadcrumb\",\"itemListElement\":[{\"@type\":\"ListItem\",\"position\":1,\"name\":\"In\u00edcio\",\"item\":\"https:\/\/www.notibras.com\/site\/\"},{\"@type\":\"ListItem\",\"position\":2,\"name\":\"Bolsonaro nada em dire\u00e7\u00e3o a militares para n\u00e3o se afogar\"}]},{\"@type\":\"WebSite\",\"@id\":\"https:\/\/www.notibras.com\/site\/#website\",\"url\":\"https:\/\/www.notibras.com\/site\/\",\"name\":\"Notibras\",\"description\":\"Not\u00edcias de Bras\u00edlia, do Brasil e do Mundo\",\"publisher\":{\"@id\":\"https:\/\/www.notibras.com\/site\/#organization\"},\"potentialAction\":[{\"@type\":\"SearchAction\",\"target\":{\"@type\":\"EntryPoint\",\"urlTemplate\":\"https:\/\/www.notibras.com\/site\/?s={search_term_string}\"},\"query-input\":{\"@type\":\"PropertyValueSpecification\",\"valueRequired\":true,\"valueName\":\"search_term_string\"}}],\"inLanguage\":\"pt-BR\"},{\"@type\":\"Organization\",\"@id\":\"https:\/\/www.notibras.com\/site\/#organization\",\"name\":\"Grupo Notibras de Comunica\u00e7\u00e3o\",\"url\":\"https:\/\/www.notibras.com\/site\/\",\"logo\":{\"@type\":\"ImageObject\",\"inLanguage\":\"pt-BR\",\"@id\":\"https:\/\/www.notibras.com\/site\/#\/schema\/logo\/image\/\",\"url\":\"https:\/\/www.notibras.com\/site\/wp-content\/uploads\/2023\/01\/notibras23.png\",\"contentUrl\":\"https:\/\/www.notibras.com\/site\/wp-content\/uploads\/2023\/01\/notibras23.png\",\"width\":350,\"height\":87,\"caption\":\"Grupo Notibras de Comunica\u00e7\u00e3o\"},\"image\":{\"@id\":\"https:\/\/www.notibras.com\/site\/#\/schema\/logo\/image\/\"},\"sameAs\":[\"https:\/\/www.facebook.com\/notibras\/\",\"https:\/\/x.com\/Notibras\",\"https:\/\/www.instagram.com\/notibras\/\"]},{\"@type\":\"Person\",\"@id\":\"https:\/\/www.notibras.com\/site\/#\/schema\/person\/36ab0979449956132d3e5b517ea76ac8\",\"name\":\"Reda\u00e7\u00e3o\",\"image\":{\"@type\":\"ImageObject\",\"inLanguage\":\"pt-BR\",\"@id\":\"https:\/\/secure.gravatar.com\/avatar\/e0a867bdedb85fd243eadf09663511f96fc81e0720a4a42581f334ad4303aa6b?s=96&d=mm&r=g\",\"url\":\"https:\/\/secure.gravatar.com\/avatar\/e0a867bdedb85fd243eadf09663511f96fc81e0720a4a42581f334ad4303aa6b?s=96&d=mm&r=g\",\"contentUrl\":\"https:\/\/secure.gravatar.com\/avatar\/e0a867bdedb85fd243eadf09663511f96fc81e0720a4a42581f334ad4303aa6b?s=96&d=mm&r=g\",\"caption\":\"Reda\u00e7\u00e3o\"}}]}<\/script>\n<!-- \/ Yoast SEO plugin. -->","yoast_head_json":{"title":"Bolsonaro nada em dire\u00e7\u00e3o a militares para n\u00e3o se afogar - Notibras","robots":{"index":"index","follow":"follow","max-snippet":"max-snippet:-1","max-image-preview":"max-image-preview:large","max-video-preview":"max-video-preview:-1"},"canonical":"https:\/\/www.notibras.com\/site\/bolsonaro-nada-em-direcao-a-militares-para-nao-se-afogar\/","og_locale":"pt_BR","og_type":"article","og_title":"Bolsonaro nada em dire\u00e7\u00e3o a militares para n\u00e3o se afogar - Notibras","og_description":"Os militares brasileiros receberam um present\u00e3o de um dos maiores aliados de Bolsonaro na sua campanha permanente contra o STF e pela dissolu\u00e7\u00e3o da nossa democracia, Daniel Silveira. O deputado, condenado a 8 anos de pris\u00e3o pelo STF pelos crimes de tentativa de impedir o livre exerc\u00edcio dos poderes, por coa\u00e7\u00e3o em processo judicial e [&hellip;]","og_url":"https:\/\/www.notibras.com\/site\/bolsonaro-nada-em-direcao-a-militares-para-nao-se-afogar\/","og_site_name":"Notibras","article_publisher":"https:\/\/www.facebook.com\/notibras\/","article_published_time":"2022-07-02T09:33:47+00:00","article_modified_time":"2022-07-02T09:36:57+00:00","og_image":[{"width":800,"height":450,"url":"https:\/\/www.notibras.com\/site\/wp-content\/uploads\/2021\/08\/bolsonaro.militares.bbc_.jpg","type":"image\/jpeg"}],"author":"Reda\u00e7\u00e3o","twitter_card":"summary_large_image","twitter_creator":"@Notibras","twitter_site":"@Notibras","twitter_misc":{"Escrito por":"Reda\u00e7\u00e3o","Est. tempo de leitura":"3 minutos"},"schema":{"@context":"https:\/\/schema.org","@graph":[{"@type":"Article","@id":"https:\/\/www.notibras.com\/site\/bolsonaro-nada-em-direcao-a-militares-para-nao-se-afogar\/#article","isPartOf":{"@id":"https:\/\/www.notibras.com\/site\/bolsonaro-nada-em-direcao-a-militares-para-nao-se-afogar\/"},"author":{"name":"Reda\u00e7\u00e3o","@id":"https:\/\/www.notibras.com\/site\/#\/schema\/person\/36ab0979449956132d3e5b517ea76ac8"},"headline":"Bolsonaro nada em dire\u00e7\u00e3o a militares para n\u00e3o se afogar","datePublished":"2022-07-02T09:33:47+00:00","dateModified":"2022-07-02T09:36:57+00:00","mainEntityOfPage":{"@id":"https:\/\/www.notibras.com\/site\/bolsonaro-nada-em-direcao-a-militares-para-nao-se-afogar\/"},"wordCount":575,"publisher":{"@id":"https:\/\/www.notibras.com\/site\/#organization"},"image":{"@id":"https:\/\/www.notibras.com\/site\/bolsonaro-nada-em-direcao-a-militares-para-nao-se-afogar\/#primaryimage"},"thumbnailUrl":"https:\/\/www.notibras.com\/site\/wp-content\/uploads\/2021\/08\/bolsonaro.militares.bbc_.jpg","keywords":["capa"],"articleSection":["Elei\u00e7\u00f5es 2022"],"inLanguage":"pt-BR"},{"@type":"WebPage","@id":"https:\/\/www.notibras.com\/site\/bolsonaro-nada-em-direcao-a-militares-para-nao-se-afogar\/","url":"https:\/\/www.notibras.com\/site\/bolsonaro-nada-em-direcao-a-militares-para-nao-se-afogar\/","name":"Bolsonaro nada em dire\u00e7\u00e3o a militares para n\u00e3o se afogar - Notibras","isPartOf":{"@id":"https:\/\/www.notibras.com\/site\/#website"},"primaryImageOfPage":{"@id":"https:\/\/www.notibras.com\/site\/bolsonaro-nada-em-direcao-a-militares-para-nao-se-afogar\/#primaryimage"},"image":{"@id":"https:\/\/www.notibras.com\/site\/bolsonaro-nada-em-direcao-a-militares-para-nao-se-afogar\/#primaryimage"},"thumbnailUrl":"https:\/\/www.notibras.com\/site\/wp-content\/uploads\/2021\/08\/bolsonaro.militares.bbc_.jpg","datePublished":"2022-07-02T09:33:47+00:00","dateModified":"2022-07-02T09:36:57+00:00","breadcrumb":{"@id":"https:\/\/www.notibras.com\/site\/bolsonaro-nada-em-direcao-a-militares-para-nao-se-afogar\/#breadcrumb"},"inLanguage":"pt-BR","potentialAction":[{"@type":"ReadAction","target":["https:\/\/www.notibras.com\/site\/bolsonaro-nada-em-direcao-a-militares-para-nao-se-afogar\/"]}]},{"@type":"ImageObject","inLanguage":"pt-BR","@id":"https:\/\/www.notibras.com\/site\/bolsonaro-nada-em-direcao-a-militares-para-nao-se-afogar\/#primaryimage","url":"https:\/\/www.notibras.com\/site\/wp-content\/uploads\/2021\/08\/bolsonaro.militares.bbc_.jpg","contentUrl":"https:\/\/www.notibras.com\/site\/wp-content\/uploads\/2021\/08\/bolsonaro.militares.bbc_.jpg","width":800,"height":450},{"@type":"BreadcrumbList","@id":"https:\/\/www.notibras.com\/site\/bolsonaro-nada-em-direcao-a-militares-para-nao-se-afogar\/#breadcrumb","itemListElement":[{"@type":"ListItem","position":1,"name":"In\u00edcio","item":"https:\/\/www.notibras.com\/site\/"},{"@type":"ListItem","position":2,"name":"Bolsonaro nada em dire\u00e7\u00e3o a militares para n\u00e3o se afogar"}]},{"@type":"WebSite","@id":"https:\/\/www.notibras.com\/site\/#website","url":"https:\/\/www.notibras.com\/site\/","name":"Notibras","description":"Not\u00edcias de Bras\u00edlia, do Brasil e do Mundo","publisher":{"@id":"https:\/\/www.notibras.com\/site\/#organization"},"potentialAction":[{"@type":"SearchAction","target":{"@type":"EntryPoint","urlTemplate":"https:\/\/www.notibras.com\/site\/?s={search_term_string}"},"query-input":{"@type":"PropertyValueSpecification","valueRequired":true,"valueName":"search_term_string"}}],"inLanguage":"pt-BR"},{"@type":"Organization","@id":"https:\/\/www.notibras.com\/site\/#organization","name":"Grupo Notibras de Comunica\u00e7\u00e3o","url":"https:\/\/www.notibras.com\/site\/","logo":{"@type":"ImageObject","inLanguage":"pt-BR","@id":"https:\/\/www.notibras.com\/site\/#\/schema\/logo\/image\/","url":"https:\/\/www.notibras.com\/site\/wp-content\/uploads\/2023\/01\/notibras23.png","contentUrl":"https:\/\/www.notibras.com\/site\/wp-content\/uploads\/2023\/01\/notibras23.png","width":350,"height":87,"caption":"Grupo Notibras de Comunica\u00e7\u00e3o"},"image":{"@id":"https:\/\/www.notibras.com\/site\/#\/schema\/logo\/image\/"},"sameAs":["https:\/\/www.facebook.com\/notibras\/","https:\/\/x.com\/Notibras","https:\/\/www.instagram.com\/notibras\/"]},{"@type":"Person","@id":"https:\/\/www.notibras.com\/site\/#\/schema\/person\/36ab0979449956132d3e5b517ea76ac8","name":"Reda\u00e7\u00e3o","image":{"@type":"ImageObject","inLanguage":"pt-BR","@id":"https:\/\/secure.gravatar.com\/avatar\/e0a867bdedb85fd243eadf09663511f96fc81e0720a4a42581f334ad4303aa6b?s=96&d=mm&r=g","url":"https:\/\/secure.gravatar.com\/avatar\/e0a867bdedb85fd243eadf09663511f96fc81e0720a4a42581f334ad4303aa6b?s=96&d=mm&r=g","contentUrl":"https:\/\/secure.gravatar.com\/avatar\/e0a867bdedb85fd243eadf09663511f96fc81e0720a4a42581f334ad4303aa6b?s=96&d=mm&r=g","caption":"Reda\u00e7\u00e3o"}}]}},"amp_enabled":true,"_links":{"self":[{"href":"https:\/\/www.notibras.com\/site\/wp-json\/wp\/v2\/posts\/288306","targetHints":{"allow":["GET"]}}],"collection":[{"href":"https:\/\/www.notibras.com\/site\/wp-json\/wp\/v2\/posts"}],"about":[{"href":"https:\/\/www.notibras.com\/site\/wp-json\/wp\/v2\/types\/post"}],"author":[{"embeddable":true,"href":"https:\/\/www.notibras.com\/site\/wp-json\/wp\/v2\/users\/2"}],"replies":[{"embeddable":true,"href":"https:\/\/www.notibras.com\/site\/wp-json\/wp\/v2\/comments?post=288306"}],"version-history":[{"count":3,"href":"https:\/\/www.notibras.com\/site\/wp-json\/wp\/v2\/posts\/288306\/revisions"}],"predecessor-version":[{"id":288309,"href":"https:\/\/www.notibras.com\/site\/wp-json\/wp\/v2\/posts\/288306\/revisions\/288309"}],"wp:featuredmedia":[{"embeddable":true,"href":"https:\/\/www.notibras.com\/site\/wp-json\/wp\/v2\/media\/267811"}],"wp:attachment":[{"href":"https:\/\/www.notibras.com\/site\/wp-json\/wp\/v2\/media?parent=288306"}],"wp:term":[{"taxonomy":"category","embeddable":true,"href":"https:\/\/www.notibras.com\/site\/wp-json\/wp\/v2\/categories?post=288306"},{"taxonomy":"post_tag","embeddable":true,"href":"https:\/\/www.notibras.com\/site\/wp-json\/wp\/v2\/tags?post=288306"}],"curies":[{"name":"wp","href":"https:\/\/api.w.org\/{rel}","templated":true}]}}