{"id":288327,"date":"2022-07-02T08:07:26","date_gmt":"2022-07-02T11:07:26","guid":{"rendered":"https:\/\/www.notibras.com\/site\/?p=288327"},"modified":"2022-07-02T08:07:26","modified_gmt":"2022-07-02T11:07:26","slug":"americanos-mandam-mais-misseis-para-a-ucrania","status":"publish","type":"post","link":"https:\/\/www.notibras.com\/site\/americanos-mandam-mais-misseis-para-a-ucrania\/","title":{"rendered":"Americanos mandam mais m\u00edsseis para a Ucr\u00e2nia"},"content":{"rendered":"<p>Os Estados Unidos est\u00e3o enviando \u00e0 Ucr\u00e2nia dois sistemas de m\u00edsseis terra-ar Nasams, quatro radares de contra-artilharia adicionais e at\u00e9 150.000 cartuchos de muni\u00e7\u00e3o de artilharia de 155 mm como parte de seus mais recentes pacotes de armas para a Ucr\u00e2nia, disse o Pent\u00e1gono nesta sexta-feira.<\/p>\n<p>O pacote de assist\u00eancia, no valor de cerca de 820 milh\u00f5es de d\u00f3lares, foi amplamente anunciado pelo presidente dos EUA, Joe Biden, na quinta-feira, em Madri, ap\u00f3s uma reuni\u00e3o de l\u00edderes da Otan focada na invas\u00e3o da Ucr\u00e2nia pela R\u00fassia.<\/p>\n<p>&#8220;Os ucranianos continuam enfrentando uma brutalidade acentuada mais uma vez esta semana por um ataque que atingiu um shopping cheio de civis. Eles continuam lutando por seu pa\u00eds, e os Estados Unidos continuam a apoi\u00e1-los e a sua justa causa&#8221;, disse o secret\u00e1rio de Estado dos EUA, Antony Blinken, em um comunicado sobre a assist\u00eancia.<\/p>\n<p>Autoridades ucranianas disseram que um m\u00edssil Kh-22 disparado por um bombardeiro russo atingiu um shopping na cidade central de Kremenchuk na segunda-feira, matando pelo menos 19 pessoas. Esse ataque atraiu a condena\u00e7\u00e3o de l\u00edderes ocidentais e do papa, mas a R\u00fassia rejeitou o relato da Ucr\u00e2nia, dizendo que o m\u00edssil atingiu um dep\u00f3sito de armas fornecidas pelo Ocidente pr\u00f3ximo ao shopping, fazendo com que ele pegasse fogo.<\/p>\n<p>O Pent\u00e1gono deu mais detalhes nesta sexta-feira ao formalizar o an\u00fancio e disse que a mais recente rodada de assist\u00eancia de seguran\u00e7a tamb\u00e9m inclui muni\u00e7\u00e3o adicional para Sistema de Foguetes de Artilharia de Alta Mobilidade (Himars).<\/p>\n","protected":false},"excerpt":{"rendered":"<p>Os Estados Unidos est\u00e3o enviando \u00e0 Ucr\u00e2nia dois sistemas de m\u00edsseis terra-ar Nasams, quatro radares de contra-artilharia adicionais e at\u00e9 150.000 cartuchos de muni\u00e7\u00e3o de artilharia de 155 mm como parte de seus mais recentes pacotes de armas para a Ucr\u00e2nia, disse o Pent\u00e1gono nesta sexta-feira. O pacote de assist\u00eancia, no valor de cerca de [&hellip;]<\/p>\n","protected":false},"author":2,"featured_media":225303,"comment_status":"closed","ping_status":"closed","sticky":false,"template":"","format":"standard","meta":{"_acf_changed":false,"footnotes":""},"categories":[159],"tags":[],"class_list":["post-288327","post","type-post","status-publish","format-standard","has-post-thumbnail","hentry","category-apocalipse"],"acf":[],"yoast_head":"<!-- This site is optimized with the Yoast SEO plugin v27.2 - https:\/\/yoast.com\/product\/yoast-seo-wordpress\/ -->\n<title>Americanos mandam mais m\u00edsseis para a Ucr\u00e2nia - Notibras<\/title>\n<meta name=\"robots\" content=\"index, follow, max-snippet:-1, max-image-preview:large, max-video-preview:-1\" \/>\n<link rel=\"canonical\" href=\"https:\/\/www.notibras.com\/site\/americanos-mandam-mais-misseis-para-a-ucrania\/\" \/>\n<meta property=\"og:locale\" content=\"pt_BR\" \/>\n<meta property=\"og:type\" content=\"article\" \/>\n<meta property=\"og:title\" content=\"Americanos mandam mais m\u00edsseis para a Ucr\u00e2nia - Notibras\" \/>\n<meta property=\"og:description\" content=\"Os Estados Unidos est\u00e3o enviando \u00e0 Ucr\u00e2nia dois sistemas de m\u00edsseis terra-ar Nasams, quatro radares de contra-artilharia adicionais e at\u00e9 150.000 cartuchos de muni\u00e7\u00e3o de artilharia de 155 mm como parte de seus mais recentes pacotes de armas para a Ucr\u00e2nia, disse o Pent\u00e1gono nesta sexta-feira. O pacote de assist\u00eancia, no valor de cerca de [&hellip;]\" \/>\n<meta property=\"og:url\" content=\"https:\/\/www.notibras.com\/site\/americanos-mandam-mais-misseis-para-a-ucrania\/\" \/>\n<meta property=\"og:site_name\" content=\"Notibras\" \/>\n<meta property=\"article:publisher\" content=\"https:\/\/www.facebook.com\/notibras\/\" \/>\n<meta property=\"article:published_time\" content=\"2022-07-02T11:07:26+00:00\" \/>\n<meta property=\"og:image\" content=\"https:\/\/www.notibras.com\/site\/wp-content\/uploads\/2020\/02\/missil-balistico.jpg\" \/>\n\t<meta property=\"og:image:width\" content=\"1000\" \/>\n\t<meta property=\"og:image:height\" content=\"541\" \/>\n\t<meta property=\"og:image:type\" content=\"image\/jpeg\" \/>\n<meta name=\"author\" content=\"Reda\u00e7\u00e3o\" \/>\n<meta name=\"twitter:card\" content=\"summary_large_image\" \/>\n<meta name=\"twitter:creator\" content=\"@Notibras\" \/>\n<meta name=\"twitter:site\" content=\"@Notibras\" \/>\n<meta name=\"twitter:label1\" content=\"Escrito por\" \/>\n\t<meta name=\"twitter:data1\" content=\"Reda\u00e7\u00e3o\" \/>\n\t<meta name=\"twitter:label2\" content=\"Est. tempo de leitura\" \/>\n\t<meta name=\"twitter:data2\" content=\"2 minutos\" \/>\n<script type=\"application\/ld+json\" class=\"yoast-schema-graph\">{\"@context\":\"https:\/\/schema.org\",\"@graph\":[{\"@type\":\"Article\",\"@id\":\"https:\/\/www.notibras.com\/site\/americanos-mandam-mais-misseis-para-a-ucrania\/#article\",\"isPartOf\":{\"@id\":\"https:\/\/www.notibras.com\/site\/americanos-mandam-mais-misseis-para-a-ucrania\/\"},\"author\":{\"name\":\"Reda\u00e7\u00e3o\",\"@id\":\"https:\/\/www.notibras.com\/site\/#\/schema\/person\/36ab0979449956132d3e5b517ea76ac8\"},\"headline\":\"Americanos mandam mais m\u00edsseis para a Ucr\u00e2nia\",\"datePublished\":\"2022-07-02T11:07:26+00:00\",\"mainEntityOfPage\":{\"@id\":\"https:\/\/www.notibras.com\/site\/americanos-mandam-mais-misseis-para-a-ucrania\/\"},\"wordCount\":281,\"publisher\":{\"@id\":\"https:\/\/www.notibras.com\/site\/#organization\"},\"image\":{\"@id\":\"https:\/\/www.notibras.com\/site\/americanos-mandam-mais-misseis-para-a-ucrania\/#primaryimage\"},\"thumbnailUrl\":\"https:\/\/www.notibras.com\/site\/wp-content\/uploads\/2020\/02\/missil-balistico.jpg\",\"articleSection\":[\"Apocalipse\"],\"inLanguage\":\"pt-BR\"},{\"@type\":\"WebPage\",\"@id\":\"https:\/\/www.notibras.com\/site\/americanos-mandam-mais-misseis-para-a-ucrania\/\",\"url\":\"https:\/\/www.notibras.com\/site\/americanos-mandam-mais-misseis-para-a-ucrania\/\",\"name\":\"Americanos mandam mais m\u00edsseis para a Ucr\u00e2nia - Notibras\",\"isPartOf\":{\"@id\":\"https:\/\/www.notibras.com\/site\/#website\"},\"primaryImageOfPage\":{\"@id\":\"https:\/\/www.notibras.com\/site\/americanos-mandam-mais-misseis-para-a-ucrania\/#primaryimage\"},\"image\":{\"@id\":\"https:\/\/www.notibras.com\/site\/americanos-mandam-mais-misseis-para-a-ucrania\/#primaryimage\"},\"thumbnailUrl\":\"https:\/\/www.notibras.com\/site\/wp-content\/uploads\/2020\/02\/missil-balistico.jpg\",\"datePublished\":\"2022-07-02T11:07:26+00:00\",\"breadcrumb\":{\"@id\":\"https:\/\/www.notibras.com\/site\/americanos-mandam-mais-misseis-para-a-ucrania\/#breadcrumb\"},\"inLanguage\":\"pt-BR\",\"potentialAction\":[{\"@type\":\"ReadAction\",\"target\":[\"https:\/\/www.notibras.com\/site\/americanos-mandam-mais-misseis-para-a-ucrania\/\"]}]},{\"@type\":\"ImageObject\",\"inLanguage\":\"pt-BR\",\"@id\":\"https:\/\/www.notibras.com\/site\/americanos-mandam-mais-misseis-para-a-ucrania\/#primaryimage\",\"url\":\"https:\/\/www.notibras.com\/site\/wp-content\/uploads\/2020\/02\/missil-balistico.jpg\",\"contentUrl\":\"https:\/\/www.notibras.com\/site\/wp-content\/uploads\/2020\/02\/missil-balistico.jpg\",\"width\":1000,\"height\":541},{\"@type\":\"BreadcrumbList\",\"@id\":\"https:\/\/www.notibras.com\/site\/americanos-mandam-mais-misseis-para-a-ucrania\/#breadcrumb\",\"itemListElement\":[{\"@type\":\"ListItem\",\"position\":1,\"name\":\"In\u00edcio\",\"item\":\"https:\/\/www.notibras.com\/site\/\"},{\"@type\":\"ListItem\",\"position\":2,\"name\":\"Americanos mandam mais m\u00edsseis para a Ucr\u00e2nia\"}]},{\"@type\":\"WebSite\",\"@id\":\"https:\/\/www.notibras.com\/site\/#website\",\"url\":\"https:\/\/www.notibras.com\/site\/\",\"name\":\"Notibras\",\"description\":\"Not\u00edcias de Bras\u00edlia, do Brasil e do Mundo\",\"publisher\":{\"@id\":\"https:\/\/www.notibras.com\/site\/#organization\"},\"potentialAction\":[{\"@type\":\"SearchAction\",\"target\":{\"@type\":\"EntryPoint\",\"urlTemplate\":\"https:\/\/www.notibras.com\/site\/?s={search_term_string}\"},\"query-input\":{\"@type\":\"PropertyValueSpecification\",\"valueRequired\":true,\"valueName\":\"search_term_string\"}}],\"inLanguage\":\"pt-BR\"},{\"@type\":\"Organization\",\"@id\":\"https:\/\/www.notibras.com\/site\/#organization\",\"name\":\"Grupo Notibras de Comunica\u00e7\u00e3o\",\"url\":\"https:\/\/www.notibras.com\/site\/\",\"logo\":{\"@type\":\"ImageObject\",\"inLanguage\":\"pt-BR\",\"@id\":\"https:\/\/www.notibras.com\/site\/#\/schema\/logo\/image\/\",\"url\":\"https:\/\/www.notibras.com\/site\/wp-content\/uploads\/2023\/01\/notibras23.png\",\"contentUrl\":\"https:\/\/www.notibras.com\/site\/wp-content\/uploads\/2023\/01\/notibras23.png\",\"width\":350,\"height\":87,\"caption\":\"Grupo Notibras de Comunica\u00e7\u00e3o\"},\"image\":{\"@id\":\"https:\/\/www.notibras.com\/site\/#\/schema\/logo\/image\/\"},\"sameAs\":[\"https:\/\/www.facebook.com\/notibras\/\",\"https:\/\/x.com\/Notibras\",\"https:\/\/www.instagram.com\/notibras\/\"]},{\"@type\":\"Person\",\"@id\":\"https:\/\/www.notibras.com\/site\/#\/schema\/person\/36ab0979449956132d3e5b517ea76ac8\",\"name\":\"Reda\u00e7\u00e3o\",\"image\":{\"@type\":\"ImageObject\",\"inLanguage\":\"pt-BR\",\"@id\":\"https:\/\/secure.gravatar.com\/avatar\/e0a867bdedb85fd243eadf09663511f96fc81e0720a4a42581f334ad4303aa6b?s=96&d=mm&r=g\",\"url\":\"https:\/\/secure.gravatar.com\/avatar\/e0a867bdedb85fd243eadf09663511f96fc81e0720a4a42581f334ad4303aa6b?s=96&d=mm&r=g\",\"contentUrl\":\"https:\/\/secure.gravatar.com\/avatar\/e0a867bdedb85fd243eadf09663511f96fc81e0720a4a42581f334ad4303aa6b?s=96&d=mm&r=g\",\"caption\":\"Reda\u00e7\u00e3o\"}}]}<\/script>\n<!-- \/ Yoast SEO plugin. -->","yoast_head_json":{"title":"Americanos mandam mais m\u00edsseis para a Ucr\u00e2nia - Notibras","robots":{"index":"index","follow":"follow","max-snippet":"max-snippet:-1","max-image-preview":"max-image-preview:large","max-video-preview":"max-video-preview:-1"},"canonical":"https:\/\/www.notibras.com\/site\/americanos-mandam-mais-misseis-para-a-ucrania\/","og_locale":"pt_BR","og_type":"article","og_title":"Americanos mandam mais m\u00edsseis para a Ucr\u00e2nia - Notibras","og_description":"Os Estados Unidos est\u00e3o enviando \u00e0 Ucr\u00e2nia dois sistemas de m\u00edsseis terra-ar Nasams, quatro radares de contra-artilharia adicionais e at\u00e9 150.000 cartuchos de muni\u00e7\u00e3o de artilharia de 155 mm como parte de seus mais recentes pacotes de armas para a Ucr\u00e2nia, disse o Pent\u00e1gono nesta sexta-feira. O pacote de assist\u00eancia, no valor de cerca de [&hellip;]","og_url":"https:\/\/www.notibras.com\/site\/americanos-mandam-mais-misseis-para-a-ucrania\/","og_site_name":"Notibras","article_publisher":"https:\/\/www.facebook.com\/notibras\/","article_published_time":"2022-07-02T11:07:26+00:00","og_image":[{"width":1000,"height":541,"url":"https:\/\/www.notibras.com\/site\/wp-content\/uploads\/2020\/02\/missil-balistico.jpg","type":"image\/jpeg"}],"author":"Reda\u00e7\u00e3o","twitter_card":"summary_large_image","twitter_creator":"@Notibras","twitter_site":"@Notibras","twitter_misc":{"Escrito por":"Reda\u00e7\u00e3o","Est. tempo de leitura":"2 minutos"},"schema":{"@context":"https:\/\/schema.org","@graph":[{"@type":"Article","@id":"https:\/\/www.notibras.com\/site\/americanos-mandam-mais-misseis-para-a-ucrania\/#article","isPartOf":{"@id":"https:\/\/www.notibras.com\/site\/americanos-mandam-mais-misseis-para-a-ucrania\/"},"author":{"name":"Reda\u00e7\u00e3o","@id":"https:\/\/www.notibras.com\/site\/#\/schema\/person\/36ab0979449956132d3e5b517ea76ac8"},"headline":"Americanos mandam mais m\u00edsseis para a Ucr\u00e2nia","datePublished":"2022-07-02T11:07:26+00:00","mainEntityOfPage":{"@id":"https:\/\/www.notibras.com\/site\/americanos-mandam-mais-misseis-para-a-ucrania\/"},"wordCount":281,"publisher":{"@id":"https:\/\/www.notibras.com\/site\/#organization"},"image":{"@id":"https:\/\/www.notibras.com\/site\/americanos-mandam-mais-misseis-para-a-ucrania\/#primaryimage"},"thumbnailUrl":"https:\/\/www.notibras.com\/site\/wp-content\/uploads\/2020\/02\/missil-balistico.jpg","articleSection":["Apocalipse"],"inLanguage":"pt-BR"},{"@type":"WebPage","@id":"https:\/\/www.notibras.com\/site\/americanos-mandam-mais-misseis-para-a-ucrania\/","url":"https:\/\/www.notibras.com\/site\/americanos-mandam-mais-misseis-para-a-ucrania\/","name":"Americanos mandam mais m\u00edsseis para a Ucr\u00e2nia - Notibras","isPartOf":{"@id":"https:\/\/www.notibras.com\/site\/#website"},"primaryImageOfPage":{"@id":"https:\/\/www.notibras.com\/site\/americanos-mandam-mais-misseis-para-a-ucrania\/#primaryimage"},"image":{"@id":"https:\/\/www.notibras.com\/site\/americanos-mandam-mais-misseis-para-a-ucrania\/#primaryimage"},"thumbnailUrl":"https:\/\/www.notibras.com\/site\/wp-content\/uploads\/2020\/02\/missil-balistico.jpg","datePublished":"2022-07-02T11:07:26+00:00","breadcrumb":{"@id":"https:\/\/www.notibras.com\/site\/americanos-mandam-mais-misseis-para-a-ucrania\/#breadcrumb"},"inLanguage":"pt-BR","potentialAction":[{"@type":"ReadAction","target":["https:\/\/www.notibras.com\/site\/americanos-mandam-mais-misseis-para-a-ucrania\/"]}]},{"@type":"ImageObject","inLanguage":"pt-BR","@id":"https:\/\/www.notibras.com\/site\/americanos-mandam-mais-misseis-para-a-ucrania\/#primaryimage","url":"https:\/\/www.notibras.com\/site\/wp-content\/uploads\/2020\/02\/missil-balistico.jpg","contentUrl":"https:\/\/www.notibras.com\/site\/wp-content\/uploads\/2020\/02\/missil-balistico.jpg","width":1000,"height":541},{"@type":"BreadcrumbList","@id":"https:\/\/www.notibras.com\/site\/americanos-mandam-mais-misseis-para-a-ucrania\/#breadcrumb","itemListElement":[{"@type":"ListItem","position":1,"name":"In\u00edcio","item":"https:\/\/www.notibras.com\/site\/"},{"@type":"ListItem","position":2,"name":"Americanos mandam mais m\u00edsseis para a Ucr\u00e2nia"}]},{"@type":"WebSite","@id":"https:\/\/www.notibras.com\/site\/#website","url":"https:\/\/www.notibras.com\/site\/","name":"Notibras","description":"Not\u00edcias de Bras\u00edlia, do Brasil e do Mundo","publisher":{"@id":"https:\/\/www.notibras.com\/site\/#organization"},"potentialAction":[{"@type":"SearchAction","target":{"@type":"EntryPoint","urlTemplate":"https:\/\/www.notibras.com\/site\/?s={search_term_string}"},"query-input":{"@type":"PropertyValueSpecification","valueRequired":true,"valueName":"search_term_string"}}],"inLanguage":"pt-BR"},{"@type":"Organization","@id":"https:\/\/www.notibras.com\/site\/#organization","name":"Grupo Notibras de Comunica\u00e7\u00e3o","url":"https:\/\/www.notibras.com\/site\/","logo":{"@type":"ImageObject","inLanguage":"pt-BR","@id":"https:\/\/www.notibras.com\/site\/#\/schema\/logo\/image\/","url":"https:\/\/www.notibras.com\/site\/wp-content\/uploads\/2023\/01\/notibras23.png","contentUrl":"https:\/\/www.notibras.com\/site\/wp-content\/uploads\/2023\/01\/notibras23.png","width":350,"height":87,"caption":"Grupo Notibras de Comunica\u00e7\u00e3o"},"image":{"@id":"https:\/\/www.notibras.com\/site\/#\/schema\/logo\/image\/"},"sameAs":["https:\/\/www.facebook.com\/notibras\/","https:\/\/x.com\/Notibras","https:\/\/www.instagram.com\/notibras\/"]},{"@type":"Person","@id":"https:\/\/www.notibras.com\/site\/#\/schema\/person\/36ab0979449956132d3e5b517ea76ac8","name":"Reda\u00e7\u00e3o","image":{"@type":"ImageObject","inLanguage":"pt-BR","@id":"https:\/\/secure.gravatar.com\/avatar\/e0a867bdedb85fd243eadf09663511f96fc81e0720a4a42581f334ad4303aa6b?s=96&d=mm&r=g","url":"https:\/\/secure.gravatar.com\/avatar\/e0a867bdedb85fd243eadf09663511f96fc81e0720a4a42581f334ad4303aa6b?s=96&d=mm&r=g","contentUrl":"https:\/\/secure.gravatar.com\/avatar\/e0a867bdedb85fd243eadf09663511f96fc81e0720a4a42581f334ad4303aa6b?s=96&d=mm&r=g","caption":"Reda\u00e7\u00e3o"}}]}},"amp_enabled":true,"_links":{"self":[{"href":"https:\/\/www.notibras.com\/site\/wp-json\/wp\/v2\/posts\/288327","targetHints":{"allow":["GET"]}}],"collection":[{"href":"https:\/\/www.notibras.com\/site\/wp-json\/wp\/v2\/posts"}],"about":[{"href":"https:\/\/www.notibras.com\/site\/wp-json\/wp\/v2\/types\/post"}],"author":[{"embeddable":true,"href":"https:\/\/www.notibras.com\/site\/wp-json\/wp\/v2\/users\/2"}],"replies":[{"embeddable":true,"href":"https:\/\/www.notibras.com\/site\/wp-json\/wp\/v2\/comments?post=288327"}],"version-history":[{"count":1,"href":"https:\/\/www.notibras.com\/site\/wp-json\/wp\/v2\/posts\/288327\/revisions"}],"predecessor-version":[{"id":288328,"href":"https:\/\/www.notibras.com\/site\/wp-json\/wp\/v2\/posts\/288327\/revisions\/288328"}],"wp:featuredmedia":[{"embeddable":true,"href":"https:\/\/www.notibras.com\/site\/wp-json\/wp\/v2\/media\/225303"}],"wp:attachment":[{"href":"https:\/\/www.notibras.com\/site\/wp-json\/wp\/v2\/media?parent=288327"}],"wp:term":[{"taxonomy":"category","embeddable":true,"href":"https:\/\/www.notibras.com\/site\/wp-json\/wp\/v2\/categories?post=288327"},{"taxonomy":"post_tag","embeddable":true,"href":"https:\/\/www.notibras.com\/site\/wp-json\/wp\/v2\/tags?post=288327"}],"curies":[{"name":"wp","href":"https:\/\/api.w.org\/{rel}","templated":true}]}}