{"id":288421,"date":"2022-07-05T08:05:12","date_gmt":"2022-07-05T11:05:12","guid":{"rendered":"https:\/\/www.notibras.com\/site\/?p=288421"},"modified":"2022-07-05T08:06:47","modified_gmt":"2022-07-05T11:06:47","slug":"jair-nadou-mas-pra-nao-morrer-na-praia-se-rendeu-ao-plim-plim","status":"publish","type":"post","link":"https:\/\/www.notibras.com\/site\/jair-nadou-mas-pra-nao-morrer-na-praia-se-rendeu-ao-plim-plim\/","title":{"rendered":"Jair nadou, mas pra n\u00e3o morrer na praia, se rendeu ao Plim Plim"},"content":{"rendered":"<p>Conforme conv\u00e9m aos bolsonaristas raiz, a informa\u00e7\u00e3o de que o governo de Jair Messias elevou em 75% os gastos de publicidade com a <em>TV Globo<\/em> soou como mais uma mentira esfarrapada da m\u00eddia comunista e fraudulenta. Povo de Sucupira, claro que \u00e9 verdade e uma verdade oportunista. Diria mais: como a ideia \u00e9 dar luz \u00e0s obras do governo, a despesa acaba sendo uma quest\u00e3o de sobreviv\u00eancia. Sei, no entanto, que faz parte do jogo maquiav\u00e9lico do bolsonarismo desacreditar de tudo que eventualmente deponha contra o mito de barro. Eita povinho preconceituoso, invejoso, mas noveleiro at\u00e9 o \u00faltimo fio de cabelo. Voc\u00eas precisam entender que \u00e9 quase imposs\u00edvel defender obras sem trabalho. Como no Brasil do Jair tudo \u00e9 poss\u00edvel, quem sabe um dos autores da <em>Globo<\/em> crie um novo hor\u00e1rio para, por exemplo, explicar que inaugurar o que n\u00e3o construiu tamb\u00e9m \u00e9 um ato de amor.<\/p>\n<p>Ser\u00e1 que n\u00e3o percebem que, pr\u00e9-candidato \u00e0 reelei\u00e7\u00e3o, o presidente n\u00e3o sobreviver\u00e1 sem o espa\u00e7o do Plim Plim. Sem a <em>Globo Lixo<\/em> \u00e9 praticamente imposs\u00edvel divulgar obras e programas realizados nos \u00faltimos tr\u00eas anos e sete meses. N\u00e3o sei de onde sa\u00edram tantas obras assim, mas parece que est\u00e1 na justificativa desse novo gasto sucupirano. Falando s\u00e9rio, n\u00e3o alcan\u00e7o nada de negativo em o governo federal anunciar na televis\u00e3o dos Marinho, conhecida mundialmente como a maior rede de TV do Brasil. E a\u00ed pouco importa se agrada ou n\u00e3o aos bolsonaristas raiz. Raivosos por natureza, os ataques dos apologistas do caos continuar\u00e3o recorrentes.<\/p>\n<p>\u00c9 a turma que n\u00e3o aceita a vit\u00f3ria alheia e, especificamente em rela\u00e7\u00e3o \u00e0 <em>Globo<\/em>, s\u00f3 se rende no sil\u00eancio matutino, vespertino e noturno do sof\u00e1 da sala. Conhecem todas as receitas de Ana Maria Braga, flertam diariamente com o Encontro, n\u00e3o saem do \u00c9 de Casa, se enfurecem com as not\u00edcias negativas do JH e do JN, mas a pedido do cl\u00e3 Bolsonaro, juram que n\u00e3o assistem ao canal carioca do Jardim Bot\u00e2nico. Como quem jura mente, \u00e9 \u00f3bvio que essa mentira n\u00e3o cola mais nem em muro de chapisco. Pelos menos 11 entre dez bolsonaristas com os quais insisto na amizade n\u00e3o perdem um jogo do Campeonato Brasileiro ou da Copa do Brasil. E quem tem os direitos dos dois torneios?<\/p>\n<p>Devidamente vacinado, tento encontr\u00e1-los de vez em quando \u00e0 noite, mas esbarro na concorr\u00eancia da novela <em>Pantanal<\/em>. E quem transmite o folhetim? A mesma emissora que n\u00e3o desliga nunca nos pal\u00e1cios do Planalto e da Alvorada. \u00c9 nela que o Odorico Paragua\u00e7u do Cerrado se pauta e pauta seus colaboradores mais pr\u00f3ximos. Deixando de lado a falta de coragem dos que adoram silenciosamente a <em>TV Globo<\/em>, \u00e9 de um amadorismo mais do que provinciano n\u00e3o se render \u00e0 for\u00e7a do grupo. Tamb\u00e9m tenho restri\u00e7\u00f5es \u00e0 programa\u00e7\u00e3o, aos mexericos e \u00e0 libertinagem desnecess\u00e1ria das telenovelas e a alguns exageros jornal\u00edsticos.<\/p>\n<p>Entretanto, n\u00e3o desdenho do poder de comunica\u00e7\u00e3o e da qualidade da programa\u00e7\u00e3o da empresa, tampouco passa pela minha cabe\u00e7a de comunic\u00f3logo compar\u00e1-la \u00e0s supostas coirm\u00e3s, cujas afinidades s\u00e3o similares \u00e0s de um le\u00e3o faminto com uma gazela isolada da fam\u00edlia. Sinceramente, desconhe\u00e7o o trabalho e as obras que ser\u00e3o citadas nas campanhas publicit\u00e1rias que o governo ir\u00e1 veicular na <em>Globo Lixo<\/em>. Tomara que tudo seja real. Se as pe\u00e7as forem parecidas com as mostradas primitivamente no Ratinho, no Datena ou na TV do Bispo Edir Macedo certamente o telespectador da emissora dos Marinho ir\u00e1 dizer, e com certa raz\u00e3o, que o presidente da Rep\u00fablica s\u00f3 quer aparecer.<\/p>\n<p>Trabalhar que \u00e9 bom&#8230; Quanto ao custo da publicidade no Plim Plim, melhor gastar onde se \u00e9 visto por multid\u00f5es. Pelo menos foi vencida a tese de acabar com a <em>Globo Lixo<\/em>. Na verdade, essa tese nunca existiu. Enquanto durou, serviu apenas para inflar os \u00e2nimos daqueles que, mesmo desconhecendo as raz\u00f5es, teimam em acreditar nos discursos do mito de barro contra a corrup\u00e7\u00e3o, a moral e os bons costumes. \u00c9 a Sucupira do Odorico Paragua\u00e7u do Cerrado inteirinha na <em>TV Globo<\/em>. A diferen\u00e7a da fic\u00e7\u00e3o para a raz\u00e3o \u00e9 a emo\u00e7\u00e3o. Agora, depois do mentiroso estardalha\u00e7o para ati\u00e7ar os inocentes \u00fateis, eis que teremos <em>Jornal Nacional, Pantanal e Meng\u00e3o<\/em> sob os ausp\u00edcios do governo Bolsonaro. Como diria o poeta Jorge Benjor, errare humanum est.<\/p>\n<p><strong>*Mathuzal\u00e9m J\u00fanior \u00e9 jornalista profissional desde 1978<\/strong><\/p>\n","protected":false},"excerpt":{"rendered":"<p>Conforme conv\u00e9m aos bolsonaristas raiz, a informa\u00e7\u00e3o de que o governo de Jair Messias elevou em 75% os gastos de publicidade com a TV Globo soou como mais uma mentira esfarrapada da m\u00eddia comunista e fraudulenta. Povo de Sucupira, claro que \u00e9 verdade e uma verdade oportunista. Diria mais: como a ideia \u00e9 dar luz [&hellip;]<\/p>\n","protected":false},"author":2,"featured_media":288422,"comment_status":"closed","ping_status":"closed","sticky":false,"template":"","format":"standard","meta":{"_acf_changed":false,"footnotes":""},"categories":[26],"tags":[95],"class_list":["post-288421","post","type-post","status-publish","format-standard","has-post-thumbnail","hentry","category-eleicoes-2022","tag-capa"],"acf":[],"yoast_head":"<!-- This site is optimized with the Yoast SEO plugin v27.2 - https:\/\/yoast.com\/product\/yoast-seo-wordpress\/ -->\n<title>Jair nadou, mas pra n\u00e3o morrer na praia, se rendeu ao Plim Plim - Notibras<\/title>\n<meta name=\"robots\" content=\"index, follow, max-snippet:-1, max-image-preview:large, max-video-preview:-1\" \/>\n<link rel=\"canonical\" href=\"https:\/\/www.notibras.com\/site\/jair-nadou-mas-pra-nao-morrer-na-praia-se-rendeu-ao-plim-plim\/\" \/>\n<meta property=\"og:locale\" content=\"pt_BR\" \/>\n<meta property=\"og:type\" content=\"article\" \/>\n<meta property=\"og:title\" content=\"Jair nadou, mas pra n\u00e3o morrer na praia, se rendeu ao Plim Plim - Notibras\" \/>\n<meta property=\"og:description\" content=\"Conforme conv\u00e9m aos bolsonaristas raiz, a informa\u00e7\u00e3o de que o governo de Jair Messias elevou em 75% os gastos de publicidade com a TV Globo soou como mais uma mentira esfarrapada da m\u00eddia comunista e fraudulenta. Povo de Sucupira, claro que \u00e9 verdade e uma verdade oportunista. Diria mais: como a ideia \u00e9 dar luz [&hellip;]\" \/>\n<meta property=\"og:url\" content=\"https:\/\/www.notibras.com\/site\/jair-nadou-mas-pra-nao-morrer-na-praia-se-rendeu-ao-plim-plim\/\" \/>\n<meta property=\"og:site_name\" content=\"Notibras\" \/>\n<meta property=\"article:publisher\" content=\"https:\/\/www.facebook.com\/notibras\/\" \/>\n<meta property=\"article:published_time\" content=\"2022-07-05T11:05:12+00:00\" \/>\n<meta property=\"article:modified_time\" content=\"2022-07-05T11:06:47+00:00\" \/>\n<meta property=\"og:image\" content=\"https:\/\/www.notibras.com\/site\/wp-content\/uploads\/2022\/07\/globotv.webp\" \/>\n\t<meta property=\"og:image:width\" content=\"1920\" \/>\n\t<meta property=\"og:image:height\" content=\"1080\" \/>\n\t<meta property=\"og:image:type\" content=\"image\/webp\" \/>\n<meta name=\"author\" content=\"Reda\u00e7\u00e3o\" \/>\n<meta name=\"twitter:card\" content=\"summary_large_image\" \/>\n<meta name=\"twitter:creator\" content=\"@Notibras\" \/>\n<meta name=\"twitter:site\" content=\"@Notibras\" \/>\n<meta name=\"twitter:label1\" content=\"Escrito por\" \/>\n\t<meta name=\"twitter:data1\" content=\"Reda\u00e7\u00e3o\" \/>\n\t<meta name=\"twitter:label2\" content=\"Est. tempo de leitura\" \/>\n\t<meta name=\"twitter:data2\" content=\"4 minutos\" \/>\n<script type=\"application\/ld+json\" class=\"yoast-schema-graph\">{\"@context\":\"https:\/\/schema.org\",\"@graph\":[{\"@type\":\"Article\",\"@id\":\"https:\/\/www.notibras.com\/site\/jair-nadou-mas-pra-nao-morrer-na-praia-se-rendeu-ao-plim-plim\/#article\",\"isPartOf\":{\"@id\":\"https:\/\/www.notibras.com\/site\/jair-nadou-mas-pra-nao-morrer-na-praia-se-rendeu-ao-plim-plim\/\"},\"author\":{\"name\":\"Reda\u00e7\u00e3o\",\"@id\":\"https:\/\/www.notibras.com\/site\/#\/schema\/person\/36ab0979449956132d3e5b517ea76ac8\"},\"headline\":\"Jair nadou, mas pra n\u00e3o morrer na praia, se rendeu ao Plim Plim\",\"datePublished\":\"2022-07-05T11:05:12+00:00\",\"dateModified\":\"2022-07-05T11:06:47+00:00\",\"mainEntityOfPage\":{\"@id\":\"https:\/\/www.notibras.com\/site\/jair-nadou-mas-pra-nao-morrer-na-praia-se-rendeu-ao-plim-plim\/\"},\"wordCount\":780,\"publisher\":{\"@id\":\"https:\/\/www.notibras.com\/site\/#organization\"},\"image\":{\"@id\":\"https:\/\/www.notibras.com\/site\/jair-nadou-mas-pra-nao-morrer-na-praia-se-rendeu-ao-plim-plim\/#primaryimage\"},\"thumbnailUrl\":\"https:\/\/www.notibras.com\/site\/wp-content\/uploads\/2022\/07\/globotv.webp\",\"keywords\":[\"capa\"],\"articleSection\":[\"Elei\u00e7\u00f5es 2022\"],\"inLanguage\":\"pt-BR\"},{\"@type\":\"WebPage\",\"@id\":\"https:\/\/www.notibras.com\/site\/jair-nadou-mas-pra-nao-morrer-na-praia-se-rendeu-ao-plim-plim\/\",\"url\":\"https:\/\/www.notibras.com\/site\/jair-nadou-mas-pra-nao-morrer-na-praia-se-rendeu-ao-plim-plim\/\",\"name\":\"Jair nadou, mas pra n\u00e3o morrer na praia, se rendeu ao Plim Plim - Notibras\",\"isPartOf\":{\"@id\":\"https:\/\/www.notibras.com\/site\/#website\"},\"primaryImageOfPage\":{\"@id\":\"https:\/\/www.notibras.com\/site\/jair-nadou-mas-pra-nao-morrer-na-praia-se-rendeu-ao-plim-plim\/#primaryimage\"},\"image\":{\"@id\":\"https:\/\/www.notibras.com\/site\/jair-nadou-mas-pra-nao-morrer-na-praia-se-rendeu-ao-plim-plim\/#primaryimage\"},\"thumbnailUrl\":\"https:\/\/www.notibras.com\/site\/wp-content\/uploads\/2022\/07\/globotv.webp\",\"datePublished\":\"2022-07-05T11:05:12+00:00\",\"dateModified\":\"2022-07-05T11:06:47+00:00\",\"breadcrumb\":{\"@id\":\"https:\/\/www.notibras.com\/site\/jair-nadou-mas-pra-nao-morrer-na-praia-se-rendeu-ao-plim-plim\/#breadcrumb\"},\"inLanguage\":\"pt-BR\",\"potentialAction\":[{\"@type\":\"ReadAction\",\"target\":[\"https:\/\/www.notibras.com\/site\/jair-nadou-mas-pra-nao-morrer-na-praia-se-rendeu-ao-plim-plim\/\"]}]},{\"@type\":\"ImageObject\",\"inLanguage\":\"pt-BR\",\"@id\":\"https:\/\/www.notibras.com\/site\/jair-nadou-mas-pra-nao-morrer-na-praia-se-rendeu-ao-plim-plim\/#primaryimage\",\"url\":\"https:\/\/www.notibras.com\/site\/wp-content\/uploads\/2022\/07\/globotv.webp\",\"contentUrl\":\"https:\/\/www.notibras.com\/site\/wp-content\/uploads\/2022\/07\/globotv.webp\",\"width\":1920,\"height\":1080},{\"@type\":\"BreadcrumbList\",\"@id\":\"https:\/\/www.notibras.com\/site\/jair-nadou-mas-pra-nao-morrer-na-praia-se-rendeu-ao-plim-plim\/#breadcrumb\",\"itemListElement\":[{\"@type\":\"ListItem\",\"position\":1,\"name\":\"In\u00edcio\",\"item\":\"https:\/\/www.notibras.com\/site\/\"},{\"@type\":\"ListItem\",\"position\":2,\"name\":\"Jair nadou, mas pra n\u00e3o morrer na praia, se rendeu ao Plim Plim\"}]},{\"@type\":\"WebSite\",\"@id\":\"https:\/\/www.notibras.com\/site\/#website\",\"url\":\"https:\/\/www.notibras.com\/site\/\",\"name\":\"Notibras\",\"description\":\"Not\u00edcias de Bras\u00edlia, do Brasil e do Mundo\",\"publisher\":{\"@id\":\"https:\/\/www.notibras.com\/site\/#organization\"},\"potentialAction\":[{\"@type\":\"SearchAction\",\"target\":{\"@type\":\"EntryPoint\",\"urlTemplate\":\"https:\/\/www.notibras.com\/site\/?s={search_term_string}\"},\"query-input\":{\"@type\":\"PropertyValueSpecification\",\"valueRequired\":true,\"valueName\":\"search_term_string\"}}],\"inLanguage\":\"pt-BR\"},{\"@type\":\"Organization\",\"@id\":\"https:\/\/www.notibras.com\/site\/#organization\",\"name\":\"Grupo Notibras de Comunica\u00e7\u00e3o\",\"url\":\"https:\/\/www.notibras.com\/site\/\",\"logo\":{\"@type\":\"ImageObject\",\"inLanguage\":\"pt-BR\",\"@id\":\"https:\/\/www.notibras.com\/site\/#\/schema\/logo\/image\/\",\"url\":\"https:\/\/www.notibras.com\/site\/wp-content\/uploads\/2023\/01\/notibras23.png\",\"contentUrl\":\"https:\/\/www.notibras.com\/site\/wp-content\/uploads\/2023\/01\/notibras23.png\",\"width\":350,\"height\":87,\"caption\":\"Grupo Notibras de Comunica\u00e7\u00e3o\"},\"image\":{\"@id\":\"https:\/\/www.notibras.com\/site\/#\/schema\/logo\/image\/\"},\"sameAs\":[\"https:\/\/www.facebook.com\/notibras\/\",\"https:\/\/x.com\/Notibras\",\"https:\/\/www.instagram.com\/notibras\/\"]},{\"@type\":\"Person\",\"@id\":\"https:\/\/www.notibras.com\/site\/#\/schema\/person\/36ab0979449956132d3e5b517ea76ac8\",\"name\":\"Reda\u00e7\u00e3o\",\"image\":{\"@type\":\"ImageObject\",\"inLanguage\":\"pt-BR\",\"@id\":\"https:\/\/secure.gravatar.com\/avatar\/e0a867bdedb85fd243eadf09663511f96fc81e0720a4a42581f334ad4303aa6b?s=96&d=mm&r=g\",\"url\":\"https:\/\/secure.gravatar.com\/avatar\/e0a867bdedb85fd243eadf09663511f96fc81e0720a4a42581f334ad4303aa6b?s=96&d=mm&r=g\",\"contentUrl\":\"https:\/\/secure.gravatar.com\/avatar\/e0a867bdedb85fd243eadf09663511f96fc81e0720a4a42581f334ad4303aa6b?s=96&d=mm&r=g\",\"caption\":\"Reda\u00e7\u00e3o\"}}]}<\/script>\n<!-- \/ Yoast SEO plugin. -->","yoast_head_json":{"title":"Jair nadou, mas pra n\u00e3o morrer na praia, se rendeu ao Plim Plim - Notibras","robots":{"index":"index","follow":"follow","max-snippet":"max-snippet:-1","max-image-preview":"max-image-preview:large","max-video-preview":"max-video-preview:-1"},"canonical":"https:\/\/www.notibras.com\/site\/jair-nadou-mas-pra-nao-morrer-na-praia-se-rendeu-ao-plim-plim\/","og_locale":"pt_BR","og_type":"article","og_title":"Jair nadou, mas pra n\u00e3o morrer na praia, se rendeu ao Plim Plim - Notibras","og_description":"Conforme conv\u00e9m aos bolsonaristas raiz, a informa\u00e7\u00e3o de que o governo de Jair Messias elevou em 75% os gastos de publicidade com a TV Globo soou como mais uma mentira esfarrapada da m\u00eddia comunista e fraudulenta. Povo de Sucupira, claro que \u00e9 verdade e uma verdade oportunista. Diria mais: como a ideia \u00e9 dar luz [&hellip;]","og_url":"https:\/\/www.notibras.com\/site\/jair-nadou-mas-pra-nao-morrer-na-praia-se-rendeu-ao-plim-plim\/","og_site_name":"Notibras","article_publisher":"https:\/\/www.facebook.com\/notibras\/","article_published_time":"2022-07-05T11:05:12+00:00","article_modified_time":"2022-07-05T11:06:47+00:00","og_image":[{"width":1920,"height":1080,"url":"https:\/\/www.notibras.com\/site\/wp-content\/uploads\/2022\/07\/globotv.webp","type":"image\/webp"}],"author":"Reda\u00e7\u00e3o","twitter_card":"summary_large_image","twitter_creator":"@Notibras","twitter_site":"@Notibras","twitter_misc":{"Escrito por":"Reda\u00e7\u00e3o","Est. tempo de leitura":"4 minutos"},"schema":{"@context":"https:\/\/schema.org","@graph":[{"@type":"Article","@id":"https:\/\/www.notibras.com\/site\/jair-nadou-mas-pra-nao-morrer-na-praia-se-rendeu-ao-plim-plim\/#article","isPartOf":{"@id":"https:\/\/www.notibras.com\/site\/jair-nadou-mas-pra-nao-morrer-na-praia-se-rendeu-ao-plim-plim\/"},"author":{"name":"Reda\u00e7\u00e3o","@id":"https:\/\/www.notibras.com\/site\/#\/schema\/person\/36ab0979449956132d3e5b517ea76ac8"},"headline":"Jair nadou, mas pra n\u00e3o morrer na praia, se rendeu ao Plim Plim","datePublished":"2022-07-05T11:05:12+00:00","dateModified":"2022-07-05T11:06:47+00:00","mainEntityOfPage":{"@id":"https:\/\/www.notibras.com\/site\/jair-nadou-mas-pra-nao-morrer-na-praia-se-rendeu-ao-plim-plim\/"},"wordCount":780,"publisher":{"@id":"https:\/\/www.notibras.com\/site\/#organization"},"image":{"@id":"https:\/\/www.notibras.com\/site\/jair-nadou-mas-pra-nao-morrer-na-praia-se-rendeu-ao-plim-plim\/#primaryimage"},"thumbnailUrl":"https:\/\/www.notibras.com\/site\/wp-content\/uploads\/2022\/07\/globotv.webp","keywords":["capa"],"articleSection":["Elei\u00e7\u00f5es 2022"],"inLanguage":"pt-BR"},{"@type":"WebPage","@id":"https:\/\/www.notibras.com\/site\/jair-nadou-mas-pra-nao-morrer-na-praia-se-rendeu-ao-plim-plim\/","url":"https:\/\/www.notibras.com\/site\/jair-nadou-mas-pra-nao-morrer-na-praia-se-rendeu-ao-plim-plim\/","name":"Jair nadou, mas pra n\u00e3o morrer na praia, se rendeu ao Plim Plim - Notibras","isPartOf":{"@id":"https:\/\/www.notibras.com\/site\/#website"},"primaryImageOfPage":{"@id":"https:\/\/www.notibras.com\/site\/jair-nadou-mas-pra-nao-morrer-na-praia-se-rendeu-ao-plim-plim\/#primaryimage"},"image":{"@id":"https:\/\/www.notibras.com\/site\/jair-nadou-mas-pra-nao-morrer-na-praia-se-rendeu-ao-plim-plim\/#primaryimage"},"thumbnailUrl":"https:\/\/www.notibras.com\/site\/wp-content\/uploads\/2022\/07\/globotv.webp","datePublished":"2022-07-05T11:05:12+00:00","dateModified":"2022-07-05T11:06:47+00:00","breadcrumb":{"@id":"https:\/\/www.notibras.com\/site\/jair-nadou-mas-pra-nao-morrer-na-praia-se-rendeu-ao-plim-plim\/#breadcrumb"},"inLanguage":"pt-BR","potentialAction":[{"@type":"ReadAction","target":["https:\/\/www.notibras.com\/site\/jair-nadou-mas-pra-nao-morrer-na-praia-se-rendeu-ao-plim-plim\/"]}]},{"@type":"ImageObject","inLanguage":"pt-BR","@id":"https:\/\/www.notibras.com\/site\/jair-nadou-mas-pra-nao-morrer-na-praia-se-rendeu-ao-plim-plim\/#primaryimage","url":"https:\/\/www.notibras.com\/site\/wp-content\/uploads\/2022\/07\/globotv.webp","contentUrl":"https:\/\/www.notibras.com\/site\/wp-content\/uploads\/2022\/07\/globotv.webp","width":1920,"height":1080},{"@type":"BreadcrumbList","@id":"https:\/\/www.notibras.com\/site\/jair-nadou-mas-pra-nao-morrer-na-praia-se-rendeu-ao-plim-plim\/#breadcrumb","itemListElement":[{"@type":"ListItem","position":1,"name":"In\u00edcio","item":"https:\/\/www.notibras.com\/site\/"},{"@type":"ListItem","position":2,"name":"Jair nadou, mas pra n\u00e3o morrer na praia, se rendeu ao Plim Plim"}]},{"@type":"WebSite","@id":"https:\/\/www.notibras.com\/site\/#website","url":"https:\/\/www.notibras.com\/site\/","name":"Notibras","description":"Not\u00edcias de Bras\u00edlia, do Brasil e do Mundo","publisher":{"@id":"https:\/\/www.notibras.com\/site\/#organization"},"potentialAction":[{"@type":"SearchAction","target":{"@type":"EntryPoint","urlTemplate":"https:\/\/www.notibras.com\/site\/?s={search_term_string}"},"query-input":{"@type":"PropertyValueSpecification","valueRequired":true,"valueName":"search_term_string"}}],"inLanguage":"pt-BR"},{"@type":"Organization","@id":"https:\/\/www.notibras.com\/site\/#organization","name":"Grupo Notibras de Comunica\u00e7\u00e3o","url":"https:\/\/www.notibras.com\/site\/","logo":{"@type":"ImageObject","inLanguage":"pt-BR","@id":"https:\/\/www.notibras.com\/site\/#\/schema\/logo\/image\/","url":"https:\/\/www.notibras.com\/site\/wp-content\/uploads\/2023\/01\/notibras23.png","contentUrl":"https:\/\/www.notibras.com\/site\/wp-content\/uploads\/2023\/01\/notibras23.png","width":350,"height":87,"caption":"Grupo Notibras de Comunica\u00e7\u00e3o"},"image":{"@id":"https:\/\/www.notibras.com\/site\/#\/schema\/logo\/image\/"},"sameAs":["https:\/\/www.facebook.com\/notibras\/","https:\/\/x.com\/Notibras","https:\/\/www.instagram.com\/notibras\/"]},{"@type":"Person","@id":"https:\/\/www.notibras.com\/site\/#\/schema\/person\/36ab0979449956132d3e5b517ea76ac8","name":"Reda\u00e7\u00e3o","image":{"@type":"ImageObject","inLanguage":"pt-BR","@id":"https:\/\/secure.gravatar.com\/avatar\/e0a867bdedb85fd243eadf09663511f96fc81e0720a4a42581f334ad4303aa6b?s=96&d=mm&r=g","url":"https:\/\/secure.gravatar.com\/avatar\/e0a867bdedb85fd243eadf09663511f96fc81e0720a4a42581f334ad4303aa6b?s=96&d=mm&r=g","contentUrl":"https:\/\/secure.gravatar.com\/avatar\/e0a867bdedb85fd243eadf09663511f96fc81e0720a4a42581f334ad4303aa6b?s=96&d=mm&r=g","caption":"Reda\u00e7\u00e3o"}}]}},"amp_enabled":true,"_links":{"self":[{"href":"https:\/\/www.notibras.com\/site\/wp-json\/wp\/v2\/posts\/288421","targetHints":{"allow":["GET"]}}],"collection":[{"href":"https:\/\/www.notibras.com\/site\/wp-json\/wp\/v2\/posts"}],"about":[{"href":"https:\/\/www.notibras.com\/site\/wp-json\/wp\/v2\/types\/post"}],"author":[{"embeddable":true,"href":"https:\/\/www.notibras.com\/site\/wp-json\/wp\/v2\/users\/2"}],"replies":[{"embeddable":true,"href":"https:\/\/www.notibras.com\/site\/wp-json\/wp\/v2\/comments?post=288421"}],"version-history":[{"count":2,"href":"https:\/\/www.notibras.com\/site\/wp-json\/wp\/v2\/posts\/288421\/revisions"}],"predecessor-version":[{"id":288424,"href":"https:\/\/www.notibras.com\/site\/wp-json\/wp\/v2\/posts\/288421\/revisions\/288424"}],"wp:featuredmedia":[{"embeddable":true,"href":"https:\/\/www.notibras.com\/site\/wp-json\/wp\/v2\/media\/288422"}],"wp:attachment":[{"href":"https:\/\/www.notibras.com\/site\/wp-json\/wp\/v2\/media?parent=288421"}],"wp:term":[{"taxonomy":"category","embeddable":true,"href":"https:\/\/www.notibras.com\/site\/wp-json\/wp\/v2\/categories?post=288421"},{"taxonomy":"post_tag","embeddable":true,"href":"https:\/\/www.notibras.com\/site\/wp-json\/wp\/v2\/tags?post=288421"}],"curies":[{"name":"wp","href":"https:\/\/api.w.org\/{rel}","templated":true}]}}