{"id":288590,"date":"2022-07-08T06:00:23","date_gmt":"2022-07-08T09:00:23","guid":{"rendered":"https:\/\/www.notibras.com\/site\/?p=288590"},"modified":"2022-07-08T09:40:53","modified_gmt":"2022-07-08T12:40:53","slug":"voto-e-a-arma-capaz-de-romper-as-algemas-do-pessimismo","status":"publish","type":"post","link":"https:\/\/www.notibras.com\/site\/voto-e-a-arma-capaz-de-romper-as-algemas-do-pessimismo\/","title":{"rendered":"Voto \u00e9 a arma capaz de romper as algemas do pessimismo"},"content":{"rendered":"<p>Como bom samaritano, \u00e0s vezes chego \u00e0s vias de fato contra minha consci\u00eancia para defender os que idolatram algu\u00e9m ou alguma coisa. \u00c9 claro que os \u00eddolos fazem bem para corpos e mentes s\u00e3s. O problema \u00e9 quando a idolatria alcan\u00e7a em cheio os doentes, aqueles em que o mal da maldade come\u00e7a na raiz, isto \u00e9, na forma\u00e7\u00e3o da alma, do gene. Da\u00ed para se transformar em fanatismo \u00e9 pura quest\u00e3o de tempo. Basta aparecer um ser ainda mais hostil e com um m\u00ednimo de intelig\u00eancia para assanhar os f\u00e3s. O modus operandi \u00e9 simples: tudo que seu mestre mandar, faremos todos, mesmo que estejamos criando monstros. Isso n\u00e3o \u00e9 um enredo de novela mexicana, mas uma constata\u00e7\u00e3o a respeito do Brasil de hoje.<\/p>\n<p>Sem exageros, somos governados por um presidente omisso e que, como escreveu o general da reserva Paulo Chagas, ex-apoiador do governo de Jair Messias, \u201cref\u00e9m de uma fac\u00e7\u00e3o pol\u00edtica\u201d. Infelizmente, \u00e9 a verdade nua e crua. A tal fac\u00e7\u00e3o n\u00e3o \u00e9 uma inven\u00e7\u00e3o do general. Ela \u00e9 antiga e vive como sanguessuga de administra\u00e7\u00f5es de anteontem, de ontem e, sobretudo, de hoje. No per\u00edodo do mito, ela ressurgiu depois do constrangedor enfraquecimento p\u00fablico do mandat\u00e1rio. O fato \u00e9 que, mesmo odiada por setores mais ortodoxos do pr\u00f3prio governo Bolsonaro, ela veio para ficar. E nem de longe lembram irm\u00e3os siameses.<\/p>\n<p>Suas lideran\u00e7as podem at\u00e9 aceitar pitacos de diferentes cabe\u00e7as, mas, quando se trata do din din p\u00fablico, o cofre \u00e9 de propriedade exclusiva de seus representantes, principalmente os morubixabas. Os adjetivos para a fac\u00e7\u00e3o pol\u00edtica em quest\u00e3o s\u00e3o v\u00e1rios. Entretanto, nenhum deixa seus l\u00edderes ruborizados. Pelo contr\u00e1rio. Tiram de letra, pois, como profundos conhecedores da falta de mem\u00f3ria do eleitor, t\u00eam certeza de que ter\u00e3o votos suficientes para continuarem mamando nas tetas gordas da vi\u00fava. N\u00e3o se incomodam nem mesmo com a compara\u00e7\u00e3o com o celular pr\u00e9-pago, aquele que s\u00f3 funciona se botar cr\u00e9dito. \u00c9 a esse caranguejal que estamos entregues. Pior \u00e9 que n\u00e3o h\u00e1 solu\u00e7\u00e3o a curto prazo.<\/p>\n<p>Todavia, temos obriga\u00e7\u00e3o de pensar no futuro. E o futuro est\u00e1 logo ali, mais precisamente no dia 2 de outubro. Quem sabe n\u00e3o recuperamos a paz e o verdadeiro patriotismo em janeiro de 2023. Com certeza, \u00e9 esse o desejo da maioria dos brasileiros. \u00c9 claro que iniciar um novo caminho assusta muita gente. Faz parte do jogo da vida. Entretanto, depois de um tempo come\u00e7amos a perceber que era mais perigoso permanecer parado. O segredo para a pavimenta\u00e7\u00e3o de uma s\u00f3lida estrada \u00e9 sempre um come\u00e7o positivo.<\/p>\n<p>Comecemos pela ousadia de n\u00e3o aceitar que o fanatismo \u00e0 direita (e tamb\u00e9m \u00e0 esquerda) perturbe a ordem e nos transforme em servi\u00e7ais irrecuper\u00e1veis ou em s\u00faditos incapazes de proferir algo mais contundente do que um am\u00e9m. Somos muito mais do que simples adeptos do quanto pior melhor. \u00c9 dessa forma que temos de nos perfilar em outubro. Temos a nosso favor o voto secreto e soberano, a arma mais poderosa de uma elei\u00e7\u00e3o. \u00c9 a partir dele que romperemos as algemas que nos atam ao pessimismo. Por mais que ainda duvidemos das boas inten\u00e7\u00f5es de quem eventualmente nos decepcionou, tentemos esquecer as chagas do inc\u00f4modo passado.<\/p>\n<p>Mentalizemos o progresso e abracemos a nobre tarefa de reerguer social e economicamente o Brasil. As alternativas s\u00e3o apenas duas. O pa\u00eds est\u00e1 abandonado e isolado do mundo. Isso n\u00e3o nos faz menor. Pelo contr\u00e1rio. Deve nos dar a necess\u00e1ria for\u00e7a para alcan\u00e7armos a certeza de que o tempo a tudo encaminha e a tudo corrige. Embora incomode \u00e0 minoria, o que for verdadeiro vir\u00e1. Que as lutas sejam vencidas sem traumas e que a alegria volte a fazer morada no cora\u00e7\u00e3o do povo brasileiro. O mais importante \u00e9 a f\u00e9 em dias melhores. Sejamos felizes, pois loucos j\u00e1 estamos. Tenhamos consci\u00eancia de que quem n\u00e3o sabe perder n\u00e3o merece ganhar.<\/p>\n","protected":false},"excerpt":{"rendered":"<p>Como bom samaritano, \u00e0s vezes chego \u00e0s vias de fato contra minha consci\u00eancia para defender os que idolatram algu\u00e9m ou alguma coisa. \u00c9 claro que os \u00eddolos fazem bem para corpos e mentes s\u00e3s. O problema \u00e9 quando a idolatria alcan\u00e7a em cheio os doentes, aqueles em que o mal da maldade come\u00e7a na raiz, [&hellip;]<\/p>\n","protected":false},"author":2,"featured_media":288591,"comment_status":"closed","ping_status":"closed","sticky":false,"template":"","format":"standard","meta":{"_acf_changed":false,"footnotes":""},"categories":[26],"tags":[95],"class_list":["post-288590","post","type-post","status-publish","format-standard","has-post-thumbnail","hentry","category-eleicoes-2022","tag-capa"],"acf":[],"yoast_head":"<!-- This site is optimized with the Yoast SEO plugin v27.2 - https:\/\/yoast.com\/product\/yoast-seo-wordpress\/ -->\n<title>Voto \u00e9 a arma capaz de romper as algemas do pessimismo - Notibras<\/title>\n<meta name=\"robots\" content=\"index, follow, max-snippet:-1, max-image-preview:large, max-video-preview:-1\" \/>\n<link rel=\"canonical\" href=\"https:\/\/www.notibras.com\/site\/voto-e-a-arma-capaz-de-romper-as-algemas-do-pessimismo\/\" \/>\n<meta property=\"og:locale\" content=\"pt_BR\" \/>\n<meta property=\"og:type\" content=\"article\" \/>\n<meta property=\"og:title\" content=\"Voto \u00e9 a arma capaz de romper as algemas do pessimismo - Notibras\" \/>\n<meta property=\"og:description\" content=\"Como bom samaritano, \u00e0s vezes chego \u00e0s vias de fato contra minha consci\u00eancia para defender os que idolatram algu\u00e9m ou alguma coisa. \u00c9 claro que os \u00eddolos fazem bem para corpos e mentes s\u00e3s. O problema \u00e9 quando a idolatria alcan\u00e7a em cheio os doentes, aqueles em que o mal da maldade come\u00e7a na raiz, [&hellip;]\" \/>\n<meta property=\"og:url\" content=\"https:\/\/www.notibras.com\/site\/voto-e-a-arma-capaz-de-romper-as-algemas-do-pessimismo\/\" \/>\n<meta property=\"og:site_name\" content=\"Notibras\" \/>\n<meta property=\"article:publisher\" content=\"https:\/\/www.facebook.com\/notibras\/\" \/>\n<meta property=\"article:published_time\" content=\"2022-07-08T09:00:23+00:00\" \/>\n<meta property=\"article:modified_time\" content=\"2022-07-08T12:40:53+00:00\" \/>\n<meta property=\"og:image\" content=\"https:\/\/www.notibras.com\/site\/wp-content\/uploads\/2022\/07\/931491-eleicoes-2014-6367.jpg\" \/>\n\t<meta property=\"og:image:width\" content=\"770\" \/>\n\t<meta property=\"og:image:height\" content=\"512\" \/>\n\t<meta property=\"og:image:type\" content=\"image\/jpeg\" \/>\n<meta name=\"author\" content=\"Reda\u00e7\u00e3o\" \/>\n<meta name=\"twitter:card\" content=\"summary_large_image\" \/>\n<meta name=\"twitter:creator\" content=\"@Notibras\" \/>\n<meta name=\"twitter:site\" content=\"@Notibras\" \/>\n<meta name=\"twitter:label1\" content=\"Escrito por\" \/>\n\t<meta name=\"twitter:data1\" content=\"Reda\u00e7\u00e3o\" \/>\n\t<meta name=\"twitter:label2\" content=\"Est. tempo de leitura\" \/>\n\t<meta name=\"twitter:data2\" content=\"4 minutos\" \/>\n<script type=\"application\/ld+json\" class=\"yoast-schema-graph\">{\"@context\":\"https:\/\/schema.org\",\"@graph\":[{\"@type\":\"Article\",\"@id\":\"https:\/\/www.notibras.com\/site\/voto-e-a-arma-capaz-de-romper-as-algemas-do-pessimismo\/#article\",\"isPartOf\":{\"@id\":\"https:\/\/www.notibras.com\/site\/voto-e-a-arma-capaz-de-romper-as-algemas-do-pessimismo\/\"},\"author\":{\"name\":\"Reda\u00e7\u00e3o\",\"@id\":\"https:\/\/www.notibras.com\/site\/#\/schema\/person\/36ab0979449956132d3e5b517ea76ac8\"},\"headline\":\"Voto \u00e9 a arma capaz de romper as algemas do pessimismo\",\"datePublished\":\"2022-07-08T09:00:23+00:00\",\"dateModified\":\"2022-07-08T12:40:53+00:00\",\"mainEntityOfPage\":{\"@id\":\"https:\/\/www.notibras.com\/site\/voto-e-a-arma-capaz-de-romper-as-algemas-do-pessimismo\/\"},\"wordCount\":697,\"publisher\":{\"@id\":\"https:\/\/www.notibras.com\/site\/#organization\"},\"image\":{\"@id\":\"https:\/\/www.notibras.com\/site\/voto-e-a-arma-capaz-de-romper-as-algemas-do-pessimismo\/#primaryimage\"},\"thumbnailUrl\":\"https:\/\/www.notibras.com\/site\/wp-content\/uploads\/2022\/07\/931491-eleicoes-2014-6367.jpg\",\"keywords\":[\"capa\"],\"articleSection\":[\"Elei\u00e7\u00f5es 2022\"],\"inLanguage\":\"pt-BR\"},{\"@type\":\"WebPage\",\"@id\":\"https:\/\/www.notibras.com\/site\/voto-e-a-arma-capaz-de-romper-as-algemas-do-pessimismo\/\",\"url\":\"https:\/\/www.notibras.com\/site\/voto-e-a-arma-capaz-de-romper-as-algemas-do-pessimismo\/\",\"name\":\"Voto \u00e9 a arma capaz de romper as algemas do pessimismo - Notibras\",\"isPartOf\":{\"@id\":\"https:\/\/www.notibras.com\/site\/#website\"},\"primaryImageOfPage\":{\"@id\":\"https:\/\/www.notibras.com\/site\/voto-e-a-arma-capaz-de-romper-as-algemas-do-pessimismo\/#primaryimage\"},\"image\":{\"@id\":\"https:\/\/www.notibras.com\/site\/voto-e-a-arma-capaz-de-romper-as-algemas-do-pessimismo\/#primaryimage\"},\"thumbnailUrl\":\"https:\/\/www.notibras.com\/site\/wp-content\/uploads\/2022\/07\/931491-eleicoes-2014-6367.jpg\",\"datePublished\":\"2022-07-08T09:00:23+00:00\",\"dateModified\":\"2022-07-08T12:40:53+00:00\",\"breadcrumb\":{\"@id\":\"https:\/\/www.notibras.com\/site\/voto-e-a-arma-capaz-de-romper-as-algemas-do-pessimismo\/#breadcrumb\"},\"inLanguage\":\"pt-BR\",\"potentialAction\":[{\"@type\":\"ReadAction\",\"target\":[\"https:\/\/www.notibras.com\/site\/voto-e-a-arma-capaz-de-romper-as-algemas-do-pessimismo\/\"]}]},{\"@type\":\"ImageObject\",\"inLanguage\":\"pt-BR\",\"@id\":\"https:\/\/www.notibras.com\/site\/voto-e-a-arma-capaz-de-romper-as-algemas-do-pessimismo\/#primaryimage\",\"url\":\"https:\/\/www.notibras.com\/site\/wp-content\/uploads\/2022\/07\/931491-eleicoes-2014-6367.jpg\",\"contentUrl\":\"https:\/\/www.notibras.com\/site\/wp-content\/uploads\/2022\/07\/931491-eleicoes-2014-6367.jpg\",\"width\":770,\"height\":512,\"caption\":\"Belo Horizonte (MG) - Justi\u00e7a Eleitoral apreende nas ruas material de campanha utilizados fora do hor\u00e1rio permitido (Valter Campanato\/Ag\u00eancia Brasil)\"},{\"@type\":\"BreadcrumbList\",\"@id\":\"https:\/\/www.notibras.com\/site\/voto-e-a-arma-capaz-de-romper-as-algemas-do-pessimismo\/#breadcrumb\",\"itemListElement\":[{\"@type\":\"ListItem\",\"position\":1,\"name\":\"In\u00edcio\",\"item\":\"https:\/\/www.notibras.com\/site\/\"},{\"@type\":\"ListItem\",\"position\":2,\"name\":\"Voto \u00e9 a arma capaz de romper as algemas do pessimismo\"}]},{\"@type\":\"WebSite\",\"@id\":\"https:\/\/www.notibras.com\/site\/#website\",\"url\":\"https:\/\/www.notibras.com\/site\/\",\"name\":\"Notibras\",\"description\":\"Not\u00edcias de Bras\u00edlia, do Brasil e do Mundo\",\"publisher\":{\"@id\":\"https:\/\/www.notibras.com\/site\/#organization\"},\"potentialAction\":[{\"@type\":\"SearchAction\",\"target\":{\"@type\":\"EntryPoint\",\"urlTemplate\":\"https:\/\/www.notibras.com\/site\/?s={search_term_string}\"},\"query-input\":{\"@type\":\"PropertyValueSpecification\",\"valueRequired\":true,\"valueName\":\"search_term_string\"}}],\"inLanguage\":\"pt-BR\"},{\"@type\":\"Organization\",\"@id\":\"https:\/\/www.notibras.com\/site\/#organization\",\"name\":\"Grupo Notibras de Comunica\u00e7\u00e3o\",\"url\":\"https:\/\/www.notibras.com\/site\/\",\"logo\":{\"@type\":\"ImageObject\",\"inLanguage\":\"pt-BR\",\"@id\":\"https:\/\/www.notibras.com\/site\/#\/schema\/logo\/image\/\",\"url\":\"https:\/\/www.notibras.com\/site\/wp-content\/uploads\/2023\/01\/notibras23.png\",\"contentUrl\":\"https:\/\/www.notibras.com\/site\/wp-content\/uploads\/2023\/01\/notibras23.png\",\"width\":350,\"height\":87,\"caption\":\"Grupo Notibras de Comunica\u00e7\u00e3o\"},\"image\":{\"@id\":\"https:\/\/www.notibras.com\/site\/#\/schema\/logo\/image\/\"},\"sameAs\":[\"https:\/\/www.facebook.com\/notibras\/\",\"https:\/\/x.com\/Notibras\",\"https:\/\/www.instagram.com\/notibras\/\"]},{\"@type\":\"Person\",\"@id\":\"https:\/\/www.notibras.com\/site\/#\/schema\/person\/36ab0979449956132d3e5b517ea76ac8\",\"name\":\"Reda\u00e7\u00e3o\",\"image\":{\"@type\":\"ImageObject\",\"inLanguage\":\"pt-BR\",\"@id\":\"https:\/\/secure.gravatar.com\/avatar\/e0a867bdedb85fd243eadf09663511f96fc81e0720a4a42581f334ad4303aa6b?s=96&d=mm&r=g\",\"url\":\"https:\/\/secure.gravatar.com\/avatar\/e0a867bdedb85fd243eadf09663511f96fc81e0720a4a42581f334ad4303aa6b?s=96&d=mm&r=g\",\"contentUrl\":\"https:\/\/secure.gravatar.com\/avatar\/e0a867bdedb85fd243eadf09663511f96fc81e0720a4a42581f334ad4303aa6b?s=96&d=mm&r=g\",\"caption\":\"Reda\u00e7\u00e3o\"}}]}<\/script>\n<!-- \/ Yoast SEO plugin. -->","yoast_head_json":{"title":"Voto \u00e9 a arma capaz de romper as algemas do pessimismo - Notibras","robots":{"index":"index","follow":"follow","max-snippet":"max-snippet:-1","max-image-preview":"max-image-preview:large","max-video-preview":"max-video-preview:-1"},"canonical":"https:\/\/www.notibras.com\/site\/voto-e-a-arma-capaz-de-romper-as-algemas-do-pessimismo\/","og_locale":"pt_BR","og_type":"article","og_title":"Voto \u00e9 a arma capaz de romper as algemas do pessimismo - Notibras","og_description":"Como bom samaritano, \u00e0s vezes chego \u00e0s vias de fato contra minha consci\u00eancia para defender os que idolatram algu\u00e9m ou alguma coisa. \u00c9 claro que os \u00eddolos fazem bem para corpos e mentes s\u00e3s. O problema \u00e9 quando a idolatria alcan\u00e7a em cheio os doentes, aqueles em que o mal da maldade come\u00e7a na raiz, [&hellip;]","og_url":"https:\/\/www.notibras.com\/site\/voto-e-a-arma-capaz-de-romper-as-algemas-do-pessimismo\/","og_site_name":"Notibras","article_publisher":"https:\/\/www.facebook.com\/notibras\/","article_published_time":"2022-07-08T09:00:23+00:00","article_modified_time":"2022-07-08T12:40:53+00:00","og_image":[{"width":770,"height":512,"url":"https:\/\/www.notibras.com\/site\/wp-content\/uploads\/2022\/07\/931491-eleicoes-2014-6367.jpg","type":"image\/jpeg"}],"author":"Reda\u00e7\u00e3o","twitter_card":"summary_large_image","twitter_creator":"@Notibras","twitter_site":"@Notibras","twitter_misc":{"Escrito por":"Reda\u00e7\u00e3o","Est. tempo de leitura":"4 minutos"},"schema":{"@context":"https:\/\/schema.org","@graph":[{"@type":"Article","@id":"https:\/\/www.notibras.com\/site\/voto-e-a-arma-capaz-de-romper-as-algemas-do-pessimismo\/#article","isPartOf":{"@id":"https:\/\/www.notibras.com\/site\/voto-e-a-arma-capaz-de-romper-as-algemas-do-pessimismo\/"},"author":{"name":"Reda\u00e7\u00e3o","@id":"https:\/\/www.notibras.com\/site\/#\/schema\/person\/36ab0979449956132d3e5b517ea76ac8"},"headline":"Voto \u00e9 a arma capaz de romper as algemas do pessimismo","datePublished":"2022-07-08T09:00:23+00:00","dateModified":"2022-07-08T12:40:53+00:00","mainEntityOfPage":{"@id":"https:\/\/www.notibras.com\/site\/voto-e-a-arma-capaz-de-romper-as-algemas-do-pessimismo\/"},"wordCount":697,"publisher":{"@id":"https:\/\/www.notibras.com\/site\/#organization"},"image":{"@id":"https:\/\/www.notibras.com\/site\/voto-e-a-arma-capaz-de-romper-as-algemas-do-pessimismo\/#primaryimage"},"thumbnailUrl":"https:\/\/www.notibras.com\/site\/wp-content\/uploads\/2022\/07\/931491-eleicoes-2014-6367.jpg","keywords":["capa"],"articleSection":["Elei\u00e7\u00f5es 2022"],"inLanguage":"pt-BR"},{"@type":"WebPage","@id":"https:\/\/www.notibras.com\/site\/voto-e-a-arma-capaz-de-romper-as-algemas-do-pessimismo\/","url":"https:\/\/www.notibras.com\/site\/voto-e-a-arma-capaz-de-romper-as-algemas-do-pessimismo\/","name":"Voto \u00e9 a arma capaz de romper as algemas do pessimismo - Notibras","isPartOf":{"@id":"https:\/\/www.notibras.com\/site\/#website"},"primaryImageOfPage":{"@id":"https:\/\/www.notibras.com\/site\/voto-e-a-arma-capaz-de-romper-as-algemas-do-pessimismo\/#primaryimage"},"image":{"@id":"https:\/\/www.notibras.com\/site\/voto-e-a-arma-capaz-de-romper-as-algemas-do-pessimismo\/#primaryimage"},"thumbnailUrl":"https:\/\/www.notibras.com\/site\/wp-content\/uploads\/2022\/07\/931491-eleicoes-2014-6367.jpg","datePublished":"2022-07-08T09:00:23+00:00","dateModified":"2022-07-08T12:40:53+00:00","breadcrumb":{"@id":"https:\/\/www.notibras.com\/site\/voto-e-a-arma-capaz-de-romper-as-algemas-do-pessimismo\/#breadcrumb"},"inLanguage":"pt-BR","potentialAction":[{"@type":"ReadAction","target":["https:\/\/www.notibras.com\/site\/voto-e-a-arma-capaz-de-romper-as-algemas-do-pessimismo\/"]}]},{"@type":"ImageObject","inLanguage":"pt-BR","@id":"https:\/\/www.notibras.com\/site\/voto-e-a-arma-capaz-de-romper-as-algemas-do-pessimismo\/#primaryimage","url":"https:\/\/www.notibras.com\/site\/wp-content\/uploads\/2022\/07\/931491-eleicoes-2014-6367.jpg","contentUrl":"https:\/\/www.notibras.com\/site\/wp-content\/uploads\/2022\/07\/931491-eleicoes-2014-6367.jpg","width":770,"height":512,"caption":"Belo Horizonte (MG) - Justi\u00e7a Eleitoral apreende nas ruas material de campanha utilizados fora do hor\u00e1rio permitido (Valter Campanato\/Ag\u00eancia Brasil)"},{"@type":"BreadcrumbList","@id":"https:\/\/www.notibras.com\/site\/voto-e-a-arma-capaz-de-romper-as-algemas-do-pessimismo\/#breadcrumb","itemListElement":[{"@type":"ListItem","position":1,"name":"In\u00edcio","item":"https:\/\/www.notibras.com\/site\/"},{"@type":"ListItem","position":2,"name":"Voto \u00e9 a arma capaz de romper as algemas do pessimismo"}]},{"@type":"WebSite","@id":"https:\/\/www.notibras.com\/site\/#website","url":"https:\/\/www.notibras.com\/site\/","name":"Notibras","description":"Not\u00edcias de Bras\u00edlia, do Brasil e do Mundo","publisher":{"@id":"https:\/\/www.notibras.com\/site\/#organization"},"potentialAction":[{"@type":"SearchAction","target":{"@type":"EntryPoint","urlTemplate":"https:\/\/www.notibras.com\/site\/?s={search_term_string}"},"query-input":{"@type":"PropertyValueSpecification","valueRequired":true,"valueName":"search_term_string"}}],"inLanguage":"pt-BR"},{"@type":"Organization","@id":"https:\/\/www.notibras.com\/site\/#organization","name":"Grupo Notibras de Comunica\u00e7\u00e3o","url":"https:\/\/www.notibras.com\/site\/","logo":{"@type":"ImageObject","inLanguage":"pt-BR","@id":"https:\/\/www.notibras.com\/site\/#\/schema\/logo\/image\/","url":"https:\/\/www.notibras.com\/site\/wp-content\/uploads\/2023\/01\/notibras23.png","contentUrl":"https:\/\/www.notibras.com\/site\/wp-content\/uploads\/2023\/01\/notibras23.png","width":350,"height":87,"caption":"Grupo Notibras de Comunica\u00e7\u00e3o"},"image":{"@id":"https:\/\/www.notibras.com\/site\/#\/schema\/logo\/image\/"},"sameAs":["https:\/\/www.facebook.com\/notibras\/","https:\/\/x.com\/Notibras","https:\/\/www.instagram.com\/notibras\/"]},{"@type":"Person","@id":"https:\/\/www.notibras.com\/site\/#\/schema\/person\/36ab0979449956132d3e5b517ea76ac8","name":"Reda\u00e7\u00e3o","image":{"@type":"ImageObject","inLanguage":"pt-BR","@id":"https:\/\/secure.gravatar.com\/avatar\/e0a867bdedb85fd243eadf09663511f96fc81e0720a4a42581f334ad4303aa6b?s=96&d=mm&r=g","url":"https:\/\/secure.gravatar.com\/avatar\/e0a867bdedb85fd243eadf09663511f96fc81e0720a4a42581f334ad4303aa6b?s=96&d=mm&r=g","contentUrl":"https:\/\/secure.gravatar.com\/avatar\/e0a867bdedb85fd243eadf09663511f96fc81e0720a4a42581f334ad4303aa6b?s=96&d=mm&r=g","caption":"Reda\u00e7\u00e3o"}}]}},"amp_enabled":true,"_links":{"self":[{"href":"https:\/\/www.notibras.com\/site\/wp-json\/wp\/v2\/posts\/288590","targetHints":{"allow":["GET"]}}],"collection":[{"href":"https:\/\/www.notibras.com\/site\/wp-json\/wp\/v2\/posts"}],"about":[{"href":"https:\/\/www.notibras.com\/site\/wp-json\/wp\/v2\/types\/post"}],"author":[{"embeddable":true,"href":"https:\/\/www.notibras.com\/site\/wp-json\/wp\/v2\/users\/2"}],"replies":[{"embeddable":true,"href":"https:\/\/www.notibras.com\/site\/wp-json\/wp\/v2\/comments?post=288590"}],"version-history":[{"count":1,"href":"https:\/\/www.notibras.com\/site\/wp-json\/wp\/v2\/posts\/288590\/revisions"}],"predecessor-version":[{"id":288592,"href":"https:\/\/www.notibras.com\/site\/wp-json\/wp\/v2\/posts\/288590\/revisions\/288592"}],"wp:featuredmedia":[{"embeddable":true,"href":"https:\/\/www.notibras.com\/site\/wp-json\/wp\/v2\/media\/288591"}],"wp:attachment":[{"href":"https:\/\/www.notibras.com\/site\/wp-json\/wp\/v2\/media?parent=288590"}],"wp:term":[{"taxonomy":"category","embeddable":true,"href":"https:\/\/www.notibras.com\/site\/wp-json\/wp\/v2\/categories?post=288590"},{"taxonomy":"post_tag","embeddable":true,"href":"https:\/\/www.notibras.com\/site\/wp-json\/wp\/v2\/tags?post=288590"}],"curies":[{"name":"wp","href":"https:\/\/api.w.org\/{rel}","templated":true}]}}