{"id":288616,"date":"2022-07-08T12:13:45","date_gmt":"2022-07-08T15:13:45","guid":{"rendered":"https:\/\/www.notibras.com\/site\/?p=288616"},"modified":"2022-07-08T12:13:45","modified_gmt":"2022-07-08T15:13:45","slug":"depois-das-sancoes-ocidente-se-ajoelha-e-pede-comida-a-putin","status":"publish","type":"post","link":"https:\/\/www.notibras.com\/site\/depois-das-sancoes-ocidente-se-ajoelha-e-pede-comida-a-putin\/","title":{"rendered":"Depois das san\u00e7\u00f5es, Ocidente se ajoelha e pede comida a Putin"},"content":{"rendered":"<p>Autoridades ocidentais tentam, nesta sexta-feira (8), convencer a R\u00fassia a permitir que a Ucr\u00e2nia envie seus gr\u00e3os para o mundo, \u00e0 medida que a guerra de quatro meses amea\u00e7a levar fome a pa\u00edses distantes dos campos de batalha.<\/p>\n<p>Moscou, por sua vez, acusa o Ocidente de travar uma guerra econ\u00f4mica contra a R\u00fassia, ao tentar isolar o pa\u00eds com san\u00e7\u00f5es impostas pela invas\u00e3o de 24 de fevereiro.<\/p>\n<p>O presidente da R\u00fassia, Vladimir Putin, alertou que as opera\u00e7\u00f5es militares da R\u00fassia na Ucr\u00e2nia mal come\u00e7aram e as perspectivas de negocia\u00e7\u00e3o se tornam mais fracas conforme o conflito se arrasta.<\/p>\n<p>&#8220;Ouvimos muitas vezes que o Ocidente quer lutar contra n\u00f3s at\u00e9 o \u00faltimo ucraniano. Isso \u00e9 uma trag\u00e9dia para o povo ucraniano, mas parece que tudo est\u00e1 caminhando para isso&#8221;, disse Putin em discurso ao Parlamento nessa quinta-feira.<\/p>\n<p>Hoje, o porta-voz do Kremlin, Dmitry Peskov, reiterou essa postura, afirmando que a R\u00fassia usou apenas uma pequena parte de seu potencial na opera\u00e7\u00e3o na Ucr\u00e2nia.<\/p>\n<p>Nas linhas de frente na regi\u00e3o de Donbas, no Leste da Ucr\u00e2nia, autoridades informaram que os russos continuaram bombardeando cidades e vilarejos antes de novo esfor\u00e7o para conquistar mais territ\u00f3rio.<\/p>\n<p>Em reuni\u00e3o dos ministros das Rela\u00e7\u00f5es Exteriores do G20 em Bali, na Indon\u00e9sia, alguns dos cr\u00edticos mais ferrenhos da invas\u00e3o russa confrontaram o ministro russo das Rela\u00e7\u00f5es Exteriores, Sergei Lavrov.<\/p>\n<p>No topo de suas preocupa\u00e7\u00f5es est\u00e1 a retirada de carregamentos de gr\u00e3os da Ucr\u00e2nia dos portos bloqueados no Mar Negro. A Ucr\u00e2nia \u00e9 um dos principais exportadores, e as ag\u00eancias de ajuda alertaram que os pa\u00edses da \u00c1frica, do Oriente M\u00e9dio e outros v\u00e3o enfrentar escassez devastadora de alimentos se os suprimentos n\u00e3o chegarem.<\/p>\n<p>Em sess\u00e3o plen\u00e1ria, o secret\u00e1rio de Estado dos Estados Unidos, Antony Blinken, fez um apelo a Moscou para liberar gr\u00e3os ucranianos para o mundo, disse uma autoridade ocidental.<\/p>\n<p>&#8220;Ele se dirigiu \u00e0 R\u00fassia diretamente, dizendo: &#8216;Para nossos colegas russos: a Ucr\u00e2nia n\u00e3o \u00e9 seu pa\u00eds. Os gr\u00e3os dela n\u00e3o s\u00e3o seus gr\u00e3os. Por que voc\u00eas est\u00e3o bloqueando os portos? Voc\u00eas deveriam liberar os gr\u00e3os&#8221;.<\/p>\n<p>Mais cedo, Lavrov repreendeu o Ocidente, afirmando que, em vez de se concentrar em como lidar com os problemas econ\u00f4micos globais na reuni\u00e3o, os ministros embarcaram em &#8220;cr\u00edticas fren\u00e9ticas&#8221; \u00e0 R\u00fassia sobre o conflito na Ucr\u00e2nia.<\/p>\n<p>O chanceler ucraniano, em discurso virtual na reuni\u00e3o, disse que a R\u00fassia n\u00e3o tem lugar em nenhum encontro internacional. Para Dmytro Kuleba, a comunidade internacional n\u00e3o deve permitir que a R\u00fassia chantageie o mundo com altos pre\u00e7os de energia, fome e amea\u00e7as \u00e0 seguran\u00e7a, de acordo com comunicado divulgado por seu gabinete.<\/p>\n","protected":false},"excerpt":{"rendered":"<p>Autoridades ocidentais tentam, nesta sexta-feira (8), convencer a R\u00fassia a permitir que a Ucr\u00e2nia envie seus gr\u00e3os para o mundo, \u00e0 medida que a guerra de quatro meses amea\u00e7a levar fome a pa\u00edses distantes dos campos de batalha. Moscou, por sua vez, acusa o Ocidente de travar uma guerra econ\u00f4mica contra a R\u00fassia, ao tentar [&hellip;]<\/p>\n","protected":false},"author":2,"featured_media":288617,"comment_status":"closed","ping_status":"closed","sticky":false,"template":"","format":"standard","meta":{"_acf_changed":false,"footnotes":""},"categories":[159],"tags":[95],"class_list":["post-288616","post","type-post","status-publish","format-standard","has-post-thumbnail","hentry","category-apocalipse","tag-capa"],"acf":[],"yoast_head":"<!-- This site is optimized with the Yoast SEO plugin v27.2 - https:\/\/yoast.com\/product\/yoast-seo-wordpress\/ -->\n<title>Depois das san\u00e7\u00f5es, Ocidente se ajoelha e pede comida a Putin - Notibras<\/title>\n<meta name=\"robots\" content=\"index, follow, max-snippet:-1, max-image-preview:large, max-video-preview:-1\" \/>\n<link rel=\"canonical\" href=\"https:\/\/www.notibras.com\/site\/depois-das-sancoes-ocidente-se-ajoelha-e-pede-comida-a-putin\/\" \/>\n<meta property=\"og:locale\" content=\"pt_BR\" \/>\n<meta property=\"og:type\" content=\"article\" \/>\n<meta property=\"og:title\" content=\"Depois das san\u00e7\u00f5es, Ocidente se ajoelha e pede comida a Putin - Notibras\" \/>\n<meta property=\"og:description\" content=\"Autoridades ocidentais tentam, nesta sexta-feira (8), convencer a R\u00fassia a permitir que a Ucr\u00e2nia envie seus gr\u00e3os para o mundo, \u00e0 medida que a guerra de quatro meses amea\u00e7a levar fome a pa\u00edses distantes dos campos de batalha. Moscou, por sua vez, acusa o Ocidente de travar uma guerra econ\u00f4mica contra a R\u00fassia, ao tentar [&hellip;]\" \/>\n<meta property=\"og:url\" content=\"https:\/\/www.notibras.com\/site\/depois-das-sancoes-ocidente-se-ajoelha-e-pede-comida-a-putin\/\" \/>\n<meta property=\"og:site_name\" content=\"Notibras\" \/>\n<meta property=\"article:publisher\" content=\"https:\/\/www.facebook.com\/notibras\/\" \/>\n<meta property=\"article:published_time\" content=\"2022-07-08T15:13:45+00:00\" \/>\n<meta property=\"og:image\" content=\"https:\/\/www.notibras.com\/site\/wp-content\/uploads\/2022\/07\/grigory-sysoyev.jpg\" \/>\n\t<meta property=\"og:image:width\" content=\"1170\" \/>\n\t<meta property=\"og:image:height\" content=\"700\" \/>\n\t<meta property=\"og:image:type\" content=\"image\/jpeg\" \/>\n<meta name=\"author\" content=\"Reda\u00e7\u00e3o\" \/>\n<meta name=\"twitter:card\" content=\"summary_large_image\" \/>\n<meta name=\"twitter:creator\" content=\"@Notibras\" \/>\n<meta name=\"twitter:site\" content=\"@Notibras\" \/>\n<meta name=\"twitter:label1\" content=\"Escrito por\" \/>\n\t<meta name=\"twitter:data1\" content=\"Reda\u00e7\u00e3o\" \/>\n\t<meta name=\"twitter:label2\" content=\"Est. tempo de leitura\" \/>\n\t<meta name=\"twitter:data2\" content=\"3 minutos\" \/>\n<script type=\"application\/ld+json\" class=\"yoast-schema-graph\">{\"@context\":\"https:\/\/schema.org\",\"@graph\":[{\"@type\":\"Article\",\"@id\":\"https:\/\/www.notibras.com\/site\/depois-das-sancoes-ocidente-se-ajoelha-e-pede-comida-a-putin\/#article\",\"isPartOf\":{\"@id\":\"https:\/\/www.notibras.com\/site\/depois-das-sancoes-ocidente-se-ajoelha-e-pede-comida-a-putin\/\"},\"author\":{\"name\":\"Reda\u00e7\u00e3o\",\"@id\":\"https:\/\/www.notibras.com\/site\/#\/schema\/person\/36ab0979449956132d3e5b517ea76ac8\"},\"headline\":\"Depois das san\u00e7\u00f5es, Ocidente se ajoelha e pede comida a Putin\",\"datePublished\":\"2022-07-08T15:13:45+00:00\",\"mainEntityOfPage\":{\"@id\":\"https:\/\/www.notibras.com\/site\/depois-das-sancoes-ocidente-se-ajoelha-e-pede-comida-a-putin\/\"},\"wordCount\":501,\"publisher\":{\"@id\":\"https:\/\/www.notibras.com\/site\/#organization\"},\"image\":{\"@id\":\"https:\/\/www.notibras.com\/site\/depois-das-sancoes-ocidente-se-ajoelha-e-pede-comida-a-putin\/#primaryimage\"},\"thumbnailUrl\":\"https:\/\/www.notibras.com\/site\/wp-content\/uploads\/2022\/07\/grigory-sysoyev.jpg\",\"keywords\":[\"capa\"],\"articleSection\":[\"Apocalipse\"],\"inLanguage\":\"pt-BR\"},{\"@type\":\"WebPage\",\"@id\":\"https:\/\/www.notibras.com\/site\/depois-das-sancoes-ocidente-se-ajoelha-e-pede-comida-a-putin\/\",\"url\":\"https:\/\/www.notibras.com\/site\/depois-das-sancoes-ocidente-se-ajoelha-e-pede-comida-a-putin\/\",\"name\":\"Depois das san\u00e7\u00f5es, Ocidente se ajoelha e pede comida a Putin - Notibras\",\"isPartOf\":{\"@id\":\"https:\/\/www.notibras.com\/site\/#website\"},\"primaryImageOfPage\":{\"@id\":\"https:\/\/www.notibras.com\/site\/depois-das-sancoes-ocidente-se-ajoelha-e-pede-comida-a-putin\/#primaryimage\"},\"image\":{\"@id\":\"https:\/\/www.notibras.com\/site\/depois-das-sancoes-ocidente-se-ajoelha-e-pede-comida-a-putin\/#primaryimage\"},\"thumbnailUrl\":\"https:\/\/www.notibras.com\/site\/wp-content\/uploads\/2022\/07\/grigory-sysoyev.jpg\",\"datePublished\":\"2022-07-08T15:13:45+00:00\",\"breadcrumb\":{\"@id\":\"https:\/\/www.notibras.com\/site\/depois-das-sancoes-ocidente-se-ajoelha-e-pede-comida-a-putin\/#breadcrumb\"},\"inLanguage\":\"pt-BR\",\"potentialAction\":[{\"@type\":\"ReadAction\",\"target\":[\"https:\/\/www.notibras.com\/site\/depois-das-sancoes-ocidente-se-ajoelha-e-pede-comida-a-putin\/\"]}]},{\"@type\":\"ImageObject\",\"inLanguage\":\"pt-BR\",\"@id\":\"https:\/\/www.notibras.com\/site\/depois-das-sancoes-ocidente-se-ajoelha-e-pede-comida-a-putin\/#primaryimage\",\"url\":\"https:\/\/www.notibras.com\/site\/wp-content\/uploads\/2022\/07\/grigory-sysoyev.jpg\",\"contentUrl\":\"https:\/\/www.notibras.com\/site\/wp-content\/uploads\/2022\/07\/grigory-sysoyev.jpg\",\"width\":1170,\"height\":700},{\"@type\":\"BreadcrumbList\",\"@id\":\"https:\/\/www.notibras.com\/site\/depois-das-sancoes-ocidente-se-ajoelha-e-pede-comida-a-putin\/#breadcrumb\",\"itemListElement\":[{\"@type\":\"ListItem\",\"position\":1,\"name\":\"In\u00edcio\",\"item\":\"https:\/\/www.notibras.com\/site\/\"},{\"@type\":\"ListItem\",\"position\":2,\"name\":\"Depois das san\u00e7\u00f5es, Ocidente se ajoelha e pede comida a Putin\"}]},{\"@type\":\"WebSite\",\"@id\":\"https:\/\/www.notibras.com\/site\/#website\",\"url\":\"https:\/\/www.notibras.com\/site\/\",\"name\":\"Notibras\",\"description\":\"Not\u00edcias de Bras\u00edlia, do Brasil e do Mundo\",\"publisher\":{\"@id\":\"https:\/\/www.notibras.com\/site\/#organization\"},\"potentialAction\":[{\"@type\":\"SearchAction\",\"target\":{\"@type\":\"EntryPoint\",\"urlTemplate\":\"https:\/\/www.notibras.com\/site\/?s={search_term_string}\"},\"query-input\":{\"@type\":\"PropertyValueSpecification\",\"valueRequired\":true,\"valueName\":\"search_term_string\"}}],\"inLanguage\":\"pt-BR\"},{\"@type\":\"Organization\",\"@id\":\"https:\/\/www.notibras.com\/site\/#organization\",\"name\":\"Grupo Notibras de Comunica\u00e7\u00e3o\",\"url\":\"https:\/\/www.notibras.com\/site\/\",\"logo\":{\"@type\":\"ImageObject\",\"inLanguage\":\"pt-BR\",\"@id\":\"https:\/\/www.notibras.com\/site\/#\/schema\/logo\/image\/\",\"url\":\"https:\/\/www.notibras.com\/site\/wp-content\/uploads\/2023\/01\/notibras23.png\",\"contentUrl\":\"https:\/\/www.notibras.com\/site\/wp-content\/uploads\/2023\/01\/notibras23.png\",\"width\":350,\"height\":87,\"caption\":\"Grupo Notibras de Comunica\u00e7\u00e3o\"},\"image\":{\"@id\":\"https:\/\/www.notibras.com\/site\/#\/schema\/logo\/image\/\"},\"sameAs\":[\"https:\/\/www.facebook.com\/notibras\/\",\"https:\/\/x.com\/Notibras\",\"https:\/\/www.instagram.com\/notibras\/\"]},{\"@type\":\"Person\",\"@id\":\"https:\/\/www.notibras.com\/site\/#\/schema\/person\/36ab0979449956132d3e5b517ea76ac8\",\"name\":\"Reda\u00e7\u00e3o\",\"image\":{\"@type\":\"ImageObject\",\"inLanguage\":\"pt-BR\",\"@id\":\"https:\/\/secure.gravatar.com\/avatar\/e0a867bdedb85fd243eadf09663511f96fc81e0720a4a42581f334ad4303aa6b?s=96&d=mm&r=g\",\"url\":\"https:\/\/secure.gravatar.com\/avatar\/e0a867bdedb85fd243eadf09663511f96fc81e0720a4a42581f334ad4303aa6b?s=96&d=mm&r=g\",\"contentUrl\":\"https:\/\/secure.gravatar.com\/avatar\/e0a867bdedb85fd243eadf09663511f96fc81e0720a4a42581f334ad4303aa6b?s=96&d=mm&r=g\",\"caption\":\"Reda\u00e7\u00e3o\"}}]}<\/script>\n<!-- \/ Yoast SEO plugin. -->","yoast_head_json":{"title":"Depois das san\u00e7\u00f5es, Ocidente se ajoelha e pede comida a Putin - Notibras","robots":{"index":"index","follow":"follow","max-snippet":"max-snippet:-1","max-image-preview":"max-image-preview:large","max-video-preview":"max-video-preview:-1"},"canonical":"https:\/\/www.notibras.com\/site\/depois-das-sancoes-ocidente-se-ajoelha-e-pede-comida-a-putin\/","og_locale":"pt_BR","og_type":"article","og_title":"Depois das san\u00e7\u00f5es, Ocidente se ajoelha e pede comida a Putin - Notibras","og_description":"Autoridades ocidentais tentam, nesta sexta-feira (8), convencer a R\u00fassia a permitir que a Ucr\u00e2nia envie seus gr\u00e3os para o mundo, \u00e0 medida que a guerra de quatro meses amea\u00e7a levar fome a pa\u00edses distantes dos campos de batalha. Moscou, por sua vez, acusa o Ocidente de travar uma guerra econ\u00f4mica contra a R\u00fassia, ao tentar [&hellip;]","og_url":"https:\/\/www.notibras.com\/site\/depois-das-sancoes-ocidente-se-ajoelha-e-pede-comida-a-putin\/","og_site_name":"Notibras","article_publisher":"https:\/\/www.facebook.com\/notibras\/","article_published_time":"2022-07-08T15:13:45+00:00","og_image":[{"width":1170,"height":700,"url":"https:\/\/www.notibras.com\/site\/wp-content\/uploads\/2022\/07\/grigory-sysoyev.jpg","type":"image\/jpeg"}],"author":"Reda\u00e7\u00e3o","twitter_card":"summary_large_image","twitter_creator":"@Notibras","twitter_site":"@Notibras","twitter_misc":{"Escrito por":"Reda\u00e7\u00e3o","Est. tempo de leitura":"3 minutos"},"schema":{"@context":"https:\/\/schema.org","@graph":[{"@type":"Article","@id":"https:\/\/www.notibras.com\/site\/depois-das-sancoes-ocidente-se-ajoelha-e-pede-comida-a-putin\/#article","isPartOf":{"@id":"https:\/\/www.notibras.com\/site\/depois-das-sancoes-ocidente-se-ajoelha-e-pede-comida-a-putin\/"},"author":{"name":"Reda\u00e7\u00e3o","@id":"https:\/\/www.notibras.com\/site\/#\/schema\/person\/36ab0979449956132d3e5b517ea76ac8"},"headline":"Depois das san\u00e7\u00f5es, Ocidente se ajoelha e pede comida a Putin","datePublished":"2022-07-08T15:13:45+00:00","mainEntityOfPage":{"@id":"https:\/\/www.notibras.com\/site\/depois-das-sancoes-ocidente-se-ajoelha-e-pede-comida-a-putin\/"},"wordCount":501,"publisher":{"@id":"https:\/\/www.notibras.com\/site\/#organization"},"image":{"@id":"https:\/\/www.notibras.com\/site\/depois-das-sancoes-ocidente-se-ajoelha-e-pede-comida-a-putin\/#primaryimage"},"thumbnailUrl":"https:\/\/www.notibras.com\/site\/wp-content\/uploads\/2022\/07\/grigory-sysoyev.jpg","keywords":["capa"],"articleSection":["Apocalipse"],"inLanguage":"pt-BR"},{"@type":"WebPage","@id":"https:\/\/www.notibras.com\/site\/depois-das-sancoes-ocidente-se-ajoelha-e-pede-comida-a-putin\/","url":"https:\/\/www.notibras.com\/site\/depois-das-sancoes-ocidente-se-ajoelha-e-pede-comida-a-putin\/","name":"Depois das san\u00e7\u00f5es, Ocidente se ajoelha e pede comida a Putin - Notibras","isPartOf":{"@id":"https:\/\/www.notibras.com\/site\/#website"},"primaryImageOfPage":{"@id":"https:\/\/www.notibras.com\/site\/depois-das-sancoes-ocidente-se-ajoelha-e-pede-comida-a-putin\/#primaryimage"},"image":{"@id":"https:\/\/www.notibras.com\/site\/depois-das-sancoes-ocidente-se-ajoelha-e-pede-comida-a-putin\/#primaryimage"},"thumbnailUrl":"https:\/\/www.notibras.com\/site\/wp-content\/uploads\/2022\/07\/grigory-sysoyev.jpg","datePublished":"2022-07-08T15:13:45+00:00","breadcrumb":{"@id":"https:\/\/www.notibras.com\/site\/depois-das-sancoes-ocidente-se-ajoelha-e-pede-comida-a-putin\/#breadcrumb"},"inLanguage":"pt-BR","potentialAction":[{"@type":"ReadAction","target":["https:\/\/www.notibras.com\/site\/depois-das-sancoes-ocidente-se-ajoelha-e-pede-comida-a-putin\/"]}]},{"@type":"ImageObject","inLanguage":"pt-BR","@id":"https:\/\/www.notibras.com\/site\/depois-das-sancoes-ocidente-se-ajoelha-e-pede-comida-a-putin\/#primaryimage","url":"https:\/\/www.notibras.com\/site\/wp-content\/uploads\/2022\/07\/grigory-sysoyev.jpg","contentUrl":"https:\/\/www.notibras.com\/site\/wp-content\/uploads\/2022\/07\/grigory-sysoyev.jpg","width":1170,"height":700},{"@type":"BreadcrumbList","@id":"https:\/\/www.notibras.com\/site\/depois-das-sancoes-ocidente-se-ajoelha-e-pede-comida-a-putin\/#breadcrumb","itemListElement":[{"@type":"ListItem","position":1,"name":"In\u00edcio","item":"https:\/\/www.notibras.com\/site\/"},{"@type":"ListItem","position":2,"name":"Depois das san\u00e7\u00f5es, Ocidente se ajoelha e pede comida a Putin"}]},{"@type":"WebSite","@id":"https:\/\/www.notibras.com\/site\/#website","url":"https:\/\/www.notibras.com\/site\/","name":"Notibras","description":"Not\u00edcias de Bras\u00edlia, do Brasil e do Mundo","publisher":{"@id":"https:\/\/www.notibras.com\/site\/#organization"},"potentialAction":[{"@type":"SearchAction","target":{"@type":"EntryPoint","urlTemplate":"https:\/\/www.notibras.com\/site\/?s={search_term_string}"},"query-input":{"@type":"PropertyValueSpecification","valueRequired":true,"valueName":"search_term_string"}}],"inLanguage":"pt-BR"},{"@type":"Organization","@id":"https:\/\/www.notibras.com\/site\/#organization","name":"Grupo Notibras de Comunica\u00e7\u00e3o","url":"https:\/\/www.notibras.com\/site\/","logo":{"@type":"ImageObject","inLanguage":"pt-BR","@id":"https:\/\/www.notibras.com\/site\/#\/schema\/logo\/image\/","url":"https:\/\/www.notibras.com\/site\/wp-content\/uploads\/2023\/01\/notibras23.png","contentUrl":"https:\/\/www.notibras.com\/site\/wp-content\/uploads\/2023\/01\/notibras23.png","width":350,"height":87,"caption":"Grupo Notibras de Comunica\u00e7\u00e3o"},"image":{"@id":"https:\/\/www.notibras.com\/site\/#\/schema\/logo\/image\/"},"sameAs":["https:\/\/www.facebook.com\/notibras\/","https:\/\/x.com\/Notibras","https:\/\/www.instagram.com\/notibras\/"]},{"@type":"Person","@id":"https:\/\/www.notibras.com\/site\/#\/schema\/person\/36ab0979449956132d3e5b517ea76ac8","name":"Reda\u00e7\u00e3o","image":{"@type":"ImageObject","inLanguage":"pt-BR","@id":"https:\/\/secure.gravatar.com\/avatar\/e0a867bdedb85fd243eadf09663511f96fc81e0720a4a42581f334ad4303aa6b?s=96&d=mm&r=g","url":"https:\/\/secure.gravatar.com\/avatar\/e0a867bdedb85fd243eadf09663511f96fc81e0720a4a42581f334ad4303aa6b?s=96&d=mm&r=g","contentUrl":"https:\/\/secure.gravatar.com\/avatar\/e0a867bdedb85fd243eadf09663511f96fc81e0720a4a42581f334ad4303aa6b?s=96&d=mm&r=g","caption":"Reda\u00e7\u00e3o"}}]}},"amp_enabled":true,"_links":{"self":[{"href":"https:\/\/www.notibras.com\/site\/wp-json\/wp\/v2\/posts\/288616","targetHints":{"allow":["GET"]}}],"collection":[{"href":"https:\/\/www.notibras.com\/site\/wp-json\/wp\/v2\/posts"}],"about":[{"href":"https:\/\/www.notibras.com\/site\/wp-json\/wp\/v2\/types\/post"}],"author":[{"embeddable":true,"href":"https:\/\/www.notibras.com\/site\/wp-json\/wp\/v2\/users\/2"}],"replies":[{"embeddable":true,"href":"https:\/\/www.notibras.com\/site\/wp-json\/wp\/v2\/comments?post=288616"}],"version-history":[{"count":1,"href":"https:\/\/www.notibras.com\/site\/wp-json\/wp\/v2\/posts\/288616\/revisions"}],"predecessor-version":[{"id":288618,"href":"https:\/\/www.notibras.com\/site\/wp-json\/wp\/v2\/posts\/288616\/revisions\/288618"}],"wp:featuredmedia":[{"embeddable":true,"href":"https:\/\/www.notibras.com\/site\/wp-json\/wp\/v2\/media\/288617"}],"wp:attachment":[{"href":"https:\/\/www.notibras.com\/site\/wp-json\/wp\/v2\/media?parent=288616"}],"wp:term":[{"taxonomy":"category","embeddable":true,"href":"https:\/\/www.notibras.com\/site\/wp-json\/wp\/v2\/categories?post=288616"},{"taxonomy":"post_tag","embeddable":true,"href":"https:\/\/www.notibras.com\/site\/wp-json\/wp\/v2\/tags?post=288616"}],"curies":[{"name":"wp","href":"https:\/\/api.w.org\/{rel}","templated":true}]}}