{"id":288619,"date":"2022-07-09T07:55:24","date_gmt":"2022-07-09T10:55:24","guid":{"rendered":"https:\/\/www.notibras.com\/site\/?p=288619"},"modified":"2022-07-09T07:55:06","modified_gmt":"2022-07-09T10:55:06","slug":"planalto-arma-golpe-se-perder-na-urna-quer-levar-na-baioneta","status":"publish","type":"post","link":"https:\/\/www.notibras.com\/site\/planalto-arma-golpe-se-perder-na-urna-quer-levar-na-baioneta\/","title":{"rendered":"Planalto arma golpe. Se perder na urna, quer levar na baioneta"},"content":{"rendered":"<p>A Comiss\u00e3o Especial da C\u00e2mara aprovou a chamada PEC eleitoral, que destina 41 bilh\u00f5es para melhorar o desempenho do presidente Bolsonaro na campanha pela reelei\u00e7\u00e3o. Caso os benef\u00edcios (concedidos sob falso pretexto em um contexto real de mis\u00e9ria) n\u00e3o surtam o efeito esperado nas urnas, resta o plano B: a rejei\u00e7\u00e3o pr\u00e9via do resultado eleitoral. Uma reuni\u00e3o do primeiro escal\u00e3o do governo, convocada por Bolsonaro na ter\u00e7a passada, teve como foco o descr\u00e9dito das urnas e do TSE, em fala do pr\u00f3prio presidente, refor\u00e7ada pelo discurso de um convidado especial: o deputado Filipe Barros, relator da emenda constitucional que exige o comprovante do voto impresso e autor de outras fa\u00e7anhas em rela\u00e7\u00e3o \u00e0 desinforma\u00e7\u00e3o eleitoral.<\/p>\n<p>A PEC eleitoral &#8211; ou Kamikaze, dos bilh\u00f5es, emergencial, os apelidos s\u00e3o muitos &#8211; foi aprovada rapidamente na quinta-feira, 7, assim como aconteceu em uma vota\u00e7\u00e3o quase un\u00e2nime no Senado na semana passada. Para apressar o tr\u00e2mite, o presidente da C\u00e2mara, Arthur Lira, driblou um pedido de vistas da oposi\u00e7\u00e3o, que queria postergar a vota\u00e7\u00e3o, utilizando-se de expedientes como a leitura do relat\u00f3rio a ser votado \u00e0 meia-noite e uma sess\u00e3o fake de 1 minuto \u00e0s 6h30 da manh\u00e3 na C\u00e2mara.<\/p>\n<p>Entendo que n\u00e3o \u00e9 f\u00e1cil negar benef\u00edcios sociais em um pa\u00eds que passa fome. Mas concordo com Jos\u00e9 Serra, o \u00fanico senador a votar contra a PEC, quando ele diz que &#8220;quem rasga a Constitui\u00e7\u00e3o, em um dia, noutro rasga direitos&#8221;. A rasteira na legisla\u00e7\u00e3o eleitoral, assim como as falsas d\u00favidas sobre a integridade do processo eleitoral, podem ser mais perversas, atacando diretamente a democracia, como mostra o exemplo dos Estados Unidos. Envenenados por Trump, at\u00e9 hoje mais da metade dos republicanos acham que ele venceu Biden, ou seja, n\u00e3o mais acreditam nas elei\u00e7\u00f5es. A desinforma\u00e7\u00e3o &#8211; ve\u00edculo da trapa\u00e7a &#8211; interrompeu a possibilidade do debate democr\u00e1tico.<\/p>\n<p>No Brasil temos mais um ingrediente explosivo nessa equa\u00e7\u00e3o: a ades\u00e3o de boa parte da elite militar \u00e0 estrat\u00e9gia fraudulenta de Bolsonaro. Atentos ao risco golpista, seis deputados democratas dos Estados Unidos apresentaram uma emenda ao or\u00e7amento anual de defesa de seu pa\u00eds, condicionando a ajuda financeira \u00e0s For\u00e7as Armadas brasileiras a uma investiga\u00e7\u00e3o sobre a participa\u00e7\u00e3o dos militares nos ataques ao sistema eleitoral brasileiro. Entre os pontos que recomendam o governo americano investigar est\u00e3o a interfer\u00eancia na contagem de votos, a manipula\u00e7\u00e3o para tentar reverter o resultado e a participa\u00e7\u00e3o em campanhas de desinforma\u00e7\u00e3o para questionar o sistema eleitoral.<\/p>\n<p>Pelo som das tropas e dos trapaceiros, vamos mesmo precisar de apoio internacional al\u00e9m de uma ampla mobiliza\u00e7\u00e3o por aqui em defesa dos jornalistas e de combate \u00e0 desinforma\u00e7\u00e3o. Na mesma quinta, 7, um conjunto de mais de 90 organiza\u00e7\u00f5es da sociedade civil lan\u00e7ou um documento cobrando das big techs medidas de enfrentamento \u00e0 desinforma\u00e7\u00e3o nas elei\u00e7\u00f5es. As entidades &#8211; que atuam em diversos setores &#8211; tamb\u00e9m fizeram mais de 20 recomenda\u00e7\u00f5es para a detec\u00e7\u00e3o e combate \u00e0 desinforma\u00e7\u00e3o, ao negacionismo ambiental e clim\u00e1tico e discursos de \u00f3dio, al\u00e9m de trazer orienta\u00e7\u00f5es espec\u00edficas para coibir racismo contra pessoas negras e ind\u00edgenas e viol\u00eancia dirigida contra mulheres e LGBTQIA +. Al\u00e9m de organiza\u00e7\u00f5es e redes como Abong, Coaliz\u00e3o Direitos na Rede, Coaliz\u00e3o Negra por Direitos, Observat\u00f3rio do Clima, Conectas, tamb\u00e9m a Associa\u00e7\u00e3o Brasileira de Jornalismo Investigativo (Abraji) participa da iniciativa, que traz sugest\u00f5es de medidas concretas e vi\u00e1veis para as plataformas.<\/p>\n<p>Os que se dizem democratas, como <em>Google<\/em> e <em>Facebook<\/em>, deveriam ouvi-los.<\/p>\n","protected":false},"excerpt":{"rendered":"<p>A Comiss\u00e3o Especial da C\u00e2mara aprovou a chamada PEC eleitoral, que destina 41 bilh\u00f5es para melhorar o desempenho do presidente Bolsonaro na campanha pela reelei\u00e7\u00e3o. Caso os benef\u00edcios (concedidos sob falso pretexto em um contexto real de mis\u00e9ria) n\u00e3o surtam o efeito esperado nas urnas, resta o plano B: a rejei\u00e7\u00e3o pr\u00e9via do resultado eleitoral. [&hellip;]<\/p>\n","protected":false},"author":2,"featured_media":207850,"comment_status":"closed","ping_status":"closed","sticky":false,"template":"","format":"standard","meta":{"_acf_changed":false,"footnotes":""},"categories":[26],"tags":[95],"class_list":["post-288619","post","type-post","status-publish","format-standard","has-post-thumbnail","hentry","category-eleicoes-2022","tag-capa"],"acf":[],"yoast_head":"<!-- This site is optimized with the Yoast SEO plugin v27.2 - https:\/\/yoast.com\/product\/yoast-seo-wordpress\/ -->\n<title>Planalto arma golpe. Se perder na urna, quer levar na baioneta - Notibras<\/title>\n<meta name=\"robots\" content=\"index, follow, max-snippet:-1, max-image-preview:large, max-video-preview:-1\" \/>\n<link rel=\"canonical\" href=\"https:\/\/www.notibras.com\/site\/planalto-arma-golpe-se-perder-na-urna-quer-levar-na-baioneta\/\" \/>\n<meta property=\"og:locale\" content=\"pt_BR\" \/>\n<meta property=\"og:type\" content=\"article\" \/>\n<meta property=\"og:title\" content=\"Planalto arma golpe. Se perder na urna, quer levar na baioneta - Notibras\" \/>\n<meta property=\"og:description\" content=\"A Comiss\u00e3o Especial da C\u00e2mara aprovou a chamada PEC eleitoral, que destina 41 bilh\u00f5es para melhorar o desempenho do presidente Bolsonaro na campanha pela reelei\u00e7\u00e3o. Caso os benef\u00edcios (concedidos sob falso pretexto em um contexto real de mis\u00e9ria) n\u00e3o surtam o efeito esperado nas urnas, resta o plano B: a rejei\u00e7\u00e3o pr\u00e9via do resultado eleitoral. [&hellip;]\" \/>\n<meta property=\"og:url\" content=\"https:\/\/www.notibras.com\/site\/planalto-arma-golpe-se-perder-na-urna-quer-levar-na-baioneta\/\" \/>\n<meta property=\"og:site_name\" content=\"Notibras\" \/>\n<meta property=\"article:publisher\" content=\"https:\/\/www.facebook.com\/notibras\/\" \/>\n<meta property=\"article:published_time\" content=\"2022-07-09T10:55:24+00:00\" \/>\n<meta property=\"og:image\" content=\"https:\/\/www.notibras.com\/site\/wp-content\/uploads\/2019\/05\/bandeira_militares_foto_exercito_brasileiro_flickr_cc.jpg\" \/>\n\t<meta property=\"og:image:width\" content=\"1200\" \/>\n\t<meta property=\"og:image:height\" content=\"496\" \/>\n\t<meta property=\"og:image:type\" content=\"image\/jpeg\" \/>\n<meta name=\"author\" content=\"Reda\u00e7\u00e3o\" \/>\n<meta name=\"twitter:card\" content=\"summary_large_image\" \/>\n<meta name=\"twitter:creator\" content=\"@Notibras\" \/>\n<meta name=\"twitter:site\" content=\"@Notibras\" \/>\n<meta name=\"twitter:label1\" content=\"Escrito por\" \/>\n\t<meta name=\"twitter:data1\" content=\"Reda\u00e7\u00e3o\" \/>\n\t<meta name=\"twitter:label2\" content=\"Est. tempo de leitura\" \/>\n\t<meta name=\"twitter:data2\" content=\"4 minutos\" \/>\n<script type=\"application\/ld+json\" class=\"yoast-schema-graph\">{\"@context\":\"https:\/\/schema.org\",\"@graph\":[{\"@type\":\"Article\",\"@id\":\"https:\/\/www.notibras.com\/site\/planalto-arma-golpe-se-perder-na-urna-quer-levar-na-baioneta\/#article\",\"isPartOf\":{\"@id\":\"https:\/\/www.notibras.com\/site\/planalto-arma-golpe-se-perder-na-urna-quer-levar-na-baioneta\/\"},\"author\":{\"name\":\"Reda\u00e7\u00e3o\",\"@id\":\"https:\/\/www.notibras.com\/site\/#\/schema\/person\/36ab0979449956132d3e5b517ea76ac8\"},\"headline\":\"Planalto arma golpe. Se perder na urna, quer levar na baioneta\",\"datePublished\":\"2022-07-09T10:55:24+00:00\",\"mainEntityOfPage\":{\"@id\":\"https:\/\/www.notibras.com\/site\/planalto-arma-golpe-se-perder-na-urna-quer-levar-na-baioneta\/\"},\"wordCount\":642,\"publisher\":{\"@id\":\"https:\/\/www.notibras.com\/site\/#organization\"},\"image\":{\"@id\":\"https:\/\/www.notibras.com\/site\/planalto-arma-golpe-se-perder-na-urna-quer-levar-na-baioneta\/#primaryimage\"},\"thumbnailUrl\":\"https:\/\/www.notibras.com\/site\/wp-content\/uploads\/2019\/05\/bandeira_militares_foto_exercito_brasileiro_flickr_cc.jpg\",\"keywords\":[\"capa\"],\"articleSection\":[\"Elei\u00e7\u00f5es 2022\"],\"inLanguage\":\"pt-BR\"},{\"@type\":\"WebPage\",\"@id\":\"https:\/\/www.notibras.com\/site\/planalto-arma-golpe-se-perder-na-urna-quer-levar-na-baioneta\/\",\"url\":\"https:\/\/www.notibras.com\/site\/planalto-arma-golpe-se-perder-na-urna-quer-levar-na-baioneta\/\",\"name\":\"Planalto arma golpe. Se perder na urna, quer levar na baioneta - Notibras\",\"isPartOf\":{\"@id\":\"https:\/\/www.notibras.com\/site\/#website\"},\"primaryImageOfPage\":{\"@id\":\"https:\/\/www.notibras.com\/site\/planalto-arma-golpe-se-perder-na-urna-quer-levar-na-baioneta\/#primaryimage\"},\"image\":{\"@id\":\"https:\/\/www.notibras.com\/site\/planalto-arma-golpe-se-perder-na-urna-quer-levar-na-baioneta\/#primaryimage\"},\"thumbnailUrl\":\"https:\/\/www.notibras.com\/site\/wp-content\/uploads\/2019\/05\/bandeira_militares_foto_exercito_brasileiro_flickr_cc.jpg\",\"datePublished\":\"2022-07-09T10:55:24+00:00\",\"breadcrumb\":{\"@id\":\"https:\/\/www.notibras.com\/site\/planalto-arma-golpe-se-perder-na-urna-quer-levar-na-baioneta\/#breadcrumb\"},\"inLanguage\":\"pt-BR\",\"potentialAction\":[{\"@type\":\"ReadAction\",\"target\":[\"https:\/\/www.notibras.com\/site\/planalto-arma-golpe-se-perder-na-urna-quer-levar-na-baioneta\/\"]}]},{\"@type\":\"ImageObject\",\"inLanguage\":\"pt-BR\",\"@id\":\"https:\/\/www.notibras.com\/site\/planalto-arma-golpe-se-perder-na-urna-quer-levar-na-baioneta\/#primaryimage\",\"url\":\"https:\/\/www.notibras.com\/site\/wp-content\/uploads\/2019\/05\/bandeira_militares_foto_exercito_brasileiro_flickr_cc.jpg\",\"contentUrl\":\"https:\/\/www.notibras.com\/site\/wp-content\/uploads\/2019\/05\/bandeira_militares_foto_exercito_brasileiro_flickr_cc.jpg\",\"width\":1200,\"height\":496},{\"@type\":\"BreadcrumbList\",\"@id\":\"https:\/\/www.notibras.com\/site\/planalto-arma-golpe-se-perder-na-urna-quer-levar-na-baioneta\/#breadcrumb\",\"itemListElement\":[{\"@type\":\"ListItem\",\"position\":1,\"name\":\"In\u00edcio\",\"item\":\"https:\/\/www.notibras.com\/site\/\"},{\"@type\":\"ListItem\",\"position\":2,\"name\":\"Planalto arma golpe. Se perder na urna, quer levar na baioneta\"}]},{\"@type\":\"WebSite\",\"@id\":\"https:\/\/www.notibras.com\/site\/#website\",\"url\":\"https:\/\/www.notibras.com\/site\/\",\"name\":\"Notibras\",\"description\":\"Not\u00edcias de Bras\u00edlia, do Brasil e do Mundo\",\"publisher\":{\"@id\":\"https:\/\/www.notibras.com\/site\/#organization\"},\"potentialAction\":[{\"@type\":\"SearchAction\",\"target\":{\"@type\":\"EntryPoint\",\"urlTemplate\":\"https:\/\/www.notibras.com\/site\/?s={search_term_string}\"},\"query-input\":{\"@type\":\"PropertyValueSpecification\",\"valueRequired\":true,\"valueName\":\"search_term_string\"}}],\"inLanguage\":\"pt-BR\"},{\"@type\":\"Organization\",\"@id\":\"https:\/\/www.notibras.com\/site\/#organization\",\"name\":\"Grupo Notibras de Comunica\u00e7\u00e3o\",\"url\":\"https:\/\/www.notibras.com\/site\/\",\"logo\":{\"@type\":\"ImageObject\",\"inLanguage\":\"pt-BR\",\"@id\":\"https:\/\/www.notibras.com\/site\/#\/schema\/logo\/image\/\",\"url\":\"https:\/\/www.notibras.com\/site\/wp-content\/uploads\/2023\/01\/notibras23.png\",\"contentUrl\":\"https:\/\/www.notibras.com\/site\/wp-content\/uploads\/2023\/01\/notibras23.png\",\"width\":350,\"height\":87,\"caption\":\"Grupo Notibras de Comunica\u00e7\u00e3o\"},\"image\":{\"@id\":\"https:\/\/www.notibras.com\/site\/#\/schema\/logo\/image\/\"},\"sameAs\":[\"https:\/\/www.facebook.com\/notibras\/\",\"https:\/\/x.com\/Notibras\",\"https:\/\/www.instagram.com\/notibras\/\"]},{\"@type\":\"Person\",\"@id\":\"https:\/\/www.notibras.com\/site\/#\/schema\/person\/36ab0979449956132d3e5b517ea76ac8\",\"name\":\"Reda\u00e7\u00e3o\",\"image\":{\"@type\":\"ImageObject\",\"inLanguage\":\"pt-BR\",\"@id\":\"https:\/\/secure.gravatar.com\/avatar\/e0a867bdedb85fd243eadf09663511f96fc81e0720a4a42581f334ad4303aa6b?s=96&d=mm&r=g\",\"url\":\"https:\/\/secure.gravatar.com\/avatar\/e0a867bdedb85fd243eadf09663511f96fc81e0720a4a42581f334ad4303aa6b?s=96&d=mm&r=g\",\"contentUrl\":\"https:\/\/secure.gravatar.com\/avatar\/e0a867bdedb85fd243eadf09663511f96fc81e0720a4a42581f334ad4303aa6b?s=96&d=mm&r=g\",\"caption\":\"Reda\u00e7\u00e3o\"}}]}<\/script>\n<!-- \/ Yoast SEO plugin. -->","yoast_head_json":{"title":"Planalto arma golpe. Se perder na urna, quer levar na baioneta - Notibras","robots":{"index":"index","follow":"follow","max-snippet":"max-snippet:-1","max-image-preview":"max-image-preview:large","max-video-preview":"max-video-preview:-1"},"canonical":"https:\/\/www.notibras.com\/site\/planalto-arma-golpe-se-perder-na-urna-quer-levar-na-baioneta\/","og_locale":"pt_BR","og_type":"article","og_title":"Planalto arma golpe. Se perder na urna, quer levar na baioneta - Notibras","og_description":"A Comiss\u00e3o Especial da C\u00e2mara aprovou a chamada PEC eleitoral, que destina 41 bilh\u00f5es para melhorar o desempenho do presidente Bolsonaro na campanha pela reelei\u00e7\u00e3o. Caso os benef\u00edcios (concedidos sob falso pretexto em um contexto real de mis\u00e9ria) n\u00e3o surtam o efeito esperado nas urnas, resta o plano B: a rejei\u00e7\u00e3o pr\u00e9via do resultado eleitoral. [&hellip;]","og_url":"https:\/\/www.notibras.com\/site\/planalto-arma-golpe-se-perder-na-urna-quer-levar-na-baioneta\/","og_site_name":"Notibras","article_publisher":"https:\/\/www.facebook.com\/notibras\/","article_published_time":"2022-07-09T10:55:24+00:00","og_image":[{"width":1200,"height":496,"url":"https:\/\/www.notibras.com\/site\/wp-content\/uploads\/2019\/05\/bandeira_militares_foto_exercito_brasileiro_flickr_cc.jpg","type":"image\/jpeg"}],"author":"Reda\u00e7\u00e3o","twitter_card":"summary_large_image","twitter_creator":"@Notibras","twitter_site":"@Notibras","twitter_misc":{"Escrito por":"Reda\u00e7\u00e3o","Est. tempo de leitura":"4 minutos"},"schema":{"@context":"https:\/\/schema.org","@graph":[{"@type":"Article","@id":"https:\/\/www.notibras.com\/site\/planalto-arma-golpe-se-perder-na-urna-quer-levar-na-baioneta\/#article","isPartOf":{"@id":"https:\/\/www.notibras.com\/site\/planalto-arma-golpe-se-perder-na-urna-quer-levar-na-baioneta\/"},"author":{"name":"Reda\u00e7\u00e3o","@id":"https:\/\/www.notibras.com\/site\/#\/schema\/person\/36ab0979449956132d3e5b517ea76ac8"},"headline":"Planalto arma golpe. Se perder na urna, quer levar na baioneta","datePublished":"2022-07-09T10:55:24+00:00","mainEntityOfPage":{"@id":"https:\/\/www.notibras.com\/site\/planalto-arma-golpe-se-perder-na-urna-quer-levar-na-baioneta\/"},"wordCount":642,"publisher":{"@id":"https:\/\/www.notibras.com\/site\/#organization"},"image":{"@id":"https:\/\/www.notibras.com\/site\/planalto-arma-golpe-se-perder-na-urna-quer-levar-na-baioneta\/#primaryimage"},"thumbnailUrl":"https:\/\/www.notibras.com\/site\/wp-content\/uploads\/2019\/05\/bandeira_militares_foto_exercito_brasileiro_flickr_cc.jpg","keywords":["capa"],"articleSection":["Elei\u00e7\u00f5es 2022"],"inLanguage":"pt-BR"},{"@type":"WebPage","@id":"https:\/\/www.notibras.com\/site\/planalto-arma-golpe-se-perder-na-urna-quer-levar-na-baioneta\/","url":"https:\/\/www.notibras.com\/site\/planalto-arma-golpe-se-perder-na-urna-quer-levar-na-baioneta\/","name":"Planalto arma golpe. Se perder na urna, quer levar na baioneta - Notibras","isPartOf":{"@id":"https:\/\/www.notibras.com\/site\/#website"},"primaryImageOfPage":{"@id":"https:\/\/www.notibras.com\/site\/planalto-arma-golpe-se-perder-na-urna-quer-levar-na-baioneta\/#primaryimage"},"image":{"@id":"https:\/\/www.notibras.com\/site\/planalto-arma-golpe-se-perder-na-urna-quer-levar-na-baioneta\/#primaryimage"},"thumbnailUrl":"https:\/\/www.notibras.com\/site\/wp-content\/uploads\/2019\/05\/bandeira_militares_foto_exercito_brasileiro_flickr_cc.jpg","datePublished":"2022-07-09T10:55:24+00:00","breadcrumb":{"@id":"https:\/\/www.notibras.com\/site\/planalto-arma-golpe-se-perder-na-urna-quer-levar-na-baioneta\/#breadcrumb"},"inLanguage":"pt-BR","potentialAction":[{"@type":"ReadAction","target":["https:\/\/www.notibras.com\/site\/planalto-arma-golpe-se-perder-na-urna-quer-levar-na-baioneta\/"]}]},{"@type":"ImageObject","inLanguage":"pt-BR","@id":"https:\/\/www.notibras.com\/site\/planalto-arma-golpe-se-perder-na-urna-quer-levar-na-baioneta\/#primaryimage","url":"https:\/\/www.notibras.com\/site\/wp-content\/uploads\/2019\/05\/bandeira_militares_foto_exercito_brasileiro_flickr_cc.jpg","contentUrl":"https:\/\/www.notibras.com\/site\/wp-content\/uploads\/2019\/05\/bandeira_militares_foto_exercito_brasileiro_flickr_cc.jpg","width":1200,"height":496},{"@type":"BreadcrumbList","@id":"https:\/\/www.notibras.com\/site\/planalto-arma-golpe-se-perder-na-urna-quer-levar-na-baioneta\/#breadcrumb","itemListElement":[{"@type":"ListItem","position":1,"name":"In\u00edcio","item":"https:\/\/www.notibras.com\/site\/"},{"@type":"ListItem","position":2,"name":"Planalto arma golpe. Se perder na urna, quer levar na baioneta"}]},{"@type":"WebSite","@id":"https:\/\/www.notibras.com\/site\/#website","url":"https:\/\/www.notibras.com\/site\/","name":"Notibras","description":"Not\u00edcias de Bras\u00edlia, do Brasil e do Mundo","publisher":{"@id":"https:\/\/www.notibras.com\/site\/#organization"},"potentialAction":[{"@type":"SearchAction","target":{"@type":"EntryPoint","urlTemplate":"https:\/\/www.notibras.com\/site\/?s={search_term_string}"},"query-input":{"@type":"PropertyValueSpecification","valueRequired":true,"valueName":"search_term_string"}}],"inLanguage":"pt-BR"},{"@type":"Organization","@id":"https:\/\/www.notibras.com\/site\/#organization","name":"Grupo Notibras de Comunica\u00e7\u00e3o","url":"https:\/\/www.notibras.com\/site\/","logo":{"@type":"ImageObject","inLanguage":"pt-BR","@id":"https:\/\/www.notibras.com\/site\/#\/schema\/logo\/image\/","url":"https:\/\/www.notibras.com\/site\/wp-content\/uploads\/2023\/01\/notibras23.png","contentUrl":"https:\/\/www.notibras.com\/site\/wp-content\/uploads\/2023\/01\/notibras23.png","width":350,"height":87,"caption":"Grupo Notibras de Comunica\u00e7\u00e3o"},"image":{"@id":"https:\/\/www.notibras.com\/site\/#\/schema\/logo\/image\/"},"sameAs":["https:\/\/www.facebook.com\/notibras\/","https:\/\/x.com\/Notibras","https:\/\/www.instagram.com\/notibras\/"]},{"@type":"Person","@id":"https:\/\/www.notibras.com\/site\/#\/schema\/person\/36ab0979449956132d3e5b517ea76ac8","name":"Reda\u00e7\u00e3o","image":{"@type":"ImageObject","inLanguage":"pt-BR","@id":"https:\/\/secure.gravatar.com\/avatar\/e0a867bdedb85fd243eadf09663511f96fc81e0720a4a42581f334ad4303aa6b?s=96&d=mm&r=g","url":"https:\/\/secure.gravatar.com\/avatar\/e0a867bdedb85fd243eadf09663511f96fc81e0720a4a42581f334ad4303aa6b?s=96&d=mm&r=g","contentUrl":"https:\/\/secure.gravatar.com\/avatar\/e0a867bdedb85fd243eadf09663511f96fc81e0720a4a42581f334ad4303aa6b?s=96&d=mm&r=g","caption":"Reda\u00e7\u00e3o"}}]}},"amp_enabled":true,"_links":{"self":[{"href":"https:\/\/www.notibras.com\/site\/wp-json\/wp\/v2\/posts\/288619","targetHints":{"allow":["GET"]}}],"collection":[{"href":"https:\/\/www.notibras.com\/site\/wp-json\/wp\/v2\/posts"}],"about":[{"href":"https:\/\/www.notibras.com\/site\/wp-json\/wp\/v2\/types\/post"}],"author":[{"embeddable":true,"href":"https:\/\/www.notibras.com\/site\/wp-json\/wp\/v2\/users\/2"}],"replies":[{"embeddable":true,"href":"https:\/\/www.notibras.com\/site\/wp-json\/wp\/v2\/comments?post=288619"}],"version-history":[{"count":4,"href":"https:\/\/www.notibras.com\/site\/wp-json\/wp\/v2\/posts\/288619\/revisions"}],"predecessor-version":[{"id":288623,"href":"https:\/\/www.notibras.com\/site\/wp-json\/wp\/v2\/posts\/288619\/revisions\/288623"}],"wp:featuredmedia":[{"embeddable":true,"href":"https:\/\/www.notibras.com\/site\/wp-json\/wp\/v2\/media\/207850"}],"wp:attachment":[{"href":"https:\/\/www.notibras.com\/site\/wp-json\/wp\/v2\/media?parent=288619"}],"wp:term":[{"taxonomy":"category","embeddable":true,"href":"https:\/\/www.notibras.com\/site\/wp-json\/wp\/v2\/categories?post=288619"},{"taxonomy":"post_tag","embeddable":true,"href":"https:\/\/www.notibras.com\/site\/wp-json\/wp\/v2\/tags?post=288619"}],"curies":[{"name":"wp","href":"https:\/\/api.w.org\/{rel}","templated":true}]}}