{"id":28872,"date":"2014-11-19T23:06:26","date_gmt":"2014-11-20T02:06:26","guid":{"rendered":"http:\/\/www.notibras.com\/site\/?p=28872"},"modified":"2014-11-19T23:06:26","modified_gmt":"2014-11-20T02:06:26","slug":"palmeiras-amarga-derrota-para-sport-na-inauguracao-da-nova-casa","status":"publish","type":"post","link":"https:\/\/www.notibras.com\/site\/palmeiras-amarga-derrota-para-sport-na-inauguracao-da-nova-casa\/","title":{"rendered":"Palmeiras amarga derrota para Sport na inaugura\u00e7\u00e3o da nova casa"},"content":{"rendered":"<p>A festa do torcedor palmeirense com sua nova casa se limitou a aspectos extracampo. No gramado, s\u00f3 houve frustra\u00e7\u00e3o Estreando o Allianz Parque, o time alviverde fez uma partida fraca tecnicamente e perdeu para o Sport por 2 a 0, nesta quarta-feira.<\/p>\n<p>O primeiro gol da partida foi feito por Ananias, aos 33 minutos do segundo tempo. O atacante, que se destacou com a camisa da Portuguesa, passou pela equipe paulista em 2013 de forma discreta e sequer balan\u00e7ou a rede. Aos 45, Patric ampliou com gola\u00e7o.<\/p>\n<blockquote><p>Lotado, o bel\u00edssimo est\u00e1dio foi muito celebrado pelos torcedores, que s\u00f3 perderam a anima\u00e7\u00e3o justamente com a bola rolando. Demonstrado apatia em campo, a equipe paulista at\u00e9 viu os pernambucanos terem maior dom\u00ednio territorial ao longo da partida.<\/p><\/blockquote>\n<p>Dessa forma, o Palmeiras se torna o segundo grande clube de S\u00e3o Paulo a estrear seu est\u00e1dio com um gosto amargo. Isso porque, antes da Copa do Mundo, o Corinthians perdeu por 1 a 0 para o Figueirense no primeiro jogo oficial da Arena Corinthians.<\/p>\n<p>Sem jogar em seu est\u00e1dio desde maio de 2010, quando o Palestra It\u00e1lia foi fechado para se transformar na moderna arena, o Palmeiras agora ter\u00e1 a oportunidade de buscar sua primeira vit\u00f3ria no Allianz Parque apenas na \u00faltima rodada, em 7 de dezembro, quando enfrentar\u00e1 o Atl\u00e9tico-PR.<\/p>\n<p>Com o resultado, o clube alviverde chega a sua terceira derrota seguida no Brasileiro, estaciona nos 39 pontos e fica em situa\u00e7\u00e3o cr\u00edtica. Isso porque, na 14\u00aa posi\u00e7\u00e3o, a equipe est\u00e1 tr\u00eas pontos longe da zona de rebaixamento, mas pode cair para um caso a Chapecoense ven\u00e7a o Fluminense fora de casa na quinta.<\/p>\n<p>J\u00e1 o Sport completa quatro jogos de invencibilidade &#8211; tr\u00eas triunfos e um empate -, fica com 47 pontos e acaba com qualquer chance de rebaixamento.<\/p>\n<p>Pela pr\u00f3xima rodada do Nacional, o Palmeiras visitar\u00e1 o Coritiba no Couto Pereira , no domingo, \u00e0s 19h30 (de Bras\u00edlia). No mesmo dia, o Sport receber\u00e1 o Fluminense na Arena Pernambuco, \u00e0s 17h.<\/p>\n","protected":false},"excerpt":{"rendered":"<p>A festa do torcedor palmeirense com sua nova casa se limitou a aspectos extracampo. No gramado, s\u00f3 houve frustra\u00e7\u00e3o Estreando o Allianz Parque, o time alviverde fez uma partida fraca tecnicamente e perdeu para o Sport por 2 a 0, nesta quarta-feira. O primeiro gol da partida foi feito por Ananias, aos 33 minutos do [&hellip;]<\/p>\n","protected":false},"author":2,"featured_media":28877,"comment_status":"open","ping_status":"closed","sticky":false,"template":"","format":"standard","meta":{"_acf_changed":false,"footnotes":""},"categories":[19,29],"tags":[],"class_list":["post-28872","post","type-post","status-publish","format-standard","has-post-thumbnail","hentry","category-esportes","category-futebol"],"acf":[],"yoast_head":"<!-- This site is optimized with the Yoast SEO plugin v27.2 - https:\/\/yoast.com\/product\/yoast-seo-wordpress\/ -->\n<title>Palmeiras amarga derrota para Sport na inaugura\u00e7\u00e3o da nova casa - Notibras<\/title>\n<meta name=\"robots\" content=\"index, follow, max-snippet:-1, max-image-preview:large, max-video-preview:-1\" \/>\n<link rel=\"canonical\" href=\"https:\/\/www.notibras.com\/site\/palmeiras-amarga-derrota-para-sport-na-inauguracao-da-nova-casa\/\" \/>\n<meta property=\"og:locale\" content=\"pt_BR\" \/>\n<meta property=\"og:type\" content=\"article\" \/>\n<meta property=\"og:title\" content=\"Palmeiras amarga derrota para Sport na inaugura\u00e7\u00e3o da nova casa - Notibras\" \/>\n<meta property=\"og:description\" content=\"A festa do torcedor palmeirense com sua nova casa se limitou a aspectos extracampo. No gramado, s\u00f3 houve frustra\u00e7\u00e3o Estreando o Allianz Parque, o time alviverde fez uma partida fraca tecnicamente e perdeu para o Sport por 2 a 0, nesta quarta-feira. O primeiro gol da partida foi feito por Ananias, aos 33 minutos do [&hellip;]\" \/>\n<meta property=\"og:url\" content=\"https:\/\/www.notibras.com\/site\/palmeiras-amarga-derrota-para-sport-na-inauguracao-da-nova-casa\/\" \/>\n<meta property=\"og:site_name\" content=\"Notibras\" \/>\n<meta property=\"article:publisher\" content=\"https:\/\/www.facebook.com\/notibras\/\" \/>\n<meta property=\"article:published_time\" content=\"2014-11-20T02:06:26+00:00\" \/>\n<meta property=\"og:image\" content=\"https:\/\/www.notibras.com\/site\/wp-content\/uploads\/2014\/11\/espal.jpg\" \/>\n\t<meta property=\"og:image:width\" content=\"750\" \/>\n\t<meta property=\"og:image:height\" content=\"500\" \/>\n\t<meta property=\"og:image:type\" content=\"image\/jpeg\" \/>\n<meta name=\"author\" content=\"Reda\u00e7\u00e3o\" \/>\n<meta name=\"twitter:card\" content=\"summary_large_image\" \/>\n<meta name=\"twitter:creator\" content=\"@Notibras\" \/>\n<meta name=\"twitter:site\" content=\"@Notibras\" \/>\n<meta name=\"twitter:label1\" content=\"Escrito por\" \/>\n\t<meta name=\"twitter:data1\" content=\"Reda\u00e7\u00e3o\" \/>\n\t<meta name=\"twitter:label2\" content=\"Est. tempo de leitura\" \/>\n\t<meta name=\"twitter:data2\" content=\"2 minutos\" \/>\n<script type=\"application\/ld+json\" class=\"yoast-schema-graph\">{\"@context\":\"https:\/\/schema.org\",\"@graph\":[{\"@type\":\"Article\",\"@id\":\"https:\/\/www.notibras.com\/site\/palmeiras-amarga-derrota-para-sport-na-inauguracao-da-nova-casa\/#article\",\"isPartOf\":{\"@id\":\"https:\/\/www.notibras.com\/site\/palmeiras-amarga-derrota-para-sport-na-inauguracao-da-nova-casa\/\"},\"author\":{\"name\":\"Reda\u00e7\u00e3o\",\"@id\":\"https:\/\/www.notibras.com\/site\/#\/schema\/person\/36ab0979449956132d3e5b517ea76ac8\"},\"headline\":\"Palmeiras amarga derrota para Sport na inaugura\u00e7\u00e3o da nova casa\",\"datePublished\":\"2014-11-20T02:06:26+00:00\",\"mainEntityOfPage\":{\"@id\":\"https:\/\/www.notibras.com\/site\/palmeiras-amarga-derrota-para-sport-na-inauguracao-da-nova-casa\/\"},\"wordCount\":349,\"commentCount\":0,\"publisher\":{\"@id\":\"https:\/\/www.notibras.com\/site\/#organization\"},\"image\":{\"@id\":\"https:\/\/www.notibras.com\/site\/palmeiras-amarga-derrota-para-sport-na-inauguracao-da-nova-casa\/#primaryimage\"},\"thumbnailUrl\":\"https:\/\/www.notibras.com\/site\/wp-content\/uploads\/2014\/11\/espal.jpg\",\"articleSection\":[\"Esportes\",\"Futebol\"],\"inLanguage\":\"pt-BR\",\"potentialAction\":[{\"@type\":\"CommentAction\",\"name\":\"Comment\",\"target\":[\"https:\/\/www.notibras.com\/site\/palmeiras-amarga-derrota-para-sport-na-inauguracao-da-nova-casa\/#respond\"]}]},{\"@type\":\"WebPage\",\"@id\":\"https:\/\/www.notibras.com\/site\/palmeiras-amarga-derrota-para-sport-na-inauguracao-da-nova-casa\/\",\"url\":\"https:\/\/www.notibras.com\/site\/palmeiras-amarga-derrota-para-sport-na-inauguracao-da-nova-casa\/\",\"name\":\"Palmeiras amarga derrota para Sport na inaugura\u00e7\u00e3o da nova casa - Notibras\",\"isPartOf\":{\"@id\":\"https:\/\/www.notibras.com\/site\/#website\"},\"primaryImageOfPage\":{\"@id\":\"https:\/\/www.notibras.com\/site\/palmeiras-amarga-derrota-para-sport-na-inauguracao-da-nova-casa\/#primaryimage\"},\"image\":{\"@id\":\"https:\/\/www.notibras.com\/site\/palmeiras-amarga-derrota-para-sport-na-inauguracao-da-nova-casa\/#primaryimage\"},\"thumbnailUrl\":\"https:\/\/www.notibras.com\/site\/wp-content\/uploads\/2014\/11\/espal.jpg\",\"datePublished\":\"2014-11-20T02:06:26+00:00\",\"breadcrumb\":{\"@id\":\"https:\/\/www.notibras.com\/site\/palmeiras-amarga-derrota-para-sport-na-inauguracao-da-nova-casa\/#breadcrumb\"},\"inLanguage\":\"pt-BR\",\"potentialAction\":[{\"@type\":\"ReadAction\",\"target\":[\"https:\/\/www.notibras.com\/site\/palmeiras-amarga-derrota-para-sport-na-inauguracao-da-nova-casa\/\"]}]},{\"@type\":\"ImageObject\",\"inLanguage\":\"pt-BR\",\"@id\":\"https:\/\/www.notibras.com\/site\/palmeiras-amarga-derrota-para-sport-na-inauguracao-da-nova-casa\/#primaryimage\",\"url\":\"https:\/\/www.notibras.com\/site\/wp-content\/uploads\/2014\/11\/espal.jpg\",\"contentUrl\":\"https:\/\/www.notibras.com\/site\/wp-content\/uploads\/2014\/11\/espal.jpg\",\"width\":750,\"height\":500},{\"@type\":\"BreadcrumbList\",\"@id\":\"https:\/\/www.notibras.com\/site\/palmeiras-amarga-derrota-para-sport-na-inauguracao-da-nova-casa\/#breadcrumb\",\"itemListElement\":[{\"@type\":\"ListItem\",\"position\":1,\"name\":\"In\u00edcio\",\"item\":\"https:\/\/www.notibras.com\/site\/\"},{\"@type\":\"ListItem\",\"position\":2,\"name\":\"Palmeiras amarga derrota para Sport na inaugura\u00e7\u00e3o da nova casa\"}]},{\"@type\":\"WebSite\",\"@id\":\"https:\/\/www.notibras.com\/site\/#website\",\"url\":\"https:\/\/www.notibras.com\/site\/\",\"name\":\"Notibras\",\"description\":\"Not\u00edcias de Bras\u00edlia, do Brasil e do Mundo\",\"publisher\":{\"@id\":\"https:\/\/www.notibras.com\/site\/#organization\"},\"potentialAction\":[{\"@type\":\"SearchAction\",\"target\":{\"@type\":\"EntryPoint\",\"urlTemplate\":\"https:\/\/www.notibras.com\/site\/?s={search_term_string}\"},\"query-input\":{\"@type\":\"PropertyValueSpecification\",\"valueRequired\":true,\"valueName\":\"search_term_string\"}}],\"inLanguage\":\"pt-BR\"},{\"@type\":\"Organization\",\"@id\":\"https:\/\/www.notibras.com\/site\/#organization\",\"name\":\"Grupo Notibras de Comunica\u00e7\u00e3o\",\"url\":\"https:\/\/www.notibras.com\/site\/\",\"logo\":{\"@type\":\"ImageObject\",\"inLanguage\":\"pt-BR\",\"@id\":\"https:\/\/www.notibras.com\/site\/#\/schema\/logo\/image\/\",\"url\":\"https:\/\/www.notibras.com\/site\/wp-content\/uploads\/2023\/01\/notibras23.png\",\"contentUrl\":\"https:\/\/www.notibras.com\/site\/wp-content\/uploads\/2023\/01\/notibras23.png\",\"width\":350,\"height\":87,\"caption\":\"Grupo Notibras de Comunica\u00e7\u00e3o\"},\"image\":{\"@id\":\"https:\/\/www.notibras.com\/site\/#\/schema\/logo\/image\/\"},\"sameAs\":[\"https:\/\/www.facebook.com\/notibras\/\",\"https:\/\/x.com\/Notibras\",\"https:\/\/www.instagram.com\/notibras\/\"]},{\"@type\":\"Person\",\"@id\":\"https:\/\/www.notibras.com\/site\/#\/schema\/person\/36ab0979449956132d3e5b517ea76ac8\",\"name\":\"Reda\u00e7\u00e3o\",\"image\":{\"@type\":\"ImageObject\",\"inLanguage\":\"pt-BR\",\"@id\":\"https:\/\/secure.gravatar.com\/avatar\/e0a867bdedb85fd243eadf09663511f96fc81e0720a4a42581f334ad4303aa6b?s=96&d=mm&r=g\",\"url\":\"https:\/\/secure.gravatar.com\/avatar\/e0a867bdedb85fd243eadf09663511f96fc81e0720a4a42581f334ad4303aa6b?s=96&d=mm&r=g\",\"contentUrl\":\"https:\/\/secure.gravatar.com\/avatar\/e0a867bdedb85fd243eadf09663511f96fc81e0720a4a42581f334ad4303aa6b?s=96&d=mm&r=g\",\"caption\":\"Reda\u00e7\u00e3o\"}}]}<\/script>\n<!-- \/ Yoast SEO plugin. -->","yoast_head_json":{"title":"Palmeiras amarga derrota para Sport na inaugura\u00e7\u00e3o da nova casa - Notibras","robots":{"index":"index","follow":"follow","max-snippet":"max-snippet:-1","max-image-preview":"max-image-preview:large","max-video-preview":"max-video-preview:-1"},"canonical":"https:\/\/www.notibras.com\/site\/palmeiras-amarga-derrota-para-sport-na-inauguracao-da-nova-casa\/","og_locale":"pt_BR","og_type":"article","og_title":"Palmeiras amarga derrota para Sport na inaugura\u00e7\u00e3o da nova casa - Notibras","og_description":"A festa do torcedor palmeirense com sua nova casa se limitou a aspectos extracampo. No gramado, s\u00f3 houve frustra\u00e7\u00e3o Estreando o Allianz Parque, o time alviverde fez uma partida fraca tecnicamente e perdeu para o Sport por 2 a 0, nesta quarta-feira. O primeiro gol da partida foi feito por Ananias, aos 33 minutos do [&hellip;]","og_url":"https:\/\/www.notibras.com\/site\/palmeiras-amarga-derrota-para-sport-na-inauguracao-da-nova-casa\/","og_site_name":"Notibras","article_publisher":"https:\/\/www.facebook.com\/notibras\/","article_published_time":"2014-11-20T02:06:26+00:00","og_image":[{"width":750,"height":500,"url":"https:\/\/www.notibras.com\/site\/wp-content\/uploads\/2014\/11\/espal.jpg","type":"image\/jpeg"}],"author":"Reda\u00e7\u00e3o","twitter_card":"summary_large_image","twitter_creator":"@Notibras","twitter_site":"@Notibras","twitter_misc":{"Escrito por":"Reda\u00e7\u00e3o","Est. tempo de leitura":"2 minutos"},"schema":{"@context":"https:\/\/schema.org","@graph":[{"@type":"Article","@id":"https:\/\/www.notibras.com\/site\/palmeiras-amarga-derrota-para-sport-na-inauguracao-da-nova-casa\/#article","isPartOf":{"@id":"https:\/\/www.notibras.com\/site\/palmeiras-amarga-derrota-para-sport-na-inauguracao-da-nova-casa\/"},"author":{"name":"Reda\u00e7\u00e3o","@id":"https:\/\/www.notibras.com\/site\/#\/schema\/person\/36ab0979449956132d3e5b517ea76ac8"},"headline":"Palmeiras amarga derrota para Sport na inaugura\u00e7\u00e3o da nova casa","datePublished":"2014-11-20T02:06:26+00:00","mainEntityOfPage":{"@id":"https:\/\/www.notibras.com\/site\/palmeiras-amarga-derrota-para-sport-na-inauguracao-da-nova-casa\/"},"wordCount":349,"commentCount":0,"publisher":{"@id":"https:\/\/www.notibras.com\/site\/#organization"},"image":{"@id":"https:\/\/www.notibras.com\/site\/palmeiras-amarga-derrota-para-sport-na-inauguracao-da-nova-casa\/#primaryimage"},"thumbnailUrl":"https:\/\/www.notibras.com\/site\/wp-content\/uploads\/2014\/11\/espal.jpg","articleSection":["Esportes","Futebol"],"inLanguage":"pt-BR","potentialAction":[{"@type":"CommentAction","name":"Comment","target":["https:\/\/www.notibras.com\/site\/palmeiras-amarga-derrota-para-sport-na-inauguracao-da-nova-casa\/#respond"]}]},{"@type":"WebPage","@id":"https:\/\/www.notibras.com\/site\/palmeiras-amarga-derrota-para-sport-na-inauguracao-da-nova-casa\/","url":"https:\/\/www.notibras.com\/site\/palmeiras-amarga-derrota-para-sport-na-inauguracao-da-nova-casa\/","name":"Palmeiras amarga derrota para Sport na inaugura\u00e7\u00e3o da nova casa - Notibras","isPartOf":{"@id":"https:\/\/www.notibras.com\/site\/#website"},"primaryImageOfPage":{"@id":"https:\/\/www.notibras.com\/site\/palmeiras-amarga-derrota-para-sport-na-inauguracao-da-nova-casa\/#primaryimage"},"image":{"@id":"https:\/\/www.notibras.com\/site\/palmeiras-amarga-derrota-para-sport-na-inauguracao-da-nova-casa\/#primaryimage"},"thumbnailUrl":"https:\/\/www.notibras.com\/site\/wp-content\/uploads\/2014\/11\/espal.jpg","datePublished":"2014-11-20T02:06:26+00:00","breadcrumb":{"@id":"https:\/\/www.notibras.com\/site\/palmeiras-amarga-derrota-para-sport-na-inauguracao-da-nova-casa\/#breadcrumb"},"inLanguage":"pt-BR","potentialAction":[{"@type":"ReadAction","target":["https:\/\/www.notibras.com\/site\/palmeiras-amarga-derrota-para-sport-na-inauguracao-da-nova-casa\/"]}]},{"@type":"ImageObject","inLanguage":"pt-BR","@id":"https:\/\/www.notibras.com\/site\/palmeiras-amarga-derrota-para-sport-na-inauguracao-da-nova-casa\/#primaryimage","url":"https:\/\/www.notibras.com\/site\/wp-content\/uploads\/2014\/11\/espal.jpg","contentUrl":"https:\/\/www.notibras.com\/site\/wp-content\/uploads\/2014\/11\/espal.jpg","width":750,"height":500},{"@type":"BreadcrumbList","@id":"https:\/\/www.notibras.com\/site\/palmeiras-amarga-derrota-para-sport-na-inauguracao-da-nova-casa\/#breadcrumb","itemListElement":[{"@type":"ListItem","position":1,"name":"In\u00edcio","item":"https:\/\/www.notibras.com\/site\/"},{"@type":"ListItem","position":2,"name":"Palmeiras amarga derrota para Sport na inaugura\u00e7\u00e3o da nova casa"}]},{"@type":"WebSite","@id":"https:\/\/www.notibras.com\/site\/#website","url":"https:\/\/www.notibras.com\/site\/","name":"Notibras","description":"Not\u00edcias de Bras\u00edlia, do Brasil e do Mundo","publisher":{"@id":"https:\/\/www.notibras.com\/site\/#organization"},"potentialAction":[{"@type":"SearchAction","target":{"@type":"EntryPoint","urlTemplate":"https:\/\/www.notibras.com\/site\/?s={search_term_string}"},"query-input":{"@type":"PropertyValueSpecification","valueRequired":true,"valueName":"search_term_string"}}],"inLanguage":"pt-BR"},{"@type":"Organization","@id":"https:\/\/www.notibras.com\/site\/#organization","name":"Grupo Notibras de Comunica\u00e7\u00e3o","url":"https:\/\/www.notibras.com\/site\/","logo":{"@type":"ImageObject","inLanguage":"pt-BR","@id":"https:\/\/www.notibras.com\/site\/#\/schema\/logo\/image\/","url":"https:\/\/www.notibras.com\/site\/wp-content\/uploads\/2023\/01\/notibras23.png","contentUrl":"https:\/\/www.notibras.com\/site\/wp-content\/uploads\/2023\/01\/notibras23.png","width":350,"height":87,"caption":"Grupo Notibras de Comunica\u00e7\u00e3o"},"image":{"@id":"https:\/\/www.notibras.com\/site\/#\/schema\/logo\/image\/"},"sameAs":["https:\/\/www.facebook.com\/notibras\/","https:\/\/x.com\/Notibras","https:\/\/www.instagram.com\/notibras\/"]},{"@type":"Person","@id":"https:\/\/www.notibras.com\/site\/#\/schema\/person\/36ab0979449956132d3e5b517ea76ac8","name":"Reda\u00e7\u00e3o","image":{"@type":"ImageObject","inLanguage":"pt-BR","@id":"https:\/\/secure.gravatar.com\/avatar\/e0a867bdedb85fd243eadf09663511f96fc81e0720a4a42581f334ad4303aa6b?s=96&d=mm&r=g","url":"https:\/\/secure.gravatar.com\/avatar\/e0a867bdedb85fd243eadf09663511f96fc81e0720a4a42581f334ad4303aa6b?s=96&d=mm&r=g","contentUrl":"https:\/\/secure.gravatar.com\/avatar\/e0a867bdedb85fd243eadf09663511f96fc81e0720a4a42581f334ad4303aa6b?s=96&d=mm&r=g","caption":"Reda\u00e7\u00e3o"}}]}},"amp_enabled":true,"_links":{"self":[{"href":"https:\/\/www.notibras.com\/site\/wp-json\/wp\/v2\/posts\/28872","targetHints":{"allow":["GET"]}}],"collection":[{"href":"https:\/\/www.notibras.com\/site\/wp-json\/wp\/v2\/posts"}],"about":[{"href":"https:\/\/www.notibras.com\/site\/wp-json\/wp\/v2\/types\/post"}],"author":[{"embeddable":true,"href":"https:\/\/www.notibras.com\/site\/wp-json\/wp\/v2\/users\/2"}],"replies":[{"embeddable":true,"href":"https:\/\/www.notibras.com\/site\/wp-json\/wp\/v2\/comments?post=28872"}],"version-history":[{"count":0,"href":"https:\/\/www.notibras.com\/site\/wp-json\/wp\/v2\/posts\/28872\/revisions"}],"wp:featuredmedia":[{"embeddable":true,"href":"https:\/\/www.notibras.com\/site\/wp-json\/wp\/v2\/media\/28877"}],"wp:attachment":[{"href":"https:\/\/www.notibras.com\/site\/wp-json\/wp\/v2\/media?parent=28872"}],"wp:term":[{"taxonomy":"category","embeddable":true,"href":"https:\/\/www.notibras.com\/site\/wp-json\/wp\/v2\/categories?post=28872"},{"taxonomy":"post_tag","embeddable":true,"href":"https:\/\/www.notibras.com\/site\/wp-json\/wp\/v2\/tags?post=28872"}],"curies":[{"name":"wp","href":"https:\/\/api.w.org\/{rel}","templated":true}]}}