{"id":288741,"date":"2022-07-11T06:24:39","date_gmt":"2022-07-11T09:24:39","guid":{"rendered":"https:\/\/www.notibras.com\/site\/?p=288741"},"modified":"2022-07-11T06:47:26","modified_gmt":"2022-07-11T09:47:26","slug":"comecam-os-preparativos-para-quem-for-votar-em-transito","status":"publish","type":"post","link":"https:\/\/www.notibras.com\/site\/comecam-os-preparativos-para-quem-for-votar-em-transito\/","title":{"rendered":"Come\u00e7am os preparativos para quem for votar em tr\u00e2nsito"},"content":{"rendered":"<p>A partir do dia 15 de julho, os munic\u00edpios com eleitorado superior a 100 mil pessoas devem habilitar os locais de vota\u00e7\u00e3o convencionais ou espec\u00edficos para recebimento do voto em tr\u00e2nsito, que \u00e9 permitido somente nessas localidades. A data est\u00e1 prevista no calend\u00e1rio eleitoral.<\/p>\n<p>A medida deve ser cumprida para permitir que o eleitor possa solicitar o voto em tr\u00e2nsito, cujo prazo come\u00e7a no dia 18 e vai at\u00e9 18 de agosto. Na ocasi\u00e3o, o cidad\u00e3o poder\u00e1 indicar o local onde pretende votar fora de seu domic\u00edlio eleitoral.<\/p>\n<p>O voto em tr\u00e2nsito \u00e9 permitido somente para os eleitores que est\u00e3o com o t\u00edtulo regularizado. Quem estiver fora de seu estado, poder\u00e1 votar somente para presidente da Rep\u00fablica. O eleitor que estiver fora de sua cidade, mas em um munic\u00edpio localizado no mesmo estado, poder\u00e1 votar para todos os cargos em disputa.<\/p>\n<p>Essa modalidade n\u00e3o vale para urnas eletr\u00f4nicas instaladas no exterior, por\u00e9m, o eleitor brasileiro que mora fora do pa\u00eds e estiver no Brasil poder\u00e1 solicitar o voto em tr\u00e2nsito.<\/p>\n<p>O primeiro turno ocorrer\u00e1 no dia 2 de outubro, quando os eleitores v\u00e3o \u00e0s urnas para eleger o presidente da Rep\u00fablica, governadores, senadores, deputados federais, estaduais e distritais. Um eventual segundo turno para a disputa presidencial e aos governos estaduais ser\u00e1 em 30 de outubro.<\/p>\n","protected":false},"excerpt":{"rendered":"<p>A partir do dia 15 de julho, os munic\u00edpios com eleitorado superior a 100 mil pessoas devem habilitar os locais de vota\u00e7\u00e3o convencionais ou espec\u00edficos para recebimento do voto em tr\u00e2nsito, que \u00e9 permitido somente nessas localidades. A data est\u00e1 prevista no calend\u00e1rio eleitoral. A medida deve ser cumprida para permitir que o eleitor possa [&hellip;]<\/p>\n","protected":false},"author":2,"featured_media":288742,"comment_status":"closed","ping_status":"closed","sticky":false,"template":"","format":"standard","meta":{"_acf_changed":false,"footnotes":""},"categories":[26],"tags":[95],"class_list":["post-288741","post","type-post","status-publish","format-standard","has-post-thumbnail","hentry","category-eleicoes-2022","tag-capa"],"acf":[],"yoast_head":"<!-- This site is optimized with the Yoast SEO plugin v27.2 - https:\/\/yoast.com\/product\/yoast-seo-wordpress\/ -->\n<title>Come\u00e7am os preparativos para quem for votar em tr\u00e2nsito - Notibras<\/title>\n<meta name=\"robots\" content=\"index, follow, max-snippet:-1, max-image-preview:large, max-video-preview:-1\" \/>\n<link rel=\"canonical\" href=\"https:\/\/www.notibras.com\/site\/comecam-os-preparativos-para-quem-for-votar-em-transito\/\" \/>\n<meta property=\"og:locale\" content=\"pt_BR\" \/>\n<meta property=\"og:type\" content=\"article\" \/>\n<meta property=\"og:title\" content=\"Come\u00e7am os preparativos para quem for votar em tr\u00e2nsito - Notibras\" \/>\n<meta property=\"og:description\" content=\"A partir do dia 15 de julho, os munic\u00edpios com eleitorado superior a 100 mil pessoas devem habilitar os locais de vota\u00e7\u00e3o convencionais ou espec\u00edficos para recebimento do voto em tr\u00e2nsito, que \u00e9 permitido somente nessas localidades. A data est\u00e1 prevista no calend\u00e1rio eleitoral. A medida deve ser cumprida para permitir que o eleitor possa [&hellip;]\" \/>\n<meta property=\"og:url\" content=\"https:\/\/www.notibras.com\/site\/comecam-os-preparativos-para-quem-for-votar-em-transito\/\" \/>\n<meta property=\"og:site_name\" content=\"Notibras\" \/>\n<meta property=\"article:publisher\" content=\"https:\/\/www.facebook.com\/notibras\/\" \/>\n<meta property=\"article:published_time\" content=\"2022-07-11T09:24:39+00:00\" \/>\n<meta property=\"article:modified_time\" content=\"2022-07-11T09:47:26+00:00\" \/>\n<meta property=\"og:image\" content=\"https:\/\/www.notibras.com\/site\/wp-content\/uploads\/2022\/07\/51744870269_7f6b655a3d_o-1.jpg\" \/>\n\t<meta property=\"og:image:width\" content=\"1170\" \/>\n\t<meta property=\"og:image:height\" content=\"700\" \/>\n\t<meta property=\"og:image:type\" content=\"image\/jpeg\" \/>\n<meta name=\"author\" content=\"Reda\u00e7\u00e3o\" \/>\n<meta name=\"twitter:card\" content=\"summary_large_image\" \/>\n<meta name=\"twitter:creator\" content=\"@Notibras\" \/>\n<meta name=\"twitter:site\" content=\"@Notibras\" \/>\n<meta name=\"twitter:label1\" content=\"Escrito por\" \/>\n\t<meta name=\"twitter:data1\" content=\"Reda\u00e7\u00e3o\" \/>\n\t<meta name=\"twitter:label2\" content=\"Est. tempo de leitura\" \/>\n\t<meta name=\"twitter:data2\" content=\"2 minutos\" \/>\n<script type=\"application\/ld+json\" class=\"yoast-schema-graph\">{\"@context\":\"https:\/\/schema.org\",\"@graph\":[{\"@type\":\"Article\",\"@id\":\"https:\/\/www.notibras.com\/site\/comecam-os-preparativos-para-quem-for-votar-em-transito\/#article\",\"isPartOf\":{\"@id\":\"https:\/\/www.notibras.com\/site\/comecam-os-preparativos-para-quem-for-votar-em-transito\/\"},\"author\":{\"name\":\"Reda\u00e7\u00e3o\",\"@id\":\"https:\/\/www.notibras.com\/site\/#\/schema\/person\/36ab0979449956132d3e5b517ea76ac8\"},\"headline\":\"Come\u00e7am os preparativos para quem for votar em tr\u00e2nsito\",\"datePublished\":\"2022-07-11T09:24:39+00:00\",\"dateModified\":\"2022-07-11T09:47:26+00:00\",\"mainEntityOfPage\":{\"@id\":\"https:\/\/www.notibras.com\/site\/comecam-os-preparativos-para-quem-for-votar-em-transito\/\"},\"wordCount\":240,\"publisher\":{\"@id\":\"https:\/\/www.notibras.com\/site\/#organization\"},\"image\":{\"@id\":\"https:\/\/www.notibras.com\/site\/comecam-os-preparativos-para-quem-for-votar-em-transito\/#primaryimage\"},\"thumbnailUrl\":\"https:\/\/www.notibras.com\/site\/wp-content\/uploads\/2022\/07\/51744870269_7f6b655a3d_o-1.jpg\",\"keywords\":[\"capa\"],\"articleSection\":[\"Elei\u00e7\u00f5es 2022\"],\"inLanguage\":\"pt-BR\"},{\"@type\":\"WebPage\",\"@id\":\"https:\/\/www.notibras.com\/site\/comecam-os-preparativos-para-quem-for-votar-em-transito\/\",\"url\":\"https:\/\/www.notibras.com\/site\/comecam-os-preparativos-para-quem-for-votar-em-transito\/\",\"name\":\"Come\u00e7am os preparativos para quem for votar em tr\u00e2nsito - Notibras\",\"isPartOf\":{\"@id\":\"https:\/\/www.notibras.com\/site\/#website\"},\"primaryImageOfPage\":{\"@id\":\"https:\/\/www.notibras.com\/site\/comecam-os-preparativos-para-quem-for-votar-em-transito\/#primaryimage\"},\"image\":{\"@id\":\"https:\/\/www.notibras.com\/site\/comecam-os-preparativos-para-quem-for-votar-em-transito\/#primaryimage\"},\"thumbnailUrl\":\"https:\/\/www.notibras.com\/site\/wp-content\/uploads\/2022\/07\/51744870269_7f6b655a3d_o-1.jpg\",\"datePublished\":\"2022-07-11T09:24:39+00:00\",\"dateModified\":\"2022-07-11T09:47:26+00:00\",\"breadcrumb\":{\"@id\":\"https:\/\/www.notibras.com\/site\/comecam-os-preparativos-para-quem-for-votar-em-transito\/#breadcrumb\"},\"inLanguage\":\"pt-BR\",\"potentialAction\":[{\"@type\":\"ReadAction\",\"target\":[\"https:\/\/www.notibras.com\/site\/comecam-os-preparativos-para-quem-for-votar-em-transito\/\"]}]},{\"@type\":\"ImageObject\",\"inLanguage\":\"pt-BR\",\"@id\":\"https:\/\/www.notibras.com\/site\/comecam-os-preparativos-para-quem-for-votar-em-transito\/#primaryimage\",\"url\":\"https:\/\/www.notibras.com\/site\/wp-content\/uploads\/2022\/07\/51744870269_7f6b655a3d_o-1.jpg\",\"contentUrl\":\"https:\/\/www.notibras.com\/site\/wp-content\/uploads\/2022\/07\/51744870269_7f6b655a3d_o-1.jpg\",\"width\":1170,\"height\":700},{\"@type\":\"BreadcrumbList\",\"@id\":\"https:\/\/www.notibras.com\/site\/comecam-os-preparativos-para-quem-for-votar-em-transito\/#breadcrumb\",\"itemListElement\":[{\"@type\":\"ListItem\",\"position\":1,\"name\":\"In\u00edcio\",\"item\":\"https:\/\/www.notibras.com\/site\/\"},{\"@type\":\"ListItem\",\"position\":2,\"name\":\"Come\u00e7am os preparativos para quem for votar em tr\u00e2nsito\"}]},{\"@type\":\"WebSite\",\"@id\":\"https:\/\/www.notibras.com\/site\/#website\",\"url\":\"https:\/\/www.notibras.com\/site\/\",\"name\":\"Notibras\",\"description\":\"Not\u00edcias de Bras\u00edlia, do Brasil e do Mundo\",\"publisher\":{\"@id\":\"https:\/\/www.notibras.com\/site\/#organization\"},\"potentialAction\":[{\"@type\":\"SearchAction\",\"target\":{\"@type\":\"EntryPoint\",\"urlTemplate\":\"https:\/\/www.notibras.com\/site\/?s={search_term_string}\"},\"query-input\":{\"@type\":\"PropertyValueSpecification\",\"valueRequired\":true,\"valueName\":\"search_term_string\"}}],\"inLanguage\":\"pt-BR\"},{\"@type\":\"Organization\",\"@id\":\"https:\/\/www.notibras.com\/site\/#organization\",\"name\":\"Grupo Notibras de Comunica\u00e7\u00e3o\",\"url\":\"https:\/\/www.notibras.com\/site\/\",\"logo\":{\"@type\":\"ImageObject\",\"inLanguage\":\"pt-BR\",\"@id\":\"https:\/\/www.notibras.com\/site\/#\/schema\/logo\/image\/\",\"url\":\"https:\/\/www.notibras.com\/site\/wp-content\/uploads\/2023\/01\/notibras23.png\",\"contentUrl\":\"https:\/\/www.notibras.com\/site\/wp-content\/uploads\/2023\/01\/notibras23.png\",\"width\":350,\"height\":87,\"caption\":\"Grupo Notibras de Comunica\u00e7\u00e3o\"},\"image\":{\"@id\":\"https:\/\/www.notibras.com\/site\/#\/schema\/logo\/image\/\"},\"sameAs\":[\"https:\/\/www.facebook.com\/notibras\/\",\"https:\/\/x.com\/Notibras\",\"https:\/\/www.instagram.com\/notibras\/\"]},{\"@type\":\"Person\",\"@id\":\"https:\/\/www.notibras.com\/site\/#\/schema\/person\/36ab0979449956132d3e5b517ea76ac8\",\"name\":\"Reda\u00e7\u00e3o\",\"image\":{\"@type\":\"ImageObject\",\"inLanguage\":\"pt-BR\",\"@id\":\"https:\/\/secure.gravatar.com\/avatar\/e0a867bdedb85fd243eadf09663511f96fc81e0720a4a42581f334ad4303aa6b?s=96&d=mm&r=g\",\"url\":\"https:\/\/secure.gravatar.com\/avatar\/e0a867bdedb85fd243eadf09663511f96fc81e0720a4a42581f334ad4303aa6b?s=96&d=mm&r=g\",\"contentUrl\":\"https:\/\/secure.gravatar.com\/avatar\/e0a867bdedb85fd243eadf09663511f96fc81e0720a4a42581f334ad4303aa6b?s=96&d=mm&r=g\",\"caption\":\"Reda\u00e7\u00e3o\"}}]}<\/script>\n<!-- \/ Yoast SEO plugin. -->","yoast_head_json":{"title":"Come\u00e7am os preparativos para quem for votar em tr\u00e2nsito - Notibras","robots":{"index":"index","follow":"follow","max-snippet":"max-snippet:-1","max-image-preview":"max-image-preview:large","max-video-preview":"max-video-preview:-1"},"canonical":"https:\/\/www.notibras.com\/site\/comecam-os-preparativos-para-quem-for-votar-em-transito\/","og_locale":"pt_BR","og_type":"article","og_title":"Come\u00e7am os preparativos para quem for votar em tr\u00e2nsito - Notibras","og_description":"A partir do dia 15 de julho, os munic\u00edpios com eleitorado superior a 100 mil pessoas devem habilitar os locais de vota\u00e7\u00e3o convencionais ou espec\u00edficos para recebimento do voto em tr\u00e2nsito, que \u00e9 permitido somente nessas localidades. A data est\u00e1 prevista no calend\u00e1rio eleitoral. A medida deve ser cumprida para permitir que o eleitor possa [&hellip;]","og_url":"https:\/\/www.notibras.com\/site\/comecam-os-preparativos-para-quem-for-votar-em-transito\/","og_site_name":"Notibras","article_publisher":"https:\/\/www.facebook.com\/notibras\/","article_published_time":"2022-07-11T09:24:39+00:00","article_modified_time":"2022-07-11T09:47:26+00:00","og_image":[{"width":1170,"height":700,"url":"https:\/\/www.notibras.com\/site\/wp-content\/uploads\/2022\/07\/51744870269_7f6b655a3d_o-1.jpg","type":"image\/jpeg"}],"author":"Reda\u00e7\u00e3o","twitter_card":"summary_large_image","twitter_creator":"@Notibras","twitter_site":"@Notibras","twitter_misc":{"Escrito por":"Reda\u00e7\u00e3o","Est. tempo de leitura":"2 minutos"},"schema":{"@context":"https:\/\/schema.org","@graph":[{"@type":"Article","@id":"https:\/\/www.notibras.com\/site\/comecam-os-preparativos-para-quem-for-votar-em-transito\/#article","isPartOf":{"@id":"https:\/\/www.notibras.com\/site\/comecam-os-preparativos-para-quem-for-votar-em-transito\/"},"author":{"name":"Reda\u00e7\u00e3o","@id":"https:\/\/www.notibras.com\/site\/#\/schema\/person\/36ab0979449956132d3e5b517ea76ac8"},"headline":"Come\u00e7am os preparativos para quem for votar em tr\u00e2nsito","datePublished":"2022-07-11T09:24:39+00:00","dateModified":"2022-07-11T09:47:26+00:00","mainEntityOfPage":{"@id":"https:\/\/www.notibras.com\/site\/comecam-os-preparativos-para-quem-for-votar-em-transito\/"},"wordCount":240,"publisher":{"@id":"https:\/\/www.notibras.com\/site\/#organization"},"image":{"@id":"https:\/\/www.notibras.com\/site\/comecam-os-preparativos-para-quem-for-votar-em-transito\/#primaryimage"},"thumbnailUrl":"https:\/\/www.notibras.com\/site\/wp-content\/uploads\/2022\/07\/51744870269_7f6b655a3d_o-1.jpg","keywords":["capa"],"articleSection":["Elei\u00e7\u00f5es 2022"],"inLanguage":"pt-BR"},{"@type":"WebPage","@id":"https:\/\/www.notibras.com\/site\/comecam-os-preparativos-para-quem-for-votar-em-transito\/","url":"https:\/\/www.notibras.com\/site\/comecam-os-preparativos-para-quem-for-votar-em-transito\/","name":"Come\u00e7am os preparativos para quem for votar em tr\u00e2nsito - Notibras","isPartOf":{"@id":"https:\/\/www.notibras.com\/site\/#website"},"primaryImageOfPage":{"@id":"https:\/\/www.notibras.com\/site\/comecam-os-preparativos-para-quem-for-votar-em-transito\/#primaryimage"},"image":{"@id":"https:\/\/www.notibras.com\/site\/comecam-os-preparativos-para-quem-for-votar-em-transito\/#primaryimage"},"thumbnailUrl":"https:\/\/www.notibras.com\/site\/wp-content\/uploads\/2022\/07\/51744870269_7f6b655a3d_o-1.jpg","datePublished":"2022-07-11T09:24:39+00:00","dateModified":"2022-07-11T09:47:26+00:00","breadcrumb":{"@id":"https:\/\/www.notibras.com\/site\/comecam-os-preparativos-para-quem-for-votar-em-transito\/#breadcrumb"},"inLanguage":"pt-BR","potentialAction":[{"@type":"ReadAction","target":["https:\/\/www.notibras.com\/site\/comecam-os-preparativos-para-quem-for-votar-em-transito\/"]}]},{"@type":"ImageObject","inLanguage":"pt-BR","@id":"https:\/\/www.notibras.com\/site\/comecam-os-preparativos-para-quem-for-votar-em-transito\/#primaryimage","url":"https:\/\/www.notibras.com\/site\/wp-content\/uploads\/2022\/07\/51744870269_7f6b655a3d_o-1.jpg","contentUrl":"https:\/\/www.notibras.com\/site\/wp-content\/uploads\/2022\/07\/51744870269_7f6b655a3d_o-1.jpg","width":1170,"height":700},{"@type":"BreadcrumbList","@id":"https:\/\/www.notibras.com\/site\/comecam-os-preparativos-para-quem-for-votar-em-transito\/#breadcrumb","itemListElement":[{"@type":"ListItem","position":1,"name":"In\u00edcio","item":"https:\/\/www.notibras.com\/site\/"},{"@type":"ListItem","position":2,"name":"Come\u00e7am os preparativos para quem for votar em tr\u00e2nsito"}]},{"@type":"WebSite","@id":"https:\/\/www.notibras.com\/site\/#website","url":"https:\/\/www.notibras.com\/site\/","name":"Notibras","description":"Not\u00edcias de Bras\u00edlia, do Brasil e do Mundo","publisher":{"@id":"https:\/\/www.notibras.com\/site\/#organization"},"potentialAction":[{"@type":"SearchAction","target":{"@type":"EntryPoint","urlTemplate":"https:\/\/www.notibras.com\/site\/?s={search_term_string}"},"query-input":{"@type":"PropertyValueSpecification","valueRequired":true,"valueName":"search_term_string"}}],"inLanguage":"pt-BR"},{"@type":"Organization","@id":"https:\/\/www.notibras.com\/site\/#organization","name":"Grupo Notibras de Comunica\u00e7\u00e3o","url":"https:\/\/www.notibras.com\/site\/","logo":{"@type":"ImageObject","inLanguage":"pt-BR","@id":"https:\/\/www.notibras.com\/site\/#\/schema\/logo\/image\/","url":"https:\/\/www.notibras.com\/site\/wp-content\/uploads\/2023\/01\/notibras23.png","contentUrl":"https:\/\/www.notibras.com\/site\/wp-content\/uploads\/2023\/01\/notibras23.png","width":350,"height":87,"caption":"Grupo Notibras de Comunica\u00e7\u00e3o"},"image":{"@id":"https:\/\/www.notibras.com\/site\/#\/schema\/logo\/image\/"},"sameAs":["https:\/\/www.facebook.com\/notibras\/","https:\/\/x.com\/Notibras","https:\/\/www.instagram.com\/notibras\/"]},{"@type":"Person","@id":"https:\/\/www.notibras.com\/site\/#\/schema\/person\/36ab0979449956132d3e5b517ea76ac8","name":"Reda\u00e7\u00e3o","image":{"@type":"ImageObject","inLanguage":"pt-BR","@id":"https:\/\/secure.gravatar.com\/avatar\/e0a867bdedb85fd243eadf09663511f96fc81e0720a4a42581f334ad4303aa6b?s=96&d=mm&r=g","url":"https:\/\/secure.gravatar.com\/avatar\/e0a867bdedb85fd243eadf09663511f96fc81e0720a4a42581f334ad4303aa6b?s=96&d=mm&r=g","contentUrl":"https:\/\/secure.gravatar.com\/avatar\/e0a867bdedb85fd243eadf09663511f96fc81e0720a4a42581f334ad4303aa6b?s=96&d=mm&r=g","caption":"Reda\u00e7\u00e3o"}}]}},"amp_enabled":true,"_links":{"self":[{"href":"https:\/\/www.notibras.com\/site\/wp-json\/wp\/v2\/posts\/288741","targetHints":{"allow":["GET"]}}],"collection":[{"href":"https:\/\/www.notibras.com\/site\/wp-json\/wp\/v2\/posts"}],"about":[{"href":"https:\/\/www.notibras.com\/site\/wp-json\/wp\/v2\/types\/post"}],"author":[{"embeddable":true,"href":"https:\/\/www.notibras.com\/site\/wp-json\/wp\/v2\/users\/2"}],"replies":[{"embeddable":true,"href":"https:\/\/www.notibras.com\/site\/wp-json\/wp\/v2\/comments?post=288741"}],"version-history":[{"count":1,"href":"https:\/\/www.notibras.com\/site\/wp-json\/wp\/v2\/posts\/288741\/revisions"}],"predecessor-version":[{"id":288743,"href":"https:\/\/www.notibras.com\/site\/wp-json\/wp\/v2\/posts\/288741\/revisions\/288743"}],"wp:featuredmedia":[{"embeddable":true,"href":"https:\/\/www.notibras.com\/site\/wp-json\/wp\/v2\/media\/288742"}],"wp:attachment":[{"href":"https:\/\/www.notibras.com\/site\/wp-json\/wp\/v2\/media?parent=288741"}],"wp:term":[{"taxonomy":"category","embeddable":true,"href":"https:\/\/www.notibras.com\/site\/wp-json\/wp\/v2\/categories?post=288741"},{"taxonomy":"post_tag","embeddable":true,"href":"https:\/\/www.notibras.com\/site\/wp-json\/wp\/v2\/tags?post=288741"}],"curies":[{"name":"wp","href":"https:\/\/api.w.org\/{rel}","templated":true}]}}