{"id":288904,"date":"2022-07-13T10:31:59","date_gmt":"2022-07-13T13:31:59","guid":{"rendered":"https:\/\/www.notibras.com\/site\/?p=288904"},"modified":"2022-07-13T10:32:50","modified_gmt":"2022-07-13T13:32:50","slug":"pequim-adverte-washington-e-acena-com-retaliacao","status":"publish","type":"post","link":"https:\/\/www.notibras.com\/site\/pequim-adverte-washington-e-acena-com-retaliacao\/","title":{"rendered":"Pequim adverte Washington e acena com retalia\u00e7\u00e3o"},"content":{"rendered":"<p>O destroier de m\u00edsseis guiados dos EUA USS Benfold entrou nesta quarta-feira, 13, em \u00e1guas chinesas nas disputadas Ilhas Xisha, tamb\u00e9m conhecidas como Ilhas Paracel, no Mar da China Meridional sem a permiss\u00e3o de Pequim, prejudicando mais uma vez a paz e a estabilidade na regi\u00e3o, disse um porta-voz do ex\u00e9rcito chin\u00eas.<\/p>\n<p>&#8220;Em 13 de julho, o destroier de m\u00edsseis guiados dos EUA USS Benfold invadiu as \u00e1guas territoriais da China nas ilhas Xisha sem a permiss\u00e3o do governo chin\u00eas&#8221;, disse o coronel s\u00eanior da For\u00e7a A\u00e9rea Chinesa Tian Junli, porta-voz do Comando de Teatro do Sul do Ex\u00e9rcito de Liberta\u00e7\u00e3o Popular, em um comunicado. declara\u00e7\u00e3o.<\/p>\n<p>As a\u00e7\u00f5es dos militares dos EUA violaram seriamente a soberania e a seguran\u00e7a nacional da China, minaram a paz e a estabilidade no Mar do Sul da China e violaram o direito internacional, acrescentou o porta-voz.<\/p>\n<p>De acordo com Tian, \u200b\u200bo movimento dos EUA provou mais uma vez a inten\u00e7\u00e3o de Washington de militarizar o Mar da China Meridional.<br \/>\n&#8220;Os fatos provaram plenamente que os EUA n\u00e3o passam de um &#8216;criador de problemas&#8217; e o &#8216;maior destruidor&#8217; da paz e da estabilidade no Mar da China Meridional&#8221;, diz o comunicado.<\/p>\n<p>Pequim h\u00e1 muito disputa a propriedade de v\u00e1rias ilhas ricas em hidrocarbonetos no Mar da China Meridional com v\u00e1rios pa\u00edses da \u00c1sia-Pac\u00edfico. Os territ\u00f3rios incluem o arquip\u00e9lago de Xisha, as Ilhas Spratly e a ilha de Huangyan, tamb\u00e9m conhecida como Scarborough Shoal. Vietn\u00e3, Brunei, Mal\u00e1sia e Filipinas reivindicam a posse dos territ\u00f3rios.<\/p>\n<p>A situa\u00e7\u00e3o na regi\u00e3o do mar \u00e9 muitas vezes complicada pela passagem de navios de guerra dos EUA, que, segundo Pequim, violam o direito internacional e prejudicam a soberania e a seguran\u00e7a da China. Washington disse que as for\u00e7as dos EUA continuar\u00e3o a operar onde quer que a lei internacional permita, incluindo o Mar do Sul da China.<\/p>\n","protected":false},"excerpt":{"rendered":"<p>O destroier de m\u00edsseis guiados dos EUA USS Benfold entrou nesta quarta-feira, 13, em \u00e1guas chinesas nas disputadas Ilhas Xisha, tamb\u00e9m conhecidas como Ilhas Paracel, no Mar da China Meridional sem a permiss\u00e3o de Pequim, prejudicando mais uma vez a paz e a estabilidade na regi\u00e3o, disse um porta-voz do ex\u00e9rcito chin\u00eas. &#8220;Em 13 de [&hellip;]<\/p>\n","protected":false},"author":2,"featured_media":288905,"comment_status":"closed","ping_status":"closed","sticky":false,"template":"","format":"standard","meta":{"_acf_changed":false,"footnotes":""},"categories":[159],"tags":[],"class_list":["post-288904","post","type-post","status-publish","format-standard","has-post-thumbnail","hentry","category-apocalipse"],"acf":[],"yoast_head":"<!-- This site is optimized with the Yoast SEO plugin v27.2 - https:\/\/yoast.com\/product\/yoast-seo-wordpress\/ -->\n<title>Pequim adverte Washington e acena com retalia\u00e7\u00e3o - Notibras<\/title>\n<meta name=\"robots\" content=\"index, follow, max-snippet:-1, max-image-preview:large, max-video-preview:-1\" \/>\n<link rel=\"canonical\" href=\"https:\/\/www.notibras.com\/site\/pequim-adverte-washington-e-acena-com-retaliacao\/\" \/>\n<meta property=\"og:locale\" content=\"pt_BR\" \/>\n<meta property=\"og:type\" content=\"article\" \/>\n<meta property=\"og:title\" content=\"Pequim adverte Washington e acena com retalia\u00e7\u00e3o - Notibras\" \/>\n<meta property=\"og:description\" content=\"O destroier de m\u00edsseis guiados dos EUA USS Benfold entrou nesta quarta-feira, 13, em \u00e1guas chinesas nas disputadas Ilhas Xisha, tamb\u00e9m conhecidas como Ilhas Paracel, no Mar da China Meridional sem a permiss\u00e3o de Pequim, prejudicando mais uma vez a paz e a estabilidade na regi\u00e3o, disse um porta-voz do ex\u00e9rcito chin\u00eas. &#8220;Em 13 de [&hellip;]\" \/>\n<meta property=\"og:url\" content=\"https:\/\/www.notibras.com\/site\/pequim-adverte-washington-e-acena-com-retaliacao\/\" \/>\n<meta property=\"og:site_name\" content=\"Notibras\" \/>\n<meta property=\"article:publisher\" content=\"https:\/\/www.facebook.com\/notibras\/\" \/>\n<meta property=\"article:published_time\" content=\"2022-07-13T13:31:59+00:00\" \/>\n<meta property=\"article:modified_time\" content=\"2022-07-13T13:32:50+00:00\" \/>\n<meta property=\"og:image\" content=\"https:\/\/www.notibras.com\/site\/wp-content\/uploads\/2022\/07\/crise.china_.webp\" \/>\n\t<meta property=\"og:image:width\" content=\"1920\" \/>\n\t<meta property=\"og:image:height\" content=\"1080\" \/>\n\t<meta property=\"og:image:type\" content=\"image\/webp\" \/>\n<meta name=\"author\" content=\"Reda\u00e7\u00e3o\" \/>\n<meta name=\"twitter:card\" content=\"summary_large_image\" \/>\n<meta name=\"twitter:creator\" content=\"@Notibras\" \/>\n<meta name=\"twitter:site\" content=\"@Notibras\" \/>\n<meta name=\"twitter:label1\" content=\"Escrito por\" \/>\n\t<meta name=\"twitter:data1\" content=\"Reda\u00e7\u00e3o\" \/>\n\t<meta name=\"twitter:label2\" content=\"Est. tempo de leitura\" \/>\n\t<meta name=\"twitter:data2\" content=\"2 minutos\" \/>\n<script type=\"application\/ld+json\" class=\"yoast-schema-graph\">{\"@context\":\"https:\/\/schema.org\",\"@graph\":[{\"@type\":\"Article\",\"@id\":\"https:\/\/www.notibras.com\/site\/pequim-adverte-washington-e-acena-com-retaliacao\/#article\",\"isPartOf\":{\"@id\":\"https:\/\/www.notibras.com\/site\/pequim-adverte-washington-e-acena-com-retaliacao\/\"},\"author\":{\"name\":\"Reda\u00e7\u00e3o\",\"@id\":\"https:\/\/www.notibras.com\/site\/#\/schema\/person\/36ab0979449956132d3e5b517ea76ac8\"},\"headline\":\"Pequim adverte Washington e acena com retalia\u00e7\u00e3o\",\"datePublished\":\"2022-07-13T13:31:59+00:00\",\"dateModified\":\"2022-07-13T13:32:50+00:00\",\"mainEntityOfPage\":{\"@id\":\"https:\/\/www.notibras.com\/site\/pequim-adverte-washington-e-acena-com-retaliacao\/\"},\"wordCount\":344,\"publisher\":{\"@id\":\"https:\/\/www.notibras.com\/site\/#organization\"},\"image\":{\"@id\":\"https:\/\/www.notibras.com\/site\/pequim-adverte-washington-e-acena-com-retaliacao\/#primaryimage\"},\"thumbnailUrl\":\"https:\/\/www.notibras.com\/site\/wp-content\/uploads\/2022\/07\/crise.china_.webp\",\"articleSection\":[\"Apocalipse\"],\"inLanguage\":\"pt-BR\"},{\"@type\":\"WebPage\",\"@id\":\"https:\/\/www.notibras.com\/site\/pequim-adverte-washington-e-acena-com-retaliacao\/\",\"url\":\"https:\/\/www.notibras.com\/site\/pequim-adverte-washington-e-acena-com-retaliacao\/\",\"name\":\"Pequim adverte Washington e acena com retalia\u00e7\u00e3o - Notibras\",\"isPartOf\":{\"@id\":\"https:\/\/www.notibras.com\/site\/#website\"},\"primaryImageOfPage\":{\"@id\":\"https:\/\/www.notibras.com\/site\/pequim-adverte-washington-e-acena-com-retaliacao\/#primaryimage\"},\"image\":{\"@id\":\"https:\/\/www.notibras.com\/site\/pequim-adverte-washington-e-acena-com-retaliacao\/#primaryimage\"},\"thumbnailUrl\":\"https:\/\/www.notibras.com\/site\/wp-content\/uploads\/2022\/07\/crise.china_.webp\",\"datePublished\":\"2022-07-13T13:31:59+00:00\",\"dateModified\":\"2022-07-13T13:32:50+00:00\",\"breadcrumb\":{\"@id\":\"https:\/\/www.notibras.com\/site\/pequim-adverte-washington-e-acena-com-retaliacao\/#breadcrumb\"},\"inLanguage\":\"pt-BR\",\"potentialAction\":[{\"@type\":\"ReadAction\",\"target\":[\"https:\/\/www.notibras.com\/site\/pequim-adverte-washington-e-acena-com-retaliacao\/\"]}]},{\"@type\":\"ImageObject\",\"inLanguage\":\"pt-BR\",\"@id\":\"https:\/\/www.notibras.com\/site\/pequim-adverte-washington-e-acena-com-retaliacao\/#primaryimage\",\"url\":\"https:\/\/www.notibras.com\/site\/wp-content\/uploads\/2022\/07\/crise.china_.webp\",\"contentUrl\":\"https:\/\/www.notibras.com\/site\/wp-content\/uploads\/2022\/07\/crise.china_.webp\",\"width\":1920,\"height\":1080},{\"@type\":\"BreadcrumbList\",\"@id\":\"https:\/\/www.notibras.com\/site\/pequim-adverte-washington-e-acena-com-retaliacao\/#breadcrumb\",\"itemListElement\":[{\"@type\":\"ListItem\",\"position\":1,\"name\":\"In\u00edcio\",\"item\":\"https:\/\/www.notibras.com\/site\/\"},{\"@type\":\"ListItem\",\"position\":2,\"name\":\"Pequim adverte Washington e acena com retalia\u00e7\u00e3o\"}]},{\"@type\":\"WebSite\",\"@id\":\"https:\/\/www.notibras.com\/site\/#website\",\"url\":\"https:\/\/www.notibras.com\/site\/\",\"name\":\"Notibras\",\"description\":\"Not\u00edcias de Bras\u00edlia, do Brasil e do Mundo\",\"publisher\":{\"@id\":\"https:\/\/www.notibras.com\/site\/#organization\"},\"potentialAction\":[{\"@type\":\"SearchAction\",\"target\":{\"@type\":\"EntryPoint\",\"urlTemplate\":\"https:\/\/www.notibras.com\/site\/?s={search_term_string}\"},\"query-input\":{\"@type\":\"PropertyValueSpecification\",\"valueRequired\":true,\"valueName\":\"search_term_string\"}}],\"inLanguage\":\"pt-BR\"},{\"@type\":\"Organization\",\"@id\":\"https:\/\/www.notibras.com\/site\/#organization\",\"name\":\"Grupo Notibras de Comunica\u00e7\u00e3o\",\"url\":\"https:\/\/www.notibras.com\/site\/\",\"logo\":{\"@type\":\"ImageObject\",\"inLanguage\":\"pt-BR\",\"@id\":\"https:\/\/www.notibras.com\/site\/#\/schema\/logo\/image\/\",\"url\":\"https:\/\/www.notibras.com\/site\/wp-content\/uploads\/2023\/01\/notibras23.png\",\"contentUrl\":\"https:\/\/www.notibras.com\/site\/wp-content\/uploads\/2023\/01\/notibras23.png\",\"width\":350,\"height\":87,\"caption\":\"Grupo Notibras de Comunica\u00e7\u00e3o\"},\"image\":{\"@id\":\"https:\/\/www.notibras.com\/site\/#\/schema\/logo\/image\/\"},\"sameAs\":[\"https:\/\/www.facebook.com\/notibras\/\",\"https:\/\/x.com\/Notibras\",\"https:\/\/www.instagram.com\/notibras\/\"]},{\"@type\":\"Person\",\"@id\":\"https:\/\/www.notibras.com\/site\/#\/schema\/person\/36ab0979449956132d3e5b517ea76ac8\",\"name\":\"Reda\u00e7\u00e3o\",\"image\":{\"@type\":\"ImageObject\",\"inLanguage\":\"pt-BR\",\"@id\":\"https:\/\/secure.gravatar.com\/avatar\/e0a867bdedb85fd243eadf09663511f96fc81e0720a4a42581f334ad4303aa6b?s=96&d=mm&r=g\",\"url\":\"https:\/\/secure.gravatar.com\/avatar\/e0a867bdedb85fd243eadf09663511f96fc81e0720a4a42581f334ad4303aa6b?s=96&d=mm&r=g\",\"contentUrl\":\"https:\/\/secure.gravatar.com\/avatar\/e0a867bdedb85fd243eadf09663511f96fc81e0720a4a42581f334ad4303aa6b?s=96&d=mm&r=g\",\"caption\":\"Reda\u00e7\u00e3o\"}}]}<\/script>\n<!-- \/ Yoast SEO plugin. -->","yoast_head_json":{"title":"Pequim adverte Washington e acena com retalia\u00e7\u00e3o - Notibras","robots":{"index":"index","follow":"follow","max-snippet":"max-snippet:-1","max-image-preview":"max-image-preview:large","max-video-preview":"max-video-preview:-1"},"canonical":"https:\/\/www.notibras.com\/site\/pequim-adverte-washington-e-acena-com-retaliacao\/","og_locale":"pt_BR","og_type":"article","og_title":"Pequim adverte Washington e acena com retalia\u00e7\u00e3o - Notibras","og_description":"O destroier de m\u00edsseis guiados dos EUA USS Benfold entrou nesta quarta-feira, 13, em \u00e1guas chinesas nas disputadas Ilhas Xisha, tamb\u00e9m conhecidas como Ilhas Paracel, no Mar da China Meridional sem a permiss\u00e3o de Pequim, prejudicando mais uma vez a paz e a estabilidade na regi\u00e3o, disse um porta-voz do ex\u00e9rcito chin\u00eas. &#8220;Em 13 de [&hellip;]","og_url":"https:\/\/www.notibras.com\/site\/pequim-adverte-washington-e-acena-com-retaliacao\/","og_site_name":"Notibras","article_publisher":"https:\/\/www.facebook.com\/notibras\/","article_published_time":"2022-07-13T13:31:59+00:00","article_modified_time":"2022-07-13T13:32:50+00:00","og_image":[{"width":1920,"height":1080,"url":"https:\/\/www.notibras.com\/site\/wp-content\/uploads\/2022\/07\/crise.china_.webp","type":"image\/webp"}],"author":"Reda\u00e7\u00e3o","twitter_card":"summary_large_image","twitter_creator":"@Notibras","twitter_site":"@Notibras","twitter_misc":{"Escrito por":"Reda\u00e7\u00e3o","Est. tempo de leitura":"2 minutos"},"schema":{"@context":"https:\/\/schema.org","@graph":[{"@type":"Article","@id":"https:\/\/www.notibras.com\/site\/pequim-adverte-washington-e-acena-com-retaliacao\/#article","isPartOf":{"@id":"https:\/\/www.notibras.com\/site\/pequim-adverte-washington-e-acena-com-retaliacao\/"},"author":{"name":"Reda\u00e7\u00e3o","@id":"https:\/\/www.notibras.com\/site\/#\/schema\/person\/36ab0979449956132d3e5b517ea76ac8"},"headline":"Pequim adverte Washington e acena com retalia\u00e7\u00e3o","datePublished":"2022-07-13T13:31:59+00:00","dateModified":"2022-07-13T13:32:50+00:00","mainEntityOfPage":{"@id":"https:\/\/www.notibras.com\/site\/pequim-adverte-washington-e-acena-com-retaliacao\/"},"wordCount":344,"publisher":{"@id":"https:\/\/www.notibras.com\/site\/#organization"},"image":{"@id":"https:\/\/www.notibras.com\/site\/pequim-adverte-washington-e-acena-com-retaliacao\/#primaryimage"},"thumbnailUrl":"https:\/\/www.notibras.com\/site\/wp-content\/uploads\/2022\/07\/crise.china_.webp","articleSection":["Apocalipse"],"inLanguage":"pt-BR"},{"@type":"WebPage","@id":"https:\/\/www.notibras.com\/site\/pequim-adverte-washington-e-acena-com-retaliacao\/","url":"https:\/\/www.notibras.com\/site\/pequim-adverte-washington-e-acena-com-retaliacao\/","name":"Pequim adverte Washington e acena com retalia\u00e7\u00e3o - Notibras","isPartOf":{"@id":"https:\/\/www.notibras.com\/site\/#website"},"primaryImageOfPage":{"@id":"https:\/\/www.notibras.com\/site\/pequim-adverte-washington-e-acena-com-retaliacao\/#primaryimage"},"image":{"@id":"https:\/\/www.notibras.com\/site\/pequim-adverte-washington-e-acena-com-retaliacao\/#primaryimage"},"thumbnailUrl":"https:\/\/www.notibras.com\/site\/wp-content\/uploads\/2022\/07\/crise.china_.webp","datePublished":"2022-07-13T13:31:59+00:00","dateModified":"2022-07-13T13:32:50+00:00","breadcrumb":{"@id":"https:\/\/www.notibras.com\/site\/pequim-adverte-washington-e-acena-com-retaliacao\/#breadcrumb"},"inLanguage":"pt-BR","potentialAction":[{"@type":"ReadAction","target":["https:\/\/www.notibras.com\/site\/pequim-adverte-washington-e-acena-com-retaliacao\/"]}]},{"@type":"ImageObject","inLanguage":"pt-BR","@id":"https:\/\/www.notibras.com\/site\/pequim-adverte-washington-e-acena-com-retaliacao\/#primaryimage","url":"https:\/\/www.notibras.com\/site\/wp-content\/uploads\/2022\/07\/crise.china_.webp","contentUrl":"https:\/\/www.notibras.com\/site\/wp-content\/uploads\/2022\/07\/crise.china_.webp","width":1920,"height":1080},{"@type":"BreadcrumbList","@id":"https:\/\/www.notibras.com\/site\/pequim-adverte-washington-e-acena-com-retaliacao\/#breadcrumb","itemListElement":[{"@type":"ListItem","position":1,"name":"In\u00edcio","item":"https:\/\/www.notibras.com\/site\/"},{"@type":"ListItem","position":2,"name":"Pequim adverte Washington e acena com retalia\u00e7\u00e3o"}]},{"@type":"WebSite","@id":"https:\/\/www.notibras.com\/site\/#website","url":"https:\/\/www.notibras.com\/site\/","name":"Notibras","description":"Not\u00edcias de Bras\u00edlia, do Brasil e do Mundo","publisher":{"@id":"https:\/\/www.notibras.com\/site\/#organization"},"potentialAction":[{"@type":"SearchAction","target":{"@type":"EntryPoint","urlTemplate":"https:\/\/www.notibras.com\/site\/?s={search_term_string}"},"query-input":{"@type":"PropertyValueSpecification","valueRequired":true,"valueName":"search_term_string"}}],"inLanguage":"pt-BR"},{"@type":"Organization","@id":"https:\/\/www.notibras.com\/site\/#organization","name":"Grupo Notibras de Comunica\u00e7\u00e3o","url":"https:\/\/www.notibras.com\/site\/","logo":{"@type":"ImageObject","inLanguage":"pt-BR","@id":"https:\/\/www.notibras.com\/site\/#\/schema\/logo\/image\/","url":"https:\/\/www.notibras.com\/site\/wp-content\/uploads\/2023\/01\/notibras23.png","contentUrl":"https:\/\/www.notibras.com\/site\/wp-content\/uploads\/2023\/01\/notibras23.png","width":350,"height":87,"caption":"Grupo Notibras de Comunica\u00e7\u00e3o"},"image":{"@id":"https:\/\/www.notibras.com\/site\/#\/schema\/logo\/image\/"},"sameAs":["https:\/\/www.facebook.com\/notibras\/","https:\/\/x.com\/Notibras","https:\/\/www.instagram.com\/notibras\/"]},{"@type":"Person","@id":"https:\/\/www.notibras.com\/site\/#\/schema\/person\/36ab0979449956132d3e5b517ea76ac8","name":"Reda\u00e7\u00e3o","image":{"@type":"ImageObject","inLanguage":"pt-BR","@id":"https:\/\/secure.gravatar.com\/avatar\/e0a867bdedb85fd243eadf09663511f96fc81e0720a4a42581f334ad4303aa6b?s=96&d=mm&r=g","url":"https:\/\/secure.gravatar.com\/avatar\/e0a867bdedb85fd243eadf09663511f96fc81e0720a4a42581f334ad4303aa6b?s=96&d=mm&r=g","contentUrl":"https:\/\/secure.gravatar.com\/avatar\/e0a867bdedb85fd243eadf09663511f96fc81e0720a4a42581f334ad4303aa6b?s=96&d=mm&r=g","caption":"Reda\u00e7\u00e3o"}}]}},"amp_enabled":true,"_links":{"self":[{"href":"https:\/\/www.notibras.com\/site\/wp-json\/wp\/v2\/posts\/288904","targetHints":{"allow":["GET"]}}],"collection":[{"href":"https:\/\/www.notibras.com\/site\/wp-json\/wp\/v2\/posts"}],"about":[{"href":"https:\/\/www.notibras.com\/site\/wp-json\/wp\/v2\/types\/post"}],"author":[{"embeddable":true,"href":"https:\/\/www.notibras.com\/site\/wp-json\/wp\/v2\/users\/2"}],"replies":[{"embeddable":true,"href":"https:\/\/www.notibras.com\/site\/wp-json\/wp\/v2\/comments?post=288904"}],"version-history":[{"count":2,"href":"https:\/\/www.notibras.com\/site\/wp-json\/wp\/v2\/posts\/288904\/revisions"}],"predecessor-version":[{"id":288907,"href":"https:\/\/www.notibras.com\/site\/wp-json\/wp\/v2\/posts\/288904\/revisions\/288907"}],"wp:featuredmedia":[{"embeddable":true,"href":"https:\/\/www.notibras.com\/site\/wp-json\/wp\/v2\/media\/288905"}],"wp:attachment":[{"href":"https:\/\/www.notibras.com\/site\/wp-json\/wp\/v2\/media?parent=288904"}],"wp:term":[{"taxonomy":"category","embeddable":true,"href":"https:\/\/www.notibras.com\/site\/wp-json\/wp\/v2\/categories?post=288904"},{"taxonomy":"post_tag","embeddable":true,"href":"https:\/\/www.notibras.com\/site\/wp-json\/wp\/v2\/tags?post=288904"}],"curies":[{"name":"wp","href":"https:\/\/api.w.org\/{rel}","templated":true}]}}