{"id":288960,"date":"2022-07-14T19:22:06","date_gmt":"2022-07-14T22:22:06","guid":{"rendered":"https:\/\/www.notibras.com\/site\/?p=288960"},"modified":"2022-07-14T19:26:13","modified_gmt":"2022-07-14T22:26:13","slug":"ira-adverte-eua-e-israel-para-riscos-de-o-pais-ser-atacado","status":"publish","type":"post","link":"https:\/\/www.notibras.com\/site\/ira-adverte-eua-e-israel-para-riscos-de-o-pais-ser-atacado\/","title":{"rendered":"Ir\u00e3 adverte EUA e Israel para riscos de o pa\u00eds ser atacado"},"content":{"rendered":"<p>Cuidado, Joe Biden (presidente dos Estados Unidos) e Yair Lapid (primeiro-ministro israelense): atacar o Ir\u00e3 hoje, sob o pretexto de que Teer\u00e3 est\u00e1 prestes produzir bombas nucleares, pode ter como resposta um &#8216;efeito devastador&#8217; contra a agress\u00e3o. A advert\u00eancia \u00e9 do presidente da Rep\u00fablica Isl\u00e2mica, Ebrahim Raisi, feita logo ap\u00f3s o an\u00fancio, nesta quinta-feira, 14, de acordo entre Washington e Tel Aviv, dispondo sobre &#8216;todos os meios necess\u00e1rios&#8217; para evitar que o Ir\u00e3 se torne uma pot\u00eancia at\u00f4mica.<\/p>\n<p>Quaisquer \u201cerros\u201d dos EUA ou de seus aliados ser\u00e3o recebidos com uma \u201cresposta dura e lament\u00e1vel\u201d, alertou o presidente iraniano. \u201cHoje, o Ir\u00e3 isl\u00e2mico est\u00e1 mais forte do que nunca\u201d, disse Raisi em um discurso durante uma visita \u00e0 prov\u00edncia iraniana ocidental de Kermanshah.<\/p>\n<p>\u201cConsideramos o poder dos americanos mais fraco hoje do que nunca e, como dizem os pr\u00f3prios ocidentais, a pol\u00edtica de press\u00e3o m\u00e1xima contra a Rep\u00fablica Isl\u00e2mica por meio de san\u00e7\u00f5es e amea\u00e7as falhou, e eles n\u00e3o devem testar essas pol\u00edticas do passado novamente&#8221;, sublinhou.<\/p>\n<p>\u201cA grande na\u00e7\u00e3o do Ir\u00e3 n\u00e3o aceita nenhum tipo de inseguran\u00e7a e crise na regi\u00e3o, e as na\u00e7\u00f5es mu\u00e7ulmanas da regi\u00e3o odeiam as rela\u00e7\u00f5es humilhantes de seus governos com a Am\u00e9rica, o que levou ao saque das riquezas de seus pa\u00edses\u201d, acrescentou Raisi.<\/p>\n<p>Alertando o \u201cregime sionista\u201d de Tel Aviv para n\u00e3o ter \u201colho cobi\u00e7oso no Oriente M\u00e9dio e na \u00c1sia Ocidental\u201d, o l\u00edder iraniano sugeriu que o pa\u00eds \u201cnunca poder\u00e1 ter rela\u00e7\u00f5es normais na regi\u00e3o\u201d e que, juntos, EUA e Israel n\u00e3o criam nada al\u00e9m de \u201cinseguran\u00e7a e terrorismo\u201d.<\/p>\n<p>&#8220;Antes da reuni\u00e3o do povo resistente de Kermanshah, digo que qualquer erro dos americanos e seus aliados na regi\u00e3o e no mundo ser\u00e1 recebido com uma resposta dura e lament\u00e1vel&#8221;, sublinhou.<\/p>\n<p>No in\u00edcio do dia, Biden e Lapid assinaram uma declara\u00e7\u00e3o conjunta sobre a parceria de seguran\u00e7a entre suas duas na\u00e7\u00f5es, com Washington prometendo \u201cnunca permitir que o Ir\u00e3 adquira uma arma nuclear\u201d e expressando sua prepara\u00e7\u00e3o \u201cpara usar todos os elementos de seu poder nacional para garantir esse resultado\u201d.<\/p>\n<p>A promessa iraniana seguiu-se ao aviso do presidente Biden em entrevista \u00e0 m\u00eddia israelense de que os Estados Unidos usariam a for\u00e7a contra o Ir\u00e3 &#8220;como \u00faltimo recurso&#8221; para impedir que Teer\u00e3 constru\u00edsse a bomba.<\/p>\n<p>O Ir\u00e3 nega ter qualquer inten\u00e7\u00e3o de construir armas nucleares, com autoridades enfatizando que o enorme arsenal de m\u00edsseis bal\u00edsticos e de cruzeiro convencionais do pa\u00eds \u00e9 suficiente para se defender contra agress\u00f5es.<\/p>\n<p>Os sucessivos governantes supremos do pa\u00eds tamb\u00e9m emitiram decretos religiosos contra armas nucleares e todas as outras armas de destrui\u00e7\u00e3o em massa, proibindo o pa\u00eds de possuir ou desenvolver tais armas. O Ir\u00e3 abandonou seus estoques de armas qu\u00edmicas na d\u00e9cada de 1990 antes de assinar uma conven\u00e7\u00e3o de Genebra.<\/p>\n","protected":false},"excerpt":{"rendered":"<p>Cuidado, Joe Biden (presidente dos Estados Unidos) e Yair Lapid (primeiro-ministro israelense): atacar o Ir\u00e3 hoje, sob o pretexto de que Teer\u00e3 est\u00e1 prestes produzir bombas nucleares, pode ter como resposta um &#8216;efeito devastador&#8217; contra a agress\u00e3o. A advert\u00eancia \u00e9 do presidente da Rep\u00fablica Isl\u00e2mica, Ebrahim Raisi, feita logo ap\u00f3s o an\u00fancio, nesta quinta-feira, 14, [&hellip;]<\/p>\n","protected":false},"author":2,"featured_media":288961,"comment_status":"closed","ping_status":"closed","sticky":false,"template":"","format":"standard","meta":{"_acf_changed":false,"footnotes":""},"categories":[159],"tags":[95],"class_list":["post-288960","post","type-post","status-publish","format-standard","has-post-thumbnail","hentry","category-apocalipse","tag-capa"],"acf":[],"yoast_head":"<!-- This site is optimized with the Yoast SEO plugin v27.2 - https:\/\/yoast.com\/product\/yoast-seo-wordpress\/ -->\n<title>Ir\u00e3 adverte EUA e Israel para riscos de o pa\u00eds ser atacado - Notibras<\/title>\n<meta name=\"robots\" content=\"index, follow, max-snippet:-1, max-image-preview:large, max-video-preview:-1\" \/>\n<link rel=\"canonical\" href=\"https:\/\/www.notibras.com\/site\/ira-adverte-eua-e-israel-para-riscos-de-o-pais-ser-atacado\/\" \/>\n<meta property=\"og:locale\" content=\"pt_BR\" \/>\n<meta property=\"og:type\" content=\"article\" \/>\n<meta property=\"og:title\" content=\"Ir\u00e3 adverte EUA e Israel para riscos de o pa\u00eds ser atacado - Notibras\" \/>\n<meta property=\"og:description\" content=\"Cuidado, Joe Biden (presidente dos Estados Unidos) e Yair Lapid (primeiro-ministro israelense): atacar o Ir\u00e3 hoje, sob o pretexto de que Teer\u00e3 est\u00e1 prestes produzir bombas nucleares, pode ter como resposta um &#8216;efeito devastador&#8217; contra a agress\u00e3o. A advert\u00eancia \u00e9 do presidente da Rep\u00fablica Isl\u00e2mica, Ebrahim Raisi, feita logo ap\u00f3s o an\u00fancio, nesta quinta-feira, 14, [&hellip;]\" \/>\n<meta property=\"og:url\" content=\"https:\/\/www.notibras.com\/site\/ira-adverte-eua-e-israel-para-riscos-de-o-pais-ser-atacado\/\" \/>\n<meta property=\"og:site_name\" content=\"Notibras\" \/>\n<meta property=\"article:publisher\" content=\"https:\/\/www.facebook.com\/notibras\/\" \/>\n<meta property=\"article:published_time\" content=\"2022-07-14T22:22:06+00:00\" \/>\n<meta property=\"article:modified_time\" content=\"2022-07-14T22:26:13+00:00\" \/>\n<meta property=\"og:image\" content=\"https:\/\/www.notibras.com\/site\/wp-content\/uploads\/2022\/07\/iraguerra.webp\" \/>\n\t<meta property=\"og:image:width\" content=\"1920\" \/>\n\t<meta property=\"og:image:height\" content=\"1079\" \/>\n\t<meta property=\"og:image:type\" content=\"image\/webp\" \/>\n<meta name=\"author\" content=\"Reda\u00e7\u00e3o\" \/>\n<meta name=\"twitter:card\" content=\"summary_large_image\" \/>\n<meta name=\"twitter:creator\" content=\"@Notibras\" \/>\n<meta name=\"twitter:site\" content=\"@Notibras\" \/>\n<meta name=\"twitter:label1\" content=\"Escrito por\" \/>\n\t<meta name=\"twitter:data1\" content=\"Reda\u00e7\u00e3o\" \/>\n\t<meta name=\"twitter:label2\" content=\"Est. tempo de leitura\" \/>\n\t<meta name=\"twitter:data2\" content=\"3 minutos\" \/>\n<script type=\"application\/ld+json\" class=\"yoast-schema-graph\">{\"@context\":\"https:\/\/schema.org\",\"@graph\":[{\"@type\":\"Article\",\"@id\":\"https:\/\/www.notibras.com\/site\/ira-adverte-eua-e-israel-para-riscos-de-o-pais-ser-atacado\/#article\",\"isPartOf\":{\"@id\":\"https:\/\/www.notibras.com\/site\/ira-adverte-eua-e-israel-para-riscos-de-o-pais-ser-atacado\/\"},\"author\":{\"name\":\"Reda\u00e7\u00e3o\",\"@id\":\"https:\/\/www.notibras.com\/site\/#\/schema\/person\/36ab0979449956132d3e5b517ea76ac8\"},\"headline\":\"Ir\u00e3 adverte EUA e Israel para riscos de o pa\u00eds ser atacado\",\"datePublished\":\"2022-07-14T22:22:06+00:00\",\"dateModified\":\"2022-07-14T22:26:13+00:00\",\"mainEntityOfPage\":{\"@id\":\"https:\/\/www.notibras.com\/site\/ira-adverte-eua-e-israel-para-riscos-de-o-pais-ser-atacado\/\"},\"wordCount\":527,\"publisher\":{\"@id\":\"https:\/\/www.notibras.com\/site\/#organization\"},\"image\":{\"@id\":\"https:\/\/www.notibras.com\/site\/ira-adverte-eua-e-israel-para-riscos-de-o-pais-ser-atacado\/#primaryimage\"},\"thumbnailUrl\":\"https:\/\/www.notibras.com\/site\/wp-content\/uploads\/2022\/07\/iraguerra.webp\",\"keywords\":[\"capa\"],\"articleSection\":[\"Apocalipse\"],\"inLanguage\":\"pt-BR\"},{\"@type\":\"WebPage\",\"@id\":\"https:\/\/www.notibras.com\/site\/ira-adverte-eua-e-israel-para-riscos-de-o-pais-ser-atacado\/\",\"url\":\"https:\/\/www.notibras.com\/site\/ira-adverte-eua-e-israel-para-riscos-de-o-pais-ser-atacado\/\",\"name\":\"Ir\u00e3 adverte EUA e Israel para riscos de o pa\u00eds ser atacado - Notibras\",\"isPartOf\":{\"@id\":\"https:\/\/www.notibras.com\/site\/#website\"},\"primaryImageOfPage\":{\"@id\":\"https:\/\/www.notibras.com\/site\/ira-adverte-eua-e-israel-para-riscos-de-o-pais-ser-atacado\/#primaryimage\"},\"image\":{\"@id\":\"https:\/\/www.notibras.com\/site\/ira-adverte-eua-e-israel-para-riscos-de-o-pais-ser-atacado\/#primaryimage\"},\"thumbnailUrl\":\"https:\/\/www.notibras.com\/site\/wp-content\/uploads\/2022\/07\/iraguerra.webp\",\"datePublished\":\"2022-07-14T22:22:06+00:00\",\"dateModified\":\"2022-07-14T22:26:13+00:00\",\"breadcrumb\":{\"@id\":\"https:\/\/www.notibras.com\/site\/ira-adverte-eua-e-israel-para-riscos-de-o-pais-ser-atacado\/#breadcrumb\"},\"inLanguage\":\"pt-BR\",\"potentialAction\":[{\"@type\":\"ReadAction\",\"target\":[\"https:\/\/www.notibras.com\/site\/ira-adverte-eua-e-israel-para-riscos-de-o-pais-ser-atacado\/\"]}]},{\"@type\":\"ImageObject\",\"inLanguage\":\"pt-BR\",\"@id\":\"https:\/\/www.notibras.com\/site\/ira-adverte-eua-e-israel-para-riscos-de-o-pais-ser-atacado\/#primaryimage\",\"url\":\"https:\/\/www.notibras.com\/site\/wp-content\/uploads\/2022\/07\/iraguerra.webp\",\"contentUrl\":\"https:\/\/www.notibras.com\/site\/wp-content\/uploads\/2022\/07\/iraguerra.webp\",\"width\":1920,\"height\":1079},{\"@type\":\"BreadcrumbList\",\"@id\":\"https:\/\/www.notibras.com\/site\/ira-adverte-eua-e-israel-para-riscos-de-o-pais-ser-atacado\/#breadcrumb\",\"itemListElement\":[{\"@type\":\"ListItem\",\"position\":1,\"name\":\"In\u00edcio\",\"item\":\"https:\/\/www.notibras.com\/site\/\"},{\"@type\":\"ListItem\",\"position\":2,\"name\":\"Ir\u00e3 adverte EUA e Israel para riscos de o pa\u00eds ser atacado\"}]},{\"@type\":\"WebSite\",\"@id\":\"https:\/\/www.notibras.com\/site\/#website\",\"url\":\"https:\/\/www.notibras.com\/site\/\",\"name\":\"Notibras\",\"description\":\"Not\u00edcias de Bras\u00edlia, do Brasil e do Mundo\",\"publisher\":{\"@id\":\"https:\/\/www.notibras.com\/site\/#organization\"},\"potentialAction\":[{\"@type\":\"SearchAction\",\"target\":{\"@type\":\"EntryPoint\",\"urlTemplate\":\"https:\/\/www.notibras.com\/site\/?s={search_term_string}\"},\"query-input\":{\"@type\":\"PropertyValueSpecification\",\"valueRequired\":true,\"valueName\":\"search_term_string\"}}],\"inLanguage\":\"pt-BR\"},{\"@type\":\"Organization\",\"@id\":\"https:\/\/www.notibras.com\/site\/#organization\",\"name\":\"Grupo Notibras de Comunica\u00e7\u00e3o\",\"url\":\"https:\/\/www.notibras.com\/site\/\",\"logo\":{\"@type\":\"ImageObject\",\"inLanguage\":\"pt-BR\",\"@id\":\"https:\/\/www.notibras.com\/site\/#\/schema\/logo\/image\/\",\"url\":\"https:\/\/www.notibras.com\/site\/wp-content\/uploads\/2023\/01\/notibras23.png\",\"contentUrl\":\"https:\/\/www.notibras.com\/site\/wp-content\/uploads\/2023\/01\/notibras23.png\",\"width\":350,\"height\":87,\"caption\":\"Grupo Notibras de Comunica\u00e7\u00e3o\"},\"image\":{\"@id\":\"https:\/\/www.notibras.com\/site\/#\/schema\/logo\/image\/\"},\"sameAs\":[\"https:\/\/www.facebook.com\/notibras\/\",\"https:\/\/x.com\/Notibras\",\"https:\/\/www.instagram.com\/notibras\/\"]},{\"@type\":\"Person\",\"@id\":\"https:\/\/www.notibras.com\/site\/#\/schema\/person\/36ab0979449956132d3e5b517ea76ac8\",\"name\":\"Reda\u00e7\u00e3o\",\"image\":{\"@type\":\"ImageObject\",\"inLanguage\":\"pt-BR\",\"@id\":\"https:\/\/secure.gravatar.com\/avatar\/e0a867bdedb85fd243eadf09663511f96fc81e0720a4a42581f334ad4303aa6b?s=96&d=mm&r=g\",\"url\":\"https:\/\/secure.gravatar.com\/avatar\/e0a867bdedb85fd243eadf09663511f96fc81e0720a4a42581f334ad4303aa6b?s=96&d=mm&r=g\",\"contentUrl\":\"https:\/\/secure.gravatar.com\/avatar\/e0a867bdedb85fd243eadf09663511f96fc81e0720a4a42581f334ad4303aa6b?s=96&d=mm&r=g\",\"caption\":\"Reda\u00e7\u00e3o\"}}]}<\/script>\n<!-- \/ Yoast SEO plugin. -->","yoast_head_json":{"title":"Ir\u00e3 adverte EUA e Israel para riscos de o pa\u00eds ser atacado - Notibras","robots":{"index":"index","follow":"follow","max-snippet":"max-snippet:-1","max-image-preview":"max-image-preview:large","max-video-preview":"max-video-preview:-1"},"canonical":"https:\/\/www.notibras.com\/site\/ira-adverte-eua-e-israel-para-riscos-de-o-pais-ser-atacado\/","og_locale":"pt_BR","og_type":"article","og_title":"Ir\u00e3 adverte EUA e Israel para riscos de o pa\u00eds ser atacado - Notibras","og_description":"Cuidado, Joe Biden (presidente dos Estados Unidos) e Yair Lapid (primeiro-ministro israelense): atacar o Ir\u00e3 hoje, sob o pretexto de que Teer\u00e3 est\u00e1 prestes produzir bombas nucleares, pode ter como resposta um &#8216;efeito devastador&#8217; contra a agress\u00e3o. A advert\u00eancia \u00e9 do presidente da Rep\u00fablica Isl\u00e2mica, Ebrahim Raisi, feita logo ap\u00f3s o an\u00fancio, nesta quinta-feira, 14, [&hellip;]","og_url":"https:\/\/www.notibras.com\/site\/ira-adverte-eua-e-israel-para-riscos-de-o-pais-ser-atacado\/","og_site_name":"Notibras","article_publisher":"https:\/\/www.facebook.com\/notibras\/","article_published_time":"2022-07-14T22:22:06+00:00","article_modified_time":"2022-07-14T22:26:13+00:00","og_image":[{"width":1920,"height":1079,"url":"https:\/\/www.notibras.com\/site\/wp-content\/uploads\/2022\/07\/iraguerra.webp","type":"image\/webp"}],"author":"Reda\u00e7\u00e3o","twitter_card":"summary_large_image","twitter_creator":"@Notibras","twitter_site":"@Notibras","twitter_misc":{"Escrito por":"Reda\u00e7\u00e3o","Est. tempo de leitura":"3 minutos"},"schema":{"@context":"https:\/\/schema.org","@graph":[{"@type":"Article","@id":"https:\/\/www.notibras.com\/site\/ira-adverte-eua-e-israel-para-riscos-de-o-pais-ser-atacado\/#article","isPartOf":{"@id":"https:\/\/www.notibras.com\/site\/ira-adverte-eua-e-israel-para-riscos-de-o-pais-ser-atacado\/"},"author":{"name":"Reda\u00e7\u00e3o","@id":"https:\/\/www.notibras.com\/site\/#\/schema\/person\/36ab0979449956132d3e5b517ea76ac8"},"headline":"Ir\u00e3 adverte EUA e Israel para riscos de o pa\u00eds ser atacado","datePublished":"2022-07-14T22:22:06+00:00","dateModified":"2022-07-14T22:26:13+00:00","mainEntityOfPage":{"@id":"https:\/\/www.notibras.com\/site\/ira-adverte-eua-e-israel-para-riscos-de-o-pais-ser-atacado\/"},"wordCount":527,"publisher":{"@id":"https:\/\/www.notibras.com\/site\/#organization"},"image":{"@id":"https:\/\/www.notibras.com\/site\/ira-adverte-eua-e-israel-para-riscos-de-o-pais-ser-atacado\/#primaryimage"},"thumbnailUrl":"https:\/\/www.notibras.com\/site\/wp-content\/uploads\/2022\/07\/iraguerra.webp","keywords":["capa"],"articleSection":["Apocalipse"],"inLanguage":"pt-BR"},{"@type":"WebPage","@id":"https:\/\/www.notibras.com\/site\/ira-adverte-eua-e-israel-para-riscos-de-o-pais-ser-atacado\/","url":"https:\/\/www.notibras.com\/site\/ira-adverte-eua-e-israel-para-riscos-de-o-pais-ser-atacado\/","name":"Ir\u00e3 adverte EUA e Israel para riscos de o pa\u00eds ser atacado - Notibras","isPartOf":{"@id":"https:\/\/www.notibras.com\/site\/#website"},"primaryImageOfPage":{"@id":"https:\/\/www.notibras.com\/site\/ira-adverte-eua-e-israel-para-riscos-de-o-pais-ser-atacado\/#primaryimage"},"image":{"@id":"https:\/\/www.notibras.com\/site\/ira-adverte-eua-e-israel-para-riscos-de-o-pais-ser-atacado\/#primaryimage"},"thumbnailUrl":"https:\/\/www.notibras.com\/site\/wp-content\/uploads\/2022\/07\/iraguerra.webp","datePublished":"2022-07-14T22:22:06+00:00","dateModified":"2022-07-14T22:26:13+00:00","breadcrumb":{"@id":"https:\/\/www.notibras.com\/site\/ira-adverte-eua-e-israel-para-riscos-de-o-pais-ser-atacado\/#breadcrumb"},"inLanguage":"pt-BR","potentialAction":[{"@type":"ReadAction","target":["https:\/\/www.notibras.com\/site\/ira-adverte-eua-e-israel-para-riscos-de-o-pais-ser-atacado\/"]}]},{"@type":"ImageObject","inLanguage":"pt-BR","@id":"https:\/\/www.notibras.com\/site\/ira-adverte-eua-e-israel-para-riscos-de-o-pais-ser-atacado\/#primaryimage","url":"https:\/\/www.notibras.com\/site\/wp-content\/uploads\/2022\/07\/iraguerra.webp","contentUrl":"https:\/\/www.notibras.com\/site\/wp-content\/uploads\/2022\/07\/iraguerra.webp","width":1920,"height":1079},{"@type":"BreadcrumbList","@id":"https:\/\/www.notibras.com\/site\/ira-adverte-eua-e-israel-para-riscos-de-o-pais-ser-atacado\/#breadcrumb","itemListElement":[{"@type":"ListItem","position":1,"name":"In\u00edcio","item":"https:\/\/www.notibras.com\/site\/"},{"@type":"ListItem","position":2,"name":"Ir\u00e3 adverte EUA e Israel para riscos de o pa\u00eds ser atacado"}]},{"@type":"WebSite","@id":"https:\/\/www.notibras.com\/site\/#website","url":"https:\/\/www.notibras.com\/site\/","name":"Notibras","description":"Not\u00edcias de Bras\u00edlia, do Brasil e do Mundo","publisher":{"@id":"https:\/\/www.notibras.com\/site\/#organization"},"potentialAction":[{"@type":"SearchAction","target":{"@type":"EntryPoint","urlTemplate":"https:\/\/www.notibras.com\/site\/?s={search_term_string}"},"query-input":{"@type":"PropertyValueSpecification","valueRequired":true,"valueName":"search_term_string"}}],"inLanguage":"pt-BR"},{"@type":"Organization","@id":"https:\/\/www.notibras.com\/site\/#organization","name":"Grupo Notibras de Comunica\u00e7\u00e3o","url":"https:\/\/www.notibras.com\/site\/","logo":{"@type":"ImageObject","inLanguage":"pt-BR","@id":"https:\/\/www.notibras.com\/site\/#\/schema\/logo\/image\/","url":"https:\/\/www.notibras.com\/site\/wp-content\/uploads\/2023\/01\/notibras23.png","contentUrl":"https:\/\/www.notibras.com\/site\/wp-content\/uploads\/2023\/01\/notibras23.png","width":350,"height":87,"caption":"Grupo Notibras de Comunica\u00e7\u00e3o"},"image":{"@id":"https:\/\/www.notibras.com\/site\/#\/schema\/logo\/image\/"},"sameAs":["https:\/\/www.facebook.com\/notibras\/","https:\/\/x.com\/Notibras","https:\/\/www.instagram.com\/notibras\/"]},{"@type":"Person","@id":"https:\/\/www.notibras.com\/site\/#\/schema\/person\/36ab0979449956132d3e5b517ea76ac8","name":"Reda\u00e7\u00e3o","image":{"@type":"ImageObject","inLanguage":"pt-BR","@id":"https:\/\/secure.gravatar.com\/avatar\/e0a867bdedb85fd243eadf09663511f96fc81e0720a4a42581f334ad4303aa6b?s=96&d=mm&r=g","url":"https:\/\/secure.gravatar.com\/avatar\/e0a867bdedb85fd243eadf09663511f96fc81e0720a4a42581f334ad4303aa6b?s=96&d=mm&r=g","contentUrl":"https:\/\/secure.gravatar.com\/avatar\/e0a867bdedb85fd243eadf09663511f96fc81e0720a4a42581f334ad4303aa6b?s=96&d=mm&r=g","caption":"Reda\u00e7\u00e3o"}}]}},"amp_enabled":true,"_links":{"self":[{"href":"https:\/\/www.notibras.com\/site\/wp-json\/wp\/v2\/posts\/288960","targetHints":{"allow":["GET"]}}],"collection":[{"href":"https:\/\/www.notibras.com\/site\/wp-json\/wp\/v2\/posts"}],"about":[{"href":"https:\/\/www.notibras.com\/site\/wp-json\/wp\/v2\/types\/post"}],"author":[{"embeddable":true,"href":"https:\/\/www.notibras.com\/site\/wp-json\/wp\/v2\/users\/2"}],"replies":[{"embeddable":true,"href":"https:\/\/www.notibras.com\/site\/wp-json\/wp\/v2\/comments?post=288960"}],"version-history":[{"count":2,"href":"https:\/\/www.notibras.com\/site\/wp-json\/wp\/v2\/posts\/288960\/revisions"}],"predecessor-version":[{"id":288963,"href":"https:\/\/www.notibras.com\/site\/wp-json\/wp\/v2\/posts\/288960\/revisions\/288963"}],"wp:featuredmedia":[{"embeddable":true,"href":"https:\/\/www.notibras.com\/site\/wp-json\/wp\/v2\/media\/288961"}],"wp:attachment":[{"href":"https:\/\/www.notibras.com\/site\/wp-json\/wp\/v2\/media?parent=288960"}],"wp:term":[{"taxonomy":"category","embeddable":true,"href":"https:\/\/www.notibras.com\/site\/wp-json\/wp\/v2\/categories?post=288960"},{"taxonomy":"post_tag","embeddable":true,"href":"https:\/\/www.notibras.com\/site\/wp-json\/wp\/v2\/tags?post=288960"}],"curies":[{"name":"wp","href":"https:\/\/api.w.org\/{rel}","templated":true}]}}