{"id":28901,"date":"2014-11-20T00:59:09","date_gmt":"2014-11-20T03:59:09","guid":{"rendered":"http:\/\/www.notibras.com\/site\/?p=28901"},"modified":"2014-11-20T02:02:17","modified_gmt":"2014-11-20T05:02:17","slug":"oposicao-leva-a-melhor-contra-os-governistas-na-guerra-do-ajuste-fiscal","status":"publish","type":"post","link":"https:\/\/www.notibras.com\/site\/oposicao-leva-a-melhor-contra-os-governistas-na-guerra-do-ajuste-fiscal\/","title":{"rendered":"Oposi\u00e7\u00e3o leva a melhor na guerra contra o ajuste fiscal"},"content":{"rendered":"<div class=\"entry-inner\">\n<div class=\"content\">\n<div class=\"content\">\n<p>A oposi\u00e7\u00e3o conseguiu adiar para ter\u00e7a-feira 25 a vota\u00e7\u00e3o na Comiss\u00e3o Mista do Or\u00e7amento (CMO) do projeto de lei do Executivo que modifica a Lei de Diretrizes Or\u00e7ament\u00e1rias para alterar a meta fiscal.<\/p>\n<p>Os governistas estavam confiantes que aprovariam o requerimento do relator, senador Romero Juc\u00e1, para quebrar o interst\u00edcio de dois dias \u00fateis a fim de votar nesta quarta 19 o projeto do governo.<\/p>\n<blockquote><p>No entanto, na vota\u00e7\u00e3o dos deputados que integram a CMO, os governistas conseguiram 15 votos e a oposi\u00e7\u00e3o 7, resultado insuficiente. Para quebrar o interst\u00edcio de dois dias \u00e9 necess\u00e1ria a maioria absoluta de 18 votos.<\/p><\/blockquote>\n<p>A derrota dos governistas levou o senador Juc\u00e1 a avaliar que houve falta de mobiliza\u00e7\u00e3o da base para a vota\u00e7\u00e3o da mat\u00e9ria. Mesmo assim, ele considera que ainda h\u00e1 tempo suficiente para concluir a aprecia\u00e7\u00e3o do projeto na comiss\u00e3o e no plen\u00e1rio do Congresso, embora com prazos apertados.<\/p>\n<p><strong>Iolando Louren\u00e7o, ABr<\/strong><\/p>\n<\/div>\n<\/div>\n<\/div>\n","protected":false},"excerpt":{"rendered":"<p>A oposi\u00e7\u00e3o conseguiu adiar para ter\u00e7a-feira 25 a vota\u00e7\u00e3o na Comiss\u00e3o Mista do Or\u00e7amento (CMO) do projeto de lei do Executivo que modifica a Lei de Diretrizes Or\u00e7ament\u00e1rias para alterar a meta fiscal. Os governistas estavam confiantes que aprovariam o requerimento do relator, senador Romero Juc\u00e1, para quebrar o interst\u00edcio de dois dias \u00fateis a [&hellip;]<\/p>\n","protected":false},"author":2,"featured_media":28902,"comment_status":"open","ping_status":"closed","sticky":false,"template":"","format":"standard","meta":{"_acf_changed":false,"footnotes":""},"categories":[16],"tags":[],"class_list":["post-28901","post","type-post","status-publish","format-standard","has-post-thumbnail","hentry","category-brasil"],"acf":[],"yoast_head":"<!-- This site is optimized with the Yoast SEO plugin v27.2 - https:\/\/yoast.com\/product\/yoast-seo-wordpress\/ -->\n<title>Oposi\u00e7\u00e3o leva a melhor na guerra contra o ajuste fiscal - Notibras<\/title>\n<meta name=\"robots\" content=\"index, follow, max-snippet:-1, max-image-preview:large, max-video-preview:-1\" \/>\n<link rel=\"canonical\" href=\"https:\/\/www.notibras.com\/site\/oposicao-leva-a-melhor-contra-os-governistas-na-guerra-do-ajuste-fiscal\/\" \/>\n<meta property=\"og:locale\" content=\"pt_BR\" \/>\n<meta property=\"og:type\" content=\"article\" \/>\n<meta property=\"og:title\" content=\"Oposi\u00e7\u00e3o leva a melhor na guerra contra o ajuste fiscal - Notibras\" \/>\n<meta property=\"og:description\" content=\"A oposi\u00e7\u00e3o conseguiu adiar para ter\u00e7a-feira 25 a vota\u00e7\u00e3o na Comiss\u00e3o Mista do Or\u00e7amento (CMO) do projeto de lei do Executivo que modifica a Lei de Diretrizes Or\u00e7ament\u00e1rias para alterar a meta fiscal. Os governistas estavam confiantes que aprovariam o requerimento do relator, senador Romero Juc\u00e1, para quebrar o interst\u00edcio de dois dias \u00fateis a [&hellip;]\" \/>\n<meta property=\"og:url\" content=\"https:\/\/www.notibras.com\/site\/oposicao-leva-a-melhor-contra-os-governistas-na-guerra-do-ajuste-fiscal\/\" \/>\n<meta property=\"og:site_name\" content=\"Notibras\" \/>\n<meta property=\"article:publisher\" content=\"https:\/\/www.facebook.com\/notibras\/\" \/>\n<meta property=\"article:published_time\" content=\"2014-11-20T03:59:09+00:00\" \/>\n<meta property=\"article:modified_time\" content=\"2014-11-20T05:02:17+00:00\" \/>\n<meta property=\"og:image\" content=\"https:\/\/www.notibras.com\/site\/wp-content\/uploads\/2014\/11\/base.jpg\" \/>\n\t<meta property=\"og:image:width\" content=\"580\" \/>\n\t<meta property=\"og:image:height\" content=\"388\" \/>\n\t<meta property=\"og:image:type\" content=\"image\/jpeg\" \/>\n<meta name=\"author\" content=\"Reda\u00e7\u00e3o\" \/>\n<meta name=\"twitter:card\" content=\"summary_large_image\" \/>\n<meta name=\"twitter:creator\" content=\"@Notibras\" \/>\n<meta name=\"twitter:site\" content=\"@Notibras\" \/>\n<meta name=\"twitter:label1\" content=\"Escrito por\" \/>\n\t<meta name=\"twitter:data1\" content=\"Reda\u00e7\u00e3o\" \/>\n\t<meta name=\"twitter:label2\" content=\"Est. tempo de leitura\" \/>\n\t<meta name=\"twitter:data2\" content=\"1 minuto\" \/>\n<script type=\"application\/ld+json\" class=\"yoast-schema-graph\">{\"@context\":\"https:\/\/schema.org\",\"@graph\":[{\"@type\":\"Article\",\"@id\":\"https:\/\/www.notibras.com\/site\/oposicao-leva-a-melhor-contra-os-governistas-na-guerra-do-ajuste-fiscal\/#article\",\"isPartOf\":{\"@id\":\"https:\/\/www.notibras.com\/site\/oposicao-leva-a-melhor-contra-os-governistas-na-guerra-do-ajuste-fiscal\/\"},\"author\":{\"name\":\"Reda\u00e7\u00e3o\",\"@id\":\"https:\/\/www.notibras.com\/site\/#\/schema\/person\/36ab0979449956132d3e5b517ea76ac8\"},\"headline\":\"Oposi\u00e7\u00e3o leva a melhor na guerra contra o ajuste fiscal\",\"datePublished\":\"2014-11-20T03:59:09+00:00\",\"dateModified\":\"2014-11-20T05:02:17+00:00\",\"mainEntityOfPage\":{\"@id\":\"https:\/\/www.notibras.com\/site\/oposicao-leva-a-melhor-contra-os-governistas-na-guerra-do-ajuste-fiscal\/\"},\"wordCount\":176,\"commentCount\":0,\"publisher\":{\"@id\":\"https:\/\/www.notibras.com\/site\/#organization\"},\"image\":{\"@id\":\"https:\/\/www.notibras.com\/site\/oposicao-leva-a-melhor-contra-os-governistas-na-guerra-do-ajuste-fiscal\/#primaryimage\"},\"thumbnailUrl\":\"https:\/\/www.notibras.com\/site\/wp-content\/uploads\/2014\/11\/base.jpg\",\"articleSection\":[\"Brasil\"],\"inLanguage\":\"pt-BR\",\"potentialAction\":[{\"@type\":\"CommentAction\",\"name\":\"Comment\",\"target\":[\"https:\/\/www.notibras.com\/site\/oposicao-leva-a-melhor-contra-os-governistas-na-guerra-do-ajuste-fiscal\/#respond\"]}]},{\"@type\":\"WebPage\",\"@id\":\"https:\/\/www.notibras.com\/site\/oposicao-leva-a-melhor-contra-os-governistas-na-guerra-do-ajuste-fiscal\/\",\"url\":\"https:\/\/www.notibras.com\/site\/oposicao-leva-a-melhor-contra-os-governistas-na-guerra-do-ajuste-fiscal\/\",\"name\":\"Oposi\u00e7\u00e3o leva a melhor na guerra contra o ajuste fiscal - Notibras\",\"isPartOf\":{\"@id\":\"https:\/\/www.notibras.com\/site\/#website\"},\"primaryImageOfPage\":{\"@id\":\"https:\/\/www.notibras.com\/site\/oposicao-leva-a-melhor-contra-os-governistas-na-guerra-do-ajuste-fiscal\/#primaryimage\"},\"image\":{\"@id\":\"https:\/\/www.notibras.com\/site\/oposicao-leva-a-melhor-contra-os-governistas-na-guerra-do-ajuste-fiscal\/#primaryimage\"},\"thumbnailUrl\":\"https:\/\/www.notibras.com\/site\/wp-content\/uploads\/2014\/11\/base.jpg\",\"datePublished\":\"2014-11-20T03:59:09+00:00\",\"dateModified\":\"2014-11-20T05:02:17+00:00\",\"breadcrumb\":{\"@id\":\"https:\/\/www.notibras.com\/site\/oposicao-leva-a-melhor-contra-os-governistas-na-guerra-do-ajuste-fiscal\/#breadcrumb\"},\"inLanguage\":\"pt-BR\",\"potentialAction\":[{\"@type\":\"ReadAction\",\"target\":[\"https:\/\/www.notibras.com\/site\/oposicao-leva-a-melhor-contra-os-governistas-na-guerra-do-ajuste-fiscal\/\"]}]},{\"@type\":\"ImageObject\",\"inLanguage\":\"pt-BR\",\"@id\":\"https:\/\/www.notibras.com\/site\/oposicao-leva-a-melhor-contra-os-governistas-na-guerra-do-ajuste-fiscal\/#primaryimage\",\"url\":\"https:\/\/www.notibras.com\/site\/wp-content\/uploads\/2014\/11\/base.jpg\",\"contentUrl\":\"https:\/\/www.notibras.com\/site\/wp-content\/uploads\/2014\/11\/base.jpg\",\"width\":580,\"height\":388},{\"@type\":\"BreadcrumbList\",\"@id\":\"https:\/\/www.notibras.com\/site\/oposicao-leva-a-melhor-contra-os-governistas-na-guerra-do-ajuste-fiscal\/#breadcrumb\",\"itemListElement\":[{\"@type\":\"ListItem\",\"position\":1,\"name\":\"In\u00edcio\",\"item\":\"https:\/\/www.notibras.com\/site\/\"},{\"@type\":\"ListItem\",\"position\":2,\"name\":\"Oposi\u00e7\u00e3o leva a melhor na guerra contra o ajuste fiscal\"}]},{\"@type\":\"WebSite\",\"@id\":\"https:\/\/www.notibras.com\/site\/#website\",\"url\":\"https:\/\/www.notibras.com\/site\/\",\"name\":\"Notibras\",\"description\":\"Not\u00edcias de Bras\u00edlia, do Brasil e do Mundo\",\"publisher\":{\"@id\":\"https:\/\/www.notibras.com\/site\/#organization\"},\"potentialAction\":[{\"@type\":\"SearchAction\",\"target\":{\"@type\":\"EntryPoint\",\"urlTemplate\":\"https:\/\/www.notibras.com\/site\/?s={search_term_string}\"},\"query-input\":{\"@type\":\"PropertyValueSpecification\",\"valueRequired\":true,\"valueName\":\"search_term_string\"}}],\"inLanguage\":\"pt-BR\"},{\"@type\":\"Organization\",\"@id\":\"https:\/\/www.notibras.com\/site\/#organization\",\"name\":\"Grupo Notibras de Comunica\u00e7\u00e3o\",\"url\":\"https:\/\/www.notibras.com\/site\/\",\"logo\":{\"@type\":\"ImageObject\",\"inLanguage\":\"pt-BR\",\"@id\":\"https:\/\/www.notibras.com\/site\/#\/schema\/logo\/image\/\",\"url\":\"https:\/\/www.notibras.com\/site\/wp-content\/uploads\/2023\/01\/notibras23.png\",\"contentUrl\":\"https:\/\/www.notibras.com\/site\/wp-content\/uploads\/2023\/01\/notibras23.png\",\"width\":350,\"height\":87,\"caption\":\"Grupo Notibras de Comunica\u00e7\u00e3o\"},\"image\":{\"@id\":\"https:\/\/www.notibras.com\/site\/#\/schema\/logo\/image\/\"},\"sameAs\":[\"https:\/\/www.facebook.com\/notibras\/\",\"https:\/\/x.com\/Notibras\",\"https:\/\/www.instagram.com\/notibras\/\"]},{\"@type\":\"Person\",\"@id\":\"https:\/\/www.notibras.com\/site\/#\/schema\/person\/36ab0979449956132d3e5b517ea76ac8\",\"name\":\"Reda\u00e7\u00e3o\",\"image\":{\"@type\":\"ImageObject\",\"inLanguage\":\"pt-BR\",\"@id\":\"https:\/\/secure.gravatar.com\/avatar\/e0a867bdedb85fd243eadf09663511f96fc81e0720a4a42581f334ad4303aa6b?s=96&d=mm&r=g\",\"url\":\"https:\/\/secure.gravatar.com\/avatar\/e0a867bdedb85fd243eadf09663511f96fc81e0720a4a42581f334ad4303aa6b?s=96&d=mm&r=g\",\"contentUrl\":\"https:\/\/secure.gravatar.com\/avatar\/e0a867bdedb85fd243eadf09663511f96fc81e0720a4a42581f334ad4303aa6b?s=96&d=mm&r=g\",\"caption\":\"Reda\u00e7\u00e3o\"}}]}<\/script>\n<!-- \/ Yoast SEO plugin. -->","yoast_head_json":{"title":"Oposi\u00e7\u00e3o leva a melhor na guerra contra o ajuste fiscal - Notibras","robots":{"index":"index","follow":"follow","max-snippet":"max-snippet:-1","max-image-preview":"max-image-preview:large","max-video-preview":"max-video-preview:-1"},"canonical":"https:\/\/www.notibras.com\/site\/oposicao-leva-a-melhor-contra-os-governistas-na-guerra-do-ajuste-fiscal\/","og_locale":"pt_BR","og_type":"article","og_title":"Oposi\u00e7\u00e3o leva a melhor na guerra contra o ajuste fiscal - Notibras","og_description":"A oposi\u00e7\u00e3o conseguiu adiar para ter\u00e7a-feira 25 a vota\u00e7\u00e3o na Comiss\u00e3o Mista do Or\u00e7amento (CMO) do projeto de lei do Executivo que modifica a Lei de Diretrizes Or\u00e7ament\u00e1rias para alterar a meta fiscal. Os governistas estavam confiantes que aprovariam o requerimento do relator, senador Romero Juc\u00e1, para quebrar o interst\u00edcio de dois dias \u00fateis a [&hellip;]","og_url":"https:\/\/www.notibras.com\/site\/oposicao-leva-a-melhor-contra-os-governistas-na-guerra-do-ajuste-fiscal\/","og_site_name":"Notibras","article_publisher":"https:\/\/www.facebook.com\/notibras\/","article_published_time":"2014-11-20T03:59:09+00:00","article_modified_time":"2014-11-20T05:02:17+00:00","og_image":[{"width":580,"height":388,"url":"https:\/\/www.notibras.com\/site\/wp-content\/uploads\/2014\/11\/base.jpg","type":"image\/jpeg"}],"author":"Reda\u00e7\u00e3o","twitter_card":"summary_large_image","twitter_creator":"@Notibras","twitter_site":"@Notibras","twitter_misc":{"Escrito por":"Reda\u00e7\u00e3o","Est. tempo de leitura":"1 minuto"},"schema":{"@context":"https:\/\/schema.org","@graph":[{"@type":"Article","@id":"https:\/\/www.notibras.com\/site\/oposicao-leva-a-melhor-contra-os-governistas-na-guerra-do-ajuste-fiscal\/#article","isPartOf":{"@id":"https:\/\/www.notibras.com\/site\/oposicao-leva-a-melhor-contra-os-governistas-na-guerra-do-ajuste-fiscal\/"},"author":{"name":"Reda\u00e7\u00e3o","@id":"https:\/\/www.notibras.com\/site\/#\/schema\/person\/36ab0979449956132d3e5b517ea76ac8"},"headline":"Oposi\u00e7\u00e3o leva a melhor na guerra contra o ajuste fiscal","datePublished":"2014-11-20T03:59:09+00:00","dateModified":"2014-11-20T05:02:17+00:00","mainEntityOfPage":{"@id":"https:\/\/www.notibras.com\/site\/oposicao-leva-a-melhor-contra-os-governistas-na-guerra-do-ajuste-fiscal\/"},"wordCount":176,"commentCount":0,"publisher":{"@id":"https:\/\/www.notibras.com\/site\/#organization"},"image":{"@id":"https:\/\/www.notibras.com\/site\/oposicao-leva-a-melhor-contra-os-governistas-na-guerra-do-ajuste-fiscal\/#primaryimage"},"thumbnailUrl":"https:\/\/www.notibras.com\/site\/wp-content\/uploads\/2014\/11\/base.jpg","articleSection":["Brasil"],"inLanguage":"pt-BR","potentialAction":[{"@type":"CommentAction","name":"Comment","target":["https:\/\/www.notibras.com\/site\/oposicao-leva-a-melhor-contra-os-governistas-na-guerra-do-ajuste-fiscal\/#respond"]}]},{"@type":"WebPage","@id":"https:\/\/www.notibras.com\/site\/oposicao-leva-a-melhor-contra-os-governistas-na-guerra-do-ajuste-fiscal\/","url":"https:\/\/www.notibras.com\/site\/oposicao-leva-a-melhor-contra-os-governistas-na-guerra-do-ajuste-fiscal\/","name":"Oposi\u00e7\u00e3o leva a melhor na guerra contra o ajuste fiscal - Notibras","isPartOf":{"@id":"https:\/\/www.notibras.com\/site\/#website"},"primaryImageOfPage":{"@id":"https:\/\/www.notibras.com\/site\/oposicao-leva-a-melhor-contra-os-governistas-na-guerra-do-ajuste-fiscal\/#primaryimage"},"image":{"@id":"https:\/\/www.notibras.com\/site\/oposicao-leva-a-melhor-contra-os-governistas-na-guerra-do-ajuste-fiscal\/#primaryimage"},"thumbnailUrl":"https:\/\/www.notibras.com\/site\/wp-content\/uploads\/2014\/11\/base.jpg","datePublished":"2014-11-20T03:59:09+00:00","dateModified":"2014-11-20T05:02:17+00:00","breadcrumb":{"@id":"https:\/\/www.notibras.com\/site\/oposicao-leva-a-melhor-contra-os-governistas-na-guerra-do-ajuste-fiscal\/#breadcrumb"},"inLanguage":"pt-BR","potentialAction":[{"@type":"ReadAction","target":["https:\/\/www.notibras.com\/site\/oposicao-leva-a-melhor-contra-os-governistas-na-guerra-do-ajuste-fiscal\/"]}]},{"@type":"ImageObject","inLanguage":"pt-BR","@id":"https:\/\/www.notibras.com\/site\/oposicao-leva-a-melhor-contra-os-governistas-na-guerra-do-ajuste-fiscal\/#primaryimage","url":"https:\/\/www.notibras.com\/site\/wp-content\/uploads\/2014\/11\/base.jpg","contentUrl":"https:\/\/www.notibras.com\/site\/wp-content\/uploads\/2014\/11\/base.jpg","width":580,"height":388},{"@type":"BreadcrumbList","@id":"https:\/\/www.notibras.com\/site\/oposicao-leva-a-melhor-contra-os-governistas-na-guerra-do-ajuste-fiscal\/#breadcrumb","itemListElement":[{"@type":"ListItem","position":1,"name":"In\u00edcio","item":"https:\/\/www.notibras.com\/site\/"},{"@type":"ListItem","position":2,"name":"Oposi\u00e7\u00e3o leva a melhor na guerra contra o ajuste fiscal"}]},{"@type":"WebSite","@id":"https:\/\/www.notibras.com\/site\/#website","url":"https:\/\/www.notibras.com\/site\/","name":"Notibras","description":"Not\u00edcias de Bras\u00edlia, do Brasil e do Mundo","publisher":{"@id":"https:\/\/www.notibras.com\/site\/#organization"},"potentialAction":[{"@type":"SearchAction","target":{"@type":"EntryPoint","urlTemplate":"https:\/\/www.notibras.com\/site\/?s={search_term_string}"},"query-input":{"@type":"PropertyValueSpecification","valueRequired":true,"valueName":"search_term_string"}}],"inLanguage":"pt-BR"},{"@type":"Organization","@id":"https:\/\/www.notibras.com\/site\/#organization","name":"Grupo Notibras de Comunica\u00e7\u00e3o","url":"https:\/\/www.notibras.com\/site\/","logo":{"@type":"ImageObject","inLanguage":"pt-BR","@id":"https:\/\/www.notibras.com\/site\/#\/schema\/logo\/image\/","url":"https:\/\/www.notibras.com\/site\/wp-content\/uploads\/2023\/01\/notibras23.png","contentUrl":"https:\/\/www.notibras.com\/site\/wp-content\/uploads\/2023\/01\/notibras23.png","width":350,"height":87,"caption":"Grupo Notibras de Comunica\u00e7\u00e3o"},"image":{"@id":"https:\/\/www.notibras.com\/site\/#\/schema\/logo\/image\/"},"sameAs":["https:\/\/www.facebook.com\/notibras\/","https:\/\/x.com\/Notibras","https:\/\/www.instagram.com\/notibras\/"]},{"@type":"Person","@id":"https:\/\/www.notibras.com\/site\/#\/schema\/person\/36ab0979449956132d3e5b517ea76ac8","name":"Reda\u00e7\u00e3o","image":{"@type":"ImageObject","inLanguage":"pt-BR","@id":"https:\/\/secure.gravatar.com\/avatar\/e0a867bdedb85fd243eadf09663511f96fc81e0720a4a42581f334ad4303aa6b?s=96&d=mm&r=g","url":"https:\/\/secure.gravatar.com\/avatar\/e0a867bdedb85fd243eadf09663511f96fc81e0720a4a42581f334ad4303aa6b?s=96&d=mm&r=g","contentUrl":"https:\/\/secure.gravatar.com\/avatar\/e0a867bdedb85fd243eadf09663511f96fc81e0720a4a42581f334ad4303aa6b?s=96&d=mm&r=g","caption":"Reda\u00e7\u00e3o"}}]}},"amp_enabled":true,"_links":{"self":[{"href":"https:\/\/www.notibras.com\/site\/wp-json\/wp\/v2\/posts\/28901","targetHints":{"allow":["GET"]}}],"collection":[{"href":"https:\/\/www.notibras.com\/site\/wp-json\/wp\/v2\/posts"}],"about":[{"href":"https:\/\/www.notibras.com\/site\/wp-json\/wp\/v2\/types\/post"}],"author":[{"embeddable":true,"href":"https:\/\/www.notibras.com\/site\/wp-json\/wp\/v2\/users\/2"}],"replies":[{"embeddable":true,"href":"https:\/\/www.notibras.com\/site\/wp-json\/wp\/v2\/comments?post=28901"}],"version-history":[{"count":0,"href":"https:\/\/www.notibras.com\/site\/wp-json\/wp\/v2\/posts\/28901\/revisions"}],"wp:featuredmedia":[{"embeddable":true,"href":"https:\/\/www.notibras.com\/site\/wp-json\/wp\/v2\/media\/28902"}],"wp:attachment":[{"href":"https:\/\/www.notibras.com\/site\/wp-json\/wp\/v2\/media?parent=28901"}],"wp:term":[{"taxonomy":"category","embeddable":true,"href":"https:\/\/www.notibras.com\/site\/wp-json\/wp\/v2\/categories?post=28901"},{"taxonomy":"post_tag","embeddable":true,"href":"https:\/\/www.notibras.com\/site\/wp-json\/wp\/v2\/tags?post=28901"}],"curies":[{"name":"wp","href":"https:\/\/api.w.org\/{rel}","templated":true}]}}