{"id":28908,"date":"2014-11-20T02:13:20","date_gmt":"2014-11-20T05:13:20","guid":{"rendered":"http:\/\/www.notibras.com\/site\/?p=28908"},"modified":"2014-11-21T13:27:06","modified_gmt":"2014-11-21T16:27:06","slug":"no-passado-o-povo-defendeu-o-petroleo-e-nosso-e-agora-como-fica","status":"publish","type":"post","link":"https:\/\/www.notibras.com\/site\/no-passado-o-povo-defendeu-o-petroleo-e-nosso-e-agora-como-fica\/","title":{"rendered":"No passado, o povo defendeu &#8216;o petr\u00f3leo \u00e9 nosso&#8217;. E hoje?"},"content":{"rendered":"<p>O mar de lama em que a Petrobras chafurdou h\u00e1 oito meses n\u00e3o para de crescer. E no horizonte n\u00e3o h\u00e1 sinais do seu fim. O que se v\u00ea \u00e9 o total desmoronamento da empresa que chegou a ser orgulho nacional.<\/p>\n<p>A presidente Dilma Rouseff, neste final melanc\u00f3lico do seu primeiro governo, e no in\u00edcio do seu segundo mandato, em 1\u00b0 de janeiro, ter\u00e1 de conviver com o turbilh\u00e3o provocado pela mega corrup\u00e7\u00e3o que tomou conta da maior empresa do Brasil. Existem s\u00e9rios riscos das investiga\u00e7\u00f5es em andamento chegarem ao Pal\u00e1cio do Planalto.<\/p>\n<p>Executivos de empresas consideradas entre as maiores do pa\u00eds ficaram presos em Curitiba, onde est\u00e3o concentradas as a\u00e7\u00f5es da Opera\u00e7\u00e3o Lava- Jato, sob a coordena\u00e7\u00e3o do juiz federal Sergio Moro.<\/p>\n<p>S\u00e3o fortes os ind\u00edcios de que pol\u00edticos de envergadura, que sempre disseram \u201cam\u00e9m\u201d aos governos do PT &#8211; 8 anos Lula e 4 anos Dilma &#8211; est\u00e3o envolvidos at\u00e9 o pesco\u00e7o nas maracutaias da Petrobras.<\/p>\n<p>Nenhum nome at\u00e9 agora foi revelado porque parlamentares e autoridades se escondem sob o beneficio constitucional do foro privilegiado, ou seja, eles s\u00f3 podem ser julgados pelo Supremo Tribunal Federal.<\/p>\n<blockquote><p>O ministro designado relator do processo, Teori Zavascki, determinou sigilo total. Certamente, em algum momento, o processo ir\u00e1 a julgamento no plen\u00e1rio da Corte, quando ent\u00e3o se ficar\u00e1 sabendo quais os pol\u00edticos processados. Fala-se em\u00a0 80, deputados, senadores, governadores e ex-ministros. Havendo puni\u00e7\u00f5es, elas bater\u00e3o no Congresso Nacional nos casos de cassa\u00e7\u00e3o de mandatos.<\/p><\/blockquote>\n<p>A presidente Dilma Rousseff, na Austr\u00e1lia, disse que \u201cesse n\u00e3o \u00e9 o primeiro esc\u00e2ndalo\u201d, frisando: \u201cAgora ele \u00e9 o primeiro esc\u00e2ndalo investigado. Ele vai mudar o Brasil para sempre.\u201d<\/p>\n<p>Para a oposi\u00e7\u00e3o, a presidente se apropria inadequadamente da atua\u00e7\u00e3o da Pol\u00edcia Federal, do Minist\u00e9rio P\u00fablico e Justi\u00e7a Federal para se esquivar de suposta responsabilidade, j\u00e1 que estava no Governo Lula, quando comandou o Minist\u00e9rio de Minas e Energia (2003- 2005) e a Casa Civil (2003-1010).<\/p>\n<p>\u201cA presidente Dilma foi de cinismo sem tamanho. Ela n\u00e3o tomou nenhuma provid\u00eancia durante tantos anos de desfalque na Petrobras, que foi usada para abastecer pol\u00edticos da base aliada. N\u00e3o se viu nenhuma a\u00e7\u00e3o dela para combater essa corrup\u00e7\u00e3o\u201d- disse o l\u00edder do PPS na C\u00e2mara, deputado Rubens Bueno (PR).<\/p>\n<p>Outra omiss\u00e3o \u00e9 registrada pela sociedade brasileira. \u00c9 a aus\u00eancia de rea\u00e7\u00f5es populares aos assaltos \u00e0 maior empresa brasileira. Onde est\u00e3o os sindicatos? Os estudantes? A UNE os \u201ccaras pintadas\u201d? Os movimentos populares? No passado, \u201co petr\u00f3leo \u00e9 nosso\u201d foi defendido pelo povo nas ruas.<\/p>\n<p><strong>Cl\u00e1udio Coletti<\/strong><\/p>\n","protected":false},"excerpt":{"rendered":"<p>O mar de lama em que a Petrobras chafurdou h\u00e1 oito meses n\u00e3o para de crescer. E no horizonte n\u00e3o h\u00e1 sinais do seu fim. O que se v\u00ea \u00e9 o total desmoronamento da empresa que chegou a ser orgulho nacional. A presidente Dilma Rouseff, neste final melanc\u00f3lico do seu primeiro governo, e no in\u00edcio [&hellip;]<\/p>\n","protected":false},"author":2,"featured_media":28909,"comment_status":"open","ping_status":"closed","sticky":false,"template":"","format":"standard","meta":{"_acf_changed":false,"footnotes":""},"categories":[25],"tags":[],"class_list":["post-28908","post","type-post","status-publish","format-standard","has-post-thumbnail","hentry","category-opina-ai"],"acf":[],"yoast_head":"<!-- This site is optimized with the Yoast SEO plugin v27.2 - https:\/\/yoast.com\/product\/yoast-seo-wordpress\/ -->\n<title>No passado, o povo defendeu &#039;o petr\u00f3leo \u00e9 nosso&#039;. E hoje? - Notibras<\/title>\n<meta name=\"robots\" content=\"index, follow, max-snippet:-1, max-image-preview:large, max-video-preview:-1\" \/>\n<link rel=\"canonical\" href=\"https:\/\/www.notibras.com\/site\/no-passado-o-povo-defendeu-o-petroleo-e-nosso-e-agora-como-fica\/\" \/>\n<meta property=\"og:locale\" content=\"pt_BR\" \/>\n<meta property=\"og:type\" content=\"article\" \/>\n<meta property=\"og:title\" content=\"No passado, o povo defendeu &#039;o petr\u00f3leo \u00e9 nosso&#039;. E hoje? - Notibras\" \/>\n<meta property=\"og:description\" content=\"O mar de lama em que a Petrobras chafurdou h\u00e1 oito meses n\u00e3o para de crescer. E no horizonte n\u00e3o h\u00e1 sinais do seu fim. O que se v\u00ea \u00e9 o total desmoronamento da empresa que chegou a ser orgulho nacional. A presidente Dilma Rouseff, neste final melanc\u00f3lico do seu primeiro governo, e no in\u00edcio [&hellip;]\" \/>\n<meta property=\"og:url\" content=\"https:\/\/www.notibras.com\/site\/no-passado-o-povo-defendeu-o-petroleo-e-nosso-e-agora-como-fica\/\" \/>\n<meta property=\"og:site_name\" content=\"Notibras\" \/>\n<meta property=\"article:publisher\" content=\"https:\/\/www.facebook.com\/notibras\/\" \/>\n<meta property=\"article:published_time\" content=\"2014-11-20T05:13:20+00:00\" \/>\n<meta property=\"article:modified_time\" content=\"2014-11-21T16:27:06+00:00\" \/>\n<meta property=\"og:image\" content=\"https:\/\/www.notibras.com\/site\/wp-content\/uploads\/2014\/11\/2009-293812234-2009083154069.jpg_20090831.jpg\" \/>\n\t<meta property=\"og:image:width\" content=\"620\" \/>\n\t<meta property=\"og:image:height\" content=\"357\" \/>\n\t<meta property=\"og:image:type\" content=\"image\/jpeg\" \/>\n<meta name=\"author\" content=\"Reda\u00e7\u00e3o\" \/>\n<meta name=\"twitter:card\" content=\"summary_large_image\" \/>\n<meta name=\"twitter:creator\" content=\"@Notibras\" \/>\n<meta name=\"twitter:site\" content=\"@Notibras\" \/>\n<meta name=\"twitter:label1\" content=\"Escrito por\" \/>\n\t<meta name=\"twitter:data1\" content=\"Reda\u00e7\u00e3o\" \/>\n\t<meta name=\"twitter:label2\" content=\"Est. tempo de leitura\" \/>\n\t<meta name=\"twitter:data2\" content=\"2 minutos\" \/>\n<script type=\"application\/ld+json\" class=\"yoast-schema-graph\">{\"@context\":\"https:\/\/schema.org\",\"@graph\":[{\"@type\":\"Article\",\"@id\":\"https:\/\/www.notibras.com\/site\/no-passado-o-povo-defendeu-o-petroleo-e-nosso-e-agora-como-fica\/#article\",\"isPartOf\":{\"@id\":\"https:\/\/www.notibras.com\/site\/no-passado-o-povo-defendeu-o-petroleo-e-nosso-e-agora-como-fica\/\"},\"author\":{\"name\":\"Reda\u00e7\u00e3o\",\"@id\":\"https:\/\/www.notibras.com\/site\/#\/schema\/person\/36ab0979449956132d3e5b517ea76ac8\"},\"headline\":\"No passado, o povo defendeu &#8216;o petr\u00f3leo \u00e9 nosso&#8217;. E hoje?\",\"datePublished\":\"2014-11-20T05:13:20+00:00\",\"dateModified\":\"2014-11-21T16:27:06+00:00\",\"mainEntityOfPage\":{\"@id\":\"https:\/\/www.notibras.com\/site\/no-passado-o-povo-defendeu-o-petroleo-e-nosso-e-agora-como-fica\/\"},\"wordCount\":465,\"commentCount\":0,\"publisher\":{\"@id\":\"https:\/\/www.notibras.com\/site\/#organization\"},\"image\":{\"@id\":\"https:\/\/www.notibras.com\/site\/no-passado-o-povo-defendeu-o-petroleo-e-nosso-e-agora-como-fica\/#primaryimage\"},\"thumbnailUrl\":\"https:\/\/www.notibras.com\/site\/wp-content\/uploads\/2014\/11\/2009-293812234-2009083154069.jpg_20090831.jpg\",\"articleSection\":[\"Opina a\u00ed\"],\"inLanguage\":\"pt-BR\",\"potentialAction\":[{\"@type\":\"CommentAction\",\"name\":\"Comment\",\"target\":[\"https:\/\/www.notibras.com\/site\/no-passado-o-povo-defendeu-o-petroleo-e-nosso-e-agora-como-fica\/#respond\"]}]},{\"@type\":\"WebPage\",\"@id\":\"https:\/\/www.notibras.com\/site\/no-passado-o-povo-defendeu-o-petroleo-e-nosso-e-agora-como-fica\/\",\"url\":\"https:\/\/www.notibras.com\/site\/no-passado-o-povo-defendeu-o-petroleo-e-nosso-e-agora-como-fica\/\",\"name\":\"No passado, o povo defendeu 'o petr\u00f3leo \u00e9 nosso'. E hoje? - Notibras\",\"isPartOf\":{\"@id\":\"https:\/\/www.notibras.com\/site\/#website\"},\"primaryImageOfPage\":{\"@id\":\"https:\/\/www.notibras.com\/site\/no-passado-o-povo-defendeu-o-petroleo-e-nosso-e-agora-como-fica\/#primaryimage\"},\"image\":{\"@id\":\"https:\/\/www.notibras.com\/site\/no-passado-o-povo-defendeu-o-petroleo-e-nosso-e-agora-como-fica\/#primaryimage\"},\"thumbnailUrl\":\"https:\/\/www.notibras.com\/site\/wp-content\/uploads\/2014\/11\/2009-293812234-2009083154069.jpg_20090831.jpg\",\"datePublished\":\"2014-11-20T05:13:20+00:00\",\"dateModified\":\"2014-11-21T16:27:06+00:00\",\"breadcrumb\":{\"@id\":\"https:\/\/www.notibras.com\/site\/no-passado-o-povo-defendeu-o-petroleo-e-nosso-e-agora-como-fica\/#breadcrumb\"},\"inLanguage\":\"pt-BR\",\"potentialAction\":[{\"@type\":\"ReadAction\",\"target\":[\"https:\/\/www.notibras.com\/site\/no-passado-o-povo-defendeu-o-petroleo-e-nosso-e-agora-como-fica\/\"]}]},{\"@type\":\"ImageObject\",\"inLanguage\":\"pt-BR\",\"@id\":\"https:\/\/www.notibras.com\/site\/no-passado-o-povo-defendeu-o-petroleo-e-nosso-e-agora-como-fica\/#primaryimage\",\"url\":\"https:\/\/www.notibras.com\/site\/wp-content\/uploads\/2014\/11\/2009-293812234-2009083154069.jpg_20090831.jpg\",\"contentUrl\":\"https:\/\/www.notibras.com\/site\/wp-content\/uploads\/2014\/11\/2009-293812234-2009083154069.jpg_20090831.jpg\",\"width\":620,\"height\":357},{\"@type\":\"BreadcrumbList\",\"@id\":\"https:\/\/www.notibras.com\/site\/no-passado-o-povo-defendeu-o-petroleo-e-nosso-e-agora-como-fica\/#breadcrumb\",\"itemListElement\":[{\"@type\":\"ListItem\",\"position\":1,\"name\":\"In\u00edcio\",\"item\":\"https:\/\/www.notibras.com\/site\/\"},{\"@type\":\"ListItem\",\"position\":2,\"name\":\"No passado, o povo defendeu &#8216;o petr\u00f3leo \u00e9 nosso&#8217;. E hoje?\"}]},{\"@type\":\"WebSite\",\"@id\":\"https:\/\/www.notibras.com\/site\/#website\",\"url\":\"https:\/\/www.notibras.com\/site\/\",\"name\":\"Notibras\",\"description\":\"Not\u00edcias de Bras\u00edlia, do Brasil e do Mundo\",\"publisher\":{\"@id\":\"https:\/\/www.notibras.com\/site\/#organization\"},\"potentialAction\":[{\"@type\":\"SearchAction\",\"target\":{\"@type\":\"EntryPoint\",\"urlTemplate\":\"https:\/\/www.notibras.com\/site\/?s={search_term_string}\"},\"query-input\":{\"@type\":\"PropertyValueSpecification\",\"valueRequired\":true,\"valueName\":\"search_term_string\"}}],\"inLanguage\":\"pt-BR\"},{\"@type\":\"Organization\",\"@id\":\"https:\/\/www.notibras.com\/site\/#organization\",\"name\":\"Grupo Notibras de Comunica\u00e7\u00e3o\",\"url\":\"https:\/\/www.notibras.com\/site\/\",\"logo\":{\"@type\":\"ImageObject\",\"inLanguage\":\"pt-BR\",\"@id\":\"https:\/\/www.notibras.com\/site\/#\/schema\/logo\/image\/\",\"url\":\"https:\/\/www.notibras.com\/site\/wp-content\/uploads\/2023\/01\/notibras23.png\",\"contentUrl\":\"https:\/\/www.notibras.com\/site\/wp-content\/uploads\/2023\/01\/notibras23.png\",\"width\":350,\"height\":87,\"caption\":\"Grupo Notibras de Comunica\u00e7\u00e3o\"},\"image\":{\"@id\":\"https:\/\/www.notibras.com\/site\/#\/schema\/logo\/image\/\"},\"sameAs\":[\"https:\/\/www.facebook.com\/notibras\/\",\"https:\/\/x.com\/Notibras\",\"https:\/\/www.instagram.com\/notibras\/\"]},{\"@type\":\"Person\",\"@id\":\"https:\/\/www.notibras.com\/site\/#\/schema\/person\/36ab0979449956132d3e5b517ea76ac8\",\"name\":\"Reda\u00e7\u00e3o\",\"image\":{\"@type\":\"ImageObject\",\"inLanguage\":\"pt-BR\",\"@id\":\"https:\/\/secure.gravatar.com\/avatar\/e0a867bdedb85fd243eadf09663511f96fc81e0720a4a42581f334ad4303aa6b?s=96&d=mm&r=g\",\"url\":\"https:\/\/secure.gravatar.com\/avatar\/e0a867bdedb85fd243eadf09663511f96fc81e0720a4a42581f334ad4303aa6b?s=96&d=mm&r=g\",\"contentUrl\":\"https:\/\/secure.gravatar.com\/avatar\/e0a867bdedb85fd243eadf09663511f96fc81e0720a4a42581f334ad4303aa6b?s=96&d=mm&r=g\",\"caption\":\"Reda\u00e7\u00e3o\"}}]}<\/script>\n<!-- \/ Yoast SEO plugin. -->","yoast_head_json":{"title":"No passado, o povo defendeu 'o petr\u00f3leo \u00e9 nosso'. E hoje? - Notibras","robots":{"index":"index","follow":"follow","max-snippet":"max-snippet:-1","max-image-preview":"max-image-preview:large","max-video-preview":"max-video-preview:-1"},"canonical":"https:\/\/www.notibras.com\/site\/no-passado-o-povo-defendeu-o-petroleo-e-nosso-e-agora-como-fica\/","og_locale":"pt_BR","og_type":"article","og_title":"No passado, o povo defendeu 'o petr\u00f3leo \u00e9 nosso'. E hoje? - Notibras","og_description":"O mar de lama em que a Petrobras chafurdou h\u00e1 oito meses n\u00e3o para de crescer. E no horizonte n\u00e3o h\u00e1 sinais do seu fim. O que se v\u00ea \u00e9 o total desmoronamento da empresa que chegou a ser orgulho nacional. A presidente Dilma Rouseff, neste final melanc\u00f3lico do seu primeiro governo, e no in\u00edcio [&hellip;]","og_url":"https:\/\/www.notibras.com\/site\/no-passado-o-povo-defendeu-o-petroleo-e-nosso-e-agora-como-fica\/","og_site_name":"Notibras","article_publisher":"https:\/\/www.facebook.com\/notibras\/","article_published_time":"2014-11-20T05:13:20+00:00","article_modified_time":"2014-11-21T16:27:06+00:00","og_image":[{"width":620,"height":357,"url":"https:\/\/www.notibras.com\/site\/wp-content\/uploads\/2014\/11\/2009-293812234-2009083154069.jpg_20090831.jpg","type":"image\/jpeg"}],"author":"Reda\u00e7\u00e3o","twitter_card":"summary_large_image","twitter_creator":"@Notibras","twitter_site":"@Notibras","twitter_misc":{"Escrito por":"Reda\u00e7\u00e3o","Est. tempo de leitura":"2 minutos"},"schema":{"@context":"https:\/\/schema.org","@graph":[{"@type":"Article","@id":"https:\/\/www.notibras.com\/site\/no-passado-o-povo-defendeu-o-petroleo-e-nosso-e-agora-como-fica\/#article","isPartOf":{"@id":"https:\/\/www.notibras.com\/site\/no-passado-o-povo-defendeu-o-petroleo-e-nosso-e-agora-como-fica\/"},"author":{"name":"Reda\u00e7\u00e3o","@id":"https:\/\/www.notibras.com\/site\/#\/schema\/person\/36ab0979449956132d3e5b517ea76ac8"},"headline":"No passado, o povo defendeu &#8216;o petr\u00f3leo \u00e9 nosso&#8217;. E hoje?","datePublished":"2014-11-20T05:13:20+00:00","dateModified":"2014-11-21T16:27:06+00:00","mainEntityOfPage":{"@id":"https:\/\/www.notibras.com\/site\/no-passado-o-povo-defendeu-o-petroleo-e-nosso-e-agora-como-fica\/"},"wordCount":465,"commentCount":0,"publisher":{"@id":"https:\/\/www.notibras.com\/site\/#organization"},"image":{"@id":"https:\/\/www.notibras.com\/site\/no-passado-o-povo-defendeu-o-petroleo-e-nosso-e-agora-como-fica\/#primaryimage"},"thumbnailUrl":"https:\/\/www.notibras.com\/site\/wp-content\/uploads\/2014\/11\/2009-293812234-2009083154069.jpg_20090831.jpg","articleSection":["Opina a\u00ed"],"inLanguage":"pt-BR","potentialAction":[{"@type":"CommentAction","name":"Comment","target":["https:\/\/www.notibras.com\/site\/no-passado-o-povo-defendeu-o-petroleo-e-nosso-e-agora-como-fica\/#respond"]}]},{"@type":"WebPage","@id":"https:\/\/www.notibras.com\/site\/no-passado-o-povo-defendeu-o-petroleo-e-nosso-e-agora-como-fica\/","url":"https:\/\/www.notibras.com\/site\/no-passado-o-povo-defendeu-o-petroleo-e-nosso-e-agora-como-fica\/","name":"No passado, o povo defendeu 'o petr\u00f3leo \u00e9 nosso'. E hoje? - Notibras","isPartOf":{"@id":"https:\/\/www.notibras.com\/site\/#website"},"primaryImageOfPage":{"@id":"https:\/\/www.notibras.com\/site\/no-passado-o-povo-defendeu-o-petroleo-e-nosso-e-agora-como-fica\/#primaryimage"},"image":{"@id":"https:\/\/www.notibras.com\/site\/no-passado-o-povo-defendeu-o-petroleo-e-nosso-e-agora-como-fica\/#primaryimage"},"thumbnailUrl":"https:\/\/www.notibras.com\/site\/wp-content\/uploads\/2014\/11\/2009-293812234-2009083154069.jpg_20090831.jpg","datePublished":"2014-11-20T05:13:20+00:00","dateModified":"2014-11-21T16:27:06+00:00","breadcrumb":{"@id":"https:\/\/www.notibras.com\/site\/no-passado-o-povo-defendeu-o-petroleo-e-nosso-e-agora-como-fica\/#breadcrumb"},"inLanguage":"pt-BR","potentialAction":[{"@type":"ReadAction","target":["https:\/\/www.notibras.com\/site\/no-passado-o-povo-defendeu-o-petroleo-e-nosso-e-agora-como-fica\/"]}]},{"@type":"ImageObject","inLanguage":"pt-BR","@id":"https:\/\/www.notibras.com\/site\/no-passado-o-povo-defendeu-o-petroleo-e-nosso-e-agora-como-fica\/#primaryimage","url":"https:\/\/www.notibras.com\/site\/wp-content\/uploads\/2014\/11\/2009-293812234-2009083154069.jpg_20090831.jpg","contentUrl":"https:\/\/www.notibras.com\/site\/wp-content\/uploads\/2014\/11\/2009-293812234-2009083154069.jpg_20090831.jpg","width":620,"height":357},{"@type":"BreadcrumbList","@id":"https:\/\/www.notibras.com\/site\/no-passado-o-povo-defendeu-o-petroleo-e-nosso-e-agora-como-fica\/#breadcrumb","itemListElement":[{"@type":"ListItem","position":1,"name":"In\u00edcio","item":"https:\/\/www.notibras.com\/site\/"},{"@type":"ListItem","position":2,"name":"No passado, o povo defendeu &#8216;o petr\u00f3leo \u00e9 nosso&#8217;. E hoje?"}]},{"@type":"WebSite","@id":"https:\/\/www.notibras.com\/site\/#website","url":"https:\/\/www.notibras.com\/site\/","name":"Notibras","description":"Not\u00edcias de Bras\u00edlia, do Brasil e do Mundo","publisher":{"@id":"https:\/\/www.notibras.com\/site\/#organization"},"potentialAction":[{"@type":"SearchAction","target":{"@type":"EntryPoint","urlTemplate":"https:\/\/www.notibras.com\/site\/?s={search_term_string}"},"query-input":{"@type":"PropertyValueSpecification","valueRequired":true,"valueName":"search_term_string"}}],"inLanguage":"pt-BR"},{"@type":"Organization","@id":"https:\/\/www.notibras.com\/site\/#organization","name":"Grupo Notibras de Comunica\u00e7\u00e3o","url":"https:\/\/www.notibras.com\/site\/","logo":{"@type":"ImageObject","inLanguage":"pt-BR","@id":"https:\/\/www.notibras.com\/site\/#\/schema\/logo\/image\/","url":"https:\/\/www.notibras.com\/site\/wp-content\/uploads\/2023\/01\/notibras23.png","contentUrl":"https:\/\/www.notibras.com\/site\/wp-content\/uploads\/2023\/01\/notibras23.png","width":350,"height":87,"caption":"Grupo Notibras de Comunica\u00e7\u00e3o"},"image":{"@id":"https:\/\/www.notibras.com\/site\/#\/schema\/logo\/image\/"},"sameAs":["https:\/\/www.facebook.com\/notibras\/","https:\/\/x.com\/Notibras","https:\/\/www.instagram.com\/notibras\/"]},{"@type":"Person","@id":"https:\/\/www.notibras.com\/site\/#\/schema\/person\/36ab0979449956132d3e5b517ea76ac8","name":"Reda\u00e7\u00e3o","image":{"@type":"ImageObject","inLanguage":"pt-BR","@id":"https:\/\/secure.gravatar.com\/avatar\/e0a867bdedb85fd243eadf09663511f96fc81e0720a4a42581f334ad4303aa6b?s=96&d=mm&r=g","url":"https:\/\/secure.gravatar.com\/avatar\/e0a867bdedb85fd243eadf09663511f96fc81e0720a4a42581f334ad4303aa6b?s=96&d=mm&r=g","contentUrl":"https:\/\/secure.gravatar.com\/avatar\/e0a867bdedb85fd243eadf09663511f96fc81e0720a4a42581f334ad4303aa6b?s=96&d=mm&r=g","caption":"Reda\u00e7\u00e3o"}}]}},"amp_enabled":true,"_links":{"self":[{"href":"https:\/\/www.notibras.com\/site\/wp-json\/wp\/v2\/posts\/28908","targetHints":{"allow":["GET"]}}],"collection":[{"href":"https:\/\/www.notibras.com\/site\/wp-json\/wp\/v2\/posts"}],"about":[{"href":"https:\/\/www.notibras.com\/site\/wp-json\/wp\/v2\/types\/post"}],"author":[{"embeddable":true,"href":"https:\/\/www.notibras.com\/site\/wp-json\/wp\/v2\/users\/2"}],"replies":[{"embeddable":true,"href":"https:\/\/www.notibras.com\/site\/wp-json\/wp\/v2\/comments?post=28908"}],"version-history":[{"count":0,"href":"https:\/\/www.notibras.com\/site\/wp-json\/wp\/v2\/posts\/28908\/revisions"}],"wp:featuredmedia":[{"embeddable":true,"href":"https:\/\/www.notibras.com\/site\/wp-json\/wp\/v2\/media\/28909"}],"wp:attachment":[{"href":"https:\/\/www.notibras.com\/site\/wp-json\/wp\/v2\/media?parent=28908"}],"wp:term":[{"taxonomy":"category","embeddable":true,"href":"https:\/\/www.notibras.com\/site\/wp-json\/wp\/v2\/categories?post=28908"},{"taxonomy":"post_tag","embeddable":true,"href":"https:\/\/www.notibras.com\/site\/wp-json\/wp\/v2\/tags?post=28908"}],"curies":[{"name":"wp","href":"https:\/\/api.w.org\/{rel}","templated":true}]}}